{"id":9600,"date":"2015-02-17T09:03:45","date_gmt":"2015-02-17T08:03:45","guid":{"rendered":"http:\/\/www.robertosedda.it\/?p=9600"},"modified":"2022-02-18T09:46:45","modified_gmt":"2022-02-18T08:46:45","slug":"reblog-energia-condivisa-in-italia","status":"publish","type":"post","link":"http:\/\/www.robertosedda.it\/?p=9600","title":{"rendered":"REBLOG: Energia condivisa in Italia"},"content":{"rendered":"<p><a href=\"http:\/\/ambiente.tiscali.it\/socialnews\/Statzu\/15592\/articoli\/La%20transizione%20energetica%20#%C3%A8nostra:%20un%E2%80%99esempio di %23energiacondivisa in Italia.html\">Un articolo della sempre ottima Vania Statzu su una azienda molto innovativa nel settore delle energie rinnovabili (e non solo).<\/a><\/p>\n","protected":false},"excerpt":{"rendered":"<p>Un articolo della sempre ottima Vania Statzu su una azienda molto innovativa nel settore delle energie rinnovabili (e non solo).<\/p>\n","protected":false},"author":1,"featured_media":19184,"comment_status":"open","ping_status":"open","sticky":false,"template":"","format":"standard","meta":{"_mi_skip_tracking":false,"_monsterinsights_sitenote_active":false,"_monsterinsights_sitenote_note":"","_monsterinsights_sitenote_category":0,"jetpack_post_was_ever_published":false,"_jetpack_newsletter_access":"","jetpack_publicize_message":"","jetpack_is_tweetstorm":false,"jetpack_publicize_feature_enabled":true,"jetpack_social_post_already_shared":true,"jetpack_social_options":{"image_generator_settings":{"template":"highway","enabled":false}}},"categories":[95],"tags":[],"jetpack_publicize_connections":[],"jetpack_featured_media_url":"https:\/\/i0.wp.com\/www.robertosedda.it\/wp-content\/uploads\/2015\/02\/Vania-Statzu.jpg?fit=480%2C360","jetpack_sharing_enabled":true,"jetpack_shortlink":"https:\/\/wp.me\/p4jV2T-2uQ","jetpack_likes_enabled":true,"jetpack-related-posts":[{"id":14422,"url":"http:\/\/www.robertosedda.it\/?p=14422","url_meta":{"origin":9600,"position":0},"title":"Energia pulita","author":"Rufus","date":"13\/12\/2017","format":false,"excerpt":"Settimana impegnativa, questa. Se domani c'\u00e8 l'incontro con Becchetti, venerd\u00ec introdurr\u00f2 questo incontro sulla democrazia energetica: produrre la propria energia in piccoli impianti sostenibili locali, per esempio, oppure affidarsia fonritori sul mercato libero che garantisocno l'utilizzo di fonti rinnovabili. L'incontro serve anche a presentare due realt\u00e0 socie di Banca Etica\u2026","rel":"","context":"In &quot;Coordinate&quot;","block_context":{"text":"Coordinate","link":"http:\/\/www.robertosedda.it\/?cat=52"},"img":{"alt_text":"","src":"https:\/\/i0.wp.com\/www.robertosedda.it\/wp-content\/uploads\/2017\/12\/24232220_1761698587196586_895917333946927694_n.jpg?fit=810%2C450&resize=350%2C200","width":350,"height":200,"srcset":"https:\/\/i0.wp.com\/www.robertosedda.it\/wp-content\/uploads\/2017\/12\/24232220_1761698587196586_895917333946927694_n.jpg?fit=810%2C450&resize=350%2C200 1x, https:\/\/i0.wp.com\/www.robertosedda.it\/wp-content\/uploads\/2017\/12\/24232220_1761698587196586_895917333946927694_n.jpg?fit=810%2C450&resize=700%2C400 2x"},"classes":[]},{"id":13127,"url":"http:\/\/www.robertosedda.it\/?p=13127","url_meta":{"origin":9600,"position":1},"title":"Energia creativa","author":"Rufus","date":"20\/01\/2017","format":"status","excerpt":"Abbiamo appena sentito il tema. \u00c8 molto bello e difficile (e, al momento, finch\u00e9 non partono anche le Hawaii, segreto). La cosa che mi sta colpendo di pi\u00f9 \u00e8 la forza creativa che si \u00e8 scatenata: tutti parlano, ci sono capannelli dappertutto, idee che vengono lanciate da una parte all'altra.","rel":"","context":"Articolo simile","block_context":{"text":"Articolo simile","link":""},"img":{"alt_text":"","src":"","width":0,"height":0},"classes":[]},{"id":14613,"url":"http:\/\/www.robertosedda.it\/?p=14613","url_meta":{"origin":9600,"position":2},"title":"Sotto l&#8217;occhio dei media!","author":"Rufus","date":"01\/02\/2018","format":false,"excerpt":"Stasera, gioved\u00ec 1 febbraio, si parla di\u00a0Jam e videogamei a\u00a0Extralive!, la striscia quotidiana serale di\u00a0RadioX, sui 96,8 di modulazione di frequenza. Ci saranno i compagni\u00a0Fabbricastorie e alcuni partecipanti alla\u00a0Jam. E domani venerd\u00ec 2 febbraio si replica in TV a\u00a0Buongiorno Regione, la rubrica mattutina di\u00a0RAI3; questa volta fra i\u00a0Fabbricastorie ci sar\u00f2\u2026","rel":"","context":"In &quot;Coordinate&quot;","block_context":{"text":"Coordinate","link":"http:\/\/www.robertosedda.it\/?cat=52"},"img":{"alt_text":"","src":"https:\/\/i0.wp.com\/www.robertosedda.it\/wp-content\/uploads\/2018\/02\/Bungiorno-Regione.jpg?fit=637%2C340&resize=350%2C200","width":350,"height":200},"classes":[]},{"id":19447,"url":"http:\/\/www.robertosedda.it\/?p=19447","url_meta":{"origin":9600,"position":3},"title":"Politica di rappresentanza e politica emancipativa","author":"Rufus","date":"05\/04\/2023","format":false,"excerpt":"Controllando gli articoli scritti in questo stesso giorno nel passato, trovo una bozza dell'anno scorso, mai pubblicata, nella quale segnalavo un feroce editoriale del Guardian , a firma di Emma Dabiri, che critica Jay-Z e Beyonc\u00e9, due celebrit\u00e0 caratterizzate anche da un certo attivismo sociale, che per partecipare a una\u2026","rel":"","context":"In &quot;Coordinate&quot;","block_context":{"text":"Coordinate","link":"http:\/\/www.robertosedda.it\/?cat=52"},"img":{"alt_text":"","src":"https:\/\/i0.wp.com\/www.robertosedda.it\/wp-content\/uploads\/2023\/04\/Picket.jpg?fit=630%2C357&resize=350%2C200","width":350,"height":200},"classes":[]},{"id":277,"url":"http:\/\/www.robertosedda.it\/?p=277","url_meta":{"origin":9600,"position":4},"title":"Magi&#8217;i of Cyador","author":"Rufus","date":"21\/08\/2012","format":false,"excerpt":"Non mi risulta che L.E. Modesitt sia mai stata tradotta in Italia, il che sorprende essendo autrice di due cicli, uno dei quali, questo di Recluce, di una buona dozzina di volumi. Magi'i of Cyador e il suo seguito, Scion of Cyador, sono rispettivamente undicesimo e dodicesimo della serie, ma\u2026","rel":"","context":"In &quot;Coordinate&quot;","block_context":{"text":"Coordinate","link":"http:\/\/www.robertosedda.it\/?cat=52"},"img":{"alt_text":"","src":"https:\/\/i0.wp.com\/www.robertosedda.it\/wp-content\/uploads\/2012\/08\/500x500_2559149_file.jpg?fit=308%2C500&resize=350%2C200","width":350,"height":200},"classes":[]},{"id":6881,"url":"http:\/\/www.robertosedda.it\/?p=6881","url_meta":{"origin":9600,"position":5},"title":"Quali sono le 144 aziende (forse) pi\u00f9 etiche al mondo?","author":"Rufus","date":"03\/04\/2014","format":false,"excerpt":"L'altro giorno da qualche parte sulla rete mi \u00e8 caduto l'occhio su un articolo che segnalava le 144 aziende pi\u00f9 etiche al mondo del 2014, una notizia che \u00e8 stata anche ripresa da diversi media e che normalmente campeggia sui siti delle aziende premiate. Si tratta, in realt\u00e0, di un\u2026","rel":"","context":"In &quot;Coordinate&quot;","block_context":{"text":"Coordinate","link":"http:\/\/www.robertosedda.it\/?cat=52"},"img":{"alt_text":"","src":"","width":0,"height":0},"classes":[]}],"_links":{"self":[{"href":"http:\/\/www.robertosedda.it\/index.php?rest_route=\/wp\/v2\/posts\/9600"}],"collection":[{"href":"http:\/\/www.robertosedda.it\/index.php?rest_route=\/wp\/v2\/posts"}],"about":[{"href":"http:\/\/www.robertosedda.it\/index.php?rest_route=\/wp\/v2\/types\/post"}],"author":[{"embeddable":true,"href":"http:\/\/www.robertosedda.it\/index.php?rest_route=\/wp\/v2\/users\/1"}],"replies":[{"embeddable":true,"href":"http:\/\/www.robertosedda.it\/index.php?rest_route=%2Fwp%2Fv2%2Fcomments&post=9600"}],"version-history":[{"count":1,"href":"http:\/\/www.robertosedda.it\/index.php?rest_route=\/wp\/v2\/posts\/9600\/revisions"}],"predecessor-version":[{"id":9601,"href":"http:\/\/www.robertosedda.it\/index.php?rest_route=\/wp\/v2\/posts\/9600\/revisions\/9601"}],"wp:featuredmedia":[{"embeddable":true,"href":"http:\/\/www.robertosedda.it\/index.php?rest_route=\/wp\/v2\/media\/19184"}],"wp:attachment":[{"href":"http:\/\/www.robertosedda.it\/index.php?rest_route=%2Fwp%2Fv2%2Fmedia&parent=9600"}],"wp:term":[{"taxonomy":"category","embeddable":true,"href":"http:\/\/www.robertosedda.it\/index.php?rest_route=%2Fwp%2Fv2%2Fcategories&post=9600"},{"taxonomy":"post_tag","embeddable":true,"href":"http:\/\/www.robertosedda.it\/index.php?rest_route=%2Fwp%2Fv2%2Ftags&post=9600"}],"curies":[{"name":"wp","href":"https:\/\/api.w.org\/{rel}","templated":true}]}}