{"id":9569,"date":"2015-02-11T11:01:10","date_gmt":"2015-02-11T10:01:10","guid":{"rendered":"http:\/\/www.robertosedda.it\/?p=9569"},"modified":"2017-02-17T12:00:17","modified_gmt":"2017-02-17T11:00:17","slug":"antiche-saghe-nordiche","status":"publish","type":"post","link":"http:\/\/www.robertosedda.it\/?p=9569","title":{"rendered":"Antiche saghe nordiche"},"content":{"rendered":"<p>Dopo avere dedicato una delle ultime puntate di\u00a0<em>Oggi parliamo di libri<\/em> alla saga di Sigurd\/Sigfrido mi \u00e8 venuta voglia di riprendere in mano il cofanetto\u00a0<em>Antiche saghe nordiche<\/em> della\u00a0<em>Mondadori<\/em>.<\/p>\n<p>Ricordavo anche di averne fatto una recensione tanto tempo fa per\u00a0<em>it.arti.fantasy <\/em>(l&#8217;indimenticata <em>Locanda delle Arti Fantastiche<\/em>) e la ripropongo qui grazie alla cortesia di Alessandro Gnasso, altro vecchio locandiere: il gruppo nella quale \u00e8 stata presentata spiega il taglio specifico con cui vengono presentati i testi. Quando presenter\u00f2 la puntata su Sigurd magari mi concentrer\u00f2 di pi\u00f9 sui temi specificamente letterari.<\/p>\n<p>La recensione \u00e8\u00a0stata scritta, vedo su\u00a0<em>Google<\/em>, il 7 aprile del 1998, davvero un secolo fa; nel frattempo il libro \u00e8 andato fuori commercio, insieme con praticamente tutti gli altri di cui sto parlando in questo periodo alla radio, ma ripropongo lo stesso la recensione perch\u00e9 vedo che sono testi che comunque compaiono e ricompaiono nel mercato editoriale, e davvero meritano di essere letti.<\/p>\n<figure id=\"attachment_8179\" aria-describedby=\"caption-attachment-8179\" style=\"width: 510px\" class=\"wp-caption aligncenter\"><a href=\"https:\/\/i0.wp.com\/www.robertosedda.it\/wp-content\/uploads\/2014\/08\/Elmo-di-Sutton-Hoo.jpg\"><img data-attachment-id=\"8179\" data-permalink=\"http:\/\/www.robertosedda.it\/?attachment_id=8179\" data-orig-file=\"https:\/\/i0.wp.com\/www.robertosedda.it\/wp-content\/uploads\/2014\/08\/Elmo-di-Sutton-Hoo.jpg?fit=1024%2C938\" data-orig-size=\"1024,938\" data-comments-opened=\"1\" data-image-meta=\"{&quot;aperture&quot;:&quot;0&quot;,&quot;credit&quot;:&quot;&quot;,&quot;camera&quot;:&quot;&quot;,&quot;caption&quot;:&quot;&quot;,&quot;created_timestamp&quot;:&quot;0&quot;,&quot;copyright&quot;:&quot;&quot;,&quot;focal_length&quot;:&quot;0&quot;,&quot;iso&quot;:&quot;0&quot;,&quot;shutter_speed&quot;:&quot;0&quot;,&quot;title&quot;:&quot;&quot;}\" data-image-title=\"Elmo di Sutton Hoo\" data-image-description=\"\" data-image-caption=\"&lt;p&gt;Elmo ritrovato a Sutton Hoo (fonte: Wikipedia)&lt;\/p&gt;\n\" data-medium-file=\"https:\/\/i0.wp.com\/www.robertosedda.it\/wp-content\/uploads\/2014\/08\/Elmo-di-Sutton-Hoo.jpg?fit=300%2C274\" data-large-file=\"https:\/\/i0.wp.com\/www.robertosedda.it\/wp-content\/uploads\/2014\/08\/Elmo-di-Sutton-Hoo.jpg?fit=510%2C467\" decoding=\"async\" loading=\"lazy\" class=\"size-large wp-image-8179\" src=\"https:\/\/i0.wp.com\/www.robertosedda.it\/wp-content\/uploads\/2014\/08\/Elmo-di-Sutton-Hoo.jpg?resize=510%2C467\" alt=\"Elmo ritrovato a Sutton Hoo (fonte: Wikipedia)\" width=\"510\" height=\"467\" srcset=\"https:\/\/i0.wp.com\/www.robertosedda.it\/wp-content\/uploads\/2014\/08\/Elmo-di-Sutton-Hoo.jpg?resize=510%2C467 510w, https:\/\/i0.wp.com\/www.robertosedda.it\/wp-content\/uploads\/2014\/08\/Elmo-di-Sutton-Hoo.jpg?resize=150%2C137 150w, https:\/\/i0.wp.com\/www.robertosedda.it\/wp-content\/uploads\/2014\/08\/Elmo-di-Sutton-Hoo.jpg?resize=300%2C274 300w, https:\/\/i0.wp.com\/www.robertosedda.it\/wp-content\/uploads\/2014\/08\/Elmo-di-Sutton-Hoo.jpg?resize=700%2C641 700w, https:\/\/i0.wp.com\/www.robertosedda.it\/wp-content\/uploads\/2014\/08\/Elmo-di-Sutton-Hoo.jpg?w=1024 1024w\" sizes=\"(max-width: 510px) 100vw, 510px\" data-recalc-dims=\"1\" \/><\/a><figcaption id=\"caption-attachment-8179\" class=\"wp-caption-text\">Elmo ritrovato a Sutton Hoo (fonte: Wikipedia)<\/figcaption><\/figure>\n<h2><em>Antiche saghe nordiche<\/em><\/h2>\n<h3>(a cura di Marcello Meli, <em>Grandi Classici Oscar Mondadori<\/em><i>)<\/i><\/h3>\n<p>Non \u00e8 propriamente fantasy, ma ho comprato da poco un &#8220;elegante\u00a0cofanetto&#8221; in due volumi (<em>Grandi Classici Oscar Mondadori<\/em>) contenente\u00a0tutte, o almeno le pi\u00f9 importanti, saghe islandesi (per capirci:\u00a0vichinghi!).<\/p>\n<p>Si tratta de<\/p>\n<p>(primo volume)<\/p>\n<ul>\n<li><em>La saga di Hervor<\/em><\/li>\n<li><em>La saga dei Volsunghi<\/em><\/li>\n<li><em>La saga degli uomini delle Orcadi<\/em><\/li>\n<\/ul>\n<p>(secondo volume)<\/p>\n<ul>\n<li><em>La saga di Egill<\/em><\/li>\n<li><em>La saga di Njall<\/em><\/li>\n<\/ul>\n<p>per un totale di circa 1100 pagine, al prezzo secondo me estremamente conveniente di 24.000 lire. L&#8217;edizione \u00e8 buona, anche come carta etc, e ogni saga \u00e8 preceduta da una breve introduzione a cura del traduttore. In pi\u00f9 all&#8217;inizio del primo volume c&#8217;\u00e8 un piccolo saggio in generale sulla letteratura norrena\/islandese.<\/p>\n<p>Andando pi\u00f9 nello specifico, si tratta sostanzialmente racconti in prosa di saghe familiari o di comunit\u00e0, nate per ricordare le gesta degli antenati, in particolare di quei primi nobili norvegesi che, per mantenersi indipendenti dal re Haraldr Chiomabella, emigrarono in Islanda.<\/p>\n<p>Le trame sono sempre molto avvincenti. Il linguaggio \u00e8, secondo i nostri standard, arido, ma l&#8217;epica scorre a fiumi, e ci sono duelli, battaglie, banchetti e guerra sul mare a volont\u00e0. Una parte importante, e anche a volte pesante, \u00e8 occupata dai &#8220;processi&#8221; o dalle discussioni davanti all&#8217;Assemblea, che avevano un procedimento complicato che viene descritto minuziosamente.<\/p>\n<p>D&#8217;altra parte, per chi \u00e8 interessato a fonti di documentazione, sia per motivi &#8220;seri&#8221; sia, per esempio, per avere materiale per un gioco di ruolo, queste parti possono essere molto utili.<\/p>\n<p>L&#8217;aspetto pi\u00f9 propriamente fantastico \u00e8 garantito soprattutto da prodigi, presagi e profezie, ma compaiono, anche se non in maniera fondamentale, <em>berserk<\/em>, maghi e rune.<\/p>\n<p>L&#8217;aspetto pi\u00f9 &#8220;pesante&#8221; sono gli inserti poetici, difficili da capire, soprattutto, come immaginer\u00e0 chi ne mastica un po&#8217;, per le <em>kenning<\/em>, specie di metafore: non si dice \u00abil guerriero regala dell&#8217;oro\u00bb ma \u00abl&#8217;albero delle battaglie regala il giaciglio del serpente\u00bb. Il traduttore spiega in nota il significato, ma comunque la cosa pesa.<\/p>\n<p>Io lo sto divorando. Hmmm, in maniera pi\u00f9 obiettiva: un obbligo per tutti gli amanti sfegatati della letteratura nordica, che tra l&#8217;altro hanno tutte riunite le saghe, alcune delle quali erano difficili da trovare.<\/p>\n<p>Per chi desidera avvicinarsi, per i <em>master<\/em> desiderosi di avere trame e\u00a0materiale documentario in abbondanza, il prezzo veramente basso e la\u00a0qualit\u00e0 dell&#8217;edizione consigliano ugualmente un acquisto immediato.<\/p>\n","protected":false},"excerpt":{"rendered":"<p>Dopo avere dedicato una delle ultime puntate di\u00a0Oggi parliamo di libri alla saga di Sigurd\/Sigfrido mi \u00e8 venuta voglia di<\/p>\n","protected":false},"author":1,"featured_media":8179,"comment_status":"open","ping_status":"open","sticky":false,"template":"","format":"standard","meta":{"_mi_skip_tracking":false,"_monsterinsights_sitenote_active":false,"_monsterinsights_sitenote_note":"","_monsterinsights_sitenote_category":0,"jetpack_post_was_ever_published":false,"_jetpack_newsletter_access":"","jetpack_publicize_message":"","jetpack_is_tweetstorm":false,"jetpack_publicize_feature_enabled":true,"jetpack_social_post_already_shared":true,"jetpack_social_options":{"image_generator_settings":{"template":"highway","enabled":false}}},"categories":[52,63,56,13,12],"tags":[],"jetpack_publicize_connections":[],"jetpack_featured_media_url":"https:\/\/i0.wp.com\/www.robertosedda.it\/wp-content\/uploads\/2014\/08\/Elmo-di-Sutton-Hoo.jpg?fit=1024%2C938","jetpack_sharing_enabled":true,"jetpack_shortlink":"https:\/\/wp.me\/p4jV2T-2ul","jetpack_likes_enabled":true,"jetpack-related-posts":[{"id":9768,"url":"http:\/\/www.robertosedda.it\/?p=9768","url_meta":{"origin":9569,"position":0},"title":"Dilaniato fra donne terribili: Sigfrido e la fine dei Burgundi","author":"Rufus","date":"11\/03\/2015","format":"video","excerpt":"Come fu che lo zio Rufus decise di parlare di Sigfrido e della saga dei Volsunghi Nella puntata di\u00a0Oggi parliamo di libri sulle fiabe avevo notato una scarsit\u00e0\u00a0di temi sentimentali, intesi in senso romantico, e di storie d'amore come le intendiamo in senso moderno. C'era qui qualcosa che strideva.\u00a0Anche ammettendo\u2026","rel":"","context":"In &quot;Coordinate&quot;","block_context":{"text":"Coordinate","link":"http:\/\/www.robertosedda.it\/?cat=52"},"img":{"alt_text":"","src":"https:\/\/i0.wp.com\/www.robertosedda.it\/wp-content\/uploads\/2015\/03\/907dc-valkiria201.jpg?fit=270%2C420&resize=350%2C200","width":350,"height":200},"classes":[]},{"id":551,"url":"http:\/\/www.robertosedda.it\/?p=551","url_meta":{"origin":9569,"position":1},"title":"Gods and Myths of Northern Europe","author":"Rufus","date":"22\/08\/2012","format":false,"excerpt":"Per una decina d'anni, questo libro \u00e8 stato a prendere polvere nulla mia libreria, insime con i vari testi di referenza sulla religione vichinga e coi libri sulle saghe nordiche. Onestamente, pensavo che si trattasse della solita collezione di estratti dall'Edda e da altre fonti, ordinati secondo il pantheon, come\u2026","rel":"","context":"In &quot;Coordinate&quot;","block_context":{"text":"Coordinate","link":"http:\/\/www.robertosedda.it\/?cat=52"},"img":{"alt_text":"","src":"https:\/\/i0.wp.com\/www.robertosedda.it\/wp-content\/uploads\/2012\/08\/51IQSaSY5QL.jpg?fit=319%2C500&resize=350%2C200","width":350,"height":200},"classes":[]},{"id":10145,"url":"http:\/\/www.robertosedda.it\/?p=10145","url_meta":{"origin":9569,"position":2},"title":"I libretti d&#8217;opera a Oggi parliamo di libri","author":"Rufus","date":"28\/04\/2015","format":"video","excerpt":"Ho messo oggi in linea la puntata di\u00a0Oggi parliamo di libri dedicata ai libretti d'opera, una puntata un poco anomala perch\u00e9 l'argomento era in fondo abbastanza sfuggente. https:\/\/www.youtube.com\/watch?v=e48viAGu9TY Nella mia tradizione familiare - come credo in tante altre famiglie borghesi solidamente ancorate, ehm, all'Ottocento - si sono\u00a0sempre usati modi di\u2026","rel":"","context":"In &quot;Cappe e spade&quot;","block_context":{"text":"Cappe e spade","link":"http:\/\/www.robertosedda.it\/?cat=70"},"img":{"alt_text":"","src":"https:\/\/i0.wp.com\/img.youtube.com\/vi\/NxqlTQ6lT0U\/0.jpg?resize=350%2C200","width":350,"height":200},"classes":[]},{"id":9862,"url":"http:\/\/www.robertosedda.it\/?p=9862","url_meta":{"origin":9569,"position":3},"title":"Bellissima e abusata","author":"Rufus","date":"29\/03\/2015","format":"video","excerpt":"Ho messo oggi in linea la puntata di\u00a0Oggi parliamo di libri dedicata all'eroina Deirdre, la bellissima e sfortunata Deirdre delle saghe irlandesi, nota nella letteratura e nel teatro moderno anche come Deirdre\u00a0of the sorrows, cio\u00e8 \"dei dolori\" o \"delle pene\". Fare la puntata richiedeva mettere insieme due temi: da una\u2026","rel":"","context":"In &quot;Coordinate&quot;","block_context":{"text":"Coordinate","link":"http:\/\/www.robertosedda.it\/?cat=52"},"img":{"alt_text":"","src":"https:\/\/i0.wp.com\/www.robertosedda.it\/wp-content\/uploads\/2015\/03\/deirdre-of-the-sorrows.jpg?fit=650%2C433&resize=350%2C200","width":350,"height":200},"classes":[]},{"id":10544,"url":"http:\/\/www.robertosedda.it\/?p=10544","url_meta":{"origin":9569,"position":4},"title":"E vissero felici e contenti (davvero?! ne siamo sicuri?)","author":"Rufus","date":"14\/07\/2015","format":"video","excerpt":"Dopo un piccolo intervallo ho ripreso a caricare su\u00a0YouTube le puntate di Oggi parliamo di libri. La trentatreesima \u00e8, come avrete sentito, lievemente anomala: non solo per il racconto dell'aneddoto personale riguardante l'incontro con i vecchietti che ha allietato il pranzo mio, di Maria Bonaria e di Enzo Tuveri vicino\u2026","rel":"","context":"In &quot;Coordinate&quot;","block_context":{"text":"Coordinate","link":"http:\/\/www.robertosedda.it\/?cat=52"},"img":{"alt_text":"","src":"https:\/\/i0.wp.com\/www.robertosedda.it\/wp-content\/uploads\/2015\/07\/OPL-210515.jpg?fit=769%2C449&resize=350%2C200","width":350,"height":200,"srcset":"https:\/\/i0.wp.com\/www.robertosedda.it\/wp-content\/uploads\/2015\/07\/OPL-210515.jpg?fit=769%2C449&resize=350%2C200 1x, https:\/\/i0.wp.com\/www.robertosedda.it\/wp-content\/uploads\/2015\/07\/OPL-210515.jpg?fit=769%2C449&resize=700%2C400 2x"},"classes":[]},{"id":8150,"url":"http:\/\/www.robertosedda.it\/?p=8150","url_meta":{"origin":9569,"position":5},"title":"L&#8217;ombra della paura a &#8220;Oggi parliamo di libri&#8221;","author":"Rufus","date":"05\/08\/2014","format":"video","excerpt":"L'ombra del vento (Carlos Ruiz Zaf\u00f3n, Mondadori 2006) Ho messo in linea da alcuni giorni sul mio solito canale Youtube da alcuni giorni la puntata dedicata a L'ombra del vento di Carlos Ruiz Zaf\u00f3n. Due cose da dire a cui tenevo Come avrete sentito ci sono nella parte iniziale della\u2026","rel":"","context":"In &quot;Coordinate&quot;","block_context":{"text":"Coordinate","link":"http:\/\/www.robertosedda.it\/?cat=52"},"img":{"alt_text":"","src":"https:\/\/i0.wp.com\/www.robertosedda.it\/wp-content\/uploads\/2014\/08\/Zafon.png?fit=768%2C438&resize=350%2C200","width":350,"height":200,"srcset":"https:\/\/i0.wp.com\/www.robertosedda.it\/wp-content\/uploads\/2014\/08\/Zafon.png?fit=768%2C438&resize=350%2C200 1x, https:\/\/i0.wp.com\/www.robertosedda.it\/wp-content\/uploads\/2014\/08\/Zafon.png?fit=768%2C438&resize=700%2C400 2x"},"classes":[]}],"_links":{"self":[{"href":"http:\/\/www.robertosedda.it\/index.php?rest_route=\/wp\/v2\/posts\/9569"}],"collection":[{"href":"http:\/\/www.robertosedda.it\/index.php?rest_route=\/wp\/v2\/posts"}],"about":[{"href":"http:\/\/www.robertosedda.it\/index.php?rest_route=\/wp\/v2\/types\/post"}],"author":[{"embeddable":true,"href":"http:\/\/www.robertosedda.it\/index.php?rest_route=\/wp\/v2\/users\/1"}],"replies":[{"embeddable":true,"href":"http:\/\/www.robertosedda.it\/index.php?rest_route=%2Fwp%2Fv2%2Fcomments&post=9569"}],"version-history":[{"count":5,"href":"http:\/\/www.robertosedda.it\/index.php?rest_route=\/wp\/v2\/posts\/9569\/revisions"}],"predecessor-version":[{"id":13277,"href":"http:\/\/www.robertosedda.it\/index.php?rest_route=\/wp\/v2\/posts\/9569\/revisions\/13277"}],"wp:featuredmedia":[{"embeddable":true,"href":"http:\/\/www.robertosedda.it\/index.php?rest_route=\/wp\/v2\/media\/8179"}],"wp:attachment":[{"href":"http:\/\/www.robertosedda.it\/index.php?rest_route=%2Fwp%2Fv2%2Fmedia&parent=9569"}],"wp:term":[{"taxonomy":"category","embeddable":true,"href":"http:\/\/www.robertosedda.it\/index.php?rest_route=%2Fwp%2Fv2%2Fcategories&post=9569"},{"taxonomy":"post_tag","embeddable":true,"href":"http:\/\/www.robertosedda.it\/index.php?rest_route=%2Fwp%2Fv2%2Ftags&post=9569"}],"curies":[{"name":"wp","href":"https:\/\/api.w.org\/{rel}","templated":true}]}}