{"id":9537,"date":"2015-02-05T15:49:01","date_gmt":"2015-02-05T14:49:01","guid":{"rendered":"http:\/\/www.robertosedda.it\/?p=9537"},"modified":"2026-02-06T12:00:11","modified_gmt":"2026-02-06T11:00:11","slug":"canti-di-strada-io-ci-vado","status":"publish","type":"post","link":"http:\/\/www.robertosedda.it\/?p=9537","title":{"rendered":"&#8220;Canti di strada&#8221;: io ci vado"},"content":{"rendered":"<p><a href=\"https:\/\/i0.wp.com\/www.robertosedda.it\/wp-content\/uploads\/2015\/02\/Canto-di-strada-MAN-Nuoro.jpg\"><img data-attachment-id=\"9539\" data-permalink=\"http:\/\/www.robertosedda.it\/?attachment_id=9539\" data-orig-file=\"https:\/\/i0.wp.com\/www.robertosedda.it\/wp-content\/uploads\/2015\/02\/Canto-di-strada-MAN-Nuoro.jpg?fit=1200%2C370\" data-orig-size=\"1200,370\" data-comments-opened=\"1\" data-image-meta=\"{&quot;aperture&quot;:&quot;0&quot;,&quot;credit&quot;:&quot;&quot;,&quot;camera&quot;:&quot;&quot;,&quot;caption&quot;:&quot;&quot;,&quot;created_timestamp&quot;:&quot;0&quot;,&quot;copyright&quot;:&quot;&quot;,&quot;focal_length&quot;:&quot;0&quot;,&quot;iso&quot;:&quot;0&quot;,&quot;shutter_speed&quot;:&quot;0&quot;,&quot;title&quot;:&quot;&quot;,&quot;orientation&quot;:&quot;0&quot;}\" data-image-title=\"Canto di strada MAN Nuoro\" data-image-description=\"\" data-image-caption=\"\" data-medium-file=\"https:\/\/i0.wp.com\/www.robertosedda.it\/wp-content\/uploads\/2015\/02\/Canto-di-strada-MAN-Nuoro.jpg?fit=300%2C93\" data-large-file=\"https:\/\/i0.wp.com\/www.robertosedda.it\/wp-content\/uploads\/2015\/02\/Canto-di-strada-MAN-Nuoro.jpg?fit=510%2C157\" decoding=\"async\" loading=\"lazy\" class=\"aligncenter size-full wp-image-9539\" src=\"https:\/\/i0.wp.com\/www.robertosedda.it\/wp-content\/uploads\/2015\/02\/Canto-di-strada-MAN-Nuoro.jpg?resize=800%2C247\" alt=\"Canto di strada MAN Nuoro\" width=\"800\" height=\"247\" srcset=\"https:\/\/i0.wp.com\/www.robertosedda.it\/wp-content\/uploads\/2015\/02\/Canto-di-strada-MAN-Nuoro.jpg?w=1200 1200w, https:\/\/i0.wp.com\/www.robertosedda.it\/wp-content\/uploads\/2015\/02\/Canto-di-strada-MAN-Nuoro.jpg?resize=150%2C46 150w, https:\/\/i0.wp.com\/www.robertosedda.it\/wp-content\/uploads\/2015\/02\/Canto-di-strada-MAN-Nuoro.jpg?resize=300%2C93 300w, https:\/\/i0.wp.com\/www.robertosedda.it\/wp-content\/uploads\/2015\/02\/Canto-di-strada-MAN-Nuoro.jpg?resize=510%2C157 510w, https:\/\/i0.wp.com\/www.robertosedda.it\/wp-content\/uploads\/2015\/02\/Canto-di-strada-MAN-Nuoro.jpg?resize=700%2C216 700w, https:\/\/i0.wp.com\/www.robertosedda.it\/wp-content\/uploads\/2015\/02\/Canto-di-strada-MAN-Nuoro.jpg?resize=50%2C15 50w\" sizes=\"(max-width: 800px) 100vw, 800px\" data-recalc-dims=\"1\" \/><\/a>Solo una breve segnalazione per ricordare l&#8217;apertura, al <em>MAN<\/em> di Nuoro, della mostra <a href=\"http:\/\/www.museoman.it\/it\/mostre\/mostra\/Hamish-Fulton.-Michael-Hoepfner\/\"><em>Canto di strada<\/em><\/a>, per la cui presentazione rubo dalla pagina del museo:<\/p>\n<blockquote><p>Frutto di un dialogo ideale scaturito dalla condivisione di una concezione del cammino come motore di esperienze artistiche, la mostra, a cura di Lorenzo Giusti, presenta una serie di nuovi lavori &#8211; fotografie, wall drawings, disegni e installazioni \u2013 nati dalla comune esperienza di viaggio sulle montagne della Sardegna centrale. Hamish Fulton (Londra, 1946) \u00e8 una delle figure pi\u00f9 rappresentative dell\u2019arte inglese degli ultimi decenni. Insieme a Richard Long \u00e8 considerato il padre fondatore di un movimento internazionale di \u201cartisti camminatori\u201d, di cui l\u2019austriaco Michael H\u00f6pfner (Krems, 1972) \u00e8 oggi uno degli esponenti pi\u00f9 significativi. \u00a0 La mostra al MAN di Nuoro mette per la prima volta a confronto il lavoro dei due artisti, individuando nel viaggio sulle montagne del Supramonte e del Gennargentu un terreno comune di confronto.<\/p><\/blockquote>\n<p>Chi segue il <em>blog<\/em> sa che il tema del camminare e delle esplorazioni, urbane o meno, mi interessa molto (trovate <a href=\"http:\/\/www.robertosedda.it\/?p=8868\">qui<\/a>, <a href=\"http:\/\/www.robertosedda.it\/?p=1181\">qui<\/a> e <a href=\"http:\/\/www.robertosedda.it\/?p=556\">qui<\/a> delle prove inconfutabili), quindi non \u00e8 strano che vada a vedere la mostra. Ci vado domani, sfidando probabilmente il freddo e il gelo, perch\u00e9 la cerimonia di apertura della mostra prevede anche una interessante tavola rotonda a cui partecipa mio cugino Francesco Careri (chi segue il\u00a0<em>blog<\/em> sa che il vostro\u00a0amichevole Rufus ha molti cugini), nonch\u00e9 un sacco di bella gente interessante. Anche qui rubo dal sito del\u00a0<em>MAN<\/em>:<\/p>\n<blockquote><p>In occasione dell\u2019inaugurazione delle tre mostre, alle <strong>ore 17,30, negli Spazi Laboratorio del MAN<\/strong>, in via Ferracciu, <strong>Francesco Careri<\/strong>, ricercatore presso il Dipartimento di Studi Urbani dell\u2019Universit\u00e0 di Roma 3, membro del gruppo Stalker ed esperto di pratiche estetiche legate al cammino, coordiner\u00e0 un <strong>incontro pubblico<\/strong> a cui prenderanno parte <strong>Lorenzo Giust<\/strong>i, direttore del MAN,<strong> Hamish Fulton, Michael <\/strong><strong>H\u00f6pfner,<\/strong><strong> Antonio Rovaldi, Pier Luigi Tazzi, Alessandra Menesini e Micaela Deiana.<\/strong><\/p><\/blockquote>\n<p><a href=\"https:\/\/i0.wp.com\/www.robertosedda.it\/wp-content\/uploads\/2015\/02\/Hamish-Fulton-Canto-di-strada.jpg\"><img data-attachment-id=\"9538\" data-permalink=\"http:\/\/www.robertosedda.it\/?attachment_id=9538\" data-orig-file=\"https:\/\/i0.wp.com\/www.robertosedda.it\/wp-content\/uploads\/2015\/02\/Hamish-Fulton-Canto-di-strada.jpg?fit=1200%2C370\" data-orig-size=\"1200,370\" data-comments-opened=\"1\" data-image-meta=\"{&quot;aperture&quot;:&quot;0&quot;,&quot;credit&quot;:&quot;&quot;,&quot;camera&quot;:&quot;&quot;,&quot;caption&quot;:&quot;&quot;,&quot;created_timestamp&quot;:&quot;0&quot;,&quot;copyright&quot;:&quot;&quot;,&quot;focal_length&quot;:&quot;0&quot;,&quot;iso&quot;:&quot;0&quot;,&quot;shutter_speed&quot;:&quot;0&quot;,&quot;title&quot;:&quot;&quot;,&quot;orientation&quot;:&quot;0&quot;}\" data-image-title=\"Hamish Fulton Canto di strada\" data-image-description=\"\" data-image-caption=\"\" data-medium-file=\"https:\/\/i0.wp.com\/www.robertosedda.it\/wp-content\/uploads\/2015\/02\/Hamish-Fulton-Canto-di-strada.jpg?fit=300%2C93\" data-large-file=\"https:\/\/i0.wp.com\/www.robertosedda.it\/wp-content\/uploads\/2015\/02\/Hamish-Fulton-Canto-di-strada.jpg?fit=510%2C157\" decoding=\"async\" loading=\"lazy\" class=\"aligncenter size-full wp-image-9538\" src=\"https:\/\/i0.wp.com\/www.robertosedda.it\/wp-content\/uploads\/2015\/02\/Hamish-Fulton-Canto-di-strada.jpg?resize=800%2C247\" alt=\"Hamish Fulton Canto di strada\" width=\"800\" height=\"247\" srcset=\"https:\/\/i0.wp.com\/www.robertosedda.it\/wp-content\/uploads\/2015\/02\/Hamish-Fulton-Canto-di-strada.jpg?w=1200 1200w, https:\/\/i0.wp.com\/www.robertosedda.it\/wp-content\/uploads\/2015\/02\/Hamish-Fulton-Canto-di-strada.jpg?resize=150%2C46 150w, https:\/\/i0.wp.com\/www.robertosedda.it\/wp-content\/uploads\/2015\/02\/Hamish-Fulton-Canto-di-strada.jpg?resize=300%2C93 300w, https:\/\/i0.wp.com\/www.robertosedda.it\/wp-content\/uploads\/2015\/02\/Hamish-Fulton-Canto-di-strada.jpg?resize=510%2C157 510w, https:\/\/i0.wp.com\/www.robertosedda.it\/wp-content\/uploads\/2015\/02\/Hamish-Fulton-Canto-di-strada.jpg?resize=700%2C216 700w, https:\/\/i0.wp.com\/www.robertosedda.it\/wp-content\/uploads\/2015\/02\/Hamish-Fulton-Canto-di-strada.jpg?resize=50%2C15 50w\" sizes=\"(max-width: 800px) 100vw, 800px\" data-recalc-dims=\"1\" \/><\/a>I pi\u00f9 attenti fra voi avranno notato che si parla di <em>tre<\/em> mostre, mentre io ne citavo\u00a0<em>una<\/em>. L&#8217;arcano si spiega perch\u00e9 contemporaneamente vengono inaugurate anche altre due mostre, cio\u00e8\u00a0<em>Antonio Rovaldi &#8211; Mi \u00e8 scesa una nuvola <\/em>e<em> Civil Servants &#8211;<\/em><em>Ricerca artistica e problematica ambientale in Sardegna<\/em>. Ce n&#8217;\u00e8 di motivi per andare a Nuoro, direi.<\/p>\n<p>P.S. L&#8217;ultima volta che ho incontrato Francesco all&#8217;inaugurazione di una mostra del <em>MAN<\/em> si\u00a0presentava il lavoro di\u00a0<em>Worldmapper<\/em>\u00a0e io mi sono innamorato dell&#8217;<a href=\"http:\/\/www.robertosedda.it\/?p=4262\">idea delle mappe e delle rappresentazioni grafiche<\/a>. Vi dir\u00f2 poi di cosa mi innamorer\u00f2 questa volta.<\/p>\n<p>&nbsp;<\/p>\n","protected":false},"excerpt":{"rendered":"<p>Solo una breve segnalazione per ricordare l&#8217;apertura, al MAN di Nuoro, della mostra Canto di strada, per la cui presentazione<\/p>\n","protected":false},"author":1,"featured_media":9539,"comment_status":"open","ping_status":"open","sticky":false,"template":"","format":"standard","meta":{"_mi_skip_tracking":false,"_monsterinsights_sitenote_active":false,"_monsterinsights_sitenote_note":"","_monsterinsights_sitenote_category":0,"jetpack_post_was_ever_published":false,"_jetpack_newsletter_access":"","jetpack_publicize_message":"","jetpack_is_tweetstorm":false,"jetpack_publicize_feature_enabled":true,"jetpack_social_post_already_shared":true,"jetpack_social_options":{"image_generator_settings":{"template":"highway","enabled":false}}},"categories":[52,49,55,77,12],"tags":[],"jetpack_publicize_connections":[],"jetpack_featured_media_url":"https:\/\/i0.wp.com\/www.robertosedda.it\/wp-content\/uploads\/2015\/02\/Canto-di-strada-MAN-Nuoro.jpg?fit=1200%2C370","jetpack_sharing_enabled":true,"jetpack_shortlink":"https:\/\/wp.me\/p4jV2T-2tP","jetpack_likes_enabled":true,"jetpack-related-posts":[{"id":556,"url":"http:\/\/www.robertosedda.it\/?p=556","url_meta":{"origin":9537,"position":0},"title":"Camminando si apre cammino","author":"Rufus","date":"22\/08\/2012","format":false,"excerpt":"Per una strana\u00a0 fortunata coincidenza, la Nuova Sardegna di ieri ha pubblicato in due pagine successive sia la notizia dell\u2019inaugurazione del\u00a0sentiero Frassati della Sardegna sia la notizia di\u00a0Caminantes, un convegno di studi che da oggi fino a domenica, a Sedilo, mette a confronto sul tema del pellegrinaggio religioso in Sardegna\u2026","rel":"","context":"In &quot;Coordinate&quot;","block_context":{"text":"Coordinate","link":"http:\/\/www.robertosedda.it\/?cat=52"},"img":{"alt_text":"","src":"","width":0,"height":0},"classes":[]},{"id":17487,"url":"http:\/\/www.robertosedda.it\/?p=17487","url_meta":{"origin":9537,"position":1},"title":"Fotogiornalismo da non perdere","author":"Rufus","date":"05\/11\/2019","format":false,"excerpt":"Nel mio recente giro per l'interno della Sardegna, in uno dei momenti nei quali Google Maps non mi portava fuori strada, sono andato a Gavoi. Volevamo vedere la mostra World Press Photo Exhibition 2019, l'esibizione delle foto scattate dai finalisti di uno dei pi\u00f9 importanti concorsi di reportage fotografici al\u2026","rel":"","context":"In &quot;Coordinate&quot;","block_context":{"text":"Coordinate","link":"http:\/\/www.robertosedda.it\/?cat=52"},"img":{"alt_text":"","src":"https:\/\/i0.wp.com\/www.robertosedda.it\/wp-content\/uploads\/2019\/11\/WPF-Gavoi.png?fit=1182%2C857&resize=350%2C200","width":350,"height":200,"srcset":"https:\/\/i0.wp.com\/www.robertosedda.it\/wp-content\/uploads\/2019\/11\/WPF-Gavoi.png?fit=1182%2C857&resize=350%2C200 1x, https:\/\/i0.wp.com\/www.robertosedda.it\/wp-content\/uploads\/2019\/11\/WPF-Gavoi.png?fit=1182%2C857&resize=700%2C400 2x, https:\/\/i0.wp.com\/www.robertosedda.it\/wp-content\/uploads\/2019\/11\/WPF-Gavoi.png?fit=1182%2C857&resize=1050%2C600 3x"},"classes":[]},{"id":15801,"url":"http:\/\/www.robertosedda.it\/?p=15801","url_meta":{"origin":9537,"position":2},"title":"Mostre per cui comb&#8230; fare una bella gita","author":"Rufus","date":"05\/11\/2018","format":false,"excerpt":"Vorrei consigliare di non lasciarsi scappare la mostra\u00a0What are we fighting for, al\u00a0Museo Nivola di Orani fino al 9 dicembre. Il titolo della mostra prende spunto da quello della canzone dedicata alla guerra del Vietnam da Country Joe McDonald, Per cosa combattiamo?, domanda di senso diventata frase chiave della contestazione\u2026","rel":"","context":"In &quot;Coordinate&quot;","block_context":{"text":"Coordinate","link":"http:\/\/www.robertosedda.it\/?cat=52"},"img":{"alt_text":"","src":"https:\/\/i0.wp.com\/www.robertosedda.it\/wp-content\/uploads\/2018\/11\/What-are-we-fighing-for.png?fit=600%2C416&resize=350%2C200","width":350,"height":200},"classes":[]},{"id":15453,"url":"http:\/\/www.robertosedda.it\/?p=15453","url_meta":{"origin":9537,"position":3},"title":"La strada di Firenze","author":"Rufus","date":"11\/07\/2018","format":false,"excerpt":"L'altro giorno mi \u00e8 stato commissionato un breve articolo a commento della proclamazione della venerabilit\u00e0 di Giorgio La Pira; per scriverlo sono andato a rivedermi, fra le altre cose, la Premessa di Cagliari, cio\u00e8 il discorso che La Pira tenne a Cagliari nel 1973 per introdurre il convegno dell'IPALMO, l'Istituto\u2026","rel":"","context":"In &quot;Coordinate&quot;","block_context":{"text":"Coordinate","link":"http:\/\/www.robertosedda.it\/?cat=52"},"img":{"alt_text":"","src":"https:\/\/i0.wp.com\/www.robertosedda.it\/wp-content\/uploads\/2018\/07\/La-Pira-2.jpg?fit=720%2C625&resize=350%2C200","width":350,"height":200,"srcset":"https:\/\/i0.wp.com\/www.robertosedda.it\/wp-content\/uploads\/2018\/07\/La-Pira-2.jpg?fit=720%2C625&resize=350%2C200 1x, https:\/\/i0.wp.com\/www.robertosedda.it\/wp-content\/uploads\/2018\/07\/La-Pira-2.jpg?fit=720%2C625&resize=700%2C400 2x"},"classes":[]},{"id":10282,"url":"http:\/\/www.robertosedda.it\/?p=10282","url_meta":{"origin":9537,"position":4},"title":"Etherlords, o il vantaggio della rozzezza","author":"Rufus","date":"28\/05\/2015","format":"video","excerpt":"Tanto tempo fa c'era un bel gioco per computer\u00a0che si chiamava Etherlords, e che riprendeva in maniera molto interessante le atmosfere dei giochi di carte collezionabili alla\u00a0Magic: the Gathering. Ci giocai per un po' sul mio PC, poi dovetti disinstallarlo e non riuscii pi\u00f9 a rimetterlo in funzione: erano i\u2026","rel":"","context":"In &quot;Coordinate&quot;","block_context":{"text":"Coordinate","link":"http:\/\/www.robertosedda.it\/?cat=52"},"img":{"alt_text":"","src":"https:\/\/i0.wp.com\/www.robertosedda.it\/wp-content\/uploads\/2015\/05\/Etherlords.png?fit=955%2C558&resize=350%2C200","width":350,"height":200,"srcset":"https:\/\/i0.wp.com\/www.robertosedda.it\/wp-content\/uploads\/2015\/05\/Etherlords.png?fit=955%2C558&resize=350%2C200 1x, https:\/\/i0.wp.com\/www.robertosedda.it\/wp-content\/uploads\/2015\/05\/Etherlords.png?fit=955%2C558&resize=700%2C400 2x"},"classes":[]},{"id":17215,"url":"http:\/\/www.robertosedda.it\/?p=17215","url_meta":{"origin":9537,"position":5},"title":"Uno sguardo sugli ultras","author":"Rufus","date":"12\/09\/2019","format":false,"excerpt":"Il sempre ottimo L'ultimo uomo ha due notevoli articoli su un aspetto spesso controverso del mondo del calcio, cio\u00e8 il mondo degli ultras. Il primo \u00e8 una lunga intervista al sociologo S\u00e9bastien Louis, uno dei maggiori esperti in materia, forte anche di quella che si potrebbe definire esperienza da osservatore\u2026","rel":"","context":"In &quot;Antropologia&quot;","block_context":{"text":"Antropologia","link":"http:\/\/www.robertosedda.it\/?cat=97"},"img":{"alt_text":"","src":"https:\/\/i0.wp.com\/www.robertosedda.it\/wp-content\/uploads\/2019\/09\/Ultras.jpg?fit=1200%2C800&resize=350%2C200","width":350,"height":200,"srcset":"https:\/\/i0.wp.com\/www.robertosedda.it\/wp-content\/uploads\/2019\/09\/Ultras.jpg?fit=1200%2C800&resize=350%2C200 1x, https:\/\/i0.wp.com\/www.robertosedda.it\/wp-content\/uploads\/2019\/09\/Ultras.jpg?fit=1200%2C800&resize=700%2C400 2x, https:\/\/i0.wp.com\/www.robertosedda.it\/wp-content\/uploads\/2019\/09\/Ultras.jpg?fit=1200%2C800&resize=1050%2C600 3x"},"classes":[]}],"_links":{"self":[{"href":"http:\/\/www.robertosedda.it\/index.php?rest_route=\/wp\/v2\/posts\/9537"}],"collection":[{"href":"http:\/\/www.robertosedda.it\/index.php?rest_route=\/wp\/v2\/posts"}],"about":[{"href":"http:\/\/www.robertosedda.it\/index.php?rest_route=\/wp\/v2\/types\/post"}],"author":[{"embeddable":true,"href":"http:\/\/www.robertosedda.it\/index.php?rest_route=\/wp\/v2\/users\/1"}],"replies":[{"embeddable":true,"href":"http:\/\/www.robertosedda.it\/index.php?rest_route=%2Fwp%2Fv2%2Fcomments&post=9537"}],"version-history":[{"count":1,"href":"http:\/\/www.robertosedda.it\/index.php?rest_route=\/wp\/v2\/posts\/9537\/revisions"}],"predecessor-version":[{"id":9540,"href":"http:\/\/www.robertosedda.it\/index.php?rest_route=\/wp\/v2\/posts\/9537\/revisions\/9540"}],"wp:featuredmedia":[{"embeddable":true,"href":"http:\/\/www.robertosedda.it\/index.php?rest_route=\/wp\/v2\/media\/9539"}],"wp:attachment":[{"href":"http:\/\/www.robertosedda.it\/index.php?rest_route=%2Fwp%2Fv2%2Fmedia&parent=9537"}],"wp:term":[{"taxonomy":"category","embeddable":true,"href":"http:\/\/www.robertosedda.it\/index.php?rest_route=%2Fwp%2Fv2%2Fcategories&post=9537"},{"taxonomy":"post_tag","embeddable":true,"href":"http:\/\/www.robertosedda.it\/index.php?rest_route=%2Fwp%2Fv2%2Ftags&post=9537"}],"curies":[{"name":"wp","href":"https:\/\/api.w.org\/{rel}","templated":true}]}}