{"id":9532,"date":"2015-02-04T10:59:33","date_gmt":"2015-02-04T09:59:33","guid":{"rendered":"http:\/\/www.robertosedda.it\/?p=9532"},"modified":"2015-02-10T21:27:38","modified_gmt":"2015-02-10T20:27:38","slug":"la-signora-march-non-vuole-che-le-figlie-si-divertano","status":"publish","type":"post","link":"http:\/\/www.robertosedda.it\/?p=9532","title":{"rendered":"La signora March non vuole che le figlie si divertano"},"content":{"rendered":"<p>Di\u00a0<em>Piccole donne<\/em> ho gi\u00e0 parlato (tra l&#8217;altro male) <a title=\"Ributtante ideologia vestita di fresco\" href=\"http:\/\/www.robertosedda.it\/?p=537\">in occasioni precedenti<\/a>, quindi non vorrei fare tanti commenti alla puntata di <em>Oggi parliamo di libri<\/em>\u00a0in cui ho presentato il romanzo.<\/p>\n<div class=\"jetpack-video-wrapper\"><span class=\"embed-youtube\" style=\"text-align:center; display: block;\"><iframe class=\"youtube-player\" width=\"800\" height=\"450\" src=\"https:\/\/www.youtube.com\/embed\/31cFx-3lZqY?version=3&#038;rel=1&#038;showsearch=0&#038;showinfo=1&#038;iv_load_policy=1&#038;fs=1&#038;hl=it-IT&#038;autohide=2&#038;wmode=transparent\" allowfullscreen=\"true\" style=\"border:0;\" sandbox=\"allow-scripts allow-same-origin allow-popups allow-presentation\"><\/iframe><\/span><\/div>\n<p>Se avete letto\u00a0il vecchio articolo noterete che ho un po&#8217; fatto le acrobazie durante la puntata per non far trasparire troppo la mia avversione e credo che, alla fine, sia venuta fuori una puntata abbastanza equilibrata, anche se forse un po&#8217; anodina.<\/p>\n<p>Casomai non ho approfondito troppo il tema del\u00a0<em>catalogo<\/em> delle storie d&#8217;amore presenti nel libro, e anzi non ho davvero parlato di storie d&#8217;amore, se non di quella fra Jo e il suo professore. Secondo me in realt\u00e0 andrebbe ripresa con pi\u00f9 attenzione la relazione\u00a0fra Laurie e Amy, che \u00e8 anche quella pi\u00f9 interessante da un punto di vista sentimentale: non ci vedrei male uno di quegli\u00a0<em>spin off<\/em>\u00a0volti a presentare in maniera innovativa storie gi\u00e0 arcinote e fra l&#8217;altro Amy \u00e8 anche il personaggio di gran lunga pi\u00f9 sfaccettato del libro e\u00a0che meriterebbe che le venga tolta quella patina moralistica di cui la Alcott l&#8217;ha ricoperta. Ma in ogni caso in trasmissione il tempo era tiranno e poi, francamente, credo che rispetto a una rilettura di\u00a0<em>Piccole donne<\/em> io ho gi\u00e0 dato e per il momento passo volentieri, grazie.<\/p>\n<p>Il brano musicale usato come pausa mi piace molto e lo trovo molto appropriato.<\/p>\n<div class=\"jetpack-video-wrapper\"><span class=\"embed-youtube\" style=\"text-align:center; display: block;\"><iframe class=\"youtube-player\" width=\"800\" height=\"450\" src=\"https:\/\/www.youtube.com\/embed\/PIb6AZdTr-A?version=3&#038;rel=1&#038;showsearch=0&#038;showinfo=1&#038;iv_load_policy=1&#038;fs=1&#038;hl=it-IT&#038;autohide=2&#038;wmode=transparent\" allowfullscreen=\"true\" style=\"border:0;\" sandbox=\"allow-scripts allow-same-origin allow-popups allow-presentation\"><\/iframe><\/span><\/div>\n<p>Ma la mia amica Vania Statzu (approfitto per ringraziarla) me ne aveva suggerito un altro, che vi propongo.<\/p>\n<div class=\"jetpack-video-wrapper\"><span class=\"embed-youtube\" style=\"text-align:center; display: block;\"><iframe class=\"youtube-player\" width=\"800\" height=\"450\" src=\"https:\/\/www.youtube.com\/embed\/MwR01MkQoK0?version=3&#038;rel=1&#038;showsearch=0&#038;showinfo=1&#038;iv_load_policy=1&#038;fs=1&#038;hl=it-IT&#038;autohide=2&#038;wmode=transparent\" allowfullscreen=\"true\" style=\"border:0;\" sandbox=\"allow-scripts allow-same-origin allow-popups allow-presentation\"><\/iframe><\/span><\/div>\n","protected":false},"excerpt":{"rendered":"<p>Di\u00a0Piccole donne ho gi\u00e0 parlato (tra l&#8217;altro male) in occasioni precedenti, quindi non vorrei fare tanti commenti alla puntata di<\/p>\n","protected":false},"author":1,"featured_media":0,"comment_status":"open","ping_status":"open","sticky":false,"template":"","format":"video","meta":{"_mi_skip_tracking":false,"_monsterinsights_sitenote_active":false,"_monsterinsights_sitenote_note":"","_monsterinsights_sitenote_category":0,"jetpack_post_was_ever_published":false,"_jetpack_newsletter_access":"","jetpack_publicize_message":"","jetpack_is_tweetstorm":false,"jetpack_publicize_feature_enabled":true,"jetpack_social_post_already_shared":true,"jetpack_social_options":{"image_generator_settings":{"template":"highway","enabled":false}}},"categories":[52,56,13,12,67],"tags":[],"jetpack_publicize_connections":[],"jetpack_featured_media_url":"","jetpack_sharing_enabled":true,"jetpack_shortlink":"https:\/\/wp.me\/p4jV2T-2tK","jetpack_likes_enabled":true,"jetpack-related-posts":[{"id":7986,"url":"http:\/\/www.robertosedda.it\/?p=7986","url_meta":{"origin":9532,"position":0},"title":"Incursione giapponese a &#8220;Oggi parliamo di libri&#8221;","author":"Rufus","date":"21\/07\/2014","format":"video","excerpt":"Kitchen (Banana Yoshimoto, Feltrinelli 1991) Per quelle strane coincidenze di cui mi rendo conto solo rivedendo le puntate e alle quali non ho minimamente pensato preparandole\u00a0Kitchen \u00e8 incapsulato fra altre due storie d'amore - o\u00a0storie, in un certo senso, di educazione sentimentale: lo \u00e8 certamente Emma di cui ho parlato\u2026","rel":"","context":"In &quot;Coordinate&quot;","block_context":{"text":"Coordinate","link":"http:\/\/www.robertosedda.it\/?cat=52"},"img":{"alt_text":"","src":"https:\/\/i0.wp.com\/www.robertosedda.it\/wp-content\/uploads\/2014\/07\/Kitchen.jpg?fit=499%2C257&resize=350%2C200","width":350,"height":200},"classes":[]},{"id":8620,"url":"http:\/\/www.robertosedda.it\/?p=8620","url_meta":{"origin":9532,"position":1},"title":"L&#8217;innegabile fascino di Dracula il vampiro","author":"Rufus","date":"10\/10\/2014","format":"video","excerpt":"Ho caricato oggi la puntata di\u00a0Oggi parliamo di libri caricata a Dracula di Bram Stoker. Avevo deciso da moltissimo tempo che se avessi fatto un ciclo di puntate dedicato alla letteratura\u00a0sentimentale e alle storie d'amore avrei incluso\u00a0Dracula: durante la puntata ho giustificato la scelta, in\u00a0parte, con il collegamento al \"catalogo\"\u2026","rel":"","context":"In &quot;Coordinate&quot;","block_context":{"text":"Coordinate","link":"http:\/\/www.robertosedda.it\/?cat=52"},"img":{"alt_text":"","src":"https:\/\/i0.wp.com\/www.robertosedda.it\/wp-content\/uploads\/2014\/10\/lettori.jpg?resize=350%2C200","width":350,"height":200,"srcset":"https:\/\/i0.wp.com\/www.robertosedda.it\/wp-content\/uploads\/2014\/10\/lettori.jpg?resize=350%2C200 1x, https:\/\/i0.wp.com\/www.robertosedda.it\/wp-content\/uploads\/2014\/10\/lettori.jpg?resize=700%2C400 2x, https:\/\/i0.wp.com\/www.robertosedda.it\/wp-content\/uploads\/2014\/10\/lettori.jpg?resize=1050%2C600 3x"},"classes":[]},{"id":10443,"url":"http:\/\/www.robertosedda.it\/?p=10443","url_meta":{"origin":9532,"position":2},"title":"Il tenero Peter e la rossa esplosiva","author":"Rufus","date":"24\/06\/2015","format":"video","excerpt":"Non so se l'avete mai intuito, ma le puntate di Oggi parliamo di libri le faccio soprattutto per me stesso. Non mi riferisco solo al fatto che fare la radio mi diverte davvero tanto, moltissimo, ma soprattutto al fatto che mentre preparo le puntate faccio continuamente delle scoperte, mi si\u2026","rel":"","context":"In &quot;Cappe e spade&quot;","block_context":{"text":"Cappe e spade","link":"http:\/\/www.robertosedda.it\/?cat=70"},"img":{"alt_text":"","src":"https:\/\/i0.wp.com\/img.youtube.com\/vi\/GwFwAupZu6Y\/0.jpg?resize=350%2C200","width":350,"height":200},"classes":[]},{"id":10009,"url":"http:\/\/www.robertosedda.it\/?p=10009","url_meta":{"origin":9532,"position":3},"title":"Di nuovo sulla &#8220;Gerusalemme liberata&#8221;","author":"Rufus","date":"21\/04\/2015","format":"video","excerpt":"Della\u00a0Gerusalemme liberata ho gi\u00e0 parlato pi\u00f9 o meno un anno e mezzo fa, quindi oggi mi limito a segnalare che ho messo in linea la puntata che ho dedicato al poema su\u00a0Oggi parliamo di libri e a invitarvi all'ascolto, oltre che della puntata, della pausa musicale con la strepitosa Mahalia\u2026","rel":"","context":"In &quot;Coordinate&quot;","block_context":{"text":"Coordinate","link":"http:\/\/www.robertosedda.it\/?cat=52"},"img":{"alt_text":"","src":"https:\/\/i0.wp.com\/img.youtube.com\/vi\/gPZuWzZvoYQ\/0.jpg?resize=350%2C200","width":350,"height":200},"classes":[]},{"id":8601,"url":"http:\/\/www.robertosedda.it\/?p=8601","url_meta":{"origin":9532,"position":4},"title":"&#8220;Orgoglio e pregiudizio&#8221;, finalmente!","author":"Rufus","date":"08\/10\/2014","format":"video","excerpt":"Ho cominciato a caricare su\u00a0YouTube le puntate di quest'anno di\u00a0Oggi parliamo di libri: la prima \u00e8 dedicata a\u00a0Orgoglio e pregiudizio, scelta se si vuole banale considerando che ho deciso di trattare tutti libri che presentano grandi storie d'amore o che appartengono al genere sentimentale. D'altra parte su Oggi parliamo di\u2026","rel":"","context":"In &quot;Le narrazioni&quot;","block_context":{"text":"Le narrazioni","link":"http:\/\/www.robertosedda.it\/?cat=56"},"img":{"alt_text":"","src":"https:\/\/i0.wp.com\/img.youtube.com\/vi\/Ho45UJVAl84\/0.jpg?resize=350%2C200","width":350,"height":200},"classes":[]},{"id":9332,"url":"http:\/\/www.robertosedda.it\/?p=9332","url_meta":{"origin":9532,"position":5},"title":"L&#8217;amore nella &#8220;casa dell&#8217;attimo&#8221;","author":"Rufus","date":"07\/01\/2015","format":"video","excerpt":"Ho messo poco fa in linea la nona puntata di quest'anno di Oggi parliamo di libri, dedicata a Maison Ikkoku di Rumiko Takahashi. Ho scelto questa storia, dapprima, perch\u00e9 volevo inserire nel ciclo di puntate sulle grandi storie d'amore una che fosse stata raccontata a fumetti: e dopo essermi scervellato\u2026","rel":"","context":"In &quot;Coordinate&quot;","block_context":{"text":"Coordinate","link":"http:\/\/www.robertosedda.it\/?cat=52"},"img":{"alt_text":"","src":"https:\/\/i0.wp.com\/img.youtube.com\/vi\/pjbGPK5TzMk\/0.jpg?resize=350%2C200","width":350,"height":200},"classes":[]}],"_links":{"self":[{"href":"http:\/\/www.robertosedda.it\/index.php?rest_route=\/wp\/v2\/posts\/9532"}],"collection":[{"href":"http:\/\/www.robertosedda.it\/index.php?rest_route=\/wp\/v2\/posts"}],"about":[{"href":"http:\/\/www.robertosedda.it\/index.php?rest_route=\/wp\/v2\/types\/post"}],"author":[{"embeddable":true,"href":"http:\/\/www.robertosedda.it\/index.php?rest_route=\/wp\/v2\/users\/1"}],"replies":[{"embeddable":true,"href":"http:\/\/www.robertosedda.it\/index.php?rest_route=%2Fwp%2Fv2%2Fcomments&post=9532"}],"version-history":[{"count":2,"href":"http:\/\/www.robertosedda.it\/index.php?rest_route=\/wp\/v2\/posts\/9532\/revisions"}],"predecessor-version":[{"id":9534,"href":"http:\/\/www.robertosedda.it\/index.php?rest_route=\/wp\/v2\/posts\/9532\/revisions\/9534"}],"wp:attachment":[{"href":"http:\/\/www.robertosedda.it\/index.php?rest_route=%2Fwp%2Fv2%2Fmedia&parent=9532"}],"wp:term":[{"taxonomy":"category","embeddable":true,"href":"http:\/\/www.robertosedda.it\/index.php?rest_route=%2Fwp%2Fv2%2Fcategories&post=9532"},{"taxonomy":"post_tag","embeddable":true,"href":"http:\/\/www.robertosedda.it\/index.php?rest_route=%2Fwp%2Fv2%2Ftags&post=9532"}],"curies":[{"name":"wp","href":"https:\/\/api.w.org\/{rel}","templated":true}]}}