{"id":952,"date":"2012-10-03T14:15:53","date_gmt":"2012-10-03T12:15:53","guid":{"rendered":"http:\/\/www.robertosedda.it\/?p=952"},"modified":"2014-10-02T13:43:14","modified_gmt":"2014-10-02T11:43:14","slug":"master-commander-il-film","status":"publish","type":"post","link":"http:\/\/www.robertosedda.it\/?p=952","title":{"rendered":"Master &#038; Commander &#8211; il film"},"content":{"rendered":"<p><a href=\"https:\/\/i0.wp.com\/www.robertosedda.it\/wp-content\/uploads\/2012\/10\/master_and_commander.jpg\"><img data-attachment-id=\"953\" data-permalink=\"http:\/\/www.robertosedda.it\/?attachment_id=953\" data-orig-file=\"https:\/\/i0.wp.com\/www.robertosedda.it\/wp-content\/uploads\/2012\/10\/master_and_commander.jpg?fit=600%2C411\" data-orig-size=\"600,411\" data-comments-opened=\"1\" data-image-meta=\"{&quot;aperture&quot;:&quot;0&quot;,&quot;credit&quot;:&quot;&quot;,&quot;camera&quot;:&quot;&quot;,&quot;caption&quot;:&quot;&quot;,&quot;created_timestamp&quot;:&quot;0&quot;,&quot;copyright&quot;:&quot;&quot;,&quot;focal_length&quot;:&quot;0&quot;,&quot;iso&quot;:&quot;0&quot;,&quot;shutter_speed&quot;:&quot;0&quot;,&quot;title&quot;:&quot;&quot;}\" data-image-title=\"master_and_commander\" data-image-description=\"\" data-image-caption=\"\" data-medium-file=\"https:\/\/i0.wp.com\/www.robertosedda.it\/wp-content\/uploads\/2012\/10\/master_and_commander.jpg?fit=300%2C205\" data-large-file=\"https:\/\/i0.wp.com\/www.robertosedda.it\/wp-content\/uploads\/2012\/10\/master_and_commander.jpg?fit=510%2C349\" decoding=\"async\" loading=\"lazy\" class=\"alignleft size-medium wp-image-953\" title=\"master_and_commander\" src=\"https:\/\/i0.wp.com\/www.robertosedda.it\/wp-content\/uploads\/2012\/10\/master_and_commander.jpg?resize=300%2C205\" alt=\"\" width=\"300\" height=\"205\" srcset=\"https:\/\/i0.wp.com\/www.robertosedda.it\/wp-content\/uploads\/2012\/10\/master_and_commander.jpg?resize=300%2C205 300w, https:\/\/i0.wp.com\/www.robertosedda.it\/wp-content\/uploads\/2012\/10\/master_and_commander.jpg?w=600 600w\" sizes=\"(max-width: 300px) 100vw, 300px\" data-recalc-dims=\"1\" \/><\/a>Frugando nell&#8217;<em>hard disk<\/em> ho trovato una vecchia recensione di <em>Master &amp; Commander<\/em> del gennaio 2004. Siccome ho intenzione di rileggere la serie dei romanzi, comincio con il ripostare questi appunti, che tutto sommato mi convincono ancora.<\/p>\n<p>\u00abDevo ammettere in partenza di essere un appassionato dei romanzi di O&#8217;Brian. Ho letto tutti quelli pubblicati in Italia, ed alcuni anche pi\u00f9 volte. Mi sono perci\u00f2 recato a vedere <em>Master &amp; Commander <\/em>con lo stesso spirito con cui alcuni, magari, sono andati a vedere il <em>Signore degli Anelli<\/em>; con l&#8217;ambizione di &#8220;vedere&#8221; ci\u00f2 che si era sempre dovuto immaginare.<\/p>\n<p>Alla fine ero molto perplesso, all&#8217;uscita del cinema, epper\u00f2 non in quanto lettore del romanzo, ma proprio come spettatore &#8220;puro&#8221;. Complessivamente il film di Weir mi \u00e8 sembrato, in una parola,\u00a0soprattutto irrisolto. Come se il regista, alle prese con un materiale narrativo sovrabbondante, non sia riuscito a risolversi a mettere o togliere. Certo, togliere non poteva senza impoverirsi fatalmente. Ma anche mettere altro doveva risultare difficile, se gi\u00e0 cos\u00ec il film va oltre le due ore. Ed \u00e8 rimasto in una posizione di compromesso. <a href=\"https:\/\/i0.wp.com\/www.robertosedda.it\/wp-content\/uploads\/2012\/10\/images.jpg\"><img data-attachment-id=\"954\" data-permalink=\"http:\/\/www.robertosedda.it\/?attachment_id=954\" data-orig-file=\"https:\/\/i0.wp.com\/www.robertosedda.it\/wp-content\/uploads\/2012\/10\/images.jpg?fit=277%2C182\" data-orig-size=\"277,182\" data-comments-opened=\"1\" data-image-meta=\"{&quot;aperture&quot;:&quot;0&quot;,&quot;credit&quot;:&quot;&quot;,&quot;camera&quot;:&quot;&quot;,&quot;caption&quot;:&quot;&quot;,&quot;created_timestamp&quot;:&quot;0&quot;,&quot;copyright&quot;:&quot;&quot;,&quot;focal_length&quot;:&quot;0&quot;,&quot;iso&quot;:&quot;0&quot;,&quot;shutter_speed&quot;:&quot;0&quot;,&quot;title&quot;:&quot;&quot;}\" data-image-title=\"images\" data-image-description=\"\" data-image-caption=\"\" data-medium-file=\"https:\/\/i0.wp.com\/www.robertosedda.it\/wp-content\/uploads\/2012\/10\/images.jpg?fit=277%2C182\" data-large-file=\"https:\/\/i0.wp.com\/www.robertosedda.it\/wp-content\/uploads\/2012\/10\/images.jpg?fit=277%2C182\" decoding=\"async\" loading=\"lazy\" class=\"size-full wp-image-954 alignright\" title=\"images\" src=\"https:\/\/i0.wp.com\/www.robertosedda.it\/wp-content\/uploads\/2012\/10\/images.jpg?resize=277%2C182\" alt=\"\" width=\"277\" height=\"182\" data-recalc-dims=\"1\" \/><\/a>\u00c8 un peccato, perch\u00e9 la soluzione gli era offerta direttamente da O&#8217;Brian, ed era quella di accettare consapevolmente di scegliere lo sguardo di un personaggio (c&#8217;era Maturin bell&#8217;e pronto, ma poteva essere chiunque, compreso lo stesso Jack Aubrey) e di usarlo come un Virgilio che accompagnasse lo spettatore nel percorso. Cos\u00ec il film sarebbe stato indimenticabile. Invece rimane molto bello, ma non magnifico.<\/p>\n<p>Certo, sull&#8217;altro versante il film ha fra i suoi punti di forza la coralit\u00e0. Una coralit\u00e0 in cui Crowe fa il mattatore benissimo, purtroppo per\u00f2 disegnando il personaggio di Aubrey in maniera troppo simile al Valerio Massimo del Gladiatore (pu\u00f2 essere un pregiudizio, lo ammetto)\u00bb.<\/p>\n<p><a href=\"https:\/\/i0.wp.com\/www.robertosedda.it\/wp-content\/uploads\/2012\/10\/600full-master-and-commander_-the-far-side-of-the-world-photo1.jpg\"><img data-attachment-id=\"957\" data-permalink=\"http:\/\/www.robertosedda.it\/?attachment_id=957\" data-orig-file=\"https:\/\/i0.wp.com\/www.robertosedda.it\/wp-content\/uploads\/2012\/10\/600full-master-and-commander_-the-far-side-of-the-world-photo1.jpg?fit=600%2C400\" data-orig-size=\"600,400\" data-comments-opened=\"1\" data-image-meta=\"{&quot;aperture&quot;:&quot;0&quot;,&quot;credit&quot;:&quot;&quot;,&quot;camera&quot;:&quot;&quot;,&quot;caption&quot;:&quot;&quot;,&quot;created_timestamp&quot;:&quot;0&quot;,&quot;copyright&quot;:&quot;&quot;,&quot;focal_length&quot;:&quot;0&quot;,&quot;iso&quot;:&quot;0&quot;,&quot;shutter_speed&quot;:&quot;0&quot;,&quot;title&quot;:&quot;&quot;}\" data-image-title=\"600full-master-and-commander_-the-far-side-of-the-world-photo\" data-image-description=\"\" data-image-caption=\"\" data-medium-file=\"https:\/\/i0.wp.com\/www.robertosedda.it\/wp-content\/uploads\/2012\/10\/600full-master-and-commander_-the-far-side-of-the-world-photo1.jpg?fit=300%2C200\" data-large-file=\"https:\/\/i0.wp.com\/www.robertosedda.it\/wp-content\/uploads\/2012\/10\/600full-master-and-commander_-the-far-side-of-the-world-photo1.jpg?fit=510%2C340\" decoding=\"async\" loading=\"lazy\" class=\"alignleft size-medium wp-image-957\" title=\"600full-master-and-commander_-the-far-side-of-the-world-photo\" src=\"https:\/\/i0.wp.com\/www.robertosedda.it\/wp-content\/uploads\/2012\/10\/600full-master-and-commander_-the-far-side-of-the-world-photo1.jpg?resize=300%2C200\" alt=\"\" width=\"300\" height=\"200\" srcset=\"https:\/\/i0.wp.com\/www.robertosedda.it\/wp-content\/uploads\/2012\/10\/600full-master-and-commander_-the-far-side-of-the-world-photo1.jpg?resize=300%2C200 300w, https:\/\/i0.wp.com\/www.robertosedda.it\/wp-content\/uploads\/2012\/10\/600full-master-and-commander_-the-far-side-of-the-world-photo1.jpg?w=600 600w\" sizes=\"(max-width: 300px) 100vw, 300px\" data-recalc-dims=\"1\" \/><\/a>Fin qui la recensione: a distanza (ma dovrei rivederlo, il film) rafforzerei il discorso della coralit\u00e0 e la qualit\u00e0 dei comprimari&#8230; forse proprio Aubrey e Maturin sono le interpretazioni pi\u00f9 deboli, soprattutto Maturin, cos\u00ec diverso dalla descrizione di O&#8217;Brian &#8211; Crowe fa di Aubrey un simpatico pirata, ma la sua interpretazione \u00e8 convincente.<\/p>\n<p>Aggiungo una citazione, imperdibile, di Samuel Johnson:<\/p>\n<blockquote><p>No man will be a sailor who has contrivance enough to get himself into a jail: for being in a ship is being in a jail, with the chance of\u00a0 being drowned&#8230; A man in a jail has more room, better food, and commonly better company.<\/p><\/blockquote>\n<p>(nessuno far\u00e0 il marinaio se avr\u00e0 la possibilit\u00e0 di farsi rinchiudere in prigione: perch\u00e9\u00a0essere imbarcato \u00e8 come stare in prigione, con l&#8217;eventualit\u00e0 di affogare&#8230; un uomo in prigione ha pi\u00f9 spazio, cibo migliore e di solito miglior compagnia).<\/p>\n","protected":false},"excerpt":{"rendered":"<p>Frugando nell&#8217;hard disk ho trovato una vecchia recensione di Master &amp; Commander del gennaio 2004. Siccome ho intenzione di rileggere<\/p>\n","protected":false},"author":1,"featured_media":953,"comment_status":"open","ping_status":"open","sticky":false,"template":"","format":"standard","meta":{"_mi_skip_tracking":false,"_monsterinsights_sitenote_active":false,"_monsterinsights_sitenote_note":"","_monsterinsights_sitenote_category":0,"jetpack_post_was_ever_published":false,"_jetpack_newsletter_access":"","jetpack_publicize_message":"","jetpack_is_tweetstorm":false,"jetpack_publicize_feature_enabled":true,"jetpack_social_post_already_shared":false,"jetpack_social_options":{"image_generator_settings":{"template":"highway","enabled":false}}},"categories":[70,52,14,56,12],"tags":[],"jetpack_publicize_connections":[],"jetpack_featured_media_url":"https:\/\/i0.wp.com\/www.robertosedda.it\/wp-content\/uploads\/2012\/10\/master_and_commander.jpg?fit=600%2C411","jetpack_sharing_enabled":true,"jetpack_shortlink":"https:\/\/wp.me\/p4jV2T-fm","jetpack_likes_enabled":true,"jetpack-related-posts":[{"id":3082,"url":"http:\/\/www.robertosedda.it\/?p=3082","url_meta":{"origin":952,"position":0},"title":"Traguardo di visitatori (e ringraziamenti)","author":"Rufus","date":"04\/05\/2013","format":false,"excerpt":"Ieri, secondo Google Analytics, il blog ha raggiunto 5.000 visitatori unici (le visualizzazioni di pagina sono pi\u00f9 di 16.000). Sono visite da fine agosto, quando ho cominciato a pubblicare articoli, a oggi. Oggetto meraviglioso, Google Analytics. Evocatore di misteri: perch\u00e9 per esempio ti informa che fra gli articoli pi\u00f9 letti\u2026","rel":"","context":"In &quot;Coordinate&quot;","block_context":{"text":"Coordinate","link":"http:\/\/www.robertosedda.it\/?cat=52"},"img":{"alt_text":"","src":"https:\/\/i0.wp.com\/www.robertosedda.it\/wp-content\/uploads\/2013\/05\/statistiche-blog.png?fit=1200%2C580&resize=350%2C200","width":350,"height":200,"srcset":"https:\/\/i0.wp.com\/www.robertosedda.it\/wp-content\/uploads\/2013\/05\/statistiche-blog.png?fit=1200%2C580&resize=350%2C200 1x, https:\/\/i0.wp.com\/www.robertosedda.it\/wp-content\/uploads\/2013\/05\/statistiche-blog.png?fit=1200%2C580&resize=700%2C400 2x, https:\/\/i0.wp.com\/www.robertosedda.it\/wp-content\/uploads\/2013\/05\/statistiche-blog.png?fit=1200%2C580&resize=1050%2C600 3x"},"classes":[]},{"id":9309,"url":"http:\/\/www.robertosedda.it\/?p=9309","url_meta":{"origin":952,"position":1},"title":"I libri che ho letto nel 2014","author":"Rufus","date":"08\/01\/2015","format":false,"excerpt":"Anobii mi informa che nel 2014 ho letto meno libri che nel 2013 ma per pi\u00f9 pagine: non posso proprio dire di averci fatto caso, in realt\u00e0, cos\u00ec come l'anno scorso ero rimasto piuttosto sorpreso nello scoprire che era accaduto l'inverso. Ad ogni modo i libri che ho letto sono\u2026","rel":"","context":"In &quot;Coordinate&quot;","block_context":{"text":"Coordinate","link":"http:\/\/www.robertosedda.it\/?cat=52"},"img":{"alt_text":"","src":"https:\/\/i0.wp.com\/www.robertosedda.it\/wp-content\/uploads\/2013\/10\/Gesrusalemme-liberata.jpg?fit=315%2C420&resize=350%2C200","width":350,"height":200},"classes":[]},{"id":6572,"url":"http:\/\/www.robertosedda.it\/?p=6572","url_meta":{"origin":952,"position":2},"title":"Willoughby si \u00e8 poi arruolato in Marina?","author":"Rufus","date":"03\/03\/2014","format":false,"excerpt":"Come sa chi mi conosce bene sono un grande appassionato dei romanzi di Jane Austen e anche della serie di avventure marinaro-napoleoniche scritte da Patrick O'Brian. Immaginate quindi la mia soddisfazione quando sul sito della JASNA, la societ\u00e0 austeniana del Nord America, ho trovato un articolo che esplora le relazioni,\u2026","rel":"","context":"In &quot;Cappe e spade&quot;","block_context":{"text":"Cappe e spade","link":"http:\/\/www.robertosedda.it\/?cat=70"},"img":{"alt_text":"","src":"https:\/\/i0.wp.com\/www.robertosedda.it\/wp-content\/uploads\/2014\/03\/Vascelli-Aubrey-Maturin.jpg?fit=283%2C266&resize=350%2C200","width":350,"height":200},"classes":[]},{"id":20459,"url":"http:\/\/www.robertosedda.it\/?p=20459","url_meta":{"origin":952,"position":3},"title":"Al comando di una nave militare","author":"Rufus","date":"16\/01\/2024","format":false,"excerpt":"L'altra notte ho sognato che mi avevano dato il comando di una nave militare. Una bella nave, grande come una fregata o un cacciatorpediniere, che nel sogno aveva l'aspetto di questa, che ho visto dipinta sul muro di una vecchia casermetta dell'antiaerea. Per\u00f2 meno fascista, ovvio. Nel sogno ero proprio\u2026","rel":"","context":"In &quot;Coordinate&quot;","block_context":{"text":"Coordinate","link":"http:\/\/www.robertosedda.it\/?cat=52"},"img":{"alt_text":"","src":"https:\/\/i0.wp.com\/www.robertosedda.it\/wp-content\/uploads\/2024\/01\/La-mia-nave.jpg?fit=1200%2C543&resize=350%2C200","width":350,"height":200,"srcset":"https:\/\/i0.wp.com\/www.robertosedda.it\/wp-content\/uploads\/2024\/01\/La-mia-nave.jpg?fit=1200%2C543&resize=350%2C200 1x, https:\/\/i0.wp.com\/www.robertosedda.it\/wp-content\/uploads\/2024\/01\/La-mia-nave.jpg?fit=1200%2C543&resize=700%2C400 2x, https:\/\/i0.wp.com\/www.robertosedda.it\/wp-content\/uploads\/2024\/01\/La-mia-nave.jpg?fit=1200%2C543&resize=1050%2C600 3x"},"classes":[]},{"id":269,"url":"http:\/\/www.robertosedda.it\/?p=269","url_meta":{"origin":952,"position":4},"title":"Scaramouche","author":"Rufus","date":"21\/08\/2012","format":false,"excerpt":"Per essere un romanzo d'avventura Scaramouche ha una componente di indagine psicologica e di dibattito politico-filosofico piuttosto consistente. Nonostante quel che si sente dire, e diversamente dai film che ne sono stati tratti, non \u00e8 un romanzo di cappa e spada: manca il gusto del rocambolesco, dell'avventura fine a se\u2026","rel":"","context":"In &quot;Cappe e spade&quot;","block_context":{"text":"Cappe e spade","link":"http:\/\/www.robertosedda.it\/?cat=70"},"img":{"alt_text":"","src":"","width":0,"height":0},"classes":[]},{"id":2910,"url":"http:\/\/www.robertosedda.it\/?p=2910","url_meta":{"origin":952,"position":5},"title":"L&#8217;isola del tesoro","author":"Rufus","date":"19\/04\/2013","format":"video","excerpt":"Ho messo stamattina in linea la puntata di Oggi parliamo di libri dedicata a L'isola del tesoro di Stevenson. Una puntata che, lo dico a scanso di equivoci, non potete non ascoltare perch\u00e9 mia mamma dice che sono stato molto \"bravo\" e \"colto\", e quindi evidentemente \u00e8 una puntata che\u2026","rel":"","context":"In &quot;Cappe e spade&quot;","block_context":{"text":"Cappe e spade","link":"http:\/\/www.robertosedda.it\/?cat=70"},"img":{"alt_text":"","src":"https:\/\/i0.wp.com\/www.robertosedda.it\/wp-content\/uploads\/2013\/04\/lisola-del-tesoro-di-rlstevenson.jpg?fit=440%2C322&resize=350%2C200","width":350,"height":200},"classes":[]}],"_links":{"self":[{"href":"http:\/\/www.robertosedda.it\/index.php?rest_route=\/wp\/v2\/posts\/952"}],"collection":[{"href":"http:\/\/www.robertosedda.it\/index.php?rest_route=\/wp\/v2\/posts"}],"about":[{"href":"http:\/\/www.robertosedda.it\/index.php?rest_route=\/wp\/v2\/types\/post"}],"author":[{"embeddable":true,"href":"http:\/\/www.robertosedda.it\/index.php?rest_route=\/wp\/v2\/users\/1"}],"replies":[{"embeddable":true,"href":"http:\/\/www.robertosedda.it\/index.php?rest_route=%2Fwp%2Fv2%2Fcomments&post=952"}],"version-history":[{"count":7,"href":"http:\/\/www.robertosedda.it\/index.php?rest_route=\/wp\/v2\/posts\/952\/revisions"}],"predecessor-version":[{"id":8545,"href":"http:\/\/www.robertosedda.it\/index.php?rest_route=\/wp\/v2\/posts\/952\/revisions\/8545"}],"wp:featuredmedia":[{"embeddable":true,"href":"http:\/\/www.robertosedda.it\/index.php?rest_route=\/wp\/v2\/media\/953"}],"wp:attachment":[{"href":"http:\/\/www.robertosedda.it\/index.php?rest_route=%2Fwp%2Fv2%2Fmedia&parent=952"}],"wp:term":[{"taxonomy":"category","embeddable":true,"href":"http:\/\/www.robertosedda.it\/index.php?rest_route=%2Fwp%2Fv2%2Fcategories&post=952"},{"taxonomy":"post_tag","embeddable":true,"href":"http:\/\/www.robertosedda.it\/index.php?rest_route=%2Fwp%2Fv2%2Ftags&post=952"}],"curies":[{"name":"wp","href":"https:\/\/api.w.org\/{rel}","templated":true}]}}