{"id":9482,"date":"2015-01-28T17:34:38","date_gmt":"2015-01-28T16:34:38","guid":{"rendered":"http:\/\/www.robertosedda.it\/?p=9482"},"modified":"2026-02-02T11:47:25","modified_gmt":"2026-02-02T10:47:25","slug":"gente-che-lantimafia-la-fa-in-posti-inaspettati","status":"publish","type":"post","link":"http:\/\/www.robertosedda.it\/?p=9482","title":{"rendered":"Gente che l&#8217;antimafia la fa in posti inaspettati"},"content":{"rendered":"<p>Curiosando un po&#8217; in giro a proposito dell&#8217;inchiesta di oggi sulle infiltrazioni mafiose a Reggio Emilia ho fatto alcune scoperte che mi sembra interessane condividere.<\/p>\n<p>Premessa: il tema mi interessa perch\u00e9 a suo tempo la Fondazione di Banca Etica ha seguito un progetto di studio sulle infiltrazioni mafiose nel settore delle energie rinnovabili (si chiamava <a href=\"http:\/\/www.euscore.eu\/\"><em>Score<\/em><\/a>: c&#8217;\u00e8 una marea di <a href=\"http:\/\/www.euscore.eu\/download.aspx\">materiale interessante da leggere in materia<\/a> nel sito del progetto) e in uno degli eventi di presentazione dei risultati ho avuto modo di conoscere <a href=\"http:\/\/www.ilfattoquotidiano.it\/2013\/09\/08\/reggio-emilia-via-presidente-camera-commercio-e-perche-denuncio-presenze-mafiose\/704475\/\">Enrico Bini<\/a>, a suo tempo presidente della Camera di Commercio di Reggio Emilia, che mi colp\u00ec molto descrivendo una citt\u00e0 in cui la mafia, nelle sue varie incarnazioni, faceva affari di tutti i generi. Oggi quindi quando ho letto i titoli sui siti di informazione mi sono ricordato e mi \u00e8 venuto il desiderio di approfondire.<\/p>\n<p>In realt\u00e0 dell&#8217;inchiesta in s\u00e9 non ho scoperto molto: quel che mi ha colpito \u00e8 stato un <em>tweet<\/em> di <a href=\"https:\/\/twitter.com\/PCagnan\">Paolo Cagnan<\/a>, direttore della <em>Gazzetta di Reggio<\/em>:<a href=\"https:\/\/i0.wp.com\/www.robertosedda.it\/wp-content\/uploads\/2015\/01\/Paolo-Cagnan.png\"><img data-attachment-id=\"9485\" data-permalink=\"http:\/\/www.robertosedda.it\/?attachment_id=9485\" data-orig-file=\"https:\/\/i0.wp.com\/www.robertosedda.it\/wp-content\/uploads\/2015\/01\/Paolo-Cagnan.png?fit=643%2C410\" data-orig-size=\"643,410\" data-comments-opened=\"1\" data-image-meta=\"{&quot;aperture&quot;:&quot;0&quot;,&quot;credit&quot;:&quot;&quot;,&quot;camera&quot;:&quot;&quot;,&quot;caption&quot;:&quot;&quot;,&quot;created_timestamp&quot;:&quot;0&quot;,&quot;copyright&quot;:&quot;&quot;,&quot;focal_length&quot;:&quot;0&quot;,&quot;iso&quot;:&quot;0&quot;,&quot;shutter_speed&quot;:&quot;0&quot;,&quot;title&quot;:&quot;&quot;,&quot;orientation&quot;:&quot;0&quot;}\" data-image-title=\"Paolo Cagnan\" data-image-description=\"\" data-image-caption=\"\" data-medium-file=\"https:\/\/i0.wp.com\/www.robertosedda.it\/wp-content\/uploads\/2015\/01\/Paolo-Cagnan.png?fit=300%2C191\" data-large-file=\"https:\/\/i0.wp.com\/www.robertosedda.it\/wp-content\/uploads\/2015\/01\/Paolo-Cagnan.png?fit=510%2C325\" decoding=\"async\" loading=\"lazy\" class=\"aligncenter size-full wp-image-9485\" src=\"https:\/\/i0.wp.com\/www.robertosedda.it\/wp-content\/uploads\/2015\/01\/Paolo-Cagnan.png?resize=643%2C410\" alt=\"Paolo Cagnan\" width=\"643\" height=\"410\" srcset=\"https:\/\/i0.wp.com\/www.robertosedda.it\/wp-content\/uploads\/2015\/01\/Paolo-Cagnan.png?w=643 643w, https:\/\/i0.wp.com\/www.robertosedda.it\/wp-content\/uploads\/2015\/01\/Paolo-Cagnan.png?resize=150%2C96 150w, https:\/\/i0.wp.com\/www.robertosedda.it\/wp-content\/uploads\/2015\/01\/Paolo-Cagnan.png?resize=300%2C191 300w, https:\/\/i0.wp.com\/www.robertosedda.it\/wp-content\/uploads\/2015\/01\/Paolo-Cagnan.png?resize=510%2C325 510w, https:\/\/i0.wp.com\/www.robertosedda.it\/wp-content\/uploads\/2015\/01\/Paolo-Cagnan.png?resize=50%2C32 50w\" sizes=\"(max-width: 643px) 100vw, 643px\" data-recalc-dims=\"1\" \/><\/a>E quindi, grazie anche a <a href=\"http:\/\/gazzettadireggio.gelocal.it\/reggio\/cronaca\/2014\/09\/05\/news\/ndrangheta-e-camorra-si-spartiscono-immobili-e-aziende-1.9865604\">un articolo della <em>Gazzetta<\/em><\/a>, sono andato a vedermi chi fossero questi ragazzi e cosa fosse &#8216;sto <em>Cortocircuito<\/em>.<\/p>\n<p>So&#8217; ragazzi.<\/p>\n<p>Ragazzi davvero: hanno cominciato a fare l&#8217;associazione antimafia alle scuole superiori. Ancora adesso si definiscono, ogni tanto: <em>giornalino scolastico<\/em>. Alla faccia. Adesso sono all&#8217;Universit\u00e0, ma insomma: non sono grandissimi di et\u00e0. E un po&#8217; la cosa mi ha fatto pensare, perch\u00e9 a un primo spaesamento (Reggio Emilia non \u00e8 proprio il primo posto a cui pensi quando senti la parola <em>mafia<\/em>) se ne aggiunge un altro: perch\u00e9 sar\u00e0 magari perch\u00e9 sto diventando vecc&#8230; ehm, di mezz&#8217;et\u00e0, ma sono sempre meno avvezzo a confrontarmi con un impegno civile e politico da parte di ragazzi molto giovani che sia davvero &#8220;da adulti&#8221;. Non \u00e8 che non lo conosca: Impastato \u00e8 morto a trent&#8217;anni e faceva politica attiva da almeno quindici anni; \u00e8 che non sono pi\u00f9 abituato. Difetto mio, sicuramente, per\u00f2 lo segnalo perch\u00e9 penso che sia lo stesso tipo di spaesamento che altri della mia generazione e che magari mi leggono spesso qui sul <em>blog<\/em> possano provare.<\/p>\n<p>Anche perch\u00e9 il lavoro di <a href=\"http:\/\/www.cortocircuito.re.it\/\"><em>Cortocircuito<\/em><\/a> e della galassia di collaborazioni che ha, <em><a href=\"http:\/\/www.reggiocontrolemafie.it\/\">Reggio contro le mafie<\/a><\/em> e altri, mi \u00e8 sembrato molto buono e anche molto incisivo rispetto alle tecnologie digitali: per esempio con un videogiornalismo che si avvale anche di <em>Youtube<\/em> e passa sui <em>social<\/em>:<\/p>\n<div class=\"jetpack-video-wrapper\"><span class=\"embed-youtube\" style=\"text-align:center; display: block;\"><iframe class=\"youtube-player\" width=\"800\" height=\"450\" src=\"https:\/\/www.youtube.com\/embed\/6wQ3n_dh-J4?version=3&#038;rel=1&#038;showsearch=0&#038;showinfo=1&#038;iv_load_policy=1&#038;fs=1&#038;hl=it-IT&#038;autohide=2&#038;start=11&#038;wmode=transparent\" allowfullscreen=\"true\" style=\"border:0;\" sandbox=\"allow-scripts allow-same-origin allow-popups allow-presentation\"><\/iframe><\/span><\/div>\n<p>\u00c8 stato seguendo il filone dell&#8217;uso delle tecnologie digitali nell&#8217;antimafia che ho fatto la seconda scoperta della giornata, cio\u00e8 il sito <a href=\"www.confiscatibene.it\"><em>confiscatibene<\/em><\/a>, un progetto collaborativo con uso degli\u00a0<em>open data<\/em> creato a partire dallo <a href=\"http:\/\/www.spaghettiopendata.org\/\"><em>Spaghetti Open Data<\/em><\/a> del 2014 con la collaborazione di <a href=\"http:\/\/www.dataninja.it\/\"><em>Dataninja<\/em><\/a>, <a href=\"http:\/\/monithon.it\/\"><em>Monithon<\/em><\/a> e <a href=\"http:\/\/www.twinbit.it\/it\"><em>Twinbit<\/em><\/a>. Tutti programmatori, magari mi immagino perfino un poco <em>nerd<\/em>: non proprio il tipo di protagonisti dell&#8217;antimafia che ti immagini, cos\u00ec come non ti sembra che il tema degli <em>open data<\/em> possa essere un terreno di scontro fra legalit\u00e0 e illegalit\u00e0, e invece guarda un po&#8217;, \u00e8 proprio cos\u00ec.<a href=\"https:\/\/i0.wp.com\/www.robertosedda.it\/wp-content\/uploads\/2015\/01\/Confiscati-bene.png\"><img data-attachment-id=\"9487\" data-permalink=\"http:\/\/www.robertosedda.it\/?attachment_id=9487\" data-orig-file=\"https:\/\/i0.wp.com\/www.robertosedda.it\/wp-content\/uploads\/2015\/01\/Confiscati-bene.png?fit=1093%2C541\" data-orig-size=\"1093,541\" data-comments-opened=\"1\" data-image-meta=\"{&quot;aperture&quot;:&quot;0&quot;,&quot;credit&quot;:&quot;&quot;,&quot;camera&quot;:&quot;&quot;,&quot;caption&quot;:&quot;&quot;,&quot;created_timestamp&quot;:&quot;0&quot;,&quot;copyright&quot;:&quot;&quot;,&quot;focal_length&quot;:&quot;0&quot;,&quot;iso&quot;:&quot;0&quot;,&quot;shutter_speed&quot;:&quot;0&quot;,&quot;title&quot;:&quot;&quot;,&quot;orientation&quot;:&quot;0&quot;}\" data-image-title=\"Confiscati bene\" data-image-description=\"\" data-image-caption=\"\" data-medium-file=\"https:\/\/i0.wp.com\/www.robertosedda.it\/wp-content\/uploads\/2015\/01\/Confiscati-bene.png?fit=300%2C148\" data-large-file=\"https:\/\/i0.wp.com\/www.robertosedda.it\/wp-content\/uploads\/2015\/01\/Confiscati-bene.png?fit=510%2C252\" decoding=\"async\" loading=\"lazy\" class=\"aligncenter wp-image-9487 size-full\" src=\"https:\/\/i0.wp.com\/www.robertosedda.it\/wp-content\/uploads\/2015\/01\/Confiscati-bene.png?resize=800%2C396\" alt=\"Confiscati bene\" width=\"800\" height=\"396\" srcset=\"https:\/\/i0.wp.com\/www.robertosedda.it\/wp-content\/uploads\/2015\/01\/Confiscati-bene.png?w=1093 1093w, https:\/\/i0.wp.com\/www.robertosedda.it\/wp-content\/uploads\/2015\/01\/Confiscati-bene.png?resize=150%2C74 150w, https:\/\/i0.wp.com\/www.robertosedda.it\/wp-content\/uploads\/2015\/01\/Confiscati-bene.png?resize=300%2C148 300w, https:\/\/i0.wp.com\/www.robertosedda.it\/wp-content\/uploads\/2015\/01\/Confiscati-bene.png?resize=510%2C252 510w, https:\/\/i0.wp.com\/www.robertosedda.it\/wp-content\/uploads\/2015\/01\/Confiscati-bene.png?resize=700%2C346 700w, https:\/\/i0.wp.com\/www.robertosedda.it\/wp-content\/uploads\/2015\/01\/Confiscati-bene.png?resize=50%2C25 50w\" sizes=\"(max-width: 800px) 100vw, 800px\" data-recalc-dims=\"1\" \/><\/a><\/p>\n","protected":false},"excerpt":{"rendered":"<p>Curiosando un po&#8217; in giro a proposito dell&#8217;inchiesta di oggi sulle infiltrazioni mafiose a Reggio Emilia ho fatto alcune scoperte<\/p>\n","protected":false},"author":1,"featured_media":9487,"comment_status":"open","ping_status":"open","sticky":false,"template":"","format":"standard","meta":{"_mi_skip_tracking":false,"_monsterinsights_sitenote_active":false,"_monsterinsights_sitenote_note":"","_monsterinsights_sitenote_category":0,"jetpack_post_was_ever_published":false,"_jetpack_newsletter_access":"","jetpack_publicize_message":"","jetpack_is_tweetstorm":false,"jetpack_publicize_feature_enabled":true,"jetpack_social_post_already_shared":true,"jetpack_social_options":{"image_generator_settings":{"template":"highway","enabled":false}}},"categories":[52,57,17,59,16],"tags":[],"jetpack_publicize_connections":[],"jetpack_featured_media_url":"https:\/\/i0.wp.com\/www.robertosedda.it\/wp-content\/uploads\/2015\/01\/Confiscati-bene.png?fit=1093%2C541","jetpack_sharing_enabled":true,"jetpack_shortlink":"https:\/\/wp.me\/p4jV2T-2sW","jetpack_likes_enabled":true,"jetpack-related-posts":[{"id":6834,"url":"http:\/\/www.robertosedda.it\/?p=6834","url_meta":{"origin":9482,"position":0},"title":"Bye bye Pigliaru","author":"Rufus","date":"25\/03\/2014","format":false,"excerpt":"Rilancio un intervento fatto su Facebook da Marco Zurru. Sono molto d'accordo, quasi parola per parola, e mi sembra un punto di vista importante su cui confrontarsi (c'era una preoccupazione simile\u00a0alla fine di\u00a0una mia vecchia recensione). Rispetto all'originale ho fatto solo alcuni brevi aggiustamenti grafici. Naturalmente, prendete questo reblogging anche\u2026","rel":"","context":"In &quot;Coordinate&quot;","block_context":{"text":"Coordinate","link":"http:\/\/www.robertosedda.it\/?cat=52"},"img":{"alt_text":"","src":"https:\/\/i0.wp.com\/www.robertosedda.it\/wp-content\/uploads\/2014\/03\/Pigliaru.jpg?fit=500%2C709&resize=350%2C200","width":350,"height":200},"classes":[]},{"id":15681,"url":"http:\/\/www.robertosedda.it\/?p=15681","url_meta":{"origin":9482,"position":1},"title":"Una citazione che mi sono dimenticato ieri","author":"Rufus","date":"18\/09\/2018","format":false,"excerpt":"Stridente, rispetto all'oggi. Il ragazzo calabrese 22, sabato Ieri sera, mentre il maestro ci dava notizie del povero Robetti, che dovr\u00e0 camminare con le stampelle, entr\u00f2 il Direttore con un nuovo iscritto, un ragazzo di viso molto bruno, coi capelli neri, con gli occhi grandi e neri, con le sopracciglia\u2026","rel":"","context":"In &quot;Coordinate&quot;","block_context":{"text":"Coordinate","link":"http:\/\/www.robertosedda.it\/?cat=52"},"img":{"alt_text":"","src":"https:\/\/i0.wp.com\/www.robertosedda.it\/wp-content\/uploads\/2018\/09\/Cuore.jpg?fit=260%2C400&resize=350%2C200","width":350,"height":200},"classes":[]},{"id":14174,"url":"http:\/\/www.robertosedda.it\/?p=14174","url_meta":{"origin":9482,"position":2},"title":"Reporter tradizionali","author":"Rufus","date":"21\/09\/2017","format":false,"excerpt":"Su\u00a0Skorpio di questa settimana si chiude\u00a0Reporter, serializzazione in quattro puntate di un fumetto che in Francia \u00e8 pubblicato in un'unico volume. La storia, sceneggiata da Garreta e Grenier e disegnata da Toussaint, segue un giovane cronista francese che fra la fine del 1964 e i primi mesi del 1965 \u00e8\u2026","rel":"","context":"In &quot;Biografie&quot;","block_context":{"text":"Biografie","link":"http:\/\/www.robertosedda.it\/?cat=83"},"img":{"alt_text":"","src":"https:\/\/i0.wp.com\/www.robertosedda.it\/wp-content\/uploads\/2017\/09\/Reporter.jpg?fit=600%2C799&resize=350%2C200","width":350,"height":200},"classes":[]},{"id":408,"url":"http:\/\/www.robertosedda.it\/?p=408","url_meta":{"origin":9482,"position":3},"title":"Chourmo","author":"Rufus","date":"22\/08\/2012","format":false,"excerpt":"Questa seconda avventura di Fabio Montale \u00e8 probabilmente pi\u00f9 struggente della prima: non c'\u00e8 pi\u00f9 il tema dell'amicizia virile e il rimpianto per la giovinezza, ma Marsiglia acquista defintivamente la sua dimensione di protagonista, c'\u00e8 il tema, variamente declinato, della paternit\u00e0, possibile, impossibile, sprecata, putativa, in generale stravolta: non si\u2026","rel":"","context":"In &quot;Coordinate&quot;","block_context":{"text":"Coordinate","link":"http:\/\/www.robertosedda.it\/?cat=52"},"img":{"alt_text":"","src":"https:\/\/i0.wp.com\/www.robertosedda.it\/wp-content\/uploads\/2012\/08\/Chourmo.jpg?fit=607%2C1000&resize=350%2C200","width":350,"height":200},"classes":[]},{"id":5443,"url":"http:\/\/www.robertosedda.it\/?p=5443","url_meta":{"origin":9482,"position":4},"title":"Una storia che inizia","author":"Rufus","date":"17\/12\/2013","format":false,"excerpt":"All'inizio di dicembre, in maniera inopinata, la campagna di gioco di ruolo che io e i miei giocatori conducevamo da almeno un anno (forse due?) \u00e8 terminata, con una conclusione che non avevamo minimamente previsto ma che tutti abbiamo trovato del tutto soddisfacente. Per quelli di voi che non lo\u2026","rel":"","context":"In &quot;Cappe e spade&quot;","block_context":{"text":"Cappe e spade","link":"http:\/\/www.robertosedda.it\/?cat=70"},"img":{"alt_text":"","src":"https:\/\/i0.wp.com\/www.robertosedda.it\/wp-content\/uploads\/2013\/12\/Roba-da-giocatori-di-ruolo.jpg?fit=960%2C720&resize=350%2C200","width":350,"height":200,"srcset":"https:\/\/i0.wp.com\/www.robertosedda.it\/wp-content\/uploads\/2013\/12\/Roba-da-giocatori-di-ruolo.jpg?fit=960%2C720&resize=350%2C200 1x, https:\/\/i0.wp.com\/www.robertosedda.it\/wp-content\/uploads\/2013\/12\/Roba-da-giocatori-di-ruolo.jpg?fit=960%2C720&resize=700%2C400 2x"},"classes":[]},{"id":4107,"url":"http:\/\/www.robertosedda.it\/?p=4107","url_meta":{"origin":9482,"position":5},"title":"Acquisizioni a mano armata","author":"Rufus","date":"26\/07\/2013","format":false,"excerpt":"Volevo fare un articolo su una storia molto cyberpunk. Poi mi sono documentato (ah, che bella abitudine!) e ho scoperto che la storia non era proprio quella. Per\u00f2 per certi aspetti era peggio. E poi ho trovato in mezzo delle cose divertenti e delle cose tali da far rabbrividire, che\u2026","rel":"","context":"In &quot;Coordinate&quot;","block_context":{"text":"Coordinate","link":"http:\/\/www.robertosedda.it\/?cat=52"},"img":{"alt_text":"","src":"https:\/\/i0.wp.com\/www.robertosedda.it\/wp-content\/uploads\/2013\/07\/Blackwater.jpg?fit=985%2C628&resize=350%2C200","width":350,"height":200,"srcset":"https:\/\/i0.wp.com\/www.robertosedda.it\/wp-content\/uploads\/2013\/07\/Blackwater.jpg?fit=985%2C628&resize=350%2C200 1x, https:\/\/i0.wp.com\/www.robertosedda.it\/wp-content\/uploads\/2013\/07\/Blackwater.jpg?fit=985%2C628&resize=700%2C400 2x"},"classes":[]}],"_links":{"self":[{"href":"http:\/\/www.robertosedda.it\/index.php?rest_route=\/wp\/v2\/posts\/9482"}],"collection":[{"href":"http:\/\/www.robertosedda.it\/index.php?rest_route=\/wp\/v2\/posts"}],"about":[{"href":"http:\/\/www.robertosedda.it\/index.php?rest_route=\/wp\/v2\/types\/post"}],"author":[{"embeddable":true,"href":"http:\/\/www.robertosedda.it\/index.php?rest_route=\/wp\/v2\/users\/1"}],"replies":[{"embeddable":true,"href":"http:\/\/www.robertosedda.it\/index.php?rest_route=%2Fwp%2Fv2%2Fcomments&post=9482"}],"version-history":[{"count":5,"href":"http:\/\/www.robertosedda.it\/index.php?rest_route=\/wp\/v2\/posts\/9482\/revisions"}],"predecessor-version":[{"id":11472,"href":"http:\/\/www.robertosedda.it\/index.php?rest_route=\/wp\/v2\/posts\/9482\/revisions\/11472"}],"wp:featuredmedia":[{"embeddable":true,"href":"http:\/\/www.robertosedda.it\/index.php?rest_route=\/wp\/v2\/media\/9487"}],"wp:attachment":[{"href":"http:\/\/www.robertosedda.it\/index.php?rest_route=%2Fwp%2Fv2%2Fmedia&parent=9482"}],"wp:term":[{"taxonomy":"category","embeddable":true,"href":"http:\/\/www.robertosedda.it\/index.php?rest_route=%2Fwp%2Fv2%2Fcategories&post=9482"},{"taxonomy":"post_tag","embeddable":true,"href":"http:\/\/www.robertosedda.it\/index.php?rest_route=%2Fwp%2Fv2%2Ftags&post=9482"}],"curies":[{"name":"wp","href":"https:\/\/api.w.org\/{rel}","templated":true}]}}