{"id":9470,"date":"2015-01-27T17:36:10","date_gmt":"2015-01-27T16:36:10","guid":{"rendered":"http:\/\/www.robertosedda.it\/?p=9470"},"modified":"2022-02-03T10:14:55","modified_gmt":"2022-02-03T09:14:55","slug":"persi-nel-labirinto-il-minotauro-di-tammuz","status":"publish","type":"post","link":"http:\/\/www.robertosedda.it\/?p=9470","title":{"rendered":"Persi nel labirinto: &#8220;Il minotauro&#8221; di Tammuz"},"content":{"rendered":"<p>Ho messo oggi in linea la puntata di&nbsp;<em>Oggi parliamo di libri<\/em> dedicata a&nbsp;<em>Il minotauro<\/em> di Benjamin Tammuz. La puntata mi soddisfa abbastanza, ma prima di parlarne vi inviterei a entrare nell&#8217;atmosfera con il brano musicale che abbiamo usato come pausa<\/p>\n<div class=\"jetpack-video-wrapper\"><span class=\"embed-youtube\" style=\"text-align:center; display: block;\"><iframe class=\"youtube-player\" width=\"800\" height=\"450\" src=\"https:\/\/www.youtube.com\/embed\/H8x-6VHORLU?version=3&#038;rel=1&#038;showsearch=0&#038;showinfo=1&#038;iv_load_policy=1&#038;fs=1&#038;hl=it-IT&#038;autohide=2&#038;wmode=transparent\" allowfullscreen=\"true\" style=\"border:0;\" sandbox=\"allow-scripts allow-same-origin allow-popups allow-presentation\"><\/iframe><\/span><\/div>\n<p>che in realt\u00e0 non c&#8217;entra niente direttamente (appena appena l&#8217;idea dell&#8217;amore irraggiungibile) ma come atmosfere mi pareva proprio adatto. Ho anche l&#8217;impressione che qualcuno me l&#8217;avesse suggerito e che io non l&#8217;abbia ringraziato, e &nbsp;mi spiace: chiunque tu sia, sentiti ringraziato!<\/p>\n<p>Sulla puntata in s\u00e9 uana sola&nbsp;piccolissima notazione: come vedete mi sono tenuto lievemente discosto dalla contraddizione principale del libro: l&#8217;agente segreto \u00e8 uno&nbsp;<em>stalker<\/em> scriteriato che porter\u00e0 a rovina tutto ci\u00f2 che tocca o un bellissimo esempio di amore appassionato? Se Tammuz evita direttamente di schierarsi penso di potermelo permettere tanto pi\u00f9 io, per\u00f2 segnalo il problema.<\/p>\n<p>Per il resto vale, credo, quel che ho detto in trasmissione, con una nota in pi\u00f9: il libro ha una sua lunghezza&nbsp;<em>perfetta<\/em>, quasi pi\u00f9 da racconto lungo che da romanzo,&nbsp;che ne facilita senz&#8217;altro la lettura; se questa compattezza non si nota di pi\u00f9 \u00e8 per il suo andamento multiforme, i cambiamenti di punto di vista che spezzano il ritmo, rendono il romanzo avvolgente e dilatano la sensazione del tempo di lettura a dispetto del numero alla fine esiguo di pagine.<\/p>\n<div class=\"jetpack-video-wrapper\"><span class=\"embed-youtube\" style=\"text-align:center; display: block;\"><iframe class=\"youtube-player\" width=\"800\" height=\"450\" src=\"https:\/\/www.youtube.com\/embed\/jpFSxD3IpNI?version=3&#038;rel=1&#038;showsearch=0&#038;showinfo=1&#038;iv_load_policy=1&#038;fs=1&#038;hl=it-IT&#038;autohide=2&#038;wmode=transparent\" allowfullscreen=\"true\" style=\"border:0;\" sandbox=\"allow-scripts allow-same-origin allow-popups allow-presentation\"><\/iframe><\/span><\/div>\n<p>&nbsp;<\/p>\n<p>&nbsp;<\/p>\n","protected":false},"excerpt":{"rendered":"<p>Ho messo oggi in linea la puntata di&nbsp;Oggi parliamo di libri dedicata a&nbsp;Il minotauro di Benjamin Tammuz. La puntata mi<\/p>\n","protected":false},"author":1,"featured_media":19143,"comment_status":"open","ping_status":"open","sticky":false,"template":"","format":"video","meta":{"_mi_skip_tracking":false,"_monsterinsights_sitenote_active":false,"_monsterinsights_sitenote_note":"","_monsterinsights_sitenote_category":0,"jetpack_post_was_ever_published":false,"_jetpack_newsletter_access":"","jetpack_publicize_message":"","jetpack_is_tweetstorm":false,"jetpack_publicize_feature_enabled":true,"jetpack_social_post_already_shared":true,"jetpack_social_options":{"image_generator_settings":{"template":"highway","enabled":false}}},"categories":[70,52,56,13,12],"tags":[],"jetpack_publicize_connections":[],"jetpack_featured_media_url":"https:\/\/i0.wp.com\/www.robertosedda.it\/wp-content\/uploads\/2015\/01\/Il-minotauro.jpeg?fit=407%2C600","jetpack_sharing_enabled":true,"jetpack_shortlink":"https:\/\/wp.me\/p4jV2T-2sK","jetpack_likes_enabled":true,"jetpack-related-posts":[{"id":1301,"url":"http:\/\/www.robertosedda.it\/?p=1301","url_meta":{"origin":9470,"position":0},"title":"Da un concorso all&#8217;altro","author":"Rufus","date":"09\/11\/2012","format":false,"excerpt":"Ho posto termine oggi al bizzarro concorso: potete ancora provare per il gusto di indovinare, naturalmente, ma la vincitrice \u00e8 Elisabetta Arca. Congratulazioni a lei e... all'altra partecipante (niente folle da queste parti, eh!) e anche agli osservatori: ad oggi \u00e8 il post pi\u00f9 visto del sito. Grandi novit\u00e0 In\u2026","rel":"","context":"In &quot;Coordinate&quot;","block_context":{"text":"Coordinate","link":"http:\/\/www.robertosedda.it\/?cat=52"},"img":{"alt_text":"","src":"https:\/\/i0.wp.com\/www.robertosedda.it\/wp-content\/uploads\/2012\/08\/cropped-cropped-cropped-cropped-cropped-cropped-ALIM2554.jpg?fit=1000%2C250&resize=350%2C200","width":350,"height":200,"srcset":"https:\/\/i0.wp.com\/www.robertosedda.it\/wp-content\/uploads\/2012\/08\/cropped-cropped-cropped-cropped-cropped-cropped-ALIM2554.jpg?fit=1000%2C250&resize=350%2C200 1x, https:\/\/i0.wp.com\/www.robertosedda.it\/wp-content\/uploads\/2012\/08\/cropped-cropped-cropped-cropped-cropped-cropped-ALIM2554.jpg?fit=1000%2C250&resize=700%2C400 2x"},"classes":[]},{"id":8535,"url":"http:\/\/www.robertosedda.it\/?p=8535","url_meta":{"origin":9470,"position":1},"title":"L&#8217;ultima puntata di &#8220;Oggi parliamo di libri&#8221; (dell&#8217;anno scorso)","author":"Rufus","date":"02\/10\/2014","format":"video","excerpt":"Ho messo in linea oggi l'ultima puntata della scorsa stagione di Oggi parliamo di libri, andata in onda a fine maggio e quindi ormai vetusta. \u00c8 stata una puntata abbastanza strana, come avrete sentito: si intuisce l'imbarazzo di essermi incamminato su un'idea di argomento da trattare in commissione - i\u2026","rel":"","context":"In &quot;Coordinate&quot;","block_context":{"text":"Coordinate","link":"http:\/\/www.robertosedda.it\/?cat=52"},"img":{"alt_text":"","src":"https:\/\/i0.wp.com\/img.youtube.com\/vi\/7tzycI2ao-0\/0.jpg?resize=350%2C200","width":350,"height":200},"classes":[]},{"id":2512,"url":"http:\/\/www.robertosedda.it\/?p=2512","url_meta":{"origin":9470,"position":2},"title":"La storia infinita a &#8220;Oggi parliamo di libri&#8221;","author":"Rufus","date":"10\/03\/2013","format":"video","excerpt":"Ho pubblicato oggi la puntata di Oggi parliamo di libri dedicata a La storia infinita. Questa era la puntata del 21 febbraio, quindi ho quasi smaltito l'arretrato: presto sar\u00f2 in grado di pubblicare le puntate volta per volta (e voi non sarete pi\u00f9 subissati di post con le registrazioni). Sono\u2026","rel":"","context":"In &quot;Coordinate&quot;","block_context":{"text":"Coordinate","link":"http:\/\/www.robertosedda.it\/?cat=52"},"img":{"alt_text":"","src":"https:\/\/i0.wp.com\/img.youtube.com\/vi\/JBrr-FbFUew\/0.jpg?resize=350%2C200","width":350,"height":200},"classes":[]},{"id":12472,"url":"http:\/\/www.robertosedda.it\/?p=12472","url_meta":{"origin":9470,"position":3},"title":"Cos\u00ec fin\u00ec Oggi parliamo di libri","author":"Rufus","date":"06\/09\/2016","format":false,"excerpt":"Trovate qui sotto l'ultima puntata della stagione 2015\/2016 di\u00a0Oggi parliamo di libri, dedicata a\u00a0Liol\u00e0\u00a0di Pirandello: si tratta anche dell'ultima puntata in generale della trasmissione, perch\u00e9 per l'anno prossimo mi piacerebbe molto che venisse accettata la mia proposta di parlare di giochi\u00a0(se si parte si parte ad ottobre, ma mi pare\u2026","rel":"","context":"In &quot;Coordinate&quot;","block_context":{"text":"Coordinate","link":"http:\/\/www.robertosedda.it\/?cat=52"},"img":{"alt_text":"","src":"https:\/\/i0.wp.com\/www.robertosedda.it\/wp-content\/uploads\/2016\/09\/Oggi-parliamo-di-libri-1.jpg?fit=480%2C360&resize=350%2C200","width":350,"height":200},"classes":[]},{"id":10009,"url":"http:\/\/www.robertosedda.it\/?p=10009","url_meta":{"origin":9470,"position":4},"title":"Di nuovo sulla &#8220;Gerusalemme liberata&#8221;","author":"Rufus","date":"21\/04\/2015","format":"video","excerpt":"Della\u00a0Gerusalemme liberata ho gi\u00e0 parlato pi\u00f9 o meno un anno e mezzo fa, quindi oggi mi limito a segnalare che ho messo in linea la puntata che ho dedicato al poema su\u00a0Oggi parliamo di libri e a invitarvi all'ascolto, oltre che della puntata, della pausa musicale con la strepitosa Mahalia\u2026","rel":"","context":"In &quot;Coordinate&quot;","block_context":{"text":"Coordinate","link":"http:\/\/www.robertosedda.it\/?cat=52"},"img":{"alt_text":"","src":"https:\/\/i0.wp.com\/img.youtube.com\/vi\/gPZuWzZvoYQ\/0.jpg?resize=350%2C200","width":350,"height":200},"classes":[]},{"id":8315,"url":"http:\/\/www.robertosedda.it\/?p=8315","url_meta":{"origin":9470,"position":5},"title":"Riparte &#8220;Oggi parliamo di libri&#8221;","author":"Rufus","date":"03\/09\/2014","format":false,"excerpt":"EDIT: scopro dalla redazione che ho fatto casino e che ripartiamo l'11 settembre. Ehm. Aggiorno. Domani gioved\u00ec 4 settembre\u00a0L'11 settembre torno in onda con Oggi parliamo di libri, la trasmissione di Radio Kalaritana nella quale, immagina un po'?, parlo di libri. Volete sapere: l'orario? Ogni gioved\u00ec alle 19.10 e in\u2026","rel":"","context":"In &quot;Coordinate&quot;","block_context":{"text":"Coordinate","link":"http:\/\/www.robertosedda.it\/?cat=52"},"img":{"alt_text":"","src":"https:\/\/i0.wp.com\/www.robertosedda.it\/wp-content\/uploads\/2014\/09\/Diapositiva10.jpg?fit=960%2C720&resize=350%2C200","width":350,"height":200,"srcset":"https:\/\/i0.wp.com\/www.robertosedda.it\/wp-content\/uploads\/2014\/09\/Diapositiva10.jpg?fit=960%2C720&resize=350%2C200 1x, https:\/\/i0.wp.com\/www.robertosedda.it\/wp-content\/uploads\/2014\/09\/Diapositiva10.jpg?fit=960%2C720&resize=700%2C400 2x"},"classes":[]}],"_links":{"self":[{"href":"http:\/\/www.robertosedda.it\/index.php?rest_route=\/wp\/v2\/posts\/9470"}],"collection":[{"href":"http:\/\/www.robertosedda.it\/index.php?rest_route=\/wp\/v2\/posts"}],"about":[{"href":"http:\/\/www.robertosedda.it\/index.php?rest_route=\/wp\/v2\/types\/post"}],"author":[{"embeddable":true,"href":"http:\/\/www.robertosedda.it\/index.php?rest_route=\/wp\/v2\/users\/1"}],"replies":[{"embeddable":true,"href":"http:\/\/www.robertosedda.it\/index.php?rest_route=%2Fwp%2Fv2%2Fcomments&post=9470"}],"version-history":[{"count":3,"href":"http:\/\/www.robertosedda.it\/index.php?rest_route=\/wp\/v2\/posts\/9470\/revisions"}],"predecessor-version":[{"id":19144,"href":"http:\/\/www.robertosedda.it\/index.php?rest_route=\/wp\/v2\/posts\/9470\/revisions\/19144"}],"wp:featuredmedia":[{"embeddable":true,"href":"http:\/\/www.robertosedda.it\/index.php?rest_route=\/wp\/v2\/media\/19143"}],"wp:attachment":[{"href":"http:\/\/www.robertosedda.it\/index.php?rest_route=%2Fwp%2Fv2%2Fmedia&parent=9470"}],"wp:term":[{"taxonomy":"category","embeddable":true,"href":"http:\/\/www.robertosedda.it\/index.php?rest_route=%2Fwp%2Fv2%2Fcategories&post=9470"},{"taxonomy":"post_tag","embeddable":true,"href":"http:\/\/www.robertosedda.it\/index.php?rest_route=%2Fwp%2Fv2%2Ftags&post=9470"}],"curies":[{"name":"wp","href":"https:\/\/api.w.org\/{rel}","templated":true}]}}