{"id":9431,"date":"2015-01-22T17:36:54","date_gmt":"2015-01-22T16:36:54","guid":{"rendered":"http:\/\/www.robertosedda.it\/?p=9431"},"modified":"2015-01-22T17:36:54","modified_gmt":"2015-01-22T16:36:54","slug":"reblog-dylan-dog-continua-a","status":"publish","type":"post","link":"http:\/\/www.robertosedda.it\/?p=9431","title":{"rendered":"REBLOG: Dylan Dog continua a&#8230;"},"content":{"rendered":"<p><a href=\"http:\/\/www.fumettologica.it\/2015\/01\/dylan-dog-341-recensione\/\">Oh, io l&#8217;avevo gi\u00e0 detto tempo fa, ma qui lo ridicono: \u00abTutto questo fa s\u00ec, inoltre, che Dylan sia poco funzionale alla storia: si ha la sensazione che al suo posto, a indagare sull\u2019incubo del mese, avrebbe potuto esserci quasi chiunque altro\u00bb.<\/a><\/p>\n","protected":false},"excerpt":{"rendered":"<p>Oh, io l&#8217;avevo gi\u00e0 detto tempo fa, ma qui lo ridicono: \u00abTutto questo fa s\u00ec, inoltre, che Dylan sia poco<\/p>\n","protected":false},"author":1,"featured_media":0,"comment_status":"open","ping_status":"open","sticky":false,"template":"","format":"link","meta":{"_mi_skip_tracking":false,"_monsterinsights_sitenote_active":false,"_monsterinsights_sitenote_note":"","_monsterinsights_sitenote_category":0,"jetpack_post_was_ever_published":false,"_jetpack_newsletter_access":"","jetpack_publicize_message":"","jetpack_is_tweetstorm":false,"jetpack_publicize_feature_enabled":true,"jetpack_social_post_already_shared":true,"jetpack_social_options":{"image_generator_settings":{"template":"highway","enabled":false}}},"categories":[95,16],"tags":[],"jetpack_publicize_connections":[],"jetpack_featured_media_url":"","jetpack_sharing_enabled":true,"jetpack_shortlink":"https:\/\/wp.me\/p4jV2T-2s7","jetpack_likes_enabled":true,"jetpack-related-posts":[{"id":8256,"url":"http:\/\/www.robertosedda.it\/?p=8256","url_meta":{"origin":9431,"position":0},"title":"Fumetti che ho fatto bene a smettere di comprare","author":"Rufus","date":"09\/09\/2014","format":false,"excerpt":"Julia\u00a0190,\u00a0In malafede\u00a0(Sergio Bonelli Editore\u00a0luglio 2014, Berardi\/Calza\u00a0e\u00a0Zaghi) Avevo\u00a0letto recentemente da qualche parte un esperto di fumetti (o forse un autore, ora mi sfugge) dire che\u00a0Julia \u00e8 oggi la serie a fumetti Bonelli che ha il linguaggio pi\u00f9 moderno: nel contesto non era chiaro se \"linguaggio\" si riferiva alle tematiche proposte, allo\u2026","rel":"","context":"In &quot;Coordinate&quot;","block_context":{"text":"Coordinate","link":"http:\/\/www.robertosedda.it\/?cat=52"},"img":{"alt_text":"","src":"https:\/\/i0.wp.com\/www.robertosedda.it\/wp-content\/uploads\/2014\/09\/Il-calvario-Dylan-Dog.jpg?fit=381%2C502&resize=350%2C200","width":350,"height":200},"classes":[]},{"id":10998,"url":"http:\/\/www.robertosedda.it\/?p=10998","url_meta":{"origin":9431,"position":1},"title":"Piccole cose preziose","author":"Rufus","date":"12\/10\/2015","format":false,"excerpt":"Nel magnifico gruppo\u00a0Facebook che raduna i reduci di it.arti.cinema stamattina \u00e8 passata\u00a0questa foto: Si tratta, come si capisce dalla differenza di caratteri e di lingua utilizzata fra diverse parti della pagina, di un fotogramma tratto da un film, uno di quei casi nei quali si fa vedere allo spettatore straniero\u2026","rel":"","context":"In &quot;Coordinate&quot;","block_context":{"text":"Coordinate","link":"http:\/\/www.robertosedda.it\/?cat=52"},"img":{"alt_text":"","src":"https:\/\/i0.wp.com\/www.robertosedda.it\/wp-content\/uploads\/2015\/10\/Giornale-Scarface.jpg?fit=1024%2C768&resize=350%2C200","width":350,"height":200,"srcset":"https:\/\/i0.wp.com\/www.robertosedda.it\/wp-content\/uploads\/2015\/10\/Giornale-Scarface.jpg?fit=1024%2C768&resize=350%2C200 1x, https:\/\/i0.wp.com\/www.robertosedda.it\/wp-content\/uploads\/2015\/10\/Giornale-Scarface.jpg?fit=1024%2C768&resize=700%2C400 2x"},"classes":[]},{"id":12661,"url":"http:\/\/www.robertosedda.it\/?p=12661","url_meta":{"origin":9431,"position":2},"title":"Lo spiazzista non abita pi\u00f9 qui (e neanche Bob Dylan sta tanto bene)","author":"Rufus","date":"14\/10\/2016","format":"video","excerpt":"Le\u00a0 meravigliose discussioni sul Nobel a Bob Dylan, col loro meraviglioso ventaglio di opinioni e la loro (non tanto) meravigliosa superficialit\u00e0 mi hanno fatto pensare come l'avanzata galoppante del trasferimento del dibattito pubblico sui social e in generale sulla rete abbia comportato la repentina crisi di una figura che altrettanto\u2026","rel":"","context":"In &quot;Coordinate&quot;","block_context":{"text":"Coordinate","link":"http:\/\/www.robertosedda.it\/?cat=52"},"img":{"alt_text":"","src":"https:\/\/i0.wp.com\/img.youtube.com\/vi\/DHqqlm9yf7M\/0.jpg?resize=350%2C200","width":350,"height":200},"classes":[]},{"id":3838,"url":"http:\/\/www.robertosedda.it\/?p=3838","url_meta":{"origin":9431,"position":3},"title":"A proposito di playlist","author":"Rufus","date":"04\/07\/2013","format":false,"excerpt":"Il post di stamattina sulla playlist alla radio mi ha ricordato che in un libro di una delle mie serie di gialli preferita (quella\u00a0Prey con protagonista Lucas Davenport, di John Sandford) c'\u00e8 cucito nel romanzo un tormentone sul fatto che al protagonista hanno regalato un iPod con un buono d'acquisto\u2026","rel":"","context":"In &quot;Coordinate&quot;","block_context":{"text":"Coordinate","link":"http:\/\/www.robertosedda.it\/?cat=52"},"img":{"alt_text":"","src":"https:\/\/i0.wp.com\/www.robertosedda.it\/wp-content\/uploads\/2013\/07\/john-sandford-c-david-burnett.jpg?fit=898%2C1200&resize=350%2C200","width":350,"height":200,"srcset":"https:\/\/i0.wp.com\/www.robertosedda.it\/wp-content\/uploads\/2013\/07\/john-sandford-c-david-burnett.jpg?fit=898%2C1200&resize=350%2C200 1x, https:\/\/i0.wp.com\/www.robertosedda.it\/wp-content\/uploads\/2013\/07\/john-sandford-c-david-burnett.jpg?fit=898%2C1200&resize=700%2C400 2x"},"classes":[]},{"id":7487,"url":"http:\/\/www.robertosedda.it\/?p=7487","url_meta":{"origin":9431,"position":4},"title":"Cose che si scoprono facendosi consigliare libri","author":"Rufus","date":"20\/05\/2014","format":"video","excerpt":"Io non ho paura\u00a0(Niccol\u00f2 Ammaniti, Einaudi 2001) a\u00a0Oggi parliamo di libri Con\u00a0Io non ho paura, come avrete sentito, ho avviato un nuovo ciclo di puntate di\u00a0Oggi parliamo di libri, in cui presento di volta in volta il \"libro del cuore\" di diversi colleghi collaboratori della radio. \u00c8 un ciclo di\u2026","rel":"","context":"In &quot;Coordinate&quot;","block_context":{"text":"Coordinate","link":"http:\/\/www.robertosedda.it\/?cat=52"},"img":{"alt_text":"","src":"https:\/\/i0.wp.com\/img.youtube.com\/vi\/6K9kX454kQA\/0.jpg?resize=350%2C200","width":350,"height":200},"classes":[]},{"id":5356,"url":"http:\/\/www.robertosedda.it\/?p=5356","url_meta":{"origin":9431,"position":5},"title":"Cosa c&#8217;\u00e8 nel bagagliaio della Ford Figo?","author":"Rufus","date":"10\/12\/2013","format":false,"excerpt":"Damigelle in pericolo?! Sta girando di nuovo sul web e in particolare su Facebook una notizia che risale in realt\u00e0 a marzo 2013 e che aveva suscitato parecchie perplessit\u00e0. La notizia riguarda una campagna pubblicitaria, ideata ma mai concretamente utilizzata, per la Ford Figo. La Figo \u00e8 un modello sviluppato\u2026","rel":"","context":"In &quot;Coordinate&quot;","block_context":{"text":"Coordinate","link":"http:\/\/www.robertosedda.it\/?cat=52"},"img":{"alt_text":"","src":"https:\/\/i0.wp.com\/www.robertosedda.it\/wp-content\/uploads\/2013\/12\/Pulp-magazine-cover.jpg?fit=600%2C844&resize=350%2C200","width":350,"height":200},"classes":[]}],"_links":{"self":[{"href":"http:\/\/www.robertosedda.it\/index.php?rest_route=\/wp\/v2\/posts\/9431"}],"collection":[{"href":"http:\/\/www.robertosedda.it\/index.php?rest_route=\/wp\/v2\/posts"}],"about":[{"href":"http:\/\/www.robertosedda.it\/index.php?rest_route=\/wp\/v2\/types\/post"}],"author":[{"embeddable":true,"href":"http:\/\/www.robertosedda.it\/index.php?rest_route=\/wp\/v2\/users\/1"}],"replies":[{"embeddable":true,"href":"http:\/\/www.robertosedda.it\/index.php?rest_route=%2Fwp%2Fv2%2Fcomments&post=9431"}],"version-history":[{"count":1,"href":"http:\/\/www.robertosedda.it\/index.php?rest_route=\/wp\/v2\/posts\/9431\/revisions"}],"predecessor-version":[{"id":9432,"href":"http:\/\/www.robertosedda.it\/index.php?rest_route=\/wp\/v2\/posts\/9431\/revisions\/9432"}],"wp:attachment":[{"href":"http:\/\/www.robertosedda.it\/index.php?rest_route=%2Fwp%2Fv2%2Fmedia&parent=9431"}],"wp:term":[{"taxonomy":"category","embeddable":true,"href":"http:\/\/www.robertosedda.it\/index.php?rest_route=%2Fwp%2Fv2%2Fcategories&post=9431"},{"taxonomy":"post_tag","embeddable":true,"href":"http:\/\/www.robertosedda.it\/index.php?rest_route=%2Fwp%2Fv2%2Ftags&post=9431"}],"curies":[{"name":"wp","href":"https:\/\/api.w.org\/{rel}","templated":true}]}}