{"id":9422,"date":"2015-01-21T14:10:22","date_gmt":"2015-01-21T13:10:22","guid":{"rendered":"http:\/\/www.robertosedda.it\/?p=9422"},"modified":"2022-01-22T19:29:26","modified_gmt":"2022-01-22T18:29:26","slug":"re-e-regine-che-piangono","status":"publish","type":"post","link":"http:\/\/www.robertosedda.it\/?p=9422","title":{"rendered":"Re e regine che piangono"},"content":{"rendered":"\n<p>Ho messo adesso in linea la puntata di&nbsp;<em>Oggi parliamo di libri<\/em> dedicata al canto XXIII dell&#8217;<em>Odissea<\/em>, quello in cui dopo la strage dei Proci Ulisse e Penelope finalmente si riconoscono (si erano gi\u00e0 visti prima, ma Ulisse non si era svelato).<\/p>\n\n\n\n<figure class=\"wp-block-embed is-type-video is-provider-youtube wp-block-embed-youtube wp-embed-aspect-4-3 wp-has-aspect-ratio\"><div class=\"wp-block-embed__wrapper\">\n<span class=\"embed-youtube\" style=\"text-align:center; display: block;\"><iframe loading=\"lazy\" class=\"youtube-player\" width=\"800\" height=\"450\" src=\"https:\/\/www.youtube.com\/embed\/d3sPopIJWMM?version=3&#038;rel=1&#038;showsearch=0&#038;showinfo=1&#038;iv_load_policy=1&#038;fs=1&#038;hl=it-IT&#038;autohide=2&#038;wmode=transparent\" allowfullscreen=\"true\" style=\"border:0;\" sandbox=\"allow-scripts allow-same-origin allow-popups allow-presentation\"><\/iframe><\/span>\n<\/div><\/figure>\n\n\n\n<p>Anche se non l&#8217;ho detto in trasmissione la puntata si collega idealmente ad altre in cui ho fatto notare che in alcune famose storie d&#8217;amore \u00e8 la donna che ha il merito di rimanere fedele al sogno di una felicit\u00e0 comune: come&nbsp;<a title=\"Il mondo in un libro\" href=\"http:\/\/www.robertosedda.it\/?p=9047\">Agnes in&nbsp;<em>David Copperfield<\/em><\/a>&nbsp;o, in una dimensione addirittura&nbsp;eroica, <a title=\"Quel brutto, bruttissimo Corsaro Nero. Che per\u00f2 \u00e8 bello. Decidiamoci!\" href=\"http:\/\/www.robertosedda.it\/?p=8796\">Honorata nel&nbsp;<em>Corsaro Nero<\/em><\/a>. Penelope si iscrive senz&#8217;altro in questa categoria, considerato che Ulisse una serie di avventure, come sappiamo, durante il suo peregrinare se le concede; non enfatizzerei il punto e Ulisse non \u00e8 un volgare seduttore itinerante, ma \u00e8 incontrovertibile che i requisiti di fedelt\u00e0 si declinino in maniera molto diversa fra i due sposi.<\/p>\n\n\n\n<p>Durante la puntata ho scelto, come avrete sentito, un taglio particolare sul quale mi sono un po&#8217; incartato: nel riascolto sono disturbato dalle ripetizioni di concetti e anche in maniera insistita di parole (quel&nbsp;<em>materiale<\/em> che ritorna ossessivamente), ma il vero difetto della puntata \u00e8 che sono andato un po&#8217; lungo e non ho avuto il tempo, come avrei voluto, di seguire passo passo il colloquio fra Penelope ed Ulisse, che \u00e8 un capolavoro di indagine psicologica da parte di Omero e un gran pezzo di patetismo &#8211; detto in senso buono. Il tempo scadeva e mi &nbsp;sono dovuto salvare con quella notazione sullo scoppiare in pianto di entrambi: una&nbsp;resa&nbsp;magistrale dello scioglimento liberatorio di una tensione di decenni&nbsp;e un bel momento di umanit\u00e0,&nbsp;ma avrei voluto dire magari qualcosa di pi\u00f9.<\/p>\n\n\n\n<p>D&#8217;altra parte non posso, alla fin fine, che invitare a recuperare le mie carenze espositive con la lettura diretta, come ho detto anche in trasmissione: Omero \u00e8 respingente se si segue la linea scolastica della lettura continua dall&#8217;inizio alla fine ma si presta molto di pi\u00f9 a letture per stralci, per le quali la difficolt\u00e0 \u00e8 forse che non si sa bene dove andare a cominciare e quale pezzo prendere. In questo caso il lavoro di decidere quale pezzo estrapolare l&#8217;ho gi\u00e0 fatto io per voi (scusate la battuta) e credo che possiate andare a colpo sicuro.<\/p>\n\n\n\n<p>Un&#8217;ultima nota riguarda la scelta del brano musicale: io volevo <em>Kiss kiss<\/em> di&nbsp;Tarkan \u015e\u0131mar\u0131k, per nessun motivo particolare se non che aveva un&#8217;aria mediterranea allegra che mi piaceva. Purtroppo non siamo&nbsp;riusciti a recuperarla e quindi abbiamo&nbsp;trasmesso la versione di Holly Valance (ci sono migliaia di versioni diverse di&nbsp;<em>Kiss kiss<\/em>). Qui vi ripropongo la versione di Tarkan.<\/p>\n\n\n\n<figure class=\"wp-block-embed is-type-video is-provider-youtube wp-block-embed-youtube wp-embed-aspect-16-9 wp-has-aspect-ratio\"><div class=\"wp-block-embed__wrapper\">\n<span class=\"embed-youtube\" style=\"text-align:center; display: block;\"><iframe loading=\"lazy\" class=\"youtube-player\" width=\"800\" height=\"450\" src=\"https:\/\/www.youtube.com\/embed\/wN4Rbc6HSPY?version=3&#038;rel=1&#038;showsearch=0&#038;showinfo=1&#038;iv_load_policy=1&#038;fs=1&#038;hl=it-IT&#038;autohide=2&#038;wmode=transparent\" allowfullscreen=\"true\" style=\"border:0;\" sandbox=\"allow-scripts allow-same-origin allow-popups allow-presentation\"><\/iframe><\/span>\n<\/div><\/figure>\n","protected":false},"excerpt":{"rendered":"<p>Ho messo adesso in linea la puntata di&nbsp;Oggi parliamo di libri dedicata al canto XXIII dell&#8217;Odissea, quello in cui dopo<\/p>\n","protected":false},"author":1,"featured_media":19086,"comment_status":"open","ping_status":"open","sticky":false,"template":"","format":"video","meta":{"_mi_skip_tracking":false,"_monsterinsights_sitenote_active":false,"_monsterinsights_sitenote_note":"","_monsterinsights_sitenote_category":0,"jetpack_post_was_ever_published":false,"_jetpack_newsletter_access":"","jetpack_publicize_message":"","jetpack_is_tweetstorm":false,"jetpack_publicize_feature_enabled":true,"jetpack_social_post_already_shared":true,"jetpack_social_options":{"image_generator_settings":{"template":"highway","enabled":false}}},"categories":[70,52,56,13,12],"tags":[],"jetpack_publicize_connections":[],"jetpack_featured_media_url":"https:\/\/i0.wp.com\/www.robertosedda.it\/wp-content\/uploads\/2015\/01\/OPdL-Odissea.png?fit=767%2C569","jetpack_sharing_enabled":true,"jetpack_shortlink":"https:\/\/wp.me\/p4jV2T-2rY","jetpack_likes_enabled":true,"jetpack-related-posts":[{"id":4133,"url":"http:\/\/www.robertosedda.it\/?p=4133","url_meta":{"origin":9422,"position":0},"title":"E cos\u00ec fin\u00ec &#8220;Oggi parliamo di libri&#8221;","author":"Rufus","date":"29\/07\/2013","format":"video","excerpt":"Ho messo ieri in linea l'ultima puntata della stagione 2012\/2013 di Oggi parliamo di libri: la ventottesima puntata complessiva. Come ho raccontato da altre parti\u00a0l'eperienza radiofonica, che non avevo mai provato, \u00e8 stata molto bella: un ambiente di lavoro amichevole, un clima sempre piacevole\u00a0e un\u00a0sacco\u00a0di episodi divertenti (che naturalmente sono\u2026","rel":"","context":"In &quot;Cappe e spade&quot;","block_context":{"text":"Cappe e spade","link":"http:\/\/www.robertosedda.it\/?cat=70"},"img":{"alt_text":"","src":"https:\/\/i0.wp.com\/img.youtube.com\/vi\/xJUNew0HkT8\/0.jpg?resize=350%2C200","width":350,"height":200},"classes":[]},{"id":2512,"url":"http:\/\/www.robertosedda.it\/?p=2512","url_meta":{"origin":9422,"position":1},"title":"La storia infinita a &#8220;Oggi parliamo di libri&#8221;","author":"Rufus","date":"10\/03\/2013","format":"video","excerpt":"Ho pubblicato oggi la puntata di Oggi parliamo di libri dedicata a La storia infinita. Questa era la puntata del 21 febbraio, quindi ho quasi smaltito l'arretrato: presto sar\u00f2 in grado di pubblicare le puntate volta per volta (e voi non sarete pi\u00f9 subissati di post con le registrazioni). Sono\u2026","rel":"","context":"In &quot;Coordinate&quot;","block_context":{"text":"Coordinate","link":"http:\/\/www.robertosedda.it\/?cat=52"},"img":{"alt_text":"","src":"https:\/\/i0.wp.com\/img.youtube.com\/vi\/JBrr-FbFUew\/0.jpg?resize=350%2C200","width":350,"height":200},"classes":[]},{"id":12472,"url":"http:\/\/www.robertosedda.it\/?p=12472","url_meta":{"origin":9422,"position":2},"title":"Cos\u00ec fin\u00ec Oggi parliamo di libri","author":"Rufus","date":"06\/09\/2016","format":false,"excerpt":"Trovate qui sotto l'ultima puntata della stagione 2015\/2016 di\u00a0Oggi parliamo di libri, dedicata a\u00a0Liol\u00e0\u00a0di Pirandello: si tratta anche dell'ultima puntata in generale della trasmissione, perch\u00e9 per l'anno prossimo mi piacerebbe molto che venisse accettata la mia proposta di parlare di giochi\u00a0(se si parte si parte ad ottobre, ma mi pare\u2026","rel":"","context":"In &quot;Coordinate&quot;","block_context":{"text":"Coordinate","link":"http:\/\/www.robertosedda.it\/?cat=52"},"img":{"alt_text":"","src":"https:\/\/i0.wp.com\/www.robertosedda.it\/wp-content\/uploads\/2016\/09\/Oggi-parliamo-di-libri-1.jpg?fit=480%2C360&resize=350%2C200","width":350,"height":200},"classes":[]},{"id":8315,"url":"http:\/\/www.robertosedda.it\/?p=8315","url_meta":{"origin":9422,"position":3},"title":"Riparte &#8220;Oggi parliamo di libri&#8221;","author":"Rufus","date":"03\/09\/2014","format":false,"excerpt":"EDIT: scopro dalla redazione che ho fatto casino e che ripartiamo l'11 settembre. Ehm. Aggiorno. Domani gioved\u00ec 4 settembre\u00a0L'11 settembre torno in onda con Oggi parliamo di libri, la trasmissione di Radio Kalaritana nella quale, immagina un po'?, parlo di libri. Volete sapere: l'orario? Ogni gioved\u00ec alle 19.10 e in\u2026","rel":"","context":"In &quot;Coordinate&quot;","block_context":{"text":"Coordinate","link":"http:\/\/www.robertosedda.it\/?cat=52"},"img":{"alt_text":"","src":"https:\/\/i0.wp.com\/www.robertosedda.it\/wp-content\/uploads\/2014\/09\/Diapositiva10.jpg?fit=960%2C720&resize=350%2C200","width":350,"height":200,"srcset":"https:\/\/i0.wp.com\/www.robertosedda.it\/wp-content\/uploads\/2014\/09\/Diapositiva10.jpg?fit=960%2C720&resize=350%2C200 1x, https:\/\/i0.wp.com\/www.robertosedda.it\/wp-content\/uploads\/2014\/09\/Diapositiva10.jpg?fit=960%2C720&resize=700%2C400 2x"},"classes":[]},{"id":10009,"url":"http:\/\/www.robertosedda.it\/?p=10009","url_meta":{"origin":9422,"position":4},"title":"Di nuovo sulla &#8220;Gerusalemme liberata&#8221;","author":"Rufus","date":"21\/04\/2015","format":"video","excerpt":"Della\u00a0Gerusalemme liberata ho gi\u00e0 parlato pi\u00f9 o meno un anno e mezzo fa, quindi oggi mi limito a segnalare che ho messo in linea la puntata che ho dedicato al poema su\u00a0Oggi parliamo di libri e a invitarvi all'ascolto, oltre che della puntata, della pausa musicale con la strepitosa Mahalia\u2026","rel":"","context":"In &quot;Coordinate&quot;","block_context":{"text":"Coordinate","link":"http:\/\/www.robertosedda.it\/?cat=52"},"img":{"alt_text":"","src":"https:\/\/i0.wp.com\/img.youtube.com\/vi\/gPZuWzZvoYQ\/0.jpg?resize=350%2C200","width":350,"height":200},"classes":[]},{"id":7487,"url":"http:\/\/www.robertosedda.it\/?p=7487","url_meta":{"origin":9422,"position":5},"title":"Cose che si scoprono facendosi consigliare libri","author":"Rufus","date":"20\/05\/2014","format":"video","excerpt":"Io non ho paura\u00a0(Niccol\u00f2 Ammaniti, Einaudi 2001) a\u00a0Oggi parliamo di libri Con\u00a0Io non ho paura, come avrete sentito, ho avviato un nuovo ciclo di puntate di\u00a0Oggi parliamo di libri, in cui presento di volta in volta il \"libro del cuore\" di diversi colleghi collaboratori della radio. \u00c8 un ciclo di\u2026","rel":"","context":"In &quot;Coordinate&quot;","block_context":{"text":"Coordinate","link":"http:\/\/www.robertosedda.it\/?cat=52"},"img":{"alt_text":"","src":"https:\/\/i0.wp.com\/img.youtube.com\/vi\/6K9kX454kQA\/0.jpg?resize=350%2C200","width":350,"height":200},"classes":[]}],"_links":{"self":[{"href":"http:\/\/www.robertosedda.it\/index.php?rest_route=\/wp\/v2\/posts\/9422"}],"collection":[{"href":"http:\/\/www.robertosedda.it\/index.php?rest_route=\/wp\/v2\/posts"}],"about":[{"href":"http:\/\/www.robertosedda.it\/index.php?rest_route=\/wp\/v2\/types\/post"}],"author":[{"embeddable":true,"href":"http:\/\/www.robertosedda.it\/index.php?rest_route=\/wp\/v2\/users\/1"}],"replies":[{"embeddable":true,"href":"http:\/\/www.robertosedda.it\/index.php?rest_route=%2Fwp%2Fv2%2Fcomments&post=9422"}],"version-history":[{"count":5,"href":"http:\/\/www.robertosedda.it\/index.php?rest_route=\/wp\/v2\/posts\/9422\/revisions"}],"predecessor-version":[{"id":19087,"href":"http:\/\/www.robertosedda.it\/index.php?rest_route=\/wp\/v2\/posts\/9422\/revisions\/19087"}],"wp:featuredmedia":[{"embeddable":true,"href":"http:\/\/www.robertosedda.it\/index.php?rest_route=\/wp\/v2\/media\/19086"}],"wp:attachment":[{"href":"http:\/\/www.robertosedda.it\/index.php?rest_route=%2Fwp%2Fv2%2Fmedia&parent=9422"}],"wp:term":[{"taxonomy":"category","embeddable":true,"href":"http:\/\/www.robertosedda.it\/index.php?rest_route=%2Fwp%2Fv2%2Fcategories&post=9422"},{"taxonomy":"post_tag","embeddable":true,"href":"http:\/\/www.robertosedda.it\/index.php?rest_route=%2Fwp%2Fv2%2Ftags&post=9422"}],"curies":[{"name":"wp","href":"https:\/\/api.w.org\/{rel}","templated":true}]}}