{"id":9414,"date":"2015-01-20T17:05:03","date_gmt":"2015-01-20T16:05:03","guid":{"rendered":"http:\/\/www.robertosedda.it\/?p=9414"},"modified":"2022-01-21T17:49:16","modified_gmt":"2022-01-21T16:49:16","slug":"sono-un-booktuber-ma-non-ditelo-al-grande-capo","status":"publish","type":"post","link":"http:\/\/www.robertosedda.it\/?p=9414","title":{"rendered":"Sono un booktuber!! (ma non ditelo al Grande Capo&#8230;)"},"content":{"rendered":"<p>L&#8217;altro giorno, mentre ero ad Orani e quindi lontano da casa e in condizioni di accesso al&nbsp;<em>web<\/em> precario,&nbsp;<em>YouTube<\/em> mi ha informato che&nbsp;<a class=\"g-hovercard\" href=\"https:\/\/www.youtube.com\/user\/RepubblicaDeiLettori\" data-ytid=\"UCLq8pluWnksSvOiL6vJP8Yg\">LaRepubblicaDeiLettori<\/a>&nbsp;si era scritta al mio canale.<\/p>\n<p>Ah, beh. <a href=\"https:\/\/www.youtube.com\/channel\/UC37IP50YwIadpe6Wqz4RpEw\">Il mio canale&nbsp;<em>YouTube<\/em><\/a> serve per poggiarci sopra le puntate di&nbsp;<em>Oggi parliamo di libri&nbsp;<\/em>e ha una dozzina di iscritti, principalmente amici, quindi non \u00e8 che stia a seguirne le statistiche con troppa preoccupazione.<\/p>\n<p>Poi mi \u00e8 arrivata la&nbsp;<em>mail<\/em>, a breve distanza di tempo, che anche&nbsp;<a class=\"g-hovercard\" href=\"https:\/\/www.youtube.com\/user\/luna80roma\" data-ytid=\"UC4RnoOWAc7UXYeJZr_Ms-ww\">Ilaria Luna<\/a>&nbsp;aveva iniziato a seguirmi. Orpo, due in un giorno. Ammazza, ho pensato.<\/p>\n<p>Poi \u00e8 arrivata&nbsp;<a href=\"http:\/\/www.youtube.com\/channel\/UCTEYu4pdqU7mj75XTs2Az-A\">Veronica Gori<\/a>. Poi&nbsp;<a href=\"http:\/\/www.youtube.com\/user\/Lunanelvento\">Sfogliando la vita<\/a>.&nbsp;<a href=\"http:\/\/www.youtube.com\/user\/TheLapuffetta00\">La Jessica<\/a>. E anche gente con nomi preoccupanti o normalissimi come&nbsp;<a href=\"http:\/\/www.youtube.com\/user\/everysometimes\">everysometimes<\/a>,&nbsp;<a href=\"http:\/\/www.youtube.com\/channel\/UC6PobZiqUojy28cW7jAMegQ\">MrSebastiano941 Arancini Letterari<\/a>,&nbsp;<a href=\"http:\/\/www.youtube.com\/user\/Valinaa94\">Valentina Visciotto<\/a>,&nbsp;<a href=\"http:\/\/www.youtube.com\/user\/martinatroiani\">Martina Troiani<\/a>,&nbsp;<a href=\"http:\/\/www.youtube.com\/user\/CandyBarbieVIP\">Adele Frisina<\/a>,<a href=\"http:\/\/www.youtube.com\/channel\/UCVlXJT80uGC-FXj5yeWJxbQ\">loreta laterza<\/a>, &nbsp;<a href=\"http:\/\/www.youtube.com\/user\/larebbyy\">unlibroeunacioccolata<\/a>,&nbsp;<a href=\"http:\/\/www.youtube.com\/user\/sofia26111\">Sofia<\/a>,&nbsp;<a href=\"http:\/\/www.youtube.com\/user\/kaihla07\">Kaihla X<\/a>,&nbsp;<a href=\"http:\/\/www.youtube.com\/user\/TheMajestic7Seven\">TheMajestic7Seven<\/a>,&nbsp;<a href=\"http:\/\/www.youtube.com\/user\/HirumaYes\">HirumaYes<\/a>,&nbsp;<a href=\"http:\/\/www.youtube.com\/channel\/UCY256H0vdG4JgwEAmigT7lw\">elisa palmas<\/a>,&nbsp;<a href=\"http:\/\/www.youtube.com\/channel\/UCk8cUmxFYMmvIM_WrxhASqQ\">annica riva<\/a>,&nbsp;<a href=\"http:\/\/www.youtube.com\/user\/Mrsgiulietta15\">Lucia Giusti<\/a>,&nbsp;<a href=\"http:\/\/www.youtube.com\/channel\/UC00AUSjL9kiL_Av789S8lbQ\">Martina Leonardi<\/a>,&nbsp;<a href=\"http:\/\/www.youtube.com\/user\/simonetta255\">simonetta255<\/a>,&nbsp;<a href=\"http:\/\/www.youtube.com\/user\/leonsander71\">Alessandro Bonelli<\/a>.<\/p>\n<p>In meno di ventiquattr&#8217;ore ho triplicato gli iscritti al sito. Ho pensato che qualcuno dei miei video avesse avuto un (immeritato) successo. Qualcuno si sar\u00e0 passato la voce. Strano, per\u00f2. Anche preoccupante: magari ho detto una castroneria (<a title=\"Fabio Montale e la trilogia di Marsiglia\" href=\"http:\/\/www.robertosedda.it\/?p=5537\">talvolta mi succede<\/a>) e questi si iscrivono tutti per vedere se mi beccano sul fatto altre volte?<\/p>\n<p>Ohi ohi.<\/p>\n<p>Ieri notte, finalmente, ho avuto il tempo di andare a vedere chi diamine fossero tutti questi nuovi seguaci. Quasi tutte donne, molti giovanissimi, tutti proprio tutti appassionati di libri (ho messo i <em>link<\/em>&nbsp;ai loro canali per sdebitarmi: visitateli, \u00e8 interessante).<\/p>\n<p>Ho scoperto un mondo: quello dei&nbsp;<em>booktuber<\/em>. Cio\u00e8 quelli che usano&nbsp;<em>YouTube<\/em> per registrare le loro recensioni di libri. Talvolta con la telecamerina del <em>computer<\/em>, talvolta con attrezzature un po&#8217; pi\u00f9 professionali. Un cyberspazio&nbsp;<em>enorme<\/em> e affollatissimo, una ecosfera a occhio pure piuttosto complicata e che si spande verso altri mondi multiformi, come quello degli scrittori in erba e quello dei praticanti delle <em>fanfic<\/em>.<\/p>\n<p>Il che per\u00f2 non risolveva la mia curiosit\u00e0: perch\u00e9 nessuno di tutti questi aveva parlato di me, e a parte il fatto che tutti si fossero iscritti al mio canale non trovavo nessun motivo di contatto fra loro che giustificasse che&nbsp;<em>tutti<\/em> nel volgere di poche ore mi fossero venuti a cercare.<\/p>\n<p>Finch\u00e9 non ho trovato <a href=\"https:\/\/www.youtube.com\/user\/TheFrahorus\"><em>The Frahorus<\/em><\/a>. Che si era iscritto al mio canale tipo un anno fa. E che pochi giorni fa ha pubblicato questo:<\/p>\n<div class=\"jetpack-video-wrapper\"><span class=\"embed-youtube\" style=\"text-align:center; display: block;\"><iframe class=\"youtube-player\" width=\"800\" height=\"450\" src=\"https:\/\/www.youtube.com\/embed\/xmdkTjlcthE?version=3&#038;rel=1&#038;showsearch=0&#038;showinfo=1&#038;iv_load_policy=1&#038;fs=1&#038;hl=it-IT&#038;autohide=2&#038;wmode=transparent\" allowfullscreen=\"true\" style=\"border:0;\" sandbox=\"allow-scripts allow-same-origin allow-popups allow-presentation\"><\/iframe><\/span><\/div>\n<p>Cio\u00e8: sono un&nbsp;<em>booktuber<\/em> anch&#8217;io. Fra i dieci da seguire. Che Dio lo benedica.<\/p>\n<p>Ok, dice anche che sono un giornalista. Quindi forse va preso con un po&#8217; di buon senso. Per\u00f2, dai.<\/p>\n<p>Un&nbsp;<em>booktuber<\/em>.<\/p>\n<p>Vuoi mettere?<\/p>\n<h3>Tre-quattro lezioni dalla vicenda<\/h3>\n<p>Beh, la prima cosa su cui mi \u00e8 venuto da riflettere \u00e8 su come cambiano le cose quando sai che qualcuno ti segue. Ho dato un&#8217;occhiata al mio canale e ho pensato:&nbsp;<em>bisogner\u00e0 che adesso carichi le&nbsp;<\/em>playlist<em> della musica che usiamo in trasmissione<\/em>.&nbsp;Che \u00e8 una cosa che ho sempre voluto fare ma che ho caricato solo per met\u00e0 della prima stagione.<\/p>\n<p>Che \u00e8 una cosa priva di senso: il canale mi serve per poggiare le puntate in supporto al&nbsp;<em>blog<\/em>, perch\u00e9 per motivi tecnici non le posso caricare direttamente sul mio sito (sono troppo ingombranti). Ho un canale <em>YouTube<\/em>&nbsp;come&nbsp;<em>escamotage<\/em>, non perch\u00e9 voglia davvero essere un&nbsp;<em>booktuber<\/em>.<\/p>\n<p>E per\u00f2 bastano un po&#8217; di visite e stai l\u00ec subito a pensare come fare pi\u00f9 bella figura. Come quando mi sono accorto che un centinaio di persone, tutto sommato, qui sul&nbsp;<em>blog<\/em> veniva a leggermi. Che fai presto a dire&nbsp;<em>il&nbsp;<\/em>blog<em> lo tengo soprattutto per me<\/em>, per\u00f2 intanto da allora&nbsp;<em>tutti<\/em> gli articoli hanno l&#8217;immagine di accompagnamento, sono impaginati meglio e insomma: le statistiche le guardo (ma non mi faccio condizionare &#8211; ancora) e un po&#8217; ci tengo, non lo nego.<\/p>\n<p>Seconda riflessione: leggevo proprio oggi <a href=\"http:\/\/www.wired.it\/internet\/social-network\/2015\/01\/19\/pensano-davvero-i-teen-dei-social\/\">un articolo su&nbsp;<em>Wired<\/em><\/a>&nbsp;in cui un adolescente diceva<\/p>\n<blockquote><p><em>YouTube<\/em> ha cambiato il mondo, e ci\u00f2 che lo rende sorprendente \u00e8 che <strong><em>\u201ccontiene qualcosa per tutti\u201d<\/em><\/strong>.<\/p><\/blockquote>\n<p>Confermo. E noi vecchiacci, schiavi della parola, che teniamo&nbsp;<em>blog<\/em> e crediamo che il mondo finisca con&nbsp;<em>Facebook<\/em>, non ce ne rendiamo conto. Il mondo non&nbsp;finisce&nbsp;con&nbsp;<em>Facebook<\/em>: casomai&nbsp;<em>inizia<\/em> aldil\u00e0, con&nbsp;<em>YouTube<\/em>&nbsp;(e, in misura minore&nbsp;<em>Instagram<\/em>: immagini, ferme o in movimento, non&nbsp;<em>status<\/em>).<\/p>\n<p>Terza riflessione: grazie a&nbsp;<em>The Frahorus<\/em> ho triplicato gli iscritti. Ma le statistiche dei video guardati o dei minuti di visualizzazione&nbsp;<em>non<\/em> sono cambiati.<\/p>\n<p>\u00c8 un successo un po&#8217; effimero, insomma. Ci vuole prudenza: non sempre le tempeste sul&nbsp;<em>web<\/em>, anche quella piccola come la mia, ha le conseguenze che ci immaginiamo.<\/p>\n<p>Per\u00f2 adesso sono un&nbsp;<em>booktuber<\/em>, dai.<\/p>\n","protected":false},"excerpt":{"rendered":"<p>L&#8217;altro giorno, mentre ero ad Orani e quindi lontano da casa e in condizioni di accesso al&nbsp;web precario,&nbsp;YouTube mi ha<\/p>\n","protected":false},"author":1,"featured_media":16018,"comment_status":"open","ping_status":"open","sticky":false,"template":"","format":"video","meta":{"_mi_skip_tracking":false,"_monsterinsights_sitenote_active":false,"_monsterinsights_sitenote_note":"","_monsterinsights_sitenote_category":0,"jetpack_post_was_ever_published":false,"_jetpack_newsletter_access":"","jetpack_publicize_message":"","jetpack_is_tweetstorm":false,"jetpack_publicize_feature_enabled":true,"jetpack_social_post_already_shared":true,"jetpack_social_options":{"image_generator_settings":{"template":"highway","enabled":false}}},"categories":[52,64,55,17,16],"tags":[],"jetpack_publicize_connections":[],"jetpack_featured_media_url":"https:\/\/i0.wp.com\/www.robertosedda.it\/wp-content\/uploads\/2018\/12\/Rufus-back-on-air.jpg?fit=1472%2C828","jetpack_sharing_enabled":true,"jetpack_shortlink":"https:\/\/wp.me\/p4jV2T-2rQ","jetpack_likes_enabled":true,"jetpack-related-posts":[{"id":2153,"url":"http:\/\/www.robertosedda.it\/?p=2153","url_meta":{"origin":9414,"position":0},"title":"Sono su Youtube!","author":"Rufus","date":"01\/02\/2013","format":"video","excerpt":"Bella gente, grandi novit\u00e0! L'impegno che mi ero preso, di trascrivere volta per volta le puntate di Oggi parliamo di libri, si sta rivelando troppo oneroso: sono rimasto alla quarta puntata e ne sono state trasmesse gi\u00e0 nove, ogni \"sbobinatura\" prende tempo e non sembra probabile che possa facilmente recuperare\u2026","rel":"","context":"In &quot;Coordinate&quot;","block_context":{"text":"Coordinate","link":"http:\/\/www.robertosedda.it\/?cat=52"},"img":{"alt_text":"","src":"https:\/\/i0.wp.com\/img.youtube.com\/vi\/mN9gq-HwVBA\/0.jpg?resize=350%2C200","width":350,"height":200},"classes":[]},{"id":17458,"url":"http:\/\/www.robertosedda.it\/?p=17458","url_meta":{"origin":9414,"position":1},"title":"Film in libera circolazione","author":"Rufus","date":"16\/10\/2019","format":false,"excerpt":"L'avevo segnalato tempo fa, ma mi sono accorto che l'indicazione dell'indirizzo web era fuorviante e la ripeto di nuovo: sul sito Open Culture c'\u00e8 un catalogo di 1150 film liberamente visionabili, compreso un numero sterminato di classici (proprio l'altro giorno durante la visione di Iene avevo un dubbio sull'Andrei Rublev,\u2026","rel":"","context":"In &quot;Coordinate&quot;","block_context":{"text":"Coordinate","link":"http:\/\/www.robertosedda.it\/?cat=52"},"img":{"alt_text":"","src":"https:\/\/i0.wp.com\/www.robertosedda.it\/wp-content\/uploads\/2019\/10\/Andrei-Rublev.jpeg?fit=1152%2C576&resize=350%2C200","width":350,"height":200,"srcset":"https:\/\/i0.wp.com\/www.robertosedda.it\/wp-content\/uploads\/2019\/10\/Andrei-Rublev.jpeg?fit=1152%2C576&resize=350%2C200 1x, https:\/\/i0.wp.com\/www.robertosedda.it\/wp-content\/uploads\/2019\/10\/Andrei-Rublev.jpeg?fit=1152%2C576&resize=700%2C400 2x, https:\/\/i0.wp.com\/www.robertosedda.it\/wp-content\/uploads\/2019\/10\/Andrei-Rublev.jpeg?fit=1152%2C576&resize=1050%2C600 3x"},"classes":[]},{"id":20425,"url":"http:\/\/www.robertosedda.it\/?p=20425","url_meta":{"origin":9414,"position":2},"title":"Bel clima al LEI festival","author":"Rufus","date":"05\/12\/2023","format":false,"excerpt":"Mi sono molto divertito, nel fine settimana, a partecipare da (semi)protagonista al LEI festival intervistando Ugo Biggeri sul suo libro\u00a0I soldi danno la felicit\u00e0. Il libro \u00e8 piacevolmente scorrevole, con Ugo ci conosciamo da anni e i temi del libro sono temi che navigo con frequenza, quindi non \u00e8 stato\u2026","rel":"","context":"In &quot;Banche e finanza&quot;","block_context":{"text":"Banche e finanza","link":"http:\/\/www.robertosedda.it\/?cat=72"},"img":{"alt_text":"","src":"https:\/\/i0.wp.com\/www.robertosedda.it\/wp-content\/uploads\/2023\/12\/Lei-ricchezza.jpg?fit=1200%2C670&resize=350%2C200","width":350,"height":200,"srcset":"https:\/\/i0.wp.com\/www.robertosedda.it\/wp-content\/uploads\/2023\/12\/Lei-ricchezza.jpg?fit=1200%2C670&resize=350%2C200 1x, https:\/\/i0.wp.com\/www.robertosedda.it\/wp-content\/uploads\/2023\/12\/Lei-ricchezza.jpg?fit=1200%2C670&resize=700%2C400 2x, https:\/\/i0.wp.com\/www.robertosedda.it\/wp-content\/uploads\/2023\/12\/Lei-ricchezza.jpg?fit=1200%2C670&resize=1050%2C600 3x"},"classes":[]},{"id":18376,"url":"http:\/\/www.robertosedda.it\/?p=18376","url_meta":{"origin":9414,"position":3},"title":"E fra poco va in onda la Filiale","author":"Rufus","date":"02\/12\/2020","format":false,"excerpt":"Alle 17,30 vado in onda a reti unificate (cio\u00e8: su Facebook e YouTube) per la festa on line di inugurazione della nuova Filiale di Banca Etica di Sassari, l'agognata filiale regionale della Sardegna. In realt\u00e0 la festa sarebbe pi\u00f9 una festa di compleanno, dato che la Filiale ha aperto praticamente\u2026","rel":"","context":"In &quot;Banche e finanza&quot;","block_context":{"text":"Banche e finanza","link":"http:\/\/www.robertosedda.it\/?cat=72"},"img":{"alt_text":"","src":"https:\/\/i0.wp.com\/www.robertosedda.it\/wp-content\/uploads\/2020\/12\/126126054_3693012367416326_3145716816525082391_o.jpg?fit=1200%2C801&resize=350%2C200","width":350,"height":200,"srcset":"https:\/\/i0.wp.com\/www.robertosedda.it\/wp-content\/uploads\/2020\/12\/126126054_3693012367416326_3145716816525082391_o.jpg?fit=1200%2C801&resize=350%2C200 1x, https:\/\/i0.wp.com\/www.robertosedda.it\/wp-content\/uploads\/2020\/12\/126126054_3693012367416326_3145716816525082391_o.jpg?fit=1200%2C801&resize=700%2C400 2x, https:\/\/i0.wp.com\/www.robertosedda.it\/wp-content\/uploads\/2020\/12\/126126054_3693012367416326_3145716816525082391_o.jpg?fit=1200%2C801&resize=1050%2C600 3x"},"classes":[]},{"id":8315,"url":"http:\/\/www.robertosedda.it\/?p=8315","url_meta":{"origin":9414,"position":4},"title":"Riparte &#8220;Oggi parliamo di libri&#8221;","author":"Rufus","date":"03\/09\/2014","format":false,"excerpt":"EDIT: scopro dalla redazione che ho fatto casino e che ripartiamo l'11 settembre. Ehm. Aggiorno. Domani gioved\u00ec 4 settembre\u00a0L'11 settembre torno in onda con Oggi parliamo di libri, la trasmissione di Radio Kalaritana nella quale, immagina un po'?, parlo di libri. Volete sapere: l'orario? Ogni gioved\u00ec alle 19.10 e in\u2026","rel":"","context":"In &quot;Coordinate&quot;","block_context":{"text":"Coordinate","link":"http:\/\/www.robertosedda.it\/?cat=52"},"img":{"alt_text":"","src":"https:\/\/i0.wp.com\/www.robertosedda.it\/wp-content\/uploads\/2014\/09\/Diapositiva10.jpg?fit=960%2C720&resize=350%2C200","width":350,"height":200,"srcset":"https:\/\/i0.wp.com\/www.robertosedda.it\/wp-content\/uploads\/2014\/09\/Diapositiva10.jpg?fit=960%2C720&resize=350%2C200 1x, https:\/\/i0.wp.com\/www.robertosedda.it\/wp-content\/uploads\/2014\/09\/Diapositiva10.jpg?fit=960%2C720&resize=700%2C400 2x"},"classes":[]},{"id":10836,"url":"http:\/\/www.robertosedda.it\/?p=10836","url_meta":{"origin":9414,"position":5},"title":"Sono di nuovo on air (e anche on line!)","author":"Rufus","date":"15\/09\/2015","format":false,"excerpt":"Da gioved\u00ec prossimo ricomincia\u00a0Oggi parliamo di libri, al solito orario delle 19.10 e in replica il venerd\u00ec mattina alle 8.30. La grossa novit\u00e0 di quest'anno \u00e8 il\u00a0podcast, che permetter\u00e0 di riascoltare le puntate quasi immediatamente senza bisogno di aspettare che io le metta in rete per conto mio. Continuer\u00f2 comunque\u2026","rel":"","context":"In &quot;Coordinate&quot;","block_context":{"text":"Coordinate","link":"http:\/\/www.robertosedda.it\/?cat=52"},"img":{"alt_text":"","src":"https:\/\/i0.wp.com\/www.robertosedda.it\/wp-content\/uploads\/2015\/09\/Radio-Kalaritana-On-Air.jpg?fit=850%2C310&resize=350%2C200","width":350,"height":200,"srcset":"https:\/\/i0.wp.com\/www.robertosedda.it\/wp-content\/uploads\/2015\/09\/Radio-Kalaritana-On-Air.jpg?fit=850%2C310&resize=350%2C200 1x, https:\/\/i0.wp.com\/www.robertosedda.it\/wp-content\/uploads\/2015\/09\/Radio-Kalaritana-On-Air.jpg?fit=850%2C310&resize=700%2C400 2x"},"classes":[]}],"_links":{"self":[{"href":"http:\/\/www.robertosedda.it\/index.php?rest_route=\/wp\/v2\/posts\/9414"}],"collection":[{"href":"http:\/\/www.robertosedda.it\/index.php?rest_route=\/wp\/v2\/posts"}],"about":[{"href":"http:\/\/www.robertosedda.it\/index.php?rest_route=\/wp\/v2\/types\/post"}],"author":[{"embeddable":true,"href":"http:\/\/www.robertosedda.it\/index.php?rest_route=\/wp\/v2\/users\/1"}],"replies":[{"embeddable":true,"href":"http:\/\/www.robertosedda.it\/index.php?rest_route=%2Fwp%2Fv2%2Fcomments&post=9414"}],"version-history":[{"count":6,"href":"http:\/\/www.robertosedda.it\/index.php?rest_route=\/wp\/v2\/posts\/9414\/revisions"}],"predecessor-version":[{"id":19072,"href":"http:\/\/www.robertosedda.it\/index.php?rest_route=\/wp\/v2\/posts\/9414\/revisions\/19072"}],"wp:featuredmedia":[{"embeddable":true,"href":"http:\/\/www.robertosedda.it\/index.php?rest_route=\/wp\/v2\/media\/16018"}],"wp:attachment":[{"href":"http:\/\/www.robertosedda.it\/index.php?rest_route=%2Fwp%2Fv2%2Fmedia&parent=9414"}],"wp:term":[{"taxonomy":"category","embeddable":true,"href":"http:\/\/www.robertosedda.it\/index.php?rest_route=%2Fwp%2Fv2%2Fcategories&post=9414"},{"taxonomy":"post_tag","embeddable":true,"href":"http:\/\/www.robertosedda.it\/index.php?rest_route=%2Fwp%2Fv2%2Ftags&post=9414"}],"curies":[{"name":"wp","href":"https:\/\/api.w.org\/{rel}","templated":true}]}}