{"id":9389,"date":"2015-01-14T11:00:27","date_gmt":"2015-01-14T10:00:27","guid":{"rendered":"http:\/\/www.robertosedda.it\/?p=9389"},"modified":"2015-01-22T19:35:28","modified_gmt":"2015-01-22T18:35:28","slug":"quanto-e-grande-lafrica","status":"publish","type":"post","link":"http:\/\/www.robertosedda.it\/?p=9389","title":{"rendered":"Quanto \u00e8 grande l&#8217;Africa?"},"content":{"rendered":"<p>Come avrete visto in <a title=\"Una sola occhiata alle cose\u2026\" href=\"http:\/\/www.robertosedda.it\/?p=4262\">altre occasioni<\/a> mi piacciono molto le mappe e le rappresentazioni grafiche dei fenomeni (sar\u00e0 un lascito di Pippo Puggioni e della sua statistica).<\/p>\n<p>Ora il mio amico Aramesh Fereidouni mi segnala su <em>Facebook<\/em> un tentativo di far comprendere in maniera immediata quanto \u00e8 grande l&#8217;Africa.<\/p>\n<p>C&#8217;\u00e8 n&#8217;\u00e8 bisogno? Probabilmente si, considerato che l&#8217;Africa \u00e8 <em>davvero<\/em> grande e forse l&#8217;incomprensione di questo \u00e8 una delle ragioni per le quali l&#8217;opinione pubblica europea non riesce a cogliere nella giusta dimensione i problemi di quel continente.<\/p>\n<p><a href=\"https:\/\/i0.wp.com\/www.robertosedda.it\/wp-content\/uploads\/2015\/01\/Africa1.jpg\"><img data-attachment-id=\"9391\" data-permalink=\"http:\/\/www.robertosedda.it\/?attachment_id=9391\" data-orig-file=\"https:\/\/i0.wp.com\/www.robertosedda.it\/wp-content\/uploads\/2015\/01\/Africa1.jpg?fit=2482%2C1755\" data-orig-size=\"2482,1755\" data-comments-opened=\"1\" data-image-meta=\"{&quot;aperture&quot;:&quot;0&quot;,&quot;credit&quot;:&quot;&quot;,&quot;camera&quot;:&quot;&quot;,&quot;caption&quot;:&quot;&quot;,&quot;created_timestamp&quot;:&quot;0&quot;,&quot;copyright&quot;:&quot;&quot;,&quot;focal_length&quot;:&quot;0&quot;,&quot;iso&quot;:&quot;0&quot;,&quot;shutter_speed&quot;:&quot;0&quot;,&quot;title&quot;:&quot;&quot;,&quot;orientation&quot;:&quot;0&quot;}\" data-image-title=\"Africa\" data-image-description=\"\" data-image-caption=\"\" data-medium-file=\"https:\/\/i0.wp.com\/www.robertosedda.it\/wp-content\/uploads\/2015\/01\/Africa1.jpg?fit=300%2C212\" data-large-file=\"https:\/\/i0.wp.com\/www.robertosedda.it\/wp-content\/uploads\/2015\/01\/Africa1.jpg?fit=510%2C361\" decoding=\"async\" loading=\"lazy\" class=\"aligncenter size-full wp-image-9391\" src=\"https:\/\/i0.wp.com\/www.robertosedda.it\/wp-content\/uploads\/2015\/01\/Africa1.jpg?resize=800%2C566\" alt=\"Africa\" width=\"800\" height=\"566\" srcset=\"https:\/\/i0.wp.com\/www.robertosedda.it\/wp-content\/uploads\/2015\/01\/Africa1.jpg?w=2482 2482w, https:\/\/i0.wp.com\/www.robertosedda.it\/wp-content\/uploads\/2015\/01\/Africa1.jpg?resize=150%2C106 150w, https:\/\/i0.wp.com\/www.robertosedda.it\/wp-content\/uploads\/2015\/01\/Africa1.jpg?resize=300%2C212 300w, https:\/\/i0.wp.com\/www.robertosedda.it\/wp-content\/uploads\/2015\/01\/Africa1.jpg?resize=510%2C361 510w, https:\/\/i0.wp.com\/www.robertosedda.it\/wp-content\/uploads\/2015\/01\/Africa1.jpg?resize=700%2C495 700w, https:\/\/i0.wp.com\/www.robertosedda.it\/wp-content\/uploads\/2015\/01\/Africa1.jpg?resize=50%2C35 50w, https:\/\/i0.wp.com\/www.robertosedda.it\/wp-content\/uploads\/2015\/01\/Africa1.jpg?w=1600 1600w, https:\/\/i0.wp.com\/www.robertosedda.it\/wp-content\/uploads\/2015\/01\/Africa1.jpg?w=2400 2400w\" sizes=\"(max-width: 800px) 100vw, 800px\" data-recalc-dims=\"1\" \/><\/a>Provate a trovare l&#8217;Italia, per esempio. Il lavoro \u00e8 opera del grafico <a href=\"http:\/\/kai.subblue.com\/\">Kai Krause<\/a>: del suo lavoro trovate un resoconto sul <a href=\"http:\/\/www.iflscience.com\/environment\/africas-size-perspective\">sito di <\/a><em><a href=\"http:\/\/www.iflscience.com\/environment\/africas-size-perspective\">IFLscience<\/a>.<\/em><\/p>\n<p>Naturalmente chi ha fato parte del movimento del commercio equo e si \u00e8 occupato di globalizzazione non rester\u00e0 sorpreso, avendo conosciuto la <a href=\"http:\/\/it.wikipedia.org\/wiki\/Proiezione_di_Gall-Peters\">carta di Peters<\/a>.<a href=\"https:\/\/i0.wp.com\/www.robertosedda.it\/wp-content\/uploads\/2015\/01\/Carta-di-Peters1.jpg\"><img data-attachment-id=\"9393\" data-permalink=\"http:\/\/www.robertosedda.it\/?attachment_id=9393\" data-orig-file=\"https:\/\/i0.wp.com\/www.robertosedda.it\/wp-content\/uploads\/2015\/01\/Carta-di-Peters1.jpg?fit=1600%2C1038\" data-orig-size=\"1600,1038\" data-comments-opened=\"1\" data-image-meta=\"{&quot;aperture&quot;:&quot;0&quot;,&quot;credit&quot;:&quot;&quot;,&quot;camera&quot;:&quot;&quot;,&quot;caption&quot;:&quot;&quot;,&quot;created_timestamp&quot;:&quot;0&quot;,&quot;copyright&quot;:&quot;&quot;,&quot;focal_length&quot;:&quot;0&quot;,&quot;iso&quot;:&quot;0&quot;,&quot;shutter_speed&quot;:&quot;0&quot;,&quot;title&quot;:&quot;&quot;,&quot;orientation&quot;:&quot;0&quot;}\" data-image-title=\"Carta di Peters\" data-image-description=\"\" data-image-caption=\"\" data-medium-file=\"https:\/\/i0.wp.com\/www.robertosedda.it\/wp-content\/uploads\/2015\/01\/Carta-di-Peters1.jpg?fit=300%2C195\" data-large-file=\"https:\/\/i0.wp.com\/www.robertosedda.it\/wp-content\/uploads\/2015\/01\/Carta-di-Peters1.jpg?fit=510%2C331\" decoding=\"async\" loading=\"lazy\" class=\"aligncenter size-full wp-image-9393\" src=\"https:\/\/i0.wp.com\/www.robertosedda.it\/wp-content\/uploads\/2015\/01\/Carta-di-Peters1.jpg?resize=800%2C519\" alt=\"Carta di Peters\" width=\"800\" height=\"519\" srcset=\"https:\/\/i0.wp.com\/www.robertosedda.it\/wp-content\/uploads\/2015\/01\/Carta-di-Peters1.jpg?w=1600 1600w, https:\/\/i0.wp.com\/www.robertosedda.it\/wp-content\/uploads\/2015\/01\/Carta-di-Peters1.jpg?resize=150%2C97 150w, https:\/\/i0.wp.com\/www.robertosedda.it\/wp-content\/uploads\/2015\/01\/Carta-di-Peters1.jpg?resize=300%2C195 300w, https:\/\/i0.wp.com\/www.robertosedda.it\/wp-content\/uploads\/2015\/01\/Carta-di-Peters1.jpg?resize=510%2C331 510w, https:\/\/i0.wp.com\/www.robertosedda.it\/wp-content\/uploads\/2015\/01\/Carta-di-Peters1.jpg?resize=700%2C454 700w, https:\/\/i0.wp.com\/www.robertosedda.it\/wp-content\/uploads\/2015\/01\/Carta-di-Peters1.jpg?resize=50%2C32 50w\" sizes=\"(max-width: 800px) 100vw, 800px\" data-recalc-dims=\"1\" \/><\/a><\/p>\n","protected":false},"excerpt":{"rendered":"<p>Come avrete visto in altre occasioni mi piacciono molto le mappe e le rappresentazioni grafiche dei fenomeni (sar\u00e0 un lascito<\/p>\n","protected":false},"author":1,"featured_media":9391,"comment_status":"open","ping_status":"open","sticky":false,"template":"","format":"standard","meta":{"_mi_skip_tracking":false,"_monsterinsights_sitenote_active":false,"_monsterinsights_sitenote_note":"","_monsterinsights_sitenote_category":0,"jetpack_post_was_ever_published":false,"_jetpack_newsletter_access":"","jetpack_publicize_message":"","jetpack_is_tweetstorm":false,"jetpack_publicize_feature_enabled":true,"jetpack_social_post_already_shared":true,"jetpack_social_options":{"image_generator_settings":{"template":"highway","enabled":false}}},"categories":[52,55,77,17,16],"tags":[],"jetpack_publicize_connections":[],"jetpack_featured_media_url":"https:\/\/i0.wp.com\/www.robertosedda.it\/wp-content\/uploads\/2015\/01\/Africa1.jpg?fit=2482%2C1755","jetpack_sharing_enabled":true,"jetpack_shortlink":"https:\/\/wp.me\/p4jV2T-2rr","jetpack_likes_enabled":true,"jetpack-related-posts":[{"id":15341,"url":"http:\/\/www.robertosedda.it\/?p=15341","url_meta":{"origin":9389,"position":0},"title":"REBLOG: Lettera a  Salvini","author":"Rufus","date":"12\/06\/2018","format":false,"excerpt":"Ho stima del giornalista Gabriele Del Grande a partire dal suo libro che ho recensito pochi giorni fa. Vedo passare su\u00a0Facebook questo suo scritto e mi sembra interessante riproporlo. Lettera al Ministro dell'Interno\u00a0Matteo Salvini Confesso che su una cosa sono d\u2019accordo con Salvini: la rotta libica va chiusa. Basta tragedie\u2026","rel":"","context":"In &quot;Coordinate&quot;","block_context":{"text":"Coordinate","link":"http:\/\/www.robertosedda.it\/?cat=52"},"img":{"alt_text":"","src":"https:\/\/i0.wp.com\/www.robertosedda.it\/wp-content\/uploads\/2018\/06\/Del-Grande-1.jpg?fit=792%2C792&resize=350%2C200","width":350,"height":200,"srcset":"https:\/\/i0.wp.com\/www.robertosedda.it\/wp-content\/uploads\/2018\/06\/Del-Grande-1.jpg?fit=792%2C792&resize=350%2C200 1x, https:\/\/i0.wp.com\/www.robertosedda.it\/wp-content\/uploads\/2018\/06\/Del-Grande-1.jpg?fit=792%2C792&resize=700%2C400 2x"},"classes":[]},{"id":1438,"url":"http:\/\/www.robertosedda.it\/?p=1438","url_meta":{"origin":9389,"position":1},"title":"Aiutiamo la Norvegia","author":"Rufus","date":"23\/11\/2012","format":"video","excerpt":"Ci sono dei bambini da aiutare, in Norvegia. Bambini che congelano a morte. Serve caldo. E chi \u00e8 pi\u00f9 esperto del caldo degli africani? Da questo nasce l'idea di una ONG, Radi-Aid\u00a0(in inglese si pronuncia come irradiare), che lancia un appello corredato anche da un video stile Do they know\u2026","rel":"","context":"In &quot;Coordinate&quot;","block_context":{"text":"Coordinate","link":"http:\/\/www.robertosedda.it\/?cat=52"},"img":{"alt_text":"","src":"https:\/\/i0.wp.com\/www.robertosedda.it\/wp-content\/uploads\/2012\/11\/Aiutiamo-la-Norvegia.jpg?fit=768%2C451&resize=350%2C200","width":350,"height":200,"srcset":"https:\/\/i0.wp.com\/www.robertosedda.it\/wp-content\/uploads\/2012\/11\/Aiutiamo-la-Norvegia.jpg?fit=768%2C451&resize=350%2C200 1x, https:\/\/i0.wp.com\/www.robertosedda.it\/wp-content\/uploads\/2012\/11\/Aiutiamo-la-Norvegia.jpg?fit=768%2C451&resize=700%2C400 2x"},"classes":[]},{"id":15651,"url":"http:\/\/www.robertosedda.it\/?p=15651","url_meta":{"origin":9389,"position":2},"title":"Seminari africani","author":"Rufus","date":"06\/09\/2018","format":false,"excerpt":"Segnalo un ciclo di seminari all'Universit\u00e0 che, soprattutto in questo periodo, mi pare oltremodo interessante (detto in altro modo, magari qualcuno potrebbe dire meno sciocchezze - o credere a meno schiocchezze). I seminari si terranno nell'Aula CM 7 del Campus Aresu, in via S. Giorgio 12. Ciclo di seminari di\u2026","rel":"","context":"In &quot;Coordinate&quot;","block_context":{"text":"Coordinate","link":"http:\/\/www.robertosedda.it\/?cat=52"},"img":{"alt_text":"","src":"https:\/\/i0.wp.com\/www.robertosedda.it\/wp-content\/uploads\/2018\/09\/Seminari-Africa.jpg?fit=606%2C855&resize=350%2C200","width":350,"height":200},"classes":[]},{"id":14599,"url":"http:\/\/www.robertosedda.it\/?p=14599","url_meta":{"origin":9389,"position":3},"title":"REBLOG: L&#8217;Africa colonizzata","author":"Rufus","date":"30\/01\/2018","format":false,"excerpt":"Nel mese di Febraio, nella Facolt\u00e0 di Scienze Giuridiche, Economiche e Politiche, un ciclo di seminari fondamentale per chi vuole capire di pi\u00f9 della storia dell'Africa per capire anche quella di oggi. Queste le informazioni pubblicate sul sito dell'Universit\u00e0 di Cagliari: Nel mese di febbraio, il Corso di laurea magistrale\u2026","rel":"","context":"In &quot;Coordinate&quot;","block_context":{"text":"Coordinate","link":"http:\/\/www.robertosedda.it\/?cat=52"},"img":{"alt_text":"","src":"https:\/\/i0.wp.com\/www.robertosedda.it\/wp-content\/uploads\/2018\/01\/e681315ed8808619c289866076491a32_d0-300x300.jpg?resize=350%2C200","width":350,"height":200},"classes":[]},{"id":7246,"url":"http:\/\/www.robertosedda.it\/?p=7246","url_meta":{"origin":9389,"position":4},"title":"Seminari per conoscere l&#8217;Asia e l&#8217;Africa","author":"Rufus","date":"30\/04\/2014","format":false,"excerpt":"Alcuni dei docenti di riferimento per quanto riguarda la storia e la cultura dell'Asia e dell'Africa nella Facolt\u00e0 di Scienze Economiche, Giuridiche e Politiche \u00a0propongono, a partire dalla prossima settimana, una serie di interessanti seminari per una migliore conoscenza di questi due continenti. Mi sembra una buona idea rilanciare la\u2026","rel":"","context":"In &quot;Coordinate&quot;","block_context":{"text":"Coordinate","link":"http:\/\/www.robertosedda.it\/?cat=52"},"img":{"alt_text":"","src":"https:\/\/i0.wp.com\/www.robertosedda.it\/wp-content\/uploads\/2014\/04\/Carta-di-Peters.png?fit=500%2C320&resize=350%2C200","width":350,"height":200},"classes":[]},{"id":15879,"url":"http:\/\/www.robertosedda.it\/?p=15879","url_meta":{"origin":9389,"position":5},"title":"Cose da terzo mondo!","author":"Rufus","date":"23\/11\/2018","format":false,"excerpt":"Sabato a Nuoro ho visto le tre nuove mostre che sono state da poco allestite al\u00a0MAN. Delle tre, quella di pittura al piano intermedio (O Youth and Beauty!)\u00a0non mi ha ispirato particolarmente: diciamo che i tre artisti mi sono sembrati tutti, appunto, piuttosto giovani\u00a0e un po' irresoluti (anche se vedo\u2026","rel":"","context":"In &quot;Coordinate&quot;","block_context":{"text":"Coordinate","link":"http:\/\/www.robertosedda.it\/?cat=52"},"img":{"alt_text":"","src":"https:\/\/i0.wp.com\/www.robertosedda.it\/wp-content\/uploads\/2018\/11\/Gbre.jpg?fit=751%2C500&resize=350%2C200","width":350,"height":200,"srcset":"https:\/\/i0.wp.com\/www.robertosedda.it\/wp-content\/uploads\/2018\/11\/Gbre.jpg?fit=751%2C500&resize=350%2C200 1x, https:\/\/i0.wp.com\/www.robertosedda.it\/wp-content\/uploads\/2018\/11\/Gbre.jpg?fit=751%2C500&resize=700%2C400 2x"},"classes":[]}],"_links":{"self":[{"href":"http:\/\/www.robertosedda.it\/index.php?rest_route=\/wp\/v2\/posts\/9389"}],"collection":[{"href":"http:\/\/www.robertosedda.it\/index.php?rest_route=\/wp\/v2\/posts"}],"about":[{"href":"http:\/\/www.robertosedda.it\/index.php?rest_route=\/wp\/v2\/types\/post"}],"author":[{"embeddable":true,"href":"http:\/\/www.robertosedda.it\/index.php?rest_route=\/wp\/v2\/users\/1"}],"replies":[{"embeddable":true,"href":"http:\/\/www.robertosedda.it\/index.php?rest_route=%2Fwp%2Fv2%2Fcomments&post=9389"}],"version-history":[{"count":1,"href":"http:\/\/www.robertosedda.it\/index.php?rest_route=\/wp\/v2\/posts\/9389\/revisions"}],"predecessor-version":[{"id":9394,"href":"http:\/\/www.robertosedda.it\/index.php?rest_route=\/wp\/v2\/posts\/9389\/revisions\/9394"}],"wp:featuredmedia":[{"embeddable":true,"href":"http:\/\/www.robertosedda.it\/index.php?rest_route=\/wp\/v2\/media\/9391"}],"wp:attachment":[{"href":"http:\/\/www.robertosedda.it\/index.php?rest_route=%2Fwp%2Fv2%2Fmedia&parent=9389"}],"wp:term":[{"taxonomy":"category","embeddable":true,"href":"http:\/\/www.robertosedda.it\/index.php?rest_route=%2Fwp%2Fv2%2Fcategories&post=9389"},{"taxonomy":"post_tag","embeddable":true,"href":"http:\/\/www.robertosedda.it\/index.php?rest_route=%2Fwp%2Fv2%2Ftags&post=9389"}],"curies":[{"name":"wp","href":"https:\/\/api.w.org\/{rel}","templated":true}]}}