{"id":9384,"date":"2015-01-13T09:37:13","date_gmt":"2015-01-13T08:37:13","guid":{"rendered":"http:\/\/www.robertosedda.it\/?p=9384"},"modified":"2015-01-14T11:08:15","modified_gmt":"2015-01-14T10:08:15","slug":"lisola-delle-canne","status":"publish","type":"post","link":"http:\/\/www.robertosedda.it\/?p=9384","title":{"rendered":"L&#8217;isola delle canne"},"content":{"rendered":"<p>Oltre che su questo\u00a0<em>blog<\/em> questo articolo \u00e8 stato pubblicato la settimana scorsa\u00a0anche sui siti di\u00a0<strong><em><a href=\"http:\/\/www.fondazionesardinia.eu\/ita\/?p=9428\">Fondazione Sardinia<\/a><\/em><\/strong>,\u00a0<em><strong><a href=\"http:\/\/www.aladinpensiero.it\/\">Aladinpensiero<\/a><\/strong>,<\/em>\u00a0<strong><em><a href=\"http:\/\/tramasdeamistade.org\/htdocs\/cms\/index.php\">Tramas de amistade<\/a><\/em><\/strong>,\u00a0<em><a href=\"http:\/\/www.sardegnasoprattutto.org\/\"><strong>Sardegna Soprattutto<\/strong><\/a>,<\/em>\u00a0<strong><em><a href=\"http:\/\/www.formaparis.com\/\">Sportello Formaparis<\/a><\/em><\/strong>,\u00a0<strong><em><a href=\"http:\/\/tottusinpari.blog.tiscali.it\/\">Tottusinpari<\/a><\/em><\/strong> e sui <em>blog<\/em> di\u00a0<a href=\"http:\/\/www.enricolobina.org\/wp\/\"><strong>Enrico Lobina<\/strong>,<\/a>\u00a0<strong><a href=\"http:\/\/www.vitobiolchini.it\/\">Vito Biolchini<\/a><\/strong>\u00a0e\u00a0<a href=\"http:\/\/madrigopolis.blogspot.it\/\"><strong>Francesca Madrigali<\/strong><\/a>.<\/p>\n<p>Lascio alla valutazione di tutti se l&#8217;autore, nello scrivere l&#8217;articolo, si sia fortificato con l&#8217;uso ricreativo del vegetale in questione: scherzo, nel segno con cui l&#8217;articolo \u00e8 stato scritto e con cui l&#8217;ho ricevuto.<\/p>\n<h2><a href=\"https:\/\/i0.wp.com\/www.robertosedda.it\/wp-content\/uploads\/2015\/01\/Canneto-Bandinu.jpg\"><img data-attachment-id=\"9386\" data-permalink=\"http:\/\/www.robertosedda.it\/?attachment_id=9386\" data-orig-file=\"https:\/\/i0.wp.com\/www.robertosedda.it\/wp-content\/uploads\/2015\/01\/Canneto-Bandinu.jpg?fit=800%2C580\" data-orig-size=\"800,580\" data-comments-opened=\"1\" data-image-meta=\"{&quot;aperture&quot;:&quot;0&quot;,&quot;credit&quot;:&quot;&quot;,&quot;camera&quot;:&quot;&quot;,&quot;caption&quot;:&quot;&quot;,&quot;created_timestamp&quot;:&quot;0&quot;,&quot;copyright&quot;:&quot;&quot;,&quot;focal_length&quot;:&quot;0&quot;,&quot;iso&quot;:&quot;0&quot;,&quot;shutter_speed&quot;:&quot;0&quot;,&quot;title&quot;:&quot;&quot;,&quot;orientation&quot;:&quot;0&quot;}\" data-image-title=\"Canneto Bandinu\" data-image-description=\"\" data-image-caption=\"\" data-medium-file=\"https:\/\/i0.wp.com\/www.robertosedda.it\/wp-content\/uploads\/2015\/01\/Canneto-Bandinu.jpg?fit=300%2C218\" data-large-file=\"https:\/\/i0.wp.com\/www.robertosedda.it\/wp-content\/uploads\/2015\/01\/Canneto-Bandinu.jpg?fit=510%2C370\" decoding=\"async\" loading=\"lazy\" class=\"aligncenter size-full wp-image-9386\" src=\"https:\/\/i0.wp.com\/www.robertosedda.it\/wp-content\/uploads\/2015\/01\/Canneto-Bandinu.jpg?resize=800%2C580\" alt=\"Canneto Bandinu\" width=\"800\" height=\"580\" srcset=\"https:\/\/i0.wp.com\/www.robertosedda.it\/wp-content\/uploads\/2015\/01\/Canneto-Bandinu.jpg?w=800 800w, https:\/\/i0.wp.com\/www.robertosedda.it\/wp-content\/uploads\/2015\/01\/Canneto-Bandinu.jpg?resize=150%2C109 150w, https:\/\/i0.wp.com\/www.robertosedda.it\/wp-content\/uploads\/2015\/01\/Canneto-Bandinu.jpg?resize=300%2C218 300w, https:\/\/i0.wp.com\/www.robertosedda.it\/wp-content\/uploads\/2015\/01\/Canneto-Bandinu.jpg?resize=510%2C370 510w, https:\/\/i0.wp.com\/www.robertosedda.it\/wp-content\/uploads\/2015\/01\/Canneto-Bandinu.jpg?resize=700%2C508 700w, https:\/\/i0.wp.com\/www.robertosedda.it\/wp-content\/uploads\/2015\/01\/Canneto-Bandinu.jpg?resize=50%2C36 50w\" sizes=\"(max-width: 800px) 100vw, 800px\" data-recalc-dims=\"1\" \/><\/a>L&#8217;isola delle canne<\/h2>\n<h3>di Bachisio Bandinu<\/h3>\n<p>\u00c8 davvero incredibile l\u2019assurdo e riprovevole atteggiamento dei sardi contro la meravigliosa coltivazione a canne che darebbe musica, poesia e benessere a popolazioni povere e depresse. Un progetto di civilt\u00e0 da salutare e propiziare come una grande festa. Si dimentica che la canna \u00e8 il primo strumento musicale della nostra isola, che ha allietato l\u2019arcadia del glorioso periodo nuragico: dallo zufolo improvvisato del giovine pastore innamorato alla perfezione musicale delle <em>launeddas<\/em>. Perch\u00e9 questi sardi, imbarbariti dalle briciole di un misero consumismo e dal nerofumo minerario e petrolchimico, sono resi ciechi e non sanno cogliere l\u2019apertura alla rinnovata musica dei tempi felici? Il degrado estetico e culturale tocca il fondo. Vorrei elevare un canto salvifico: immaginate infiniti campi di canne che si elevano al cielo vibrando una musica soave, risvegliando le terre opache e depresse del Sulcis in una placida estensione sino ad Assemini e magari costeggiare gli stagni e lambire le marine di Cagliari. Campi estesi a perdita d\u2019occhi e d\u2019orecchi, dove il vento con innumerevoli dita schiuder\u00e0 le nostre anime novelle, e alcune canne hanno un suono e altre un altro suono in mirabile concerto. Non pi\u00f9 canne al vento di spogli e radi canneti deleddiani, bens\u00ec chilometri quadrati, ettari musicanti che fanno bosco, animato da canti d\u2019uccelli. Allora noi ci inoltriamo felici alla ricerca del tumbu potente, della mancosa ineguagliabile e della mancosedda\u00a0 brillante, cos\u00ec camminiamo sulla terra leggeri, satiri cantanti, devoti di Dioniso. <em>E tando nos la sonamus e nos la cantamus, ca sos ballos sunt sos nostros<\/em>. Il poeta ci dir\u00e0 verso quali segreti d\u2019amor ci chiami il canneto, dove la passione ha strepito di danza. Finalmente possiamo cantare: <em>Viva la canna!<\/em> Simbolo poetico di una sessualit\u00e0 traboccante. E non la canna depravata del droghino, bens\u00ec la gioiosa conquista della libert\u00e0 sessuale. Canne che si snodano da sant\u2019Igia, restituita alla prostituzione sacra, sino alla Plaia e lungo viale Trieste giungere a Piazza del Carmine. Era ora che noi sardi, sempre fottuti dalla storia, possiamo finalmente fottere, e cos\u00ec passare dal principio di realt\u00e0 d\u2019astinenza e oppressione, al principio di piacere inebriante e appagante. <em>Fit ora!<\/em> E non \u00e8 secondario neppure il sentimento d\u2019orgoglio nei riguardi degli abitanti <em>de su capu \u2018e susu<\/em>, che hanno scelto il cardo come dispositivo della rinascita. Ma volete mettere a confronto la canna con il cardo? Dieci a zero. In verit\u00e0 son stati sempre spinosi i torresini, dal Logudoro all\u2019irsuta Barbagia, non educati dalla musica delle <em>launeddas<\/em>, ancora chiusi nei canti rauchi del tenore. La canna \u00e8 meridionale, nella pienezza mediterranea, ben superiore alla civilt\u00e0 del cardo. Per rimarcare la differenza di coltura e di cultura possiamo creare una striscia che va da Tortol\u00ec al Sinis, coltivata a eucaliptus, un\u2019estesa lingua di <em>mesania<\/em>. Ma per non creare una divisione tra Nord e Sud, vorrei unirli entrambi in un elogio comune per la brillante e luciferina invenzione di una nuova rinascita della Sardegna, pur nella diversa economia artistica della canna e del cardo. \u00a0Non ci sar\u00e0 pi\u00f9 bisogno di sprecare soldi in pubblicit\u00e0. Lo slogan \u00e8 foriero di sicura garanzia: \u00abSardegna \u2013 l\u2019isola della canna\u00bb. Le seducenti valenze musicali ed erotiche affascineranno i turisti. Ma \u2026 non \u00e8 che ci fottono ancora?<\/p>\n","protected":false},"excerpt":{"rendered":"<p>Oltre che su questo\u00a0blog questo articolo \u00e8 stato pubblicato la settimana scorsa\u00a0anche sui siti di\u00a0Fondazione Sardinia,\u00a0Aladinpensiero,\u00a0Tramas de amistade,\u00a0Sardegna Soprattutto,\u00a0Sportello Formaparis,\u00a0Tottusinpari<\/p>\n","protected":false},"author":1,"featured_media":9386,"comment_status":"open","ping_status":"open","sticky":false,"template":"","format":"standard","meta":{"_mi_skip_tracking":false,"_monsterinsights_sitenote_active":false,"_monsterinsights_sitenote_note":"","_monsterinsights_sitenote_category":0,"jetpack_post_was_ever_published":false,"_jetpack_newsletter_access":"","jetpack_publicize_message":"","jetpack_is_tweetstorm":false,"jetpack_publicize_feature_enabled":true,"jetpack_social_post_already_shared":true,"jetpack_social_options":{"image_generator_settings":{"template":"highway","enabled":false}}},"categories":[52,55,77,17,16],"tags":[],"jetpack_publicize_connections":[],"jetpack_featured_media_url":"https:\/\/i0.wp.com\/www.robertosedda.it\/wp-content\/uploads\/2015\/01\/Canneto-Bandinu.jpg?fit=800%2C580","jetpack_sharing_enabled":true,"jetpack_shortlink":"https:\/\/wp.me\/p4jV2T-2rm","jetpack_likes_enabled":true,"jetpack-related-posts":[{"id":3082,"url":"http:\/\/www.robertosedda.it\/?p=3082","url_meta":{"origin":9384,"position":0},"title":"Traguardo di visitatori (e ringraziamenti)","author":"Rufus","date":"04\/05\/2013","format":false,"excerpt":"Ieri, secondo Google Analytics, il blog ha raggiunto 5.000 visitatori unici (le visualizzazioni di pagina sono pi\u00f9 di 16.000). Sono visite da fine agosto, quando ho cominciato a pubblicare articoli, a oggi. Oggetto meraviglioso, Google Analytics. Evocatore di misteri: perch\u00e9 per esempio ti informa che fra gli articoli pi\u00f9 letti\u2026","rel":"","context":"In &quot;Coordinate&quot;","block_context":{"text":"Coordinate","link":"http:\/\/www.robertosedda.it\/?cat=52"},"img":{"alt_text":"","src":"https:\/\/i0.wp.com\/www.robertosedda.it\/wp-content\/uploads\/2013\/05\/statistiche-blog.png?fit=1200%2C580&resize=350%2C200","width":350,"height":200,"srcset":"https:\/\/i0.wp.com\/www.robertosedda.it\/wp-content\/uploads\/2013\/05\/statistiche-blog.png?fit=1200%2C580&resize=350%2C200 1x, https:\/\/i0.wp.com\/www.robertosedda.it\/wp-content\/uploads\/2013\/05\/statistiche-blog.png?fit=1200%2C580&resize=700%2C400 2x, https:\/\/i0.wp.com\/www.robertosedda.it\/wp-content\/uploads\/2013\/05\/statistiche-blog.png?fit=1200%2C580&resize=1050%2C600 3x"},"classes":[]},{"id":17017,"url":"http:\/\/www.robertosedda.it\/?p=17017","url_meta":{"origin":9384,"position":1},"title":"Conferme","author":"Rufus","date":"19\/08\/2019","format":false,"excerpt":"Tutto sommato mi pare che il meccanismo delle segnalazioni automatiche (inviti alla lettura, notiziole, collegamenti rapidi a notizie o articoli che non ho il tempo di commentare o tradurre) del periodo agostano non sia andato male, e quindi ho deciso di confermarlo. Ho gi\u00e0 programmato le segnalazioni da qui a\u2026","rel":"","context":"In &quot;Coordinate&quot;","block_context":{"text":"Coordinate","link":"http:\/\/www.robertosedda.it\/?cat=52"},"img":{"alt_text":"","src":"https:\/\/i0.wp.com\/www.robertosedda.it\/wp-content\/uploads\/2019\/08\/Rufus-1.png?fit=834%2C720&resize=350%2C200","width":350,"height":200,"srcset":"https:\/\/i0.wp.com\/www.robertosedda.it\/wp-content\/uploads\/2019\/08\/Rufus-1.png?fit=834%2C720&resize=350%2C200 1x, https:\/\/i0.wp.com\/www.robertosedda.it\/wp-content\/uploads\/2019\/08\/Rufus-1.png?fit=834%2C720&resize=700%2C400 2x"},"classes":[]},{"id":14116,"url":"http:\/\/www.robertosedda.it\/?p=14116","url_meta":{"origin":9384,"position":2},"title":"Cinque anni da festeggiare","author":"Rufus","date":"06\/09\/2017","format":false,"excerpt":"Ieri Facebook mi ha proposto un ricordo di cinque anni fa, che io ho prontamente ripostato: \u00c8, insomma, l'esordio ufficiale del nuovo\u00a0blog, che dopo essere rimasto fermo diversi anni ripartiva. In realt\u00e0 il primo articolo assoluto \u00e8 del 27 luglio 2012, poi per\u00f2 ho usato agosto per riportare qui cose\u2026","rel":"","context":"In &quot;Coordinate&quot;","block_context":{"text":"Coordinate","link":"http:\/\/www.robertosedda.it\/?cat=52"},"img":{"alt_text":"","src":"https:\/\/i0.wp.com\/www.robertosedda.it\/wp-content\/uploads\/2017\/09\/Statistiche-5-anni.jpg?fit=1159%2C706&resize=350%2C200","width":350,"height":200,"srcset":"https:\/\/i0.wp.com\/www.robertosedda.it\/wp-content\/uploads\/2017\/09\/Statistiche-5-anni.jpg?fit=1159%2C706&resize=350%2C200 1x, https:\/\/i0.wp.com\/www.robertosedda.it\/wp-content\/uploads\/2017\/09\/Statistiche-5-anni.jpg?fit=1159%2C706&resize=700%2C400 2x, https:\/\/i0.wp.com\/www.robertosedda.it\/wp-content\/uploads\/2017\/09\/Statistiche-5-anni.jpg?fit=1159%2C706&resize=1050%2C600 3x"},"classes":[]},{"id":12835,"url":"http:\/\/www.robertosedda.it\/?p=12835","url_meta":{"origin":9384,"position":3},"title":"Habemus paginam! (ma non sono sicuro)","author":"Rufus","date":"18\/11\/2016","format":false,"excerpt":"Una delle cose seccanti del tenere questo\u00a0blog \u00e8 che capita che quando condivido gli articoli si\u00a0Facebook le persone commentano l\u00ec e non qua e una serie di cose interessanti o spiritose o semplicemente amichevoli si perdono via in Zuckerlandia, come lacrime nella pioggia. La cosa non mi ha mai disturbato\u2026","rel":"","context":"In &quot;Coordinate&quot;","block_context":{"text":"Coordinate","link":"http:\/\/www.robertosedda.it\/?cat=52"},"img":{"alt_text":"","src":"https:\/\/i0.wp.com\/www.robertosedda.it\/wp-content\/uploads\/2016\/11\/La-casa-di-Roberto.jpg?fit=1120%2C455&resize=350%2C200","width":350,"height":200,"srcset":"https:\/\/i0.wp.com\/www.robertosedda.it\/wp-content\/uploads\/2016\/11\/La-casa-di-Roberto.jpg?fit=1120%2C455&resize=350%2C200 1x, https:\/\/i0.wp.com\/www.robertosedda.it\/wp-content\/uploads\/2016\/11\/La-casa-di-Roberto.jpg?fit=1120%2C455&resize=700%2C400 2x, https:\/\/i0.wp.com\/www.robertosedda.it\/wp-content\/uploads\/2016\/11\/La-casa-di-Roberto.jpg?fit=1120%2C455&resize=1050%2C600 3x"},"classes":[]},{"id":8285,"url":"http:\/\/www.robertosedda.it\/?p=8285","url_meta":{"origin":9384,"position":4},"title":"Bilancio e ringraziamenti annuali","author":"Rufus","date":"01\/09\/2014","format":false,"excerpt":"Col 31 agosto il sito ha festeggiato due anni di vita e quindi \u00e8 tempo di bilanci. Non tanto perch\u00e9 i numeri siano rilevanti:\u00a0La casa di Roberto resta, come \u00e8 giusto che sia, un sito assolutamente minuscolo\u00a0nel vasto mondo della rete, con numeri di visitatori molto bassi. Cio\u00e8, sono numeri\u2026","rel":"","context":"In &quot;Coordinate&quot;","block_context":{"text":"Coordinate","link":"http:\/\/www.robertosedda.it\/?cat=52"},"img":{"alt_text":"","src":"https:\/\/i0.wp.com\/www.robertosedda.it\/wp-content\/uploads\/2014\/09\/Pasquetta-2004-019.jpg?fit=1200%2C900&resize=350%2C200","width":350,"height":200,"srcset":"https:\/\/i0.wp.com\/www.robertosedda.it\/wp-content\/uploads\/2014\/09\/Pasquetta-2004-019.jpg?fit=1200%2C900&resize=350%2C200 1x, https:\/\/i0.wp.com\/www.robertosedda.it\/wp-content\/uploads\/2014\/09\/Pasquetta-2004-019.jpg?fit=1200%2C900&resize=700%2C400 2x, https:\/\/i0.wp.com\/www.robertosedda.it\/wp-content\/uploads\/2014\/09\/Pasquetta-2004-019.jpg?fit=1200%2C900&resize=1050%2C600 3x"},"classes":[]},{"id":13853,"url":"http:\/\/www.robertosedda.it\/?p=13853","url_meta":{"origin":9384,"position":5},"title":"Scollegamenti","author":"Rufus","date":"16\/06\/2017","format":false,"excerpt":"Di solito cerco di scrivere qualcosa sul blog tutti i giorni, escluso il week-end, ma in questi ultimi mesi mi capita di non mantenere affatto questo ritmo: per restare a questa settimana, luned\u00ec e marted\u00ec non ho scritto niente e nemmeno ieri. Ora, non \u00e8 che tenga il blog per\u2026","rel":"","context":"In &quot;Coordinate&quot;","block_context":{"text":"Coordinate","link":"http:\/\/www.robertosedda.it\/?cat=52"},"img":{"alt_text":"","src":"https:\/\/i0.wp.com\/www.robertosedda.it\/wp-content\/uploads\/2017\/06\/Schermata-del-2017-06-16-16-07-30.png?fit=1161%2C462&resize=350%2C200","width":350,"height":200,"srcset":"https:\/\/i0.wp.com\/www.robertosedda.it\/wp-content\/uploads\/2017\/06\/Schermata-del-2017-06-16-16-07-30.png?fit=1161%2C462&resize=350%2C200 1x, https:\/\/i0.wp.com\/www.robertosedda.it\/wp-content\/uploads\/2017\/06\/Schermata-del-2017-06-16-16-07-30.png?fit=1161%2C462&resize=700%2C400 2x, https:\/\/i0.wp.com\/www.robertosedda.it\/wp-content\/uploads\/2017\/06\/Schermata-del-2017-06-16-16-07-30.png?fit=1161%2C462&resize=1050%2C600 3x"},"classes":[]}],"_links":{"self":[{"href":"http:\/\/www.robertosedda.it\/index.php?rest_route=\/wp\/v2\/posts\/9384"}],"collection":[{"href":"http:\/\/www.robertosedda.it\/index.php?rest_route=\/wp\/v2\/posts"}],"about":[{"href":"http:\/\/www.robertosedda.it\/index.php?rest_route=\/wp\/v2\/types\/post"}],"author":[{"embeddable":true,"href":"http:\/\/www.robertosedda.it\/index.php?rest_route=\/wp\/v2\/users\/1"}],"replies":[{"embeddable":true,"href":"http:\/\/www.robertosedda.it\/index.php?rest_route=%2Fwp%2Fv2%2Fcomments&post=9384"}],"version-history":[{"count":2,"href":"http:\/\/www.robertosedda.it\/index.php?rest_route=\/wp\/v2\/posts\/9384\/revisions"}],"predecessor-version":[{"id":9387,"href":"http:\/\/www.robertosedda.it\/index.php?rest_route=\/wp\/v2\/posts\/9384\/revisions\/9387"}],"wp:featuredmedia":[{"embeddable":true,"href":"http:\/\/www.robertosedda.it\/index.php?rest_route=\/wp\/v2\/media\/9386"}],"wp:attachment":[{"href":"http:\/\/www.robertosedda.it\/index.php?rest_route=%2Fwp%2Fv2%2Fmedia&parent=9384"}],"wp:term":[{"taxonomy":"category","embeddable":true,"href":"http:\/\/www.robertosedda.it\/index.php?rest_route=%2Fwp%2Fv2%2Fcategories&post=9384"},{"taxonomy":"post_tag","embeddable":true,"href":"http:\/\/www.robertosedda.it\/index.php?rest_route=%2Fwp%2Fv2%2Ftags&post=9384"}],"curies":[{"name":"wp","href":"https:\/\/api.w.org\/{rel}","templated":true}]}}