{"id":9372,"date":"2015-01-12T19:43:49","date_gmt":"2015-01-12T18:43:49","guid":{"rendered":"http:\/\/www.robertosedda.it\/?p=9372"},"modified":"2015-01-20T17:08:51","modified_gmt":"2015-01-20T16:08:51","slug":"due-libri-su-orani","status":"publish","type":"post","link":"http:\/\/www.robertosedda.it\/?p=9372","title":{"rendered":"Due libri su Orani"},"content":{"rendered":"<p>Invidio molto mia mamma alla quale \u00e8 stato appena regalato\u00a0<em>Costantino Nivola. Ritorno a Itaca <\/em>di <a href=\"http:\/\/www.sardegnacultura.it\/j\/v\/261?s=7&amp;v=9&amp;c=2474&amp;c1=2555&amp;nodesc=1\">Carlo Bavagnoli<em>.<\/em><\/a><\/p>\n<p><a href=\"https:\/\/i0.wp.com\/www.robertosedda.it\/wp-content\/uploads\/2015\/01\/Bavagnoli-NIvola-1.jpg\"><img data-attachment-id=\"9373\" data-permalink=\"http:\/\/www.robertosedda.it\/?attachment_id=9373\" data-orig-file=\"https:\/\/i0.wp.com\/www.robertosedda.it\/wp-content\/uploads\/2015\/01\/Bavagnoli-NIvola-1.jpg?fit=560%2C373\" data-orig-size=\"560,373\" data-comments-opened=\"1\" data-image-meta=\"{&quot;aperture&quot;:&quot;0&quot;,&quot;credit&quot;:&quot;&quot;,&quot;camera&quot;:&quot;&quot;,&quot;caption&quot;:&quot;&quot;,&quot;created_timestamp&quot;:&quot;0&quot;,&quot;copyright&quot;:&quot;&quot;,&quot;focal_length&quot;:&quot;0&quot;,&quot;iso&quot;:&quot;0&quot;,&quot;shutter_speed&quot;:&quot;0&quot;,&quot;title&quot;:&quot;&quot;,&quot;orientation&quot;:&quot;1&quot;}\" data-image-title=\"Bavagnoli NIvola 1\" data-image-description=\"\" data-image-caption=\"\" data-medium-file=\"https:\/\/i0.wp.com\/www.robertosedda.it\/wp-content\/uploads\/2015\/01\/Bavagnoli-NIvola-1.jpg?fit=300%2C200\" data-large-file=\"https:\/\/i0.wp.com\/www.robertosedda.it\/wp-content\/uploads\/2015\/01\/Bavagnoli-NIvola-1.jpg?fit=510%2C340\" decoding=\"async\" loading=\"lazy\" class=\"aligncenter size-full wp-image-9373\" src=\"https:\/\/i0.wp.com\/www.robertosedda.it\/wp-content\/uploads\/2015\/01\/Bavagnoli-NIvola-1.jpg?resize=560%2C373\" alt=\"Bavagnoli NIvola 1\" width=\"560\" height=\"373\" srcset=\"https:\/\/i0.wp.com\/www.robertosedda.it\/wp-content\/uploads\/2015\/01\/Bavagnoli-NIvola-1.jpg?w=560 560w, https:\/\/i0.wp.com\/www.robertosedda.it\/wp-content\/uploads\/2015\/01\/Bavagnoli-NIvola-1.jpg?resize=150%2C100 150w, https:\/\/i0.wp.com\/www.robertosedda.it\/wp-content\/uploads\/2015\/01\/Bavagnoli-NIvola-1.jpg?resize=300%2C200 300w, https:\/\/i0.wp.com\/www.robertosedda.it\/wp-content\/uploads\/2015\/01\/Bavagnoli-NIvola-1.jpg?resize=510%2C340 510w, https:\/\/i0.wp.com\/www.robertosedda.it\/wp-content\/uploads\/2015\/01\/Bavagnoli-NIvola-1.jpg?resize=50%2C33 50w\" sizes=\"(max-width: 560px) 100vw, 560px\" data-recalc-dims=\"1\" \/><\/a>Si tratta di un bellissimo libro fotografico che si giova oltretutto del fatto che documenta un momento davvero particolare della vita della Sardegna e in particolare di Orani.<\/p>\n<p>Le foto di Bavagnoli, in un magnifico bianco e nero morbido e carezzevole, sono davvero molto belle: del resto parliamo di un importante corrispondente di quella straordinaria assemblea di grandi fotografi che \u00e8 stata la rivista <em>Life<\/em>. Ma si giovano anche moltissimo oltre che della maestria del fotografo dell&#8217;allegra follia di Constantino Nivola, giunto al paese natale da New York per decorare in modo moderno, anzi modernissimo, la facciata della vecchia chiesa di Sa Itria.<\/p>\n<p><a href=\"https:\/\/i0.wp.com\/www.robertosedda.it\/wp-content\/uploads\/2015\/01\/Bavagnoli-Nivola-2.jpg\"><img data-attachment-id=\"9374\" data-permalink=\"http:\/\/www.robertosedda.it\/?attachment_id=9374\" data-orig-file=\"https:\/\/i0.wp.com\/www.robertosedda.it\/wp-content\/uploads\/2015\/01\/Bavagnoli-Nivola-2.jpg?fit=480%2C480\" data-orig-size=\"480,480\" data-comments-opened=\"1\" data-image-meta=\"{&quot;aperture&quot;:&quot;0&quot;,&quot;credit&quot;:&quot;&quot;,&quot;camera&quot;:&quot;&quot;,&quot;caption&quot;:&quot;&quot;,&quot;created_timestamp&quot;:&quot;0&quot;,&quot;copyright&quot;:&quot;&quot;,&quot;focal_length&quot;:&quot;0&quot;,&quot;iso&quot;:&quot;0&quot;,&quot;shutter_speed&quot;:&quot;0&quot;,&quot;title&quot;:&quot;&quot;,&quot;orientation&quot;:&quot;0&quot;}\" data-image-title=\"Bavagnoli Nivola 2\" data-image-description=\"\" data-image-caption=\"\" data-medium-file=\"https:\/\/i0.wp.com\/www.robertosedda.it\/wp-content\/uploads\/2015\/01\/Bavagnoli-Nivola-2.jpg?fit=300%2C300\" data-large-file=\"https:\/\/i0.wp.com\/www.robertosedda.it\/wp-content\/uploads\/2015\/01\/Bavagnoli-Nivola-2.jpg?fit=480%2C480\" decoding=\"async\" loading=\"lazy\" class=\"aligncenter size-full wp-image-9374\" src=\"https:\/\/i0.wp.com\/www.robertosedda.it\/wp-content\/uploads\/2015\/01\/Bavagnoli-Nivola-2.jpg?resize=480%2C480\" alt=\"Bavagnoli Nivola 2\" width=\"480\" height=\"480\" srcset=\"https:\/\/i0.wp.com\/www.robertosedda.it\/wp-content\/uploads\/2015\/01\/Bavagnoli-Nivola-2.jpg?w=480 480w, https:\/\/i0.wp.com\/www.robertosedda.it\/wp-content\/uploads\/2015\/01\/Bavagnoli-Nivola-2.jpg?resize=150%2C150 150w, https:\/\/i0.wp.com\/www.robertosedda.it\/wp-content\/uploads\/2015\/01\/Bavagnoli-Nivola-2.jpg?resize=300%2C300 300w, https:\/\/i0.wp.com\/www.robertosedda.it\/wp-content\/uploads\/2015\/01\/Bavagnoli-Nivola-2.jpg?resize=100%2C100 100w, https:\/\/i0.wp.com\/www.robertosedda.it\/wp-content\/uploads\/2015\/01\/Bavagnoli-Nivola-2.jpg?resize=50%2C50 50w\" sizes=\"(max-width: 480px) 100vw, 480px\" data-recalc-dims=\"1\" \/><\/a>Bavagnoli, che accompagnava Nivola,\u00a0 documenta con garbo il contrasto, stridente, fra la cultura materiale di un paese dell&#8217;interno della Sardegna nel 1958 e le pi\u00f9 recenti tendenze artistiche incarnate nell&#8217;opera di Nivola, uno scultore inserito nel dibattito artistico internazionale e che in America lavorava per importantissimi committenti pubblici e privati. Ma se il contrasto \u00e8 stridente non \u00e8 per\u00f2 affatto aspro: anzi, si ricompone alla fine in maniera armoniosa in quella che prima ho chiamato un&#8217;allegra follia; sembra di cogliere nei giorni della trasferta di Nivola la presenza di un clima di festa che abbia riempito di s\u00e9 tutto il paese, come una grande festa collettiva.<a href=\"https:\/\/i0.wp.com\/www.robertosedda.it\/wp-content\/uploads\/2015\/01\/Bavagnoli-Nivola-4.jpg\"><img data-attachment-id=\"9375\" data-permalink=\"http:\/\/www.robertosedda.it\/?attachment_id=9375\" data-orig-file=\"https:\/\/i0.wp.com\/www.robertosedda.it\/wp-content\/uploads\/2015\/01\/Bavagnoli-Nivola-4.jpg?fit=560%2C366\" data-orig-size=\"560,366\" data-comments-opened=\"1\" data-image-meta=\"{&quot;aperture&quot;:&quot;0&quot;,&quot;credit&quot;:&quot;&quot;,&quot;camera&quot;:&quot;&quot;,&quot;caption&quot;:&quot;&quot;,&quot;created_timestamp&quot;:&quot;0&quot;,&quot;copyright&quot;:&quot;&quot;,&quot;focal_length&quot;:&quot;0&quot;,&quot;iso&quot;:&quot;0&quot;,&quot;shutter_speed&quot;:&quot;0&quot;,&quot;title&quot;:&quot;&quot;,&quot;orientation&quot;:&quot;1&quot;}\" data-image-title=\"Bavagnoli Nivola 4\" data-image-description=\"\" data-image-caption=\"\" data-medium-file=\"https:\/\/i0.wp.com\/www.robertosedda.it\/wp-content\/uploads\/2015\/01\/Bavagnoli-Nivola-4.jpg?fit=300%2C196\" data-large-file=\"https:\/\/i0.wp.com\/www.robertosedda.it\/wp-content\/uploads\/2015\/01\/Bavagnoli-Nivola-4.jpg?fit=510%2C333\" decoding=\"async\" loading=\"lazy\" class=\"aligncenter size-full wp-image-9375\" src=\"https:\/\/i0.wp.com\/www.robertosedda.it\/wp-content\/uploads\/2015\/01\/Bavagnoli-Nivola-4.jpg?resize=560%2C366\" alt=\"Bavagnoli Nivola 4\" width=\"560\" height=\"366\" srcset=\"https:\/\/i0.wp.com\/www.robertosedda.it\/wp-content\/uploads\/2015\/01\/Bavagnoli-Nivola-4.jpg?w=560 560w, https:\/\/i0.wp.com\/www.robertosedda.it\/wp-content\/uploads\/2015\/01\/Bavagnoli-Nivola-4.jpg?resize=150%2C98 150w, https:\/\/i0.wp.com\/www.robertosedda.it\/wp-content\/uploads\/2015\/01\/Bavagnoli-Nivola-4.jpg?resize=300%2C196 300w, https:\/\/i0.wp.com\/www.robertosedda.it\/wp-content\/uploads\/2015\/01\/Bavagnoli-Nivola-4.jpg?resize=510%2C333 510w, https:\/\/i0.wp.com\/www.robertosedda.it\/wp-content\/uploads\/2015\/01\/Bavagnoli-Nivola-4.jpg?resize=50%2C33 50w\" sizes=\"(max-width: 560px) 100vw, 560px\" data-recalc-dims=\"1\" \/><\/a>Ne sono testimonianza soprattutto le foto in cui sono presenti i bambini &#8211; bellissime, ma non solo.<\/p>\n<p><a href=\"https:\/\/i0.wp.com\/www.robertosedda.it\/wp-content\/uploads\/2015\/01\/Bavagnoli-Nivola-5.png\"><img data-attachment-id=\"9376\" data-permalink=\"http:\/\/www.robertosedda.it\/?attachment_id=9376\" data-orig-file=\"https:\/\/i0.wp.com\/www.robertosedda.it\/wp-content\/uploads\/2015\/01\/Bavagnoli-Nivola-5.png?fit=482%2C480\" data-orig-size=\"482,480\" data-comments-opened=\"1\" data-image-meta=\"{&quot;aperture&quot;:&quot;0&quot;,&quot;credit&quot;:&quot;&quot;,&quot;camera&quot;:&quot;&quot;,&quot;caption&quot;:&quot;&quot;,&quot;created_timestamp&quot;:&quot;0&quot;,&quot;copyright&quot;:&quot;&quot;,&quot;focal_length&quot;:&quot;0&quot;,&quot;iso&quot;:&quot;0&quot;,&quot;shutter_speed&quot;:&quot;0&quot;,&quot;title&quot;:&quot;&quot;,&quot;orientation&quot;:&quot;0&quot;}\" data-image-title=\"Bavagnoli Nivola 5\" data-image-description=\"\" data-image-caption=\"\" data-medium-file=\"https:\/\/i0.wp.com\/www.robertosedda.it\/wp-content\/uploads\/2015\/01\/Bavagnoli-Nivola-5.png?fit=300%2C300\" data-large-file=\"https:\/\/i0.wp.com\/www.robertosedda.it\/wp-content\/uploads\/2015\/01\/Bavagnoli-Nivola-5.png?fit=482%2C480\" decoding=\"async\" loading=\"lazy\" class=\"aligncenter size-full wp-image-9376\" src=\"https:\/\/i0.wp.com\/www.robertosedda.it\/wp-content\/uploads\/2015\/01\/Bavagnoli-Nivola-5.png?resize=482%2C480\" alt=\"Bavagnoli Nivola 5\" width=\"482\" height=\"480\" srcset=\"https:\/\/i0.wp.com\/www.robertosedda.it\/wp-content\/uploads\/2015\/01\/Bavagnoli-Nivola-5.png?w=482 482w, https:\/\/i0.wp.com\/www.robertosedda.it\/wp-content\/uploads\/2015\/01\/Bavagnoli-Nivola-5.png?resize=150%2C150 150w, https:\/\/i0.wp.com\/www.robertosedda.it\/wp-content\/uploads\/2015\/01\/Bavagnoli-Nivola-5.png?resize=300%2C300 300w, https:\/\/i0.wp.com\/www.robertosedda.it\/wp-content\/uploads\/2015\/01\/Bavagnoli-Nivola-5.png?resize=100%2C100 100w, https:\/\/i0.wp.com\/www.robertosedda.it\/wp-content\/uploads\/2015\/01\/Bavagnoli-Nivola-5.png?resize=50%2C50 50w\" sizes=\"(max-width: 482px) 100vw, 482px\" data-recalc-dims=\"1\" \/><\/a>Non conosco abbastanza la storia di Nivola per sapere se col lavoro che svolse a Orani si proponeva anche di compiere un atto <em>politico<\/em> o educativo nel suo paese di origine. Certamente era ansioso di coinvolgere il paese e di condividere la sua arte e le sue motivazioni, come prova, per esempio, la cura posta nella redazione di un piccolo pieghevole di invito utilizzato per invitare tutto il paese. Dalle foto, per\u00f2, non emerge nessuna pesantezza didattica: solo una grande leggerezza festiva, che in fondo mi fa pensare che la scritta che ho visto da poco nella vetrina di un bar, in paese, sia pi\u00f9 esatta e meno delirante di quanto mi fosse apparsa a prima vista:<a href=\"https:\/\/i0.wp.com\/www.robertosedda.it\/wp-content\/uploads\/2015\/01\/ALIM3607.jpg\"><img data-attachment-id=\"9377\" data-permalink=\"http:\/\/www.robertosedda.it\/?attachment_id=9377\" data-orig-file=\"https:\/\/i0.wp.com\/www.robertosedda.it\/wp-content\/uploads\/2015\/01\/ALIM3607.jpg?fit=3264%2C2448\" data-orig-size=\"3264,2448\" data-comments-opened=\"1\" data-image-meta=\"{&quot;aperture&quot;:&quot;5.1&quot;,&quot;credit&quot;:&quot;&quot;,&quot;camera&quot;:&quot;F8035&quot;,&quot;caption&quot;:&quot;&quot;,&quot;created_timestamp&quot;:&quot;1414749956&quot;,&quot;copyright&quot;:&quot;&quot;,&quot;focal_length&quot;:&quot;17.1&quot;,&quot;iso&quot;:&quot;297&quot;,&quot;shutter_speed&quot;:&quot;0.007982&quot;,&quot;title&quot;:&quot;YASHICA Digital Camera&quot;,&quot;orientation&quot;:&quot;1&quot;}\" data-image-title=\"YASHICA Digital Camera\" data-image-description=\"\" data-image-caption=\"\" data-medium-file=\"https:\/\/i0.wp.com\/www.robertosedda.it\/wp-content\/uploads\/2015\/01\/ALIM3607.jpg?fit=300%2C225\" data-large-file=\"https:\/\/i0.wp.com\/www.robertosedda.it\/wp-content\/uploads\/2015\/01\/ALIM3607.jpg?fit=510%2C383\" decoding=\"async\" loading=\"lazy\" class=\"aligncenter size-large wp-image-9377\" src=\"https:\/\/i0.wp.com\/www.robertosedda.it\/wp-content\/uploads\/2015\/01\/ALIM3607.jpg?resize=510%2C383\" alt=\"YASHICA Digital Camera\" width=\"510\" height=\"383\" srcset=\"https:\/\/i0.wp.com\/www.robertosedda.it\/wp-content\/uploads\/2015\/01\/ALIM3607.jpg?resize=510%2C383 510w, https:\/\/i0.wp.com\/www.robertosedda.it\/wp-content\/uploads\/2015\/01\/ALIM3607.jpg?resize=150%2C113 150w, https:\/\/i0.wp.com\/www.robertosedda.it\/wp-content\/uploads\/2015\/01\/ALIM3607.jpg?resize=300%2C225 300w, https:\/\/i0.wp.com\/www.robertosedda.it\/wp-content\/uploads\/2015\/01\/ALIM3607.jpg?resize=268%2C200 268w, https:\/\/i0.wp.com\/www.robertosedda.it\/wp-content\/uploads\/2015\/01\/ALIM3607.jpg?resize=700%2C525 700w, https:\/\/i0.wp.com\/www.robertosedda.it\/wp-content\/uploads\/2015\/01\/ALIM3607.jpg?resize=50%2C38 50w, https:\/\/i0.wp.com\/www.robertosedda.it\/wp-content\/uploads\/2015\/01\/ALIM3607.jpg?w=1600 1600w, https:\/\/i0.wp.com\/www.robertosedda.it\/wp-content\/uploads\/2015\/01\/ALIM3607.jpg?w=2400 2400w\" sizes=\"(max-width: 510px) 100vw, 510px\" data-recalc-dims=\"1\" \/><\/a><em>Caos e baldoria<\/em><br \/>\n<em>portarono Nivola<\/em><br \/>\n<em>a una grande gloria<\/em>.<\/p>\n<p>Ecco, le foto di Bavagnoli raccontano dei giorni di caos e baldoria. Ma c&#8217;era metodo in quel caos, e un intento artistico molto preciso. E, devo dire, a me Sa itria piace moltissimo.<\/p>\n<p><a href=\"https:\/\/i0.wp.com\/www.robertosedda.it\/wp-content\/uploads\/2015\/01\/Bavagnoli-Nivola-3.jpg\"><img data-attachment-id=\"9378\" data-permalink=\"http:\/\/www.robertosedda.it\/?attachment_id=9378\" data-orig-file=\"https:\/\/i0.wp.com\/www.robertosedda.it\/wp-content\/uploads\/2015\/01\/Bavagnoli-Nivola-3.jpg?fit=480%2C480\" data-orig-size=\"480,480\" data-comments-opened=\"1\" data-image-meta=\"{&quot;aperture&quot;:&quot;0&quot;,&quot;credit&quot;:&quot;&quot;,&quot;camera&quot;:&quot;&quot;,&quot;caption&quot;:&quot;&quot;,&quot;created_timestamp&quot;:&quot;0&quot;,&quot;copyright&quot;:&quot;&quot;,&quot;focal_length&quot;:&quot;0&quot;,&quot;iso&quot;:&quot;0&quot;,&quot;shutter_speed&quot;:&quot;0&quot;,&quot;title&quot;:&quot;&quot;,&quot;orientation&quot;:&quot;0&quot;}\" data-image-title=\"Bavagnoli Nivola 3\" data-image-description=\"\" data-image-caption=\"\" data-medium-file=\"https:\/\/i0.wp.com\/www.robertosedda.it\/wp-content\/uploads\/2015\/01\/Bavagnoli-Nivola-3.jpg?fit=300%2C300\" data-large-file=\"https:\/\/i0.wp.com\/www.robertosedda.it\/wp-content\/uploads\/2015\/01\/Bavagnoli-Nivola-3.jpg?fit=480%2C480\" decoding=\"async\" loading=\"lazy\" class=\"aligncenter size-full wp-image-9378\" src=\"https:\/\/i0.wp.com\/www.robertosedda.it\/wp-content\/uploads\/2015\/01\/Bavagnoli-Nivola-3.jpg?resize=480%2C480\" alt=\"Bavagnoli Nivola 3\" width=\"480\" height=\"480\" srcset=\"https:\/\/i0.wp.com\/www.robertosedda.it\/wp-content\/uploads\/2015\/01\/Bavagnoli-Nivola-3.jpg?w=480 480w, https:\/\/i0.wp.com\/www.robertosedda.it\/wp-content\/uploads\/2015\/01\/Bavagnoli-Nivola-3.jpg?resize=150%2C150 150w, https:\/\/i0.wp.com\/www.robertosedda.it\/wp-content\/uploads\/2015\/01\/Bavagnoli-Nivola-3.jpg?resize=300%2C300 300w, https:\/\/i0.wp.com\/www.robertosedda.it\/wp-content\/uploads\/2015\/01\/Bavagnoli-Nivola-3.jpg?resize=100%2C100 100w, https:\/\/i0.wp.com\/www.robertosedda.it\/wp-content\/uploads\/2015\/01\/Bavagnoli-Nivola-3.jpg?resize=50%2C50 50w\" sizes=\"(max-width: 480px) 100vw, 480px\" data-recalc-dims=\"1\" \/><\/a>Le foto del libro, di cui ho inserito in questo articolo una piccola selezione, sono per chi \u00e8 in Sardegna molto note: tra l&#8217;altro le gigantografie di molte di loro sono esposte in una bella mostra fotografica permanente per le vie di Orani, collocate nei luoghi originari del paese nei quali furono scattate.<\/p>\n<p><a href=\"https:\/\/i0.wp.com\/www.robertosedda.it\/wp-content\/uploads\/2015\/01\/Nivola-gigantografia.jpg\"><img data-attachment-id=\"9379\" data-permalink=\"http:\/\/www.robertosedda.it\/?attachment_id=9379\" data-orig-file=\"https:\/\/i0.wp.com\/www.robertosedda.it\/wp-content\/uploads\/2015\/01\/Nivola-gigantografia.jpg?fit=1024%2C768\" data-orig-size=\"1024,768\" data-comments-opened=\"1\" data-image-meta=\"{&quot;aperture&quot;:&quot;0&quot;,&quot;credit&quot;:&quot;&quot;,&quot;camera&quot;:&quot;&quot;,&quot;caption&quot;:&quot;&quot;,&quot;created_timestamp&quot;:&quot;0&quot;,&quot;copyright&quot;:&quot;&quot;,&quot;focal_length&quot;:&quot;0&quot;,&quot;iso&quot;:&quot;0&quot;,&quot;shutter_speed&quot;:&quot;0&quot;,&quot;title&quot;:&quot;&quot;,&quot;orientation&quot;:&quot;0&quot;}\" data-image-title=\"Nivola gigantografia\" data-image-description=\"\" data-image-caption=\"\" data-medium-file=\"https:\/\/i0.wp.com\/www.robertosedda.it\/wp-content\/uploads\/2015\/01\/Nivola-gigantografia.jpg?fit=300%2C225\" data-large-file=\"https:\/\/i0.wp.com\/www.robertosedda.it\/wp-content\/uploads\/2015\/01\/Nivola-gigantografia.jpg?fit=510%2C383\" decoding=\"async\" loading=\"lazy\" class=\"aligncenter size-large wp-image-9379\" src=\"https:\/\/i0.wp.com\/www.robertosedda.it\/wp-content\/uploads\/2015\/01\/Nivola-gigantografia.jpg?resize=510%2C383\" alt=\"Nivola gigantografia\" width=\"510\" height=\"383\" srcset=\"https:\/\/i0.wp.com\/www.robertosedda.it\/wp-content\/uploads\/2015\/01\/Nivola-gigantografia.jpg?resize=510%2C383 510w, https:\/\/i0.wp.com\/www.robertosedda.it\/wp-content\/uploads\/2015\/01\/Nivola-gigantografia.jpg?resize=150%2C113 150w, https:\/\/i0.wp.com\/www.robertosedda.it\/wp-content\/uploads\/2015\/01\/Nivola-gigantografia.jpg?resize=300%2C225 300w, https:\/\/i0.wp.com\/www.robertosedda.it\/wp-content\/uploads\/2015\/01\/Nivola-gigantografia.jpg?resize=268%2C200 268w, https:\/\/i0.wp.com\/www.robertosedda.it\/wp-content\/uploads\/2015\/01\/Nivola-gigantografia.jpg?resize=700%2C525 700w, https:\/\/i0.wp.com\/www.robertosedda.it\/wp-content\/uploads\/2015\/01\/Nivola-gigantografia.jpg?resize=50%2C38 50w, https:\/\/i0.wp.com\/www.robertosedda.it\/wp-content\/uploads\/2015\/01\/Nivola-gigantografia.jpg?w=1024 1024w\" sizes=\"(max-width: 510px) 100vw, 510px\" data-recalc-dims=\"1\" \/><\/a>Ma il libro offre, oltre a una selezione molto pi\u00f9 ampia, tutto un apparato di contorno veramente importante\u00a0 e di lettura molto piacevole, come i quattro contributi di Marisa Volpi, Maria Luisa Frongia e Rita Ladogana (che raddoppia all&#8217;inizio e alla fine) e tutto l&#8217;apparato delle note, mediante le quali ho per esempio scoperto l&#8217;identit\u00e0 di una serie di persone ritratte nelle foto e di cui ero sempre stato curioso. Il volume \u00e8 edito da <em>Ilisso<\/em>, non costa in fondo tanto e mi sembra davvero notevole.<\/p>\n<p>Altrimenti potete sempre venire in visita a Orani, vedere dal vivo la chiesa e la <a href=\"http:\/\/www.comune.orani.nu.it\/cultura\/cultura.asp?id=15&amp;ln=it\">mostra<\/a> e, se siete fortunati, conoscere direttamente qualcuno dei bambini raffigurati nelle foto, ora un pochino pi\u00f9 stagionati, e farvi raccontare in diretta che cosa accadde, quando <em>tziu Titinu <\/em>venne a decorare Sa Itria, molti anni fa.<\/p>\n<p>E parlando di bambini, arriviamo al secondo libro che vorrei segnalarvi: si tratta di <a href=\"http:\/\/libreriarizzoli.corriere.it\/Orani.-Il-paese-di-mio-padre\/8817063835\/pc\"><em>Orani. Il paese di mio padre<\/em><\/a> di Claire A. Nivola, figlia di Costantino e apprezzata illustratrice per ragazzi. Il libro \u00e8 stato pubblicato originariamente negli Stati Uniti (<a href=\"http:\/\/us.macmillan.com\/orani\/ClaireNivola\">sul sito di MacMillan ci sono anche una serie di illustrazioni<\/a>) ma \u00e8 stato tradotto in italiano da Elisabetta Sedda (nessuna parentela, devo essere l&#8217;unico Sedda della Sardegna che non \u00e8 originario del Nuorese) e pubblicato da Rizzoli.<\/p>\n<p><a href=\"https:\/\/i0.wp.com\/www.robertosedda.it\/wp-content\/uploads\/2015\/01\/Orani-Claire-Nivola.jpg\"><img data-attachment-id=\"9381\" data-permalink=\"http:\/\/www.robertosedda.it\/?attachment_id=9381\" data-orig-file=\"https:\/\/i0.wp.com\/www.robertosedda.it\/wp-content\/uploads\/2015\/01\/Orani-Claire-Nivola.jpg?fit=400%2C215\" data-orig-size=\"400,215\" data-comments-opened=\"1\" data-image-meta=\"{&quot;aperture&quot;:&quot;0&quot;,&quot;credit&quot;:&quot;&quot;,&quot;camera&quot;:&quot;&quot;,&quot;caption&quot;:&quot;&quot;,&quot;created_timestamp&quot;:&quot;0&quot;,&quot;copyright&quot;:&quot;&quot;,&quot;focal_length&quot;:&quot;0&quot;,&quot;iso&quot;:&quot;0&quot;,&quot;shutter_speed&quot;:&quot;0&quot;,&quot;title&quot;:&quot;&quot;,&quot;orientation&quot;:&quot;0&quot;}\" data-image-title=\"Orani Claire Nivola\" data-image-description=\"\" data-image-caption=\"\" data-medium-file=\"https:\/\/i0.wp.com\/www.robertosedda.it\/wp-content\/uploads\/2015\/01\/Orani-Claire-Nivola.jpg?fit=300%2C161\" data-large-file=\"https:\/\/i0.wp.com\/www.robertosedda.it\/wp-content\/uploads\/2015\/01\/Orani-Claire-Nivola.jpg?fit=400%2C215\" decoding=\"async\" loading=\"lazy\" class=\"aligncenter size-full wp-image-9381\" src=\"https:\/\/i0.wp.com\/www.robertosedda.it\/wp-content\/uploads\/2015\/01\/Orani-Claire-Nivola.jpg?resize=400%2C215\" alt=\"Orani Claire Nivola\" width=\"400\" height=\"215\" srcset=\"https:\/\/i0.wp.com\/www.robertosedda.it\/wp-content\/uploads\/2015\/01\/Orani-Claire-Nivola.jpg?w=400 400w, https:\/\/i0.wp.com\/www.robertosedda.it\/wp-content\/uploads\/2015\/01\/Orani-Claire-Nivola.jpg?resize=150%2C81 150w, https:\/\/i0.wp.com\/www.robertosedda.it\/wp-content\/uploads\/2015\/01\/Orani-Claire-Nivola.jpg?resize=300%2C161 300w, https:\/\/i0.wp.com\/www.robertosedda.it\/wp-content\/uploads\/2015\/01\/Orani-Claire-Nivola.jpg?resize=50%2C27 50w\" sizes=\"(max-width: 400px) 100vw, 400px\" data-recalc-dims=\"1\" \/><\/a>\u00c8 un libro di una grandissima freschezza, nella quale la scrittrice rievoca con pochi tratti le sensazioni delle estati trascorse in visita ai parenti nel paese lontano: le sensazioni meravigliose che pu\u00f2 ricordare solo chi ha trascorso estati libero di scorrazzare lontano dai genitori, che sia al mare o in paese poco importa, quando ogni nuova esplorazione rivela mondi nuovi e sconosciuti, tanto pi\u00f9 per una ragazzina come Claire inserita in una ambiente cos\u00ec diverso dal suo originario. Sfilano cos\u00ec i cavalli, la cottura del pane, la frutta, il calore dell&#8217;estate, ma anche la presenza della morte &#8211; la prima volta che ho visto delle prefiche rese <em>divertenti<\/em> e l&#8217;estrema povert\u00e0 di tanti abitanti. Un libro molto poetico senza patetismi, ma credo che la descrizione migliore la dia la stessa Claire Nivola in <a href=\"http:\/\/www.hbook.com\/2011\/10\/authors-illustrators\/interviews\/five-questions-for-claire-a-nivola\/\">una bella intervista<\/a> (in inglese)<\/p>\n<blockquote><p>Se non avessi scritto per i ragazzi e se la mia pittura non tendesse verso la beatificazione della realt\u00e0, avrei fatto un libro ancor ameno sentimentale di questo; l&#8217;avrei fatto \u00abappassionato senza sentimentalismi\u00bb, le parole con cui mio padre usava descrivere sua madre, la nonna che io a malapena conoscevo.<\/p><\/blockquote>\n<p><a href=\"https:\/\/i0.wp.com\/www.robertosedda.it\/wp-content\/uploads\/2015\/01\/Memorie-Orani-Nivola.gif\"><img data-attachment-id=\"9382\" data-permalink=\"http:\/\/www.robertosedda.it\/?attachment_id=9382\" data-orig-file=\"https:\/\/i0.wp.com\/www.robertosedda.it\/wp-content\/uploads\/2015\/01\/Memorie-Orani-Nivola.gif?fit=430%2C600\" data-orig-size=\"430,600\" data-comments-opened=\"1\" data-image-meta=\"{&quot;aperture&quot;:&quot;0&quot;,&quot;credit&quot;:&quot;&quot;,&quot;camera&quot;:&quot;&quot;,&quot;caption&quot;:&quot;&quot;,&quot;created_timestamp&quot;:&quot;0&quot;,&quot;copyright&quot;:&quot;&quot;,&quot;focal_length&quot;:&quot;0&quot;,&quot;iso&quot;:&quot;0&quot;,&quot;shutter_speed&quot;:&quot;0&quot;,&quot;title&quot;:&quot;&quot;,&quot;orientation&quot;:&quot;0&quot;}\" data-image-title=\"Memorie Orani Nivola\" data-image-description=\"\" data-image-caption=\"\" data-medium-file=\"https:\/\/i0.wp.com\/www.robertosedda.it\/wp-content\/uploads\/2015\/01\/Memorie-Orani-Nivola.gif?fit=215%2C300\" data-large-file=\"https:\/\/i0.wp.com\/www.robertosedda.it\/wp-content\/uploads\/2015\/01\/Memorie-Orani-Nivola.gif?fit=430%2C600\" decoding=\"async\" loading=\"lazy\" class=\"alignleft wp-image-9382\" src=\"https:\/\/i0.wp.com\/www.robertosedda.it\/wp-content\/uploads\/2015\/01\/Memorie-Orani-Nivola.gif?resize=150%2C209\" alt=\"Memorie Orani Nivola\" width=\"150\" height=\"209\" data-recalc-dims=\"1\" \/><\/a>P.S. Naturalmente, come ricorda anche l&#8217;intervista, ci sarebbe un terzo libro che rappresenta il perfetto complemento di questi due: \u00e8 <em>Memorie di Orani<\/em> di Costantino Nivola stesso, edito da <em>Schweiller <\/em>(e anche da <em>Ilisso<\/em>), un librettino agile, molto piccolo e molto appassionato nei confronti del paese, senza infingimenti: dopotutto \u00e8 un libro che si chiude con il racconto di una sconfitta nell&#8217;\u00abapprendistato per imparare a padroneggiare la povert\u00e0 con dignit\u00e0 e con tatto\u00bb, come dice Nivola, e quindi niente arcadie e niente idee bucoliche, nel ricordo del vecchio paese. Ma un grande afflato poetico lo stesso &#8211; oltre che una bella testimonianza &#8211; che consiglia la lettura anche di questo libriccino.<\/p>\n","protected":false},"excerpt":{"rendered":"<p>Invidio molto mia mamma alla quale \u00e8 stato appena regalato\u00a0Costantino Nivola. Ritorno a Itaca di Carlo Bavagnoli. Si tratta di<\/p>\n","protected":false},"author":1,"featured_media":9376,"comment_status":"open","ping_status":"open","sticky":false,"template":"","format":"standard","meta":{"_mi_skip_tracking":false,"_monsterinsights_sitenote_active":false,"_monsterinsights_sitenote_note":"","_monsterinsights_sitenote_category":0,"jetpack_post_was_ever_published":false,"_jetpack_newsletter_access":"","jetpack_publicize_message":"","jetpack_is_tweetstorm":false,"jetpack_publicize_feature_enabled":true,"jetpack_social_post_already_shared":true,"jetpack_social_options":{"image_generator_settings":{"template":"highway","enabled":false}}},"categories":[52,55,13,77,12],"tags":[],"jetpack_publicize_connections":[],"jetpack_featured_media_url":"https:\/\/i0.wp.com\/www.robertosedda.it\/wp-content\/uploads\/2015\/01\/Bavagnoli-Nivola-5.png?fit=482%2C480","jetpack_sharing_enabled":true,"jetpack_shortlink":"https:\/\/wp.me\/p4jV2T-2ra","jetpack_likes_enabled":true,"jetpack-related-posts":[{"id":15801,"url":"http:\/\/www.robertosedda.it\/?p=15801","url_meta":{"origin":9372,"position":0},"title":"Mostre per cui comb&#8230; fare una bella gita","author":"Rufus","date":"05\/11\/2018","format":false,"excerpt":"Vorrei consigliare di non lasciarsi scappare la mostra\u00a0What are we fighting for, al\u00a0Museo Nivola di Orani fino al 9 dicembre. Il titolo della mostra prende spunto da quello della canzone dedicata alla guerra del Vietnam da Country Joe McDonald, Per cosa combattiamo?, domanda di senso diventata frase chiave della contestazione\u2026","rel":"","context":"In &quot;Coordinate&quot;","block_context":{"text":"Coordinate","link":"http:\/\/www.robertosedda.it\/?cat=52"},"img":{"alt_text":"","src":"https:\/\/i0.wp.com\/www.robertosedda.it\/wp-content\/uploads\/2018\/11\/What-are-we-fighing-for.png?fit=600%2C416&resize=350%2C200","width":350,"height":200},"classes":[]},{"id":17237,"url":"http:\/\/www.robertosedda.it\/?p=17237","url_meta":{"origin":9372,"position":1},"title":"Ma lei \u00e8 quello&#8230;","author":"Rufus","date":"13\/09\/2019","format":false,"excerpt":"Il 21 e 22 settembre apriamo casa ad Orani!","rel":"","context":"In &quot;Coordinate&quot;","block_context":{"text":"Coordinate","link":"http:\/\/www.robertosedda.it\/?cat=52"},"img":{"alt_text":"","src":"https:\/\/i0.wp.com\/www.robertosedda.it\/wp-content\/uploads\/2019\/09\/Orani-Cortes-Apertas.png?fit=552%2C804&resize=350%2C200","width":350,"height":200},"classes":[]},{"id":6715,"url":"http:\/\/www.robertosedda.it\/?p=6715","url_meta":{"origin":9372,"position":2},"title":"Cosa c&#8217;entra la noviolenza col Museo Nivola di Orani?","author":"Rufus","date":"17\/03\/2014","format":false,"excerpt":"Un'ascendenza fortemente sentita Non so se ho mai raccontato qui sul blog di essere mezzo oranese - Delitala da parte di madre, e fierissimo di questa ascendenza - e quindi dotato di solidissime radici barbaricine. Se Cagliari \u00e8 la mia citt\u00e0 del cuore, senza merito perch\u00e9 vi sono nato e\u2026","rel":"","context":"In &quot;Coordinate&quot;","block_context":{"text":"Coordinate","link":"http:\/\/www.robertosedda.it\/?cat=52"},"img":{"alt_text":"","src":"https:\/\/i0.wp.com\/www.robertosedda.it\/wp-content\/uploads\/2014\/03\/Davanti-Sa-Itria-a-Orani.jpg?fit=960%2C720&resize=350%2C200","width":350,"height":200,"srcset":"https:\/\/i0.wp.com\/www.robertosedda.it\/wp-content\/uploads\/2014\/03\/Davanti-Sa-Itria-a-Orani.jpg?fit=960%2C720&resize=350%2C200 1x, https:\/\/i0.wp.com\/www.robertosedda.it\/wp-content\/uploads\/2014\/03\/Davanti-Sa-Itria-a-Orani.jpg?fit=960%2C720&resize=700%2C400 2x"},"classes":[]},{"id":10306,"url":"http:\/\/www.robertosedda.it\/?p=10306","url_meta":{"origin":9372,"position":3},"title":"&#8220;La costante resistenziale&#8221; al MAN di Nuoro","author":"Rufus","date":"04\/06\/2015","format":false,"excerpt":"Ho passato gioiosamente il ponte del 2 giugno a Orani con Maria Bonaria e mia madre, e ne ho anche approfittato per rivedere il Museo Nivola\u00a0e per andare al\u00a0MAN a vedere la mostra\u00a0La costante resistenziale\u00a0 #1 -\u00a0Venticinque anni di ricerca artistica in Sardegna (1957-1983), dedicata al percorso degli artisti sardi\u2026","rel":"","context":"In &quot;Coordinate&quot;","block_context":{"text":"Coordinate","link":"http:\/\/www.robertosedda.it\/?cat=52"},"img":{"alt_text":"","src":"https:\/\/i0.wp.com\/www.robertosedda.it\/wp-content\/uploads\/2015\/06\/Angelo-Liberati.jpg.jpg?fit=617%2C492&resize=350%2C200","width":350,"height":200},"classes":[]},{"id":9475,"url":"http:\/\/www.robertosedda.it\/?p=9475","url_meta":{"origin":9372,"position":4},"title":"REBLOG: Lo sguardo di Gaetan Crivaro su Orani","author":"Rufus","date":"28\/01\/2015","format":"link","excerpt":"Un bel lavoro di Gaetan su Orani e i suoi artigiani, della cui esistenza (e di questa nuova intersezione tra me e lui) ho scoperto davvero casualmente. Vedi alle volte!","rel":"","context":"In &quot;Segnalazioni&quot;","block_context":{"text":"Segnalazioni","link":"http:\/\/www.robertosedda.it\/?cat=95"},"img":{"alt_text":"","src":"","width":0,"height":0},"classes":[]},{"id":4441,"url":"http:\/\/www.robertosedda.it\/?p=4441","url_meta":{"origin":9372,"position":5},"title":"I biscotti e i traditori","author":"Rufus","date":"15\/09\/2013","format":false,"excerpt":"Diversi anni fa a Orani andai con Maria Bonaria a prendere il caff\u00e9 da una anziana comare, tzia Caterina. Col caff\u00e9 ci offr\u00ec i famosi biscotti di Orani, che hanno riempito di gioia la mia infanzia con la loro glassa arzigogolata, e ci rivel\u00f2 un segreto. \u00abQuesti sono quelli che\u2026","rel":"","context":"In &quot;Coordinate&quot;","block_context":{"text":"Coordinate","link":"http:\/\/www.robertosedda.it\/?cat=52"},"img":{"alt_text":"","src":"https:\/\/i0.wp.com\/www.robertosedda.it\/wp-content\/uploads\/2013\/09\/Delitala.jpg?fit=1200%2C900&resize=350%2C200","width":350,"height":200,"srcset":"https:\/\/i0.wp.com\/www.robertosedda.it\/wp-content\/uploads\/2013\/09\/Delitala.jpg?fit=1200%2C900&resize=350%2C200 1x, https:\/\/i0.wp.com\/www.robertosedda.it\/wp-content\/uploads\/2013\/09\/Delitala.jpg?fit=1200%2C900&resize=700%2C400 2x, https:\/\/i0.wp.com\/www.robertosedda.it\/wp-content\/uploads\/2013\/09\/Delitala.jpg?fit=1200%2C900&resize=1050%2C600 3x"},"classes":[]}],"_links":{"self":[{"href":"http:\/\/www.robertosedda.it\/index.php?rest_route=\/wp\/v2\/posts\/9372"}],"collection":[{"href":"http:\/\/www.robertosedda.it\/index.php?rest_route=\/wp\/v2\/posts"}],"about":[{"href":"http:\/\/www.robertosedda.it\/index.php?rest_route=\/wp\/v2\/types\/post"}],"author":[{"embeddable":true,"href":"http:\/\/www.robertosedda.it\/index.php?rest_route=\/wp\/v2\/users\/1"}],"replies":[{"embeddable":true,"href":"http:\/\/www.robertosedda.it\/index.php?rest_route=%2Fwp%2Fv2%2Fcomments&post=9372"}],"version-history":[{"count":2,"href":"http:\/\/www.robertosedda.it\/index.php?rest_route=\/wp\/v2\/posts\/9372\/revisions"}],"predecessor-version":[{"id":9383,"href":"http:\/\/www.robertosedda.it\/index.php?rest_route=\/wp\/v2\/posts\/9372\/revisions\/9383"}],"wp:featuredmedia":[{"embeddable":true,"href":"http:\/\/www.robertosedda.it\/index.php?rest_route=\/wp\/v2\/media\/9376"}],"wp:attachment":[{"href":"http:\/\/www.robertosedda.it\/index.php?rest_route=%2Fwp%2Fv2%2Fmedia&parent=9372"}],"wp:term":[{"taxonomy":"category","embeddable":true,"href":"http:\/\/www.robertosedda.it\/index.php?rest_route=%2Fwp%2Fv2%2Fcategories&post=9372"},{"taxonomy":"post_tag","embeddable":true,"href":"http:\/\/www.robertosedda.it\/index.php?rest_route=%2Fwp%2Fv2%2Ftags&post=9372"}],"curies":[{"name":"wp","href":"https:\/\/api.w.org\/{rel}","templated":true}]}}