{"id":9338,"date":"2015-01-09T14:23:28","date_gmt":"2015-01-09T13:23:28","guid":{"rendered":"http:\/\/www.robertosedda.it\/?p=9338"},"modified":"2015-01-28T17:36:47","modified_gmt":"2015-01-28T16:36:47","slug":"no-non-siamo-tutti-davvero-charlie","status":"publish","type":"post","link":"http:\/\/www.robertosedda.it\/?p=9338","title":{"rendered":"No, non siamo tutti davvero Charlie"},"content":{"rendered":"<figure id=\"attachment_9350\" aria-describedby=\"caption-attachment-9350\" style=\"width: 226px\" class=\"wp-caption alignleft\"><a href=\"https:\/\/i0.wp.com\/www.robertosedda.it\/wp-content\/uploads\/2015\/01\/Gipi-Charlie.jpg\"><img data-attachment-id=\"9350\" data-permalink=\"http:\/\/www.robertosedda.it\/?attachment_id=9350\" data-orig-file=\"https:\/\/i0.wp.com\/www.robertosedda.it\/wp-content\/uploads\/2015\/01\/Gipi-Charlie.jpg?fit=772%2C1024\" data-orig-size=\"772,1024\" data-comments-opened=\"1\" data-image-meta=\"{&quot;aperture&quot;:&quot;0&quot;,&quot;credit&quot;:&quot;&quot;,&quot;camera&quot;:&quot;&quot;,&quot;caption&quot;:&quot;&quot;,&quot;created_timestamp&quot;:&quot;0&quot;,&quot;copyright&quot;:&quot;&quot;,&quot;focal_length&quot;:&quot;0&quot;,&quot;iso&quot;:&quot;0&quot;,&quot;shutter_speed&quot;:&quot;0&quot;,&quot;title&quot;:&quot;&quot;,&quot;orientation&quot;:&quot;1&quot;}\" data-image-title=\"Gipi Charlie\" data-image-description=\"\" data-image-caption=\"\" data-medium-file=\"https:\/\/i0.wp.com\/www.robertosedda.it\/wp-content\/uploads\/2015\/01\/Gipi-Charlie.jpg?fit=226%2C300\" data-large-file=\"https:\/\/i0.wp.com\/www.robertosedda.it\/wp-content\/uploads\/2015\/01\/Gipi-Charlie.jpg?fit=510%2C676\" decoding=\"async\" loading=\"lazy\" class=\"wp-image-9350 size-medium\" src=\"https:\/\/i0.wp.com\/www.robertosedda.it\/wp-content\/uploads\/2015\/01\/Gipi-Charlie.jpg?resize=226%2C300\" alt=\"Gipi Charlie\" width=\"226\" height=\"300\" srcset=\"https:\/\/i0.wp.com\/www.robertosedda.it\/wp-content\/uploads\/2015\/01\/Gipi-Charlie.jpg?resize=226%2C300 226w, https:\/\/i0.wp.com\/www.robertosedda.it\/wp-content\/uploads\/2015\/01\/Gipi-Charlie.jpg?resize=113%2C150 113w, https:\/\/i0.wp.com\/www.robertosedda.it\/wp-content\/uploads\/2015\/01\/Gipi-Charlie.jpg?resize=510%2C676 510w, https:\/\/i0.wp.com\/www.robertosedda.it\/wp-content\/uploads\/2015\/01\/Gipi-Charlie.jpg?resize=700%2C928 700w, https:\/\/i0.wp.com\/www.robertosedda.it\/wp-content\/uploads\/2015\/01\/Gipi-Charlie.jpg?resize=38%2C50 38w, https:\/\/i0.wp.com\/www.robertosedda.it\/wp-content\/uploads\/2015\/01\/Gipi-Charlie.jpg?w=772 772w\" sizes=\"(max-width: 226px) 100vw, 226px\" data-recalc-dims=\"1\" \/><\/a><figcaption id=\"caption-attachment-9350\" class=\"wp-caption-text\">Gipi<\/figcaption><\/figure>\n<p>Sono grato alla mia amica (e comare) Valeria Galletta che mi ha indirizzato a questo articolo di <a href=\"http:\/\/www.opendemocracy.net\/\"><em>openDemocracy.net<\/em><\/a> a proposito dell&#8217;assassinio dei redattori e disegnatori di <em>Charlie Hebdo<\/em>. L&#8217;ho tradotto anche se non sono sicuro di condividere tutto l&#8217;articolo, ma \u00e8 interessante, ben argomentato e ragiona, cosa che in questo momento, fra reazioni di pancia e impazzamento da <em>social<\/em> non si vede fare particolarmente (dei miserabili che strumentalizzano &#8211; ce ne sono tanti e lo fanno in tante maniere &#8211; non voglio nemmeno parlare). E invece bisogna ragionare, perch\u00e9 gli oppressori &#8211; tutti &#8211; oggi tentano di costringerci dentro cornici emotive, nelle quali le vere possibilit\u00e0 di scelta ci sono sottratte.<\/p>\n<p><a href=\"https:\/\/www.opendemocracy.net\/can-europe-make-it\/cas-mudde\/no-we-are-not-all-charlie-and-that%E2%80%99s-problem\">L&#8217;articolo originale \u00e8 in inglese<\/a>. Le immagini a corredo sono l&#8217;unica vignetta\u00a0che ho trovato di colleghi vignettisti dei morti che non fosse grondante di retorica e scatti di campagne di <em>Reporters sans frontieres<\/em> per la libert\u00e0 di stampa.<\/p>\n<p>P.S. Ho cominciato a tradurre l&#8217;articolo ieri. Siccome siamo nella societ\u00e0 dello spettacolo, vedo che gi\u00e0 oggi \u00e8 partita la contro reazione emozionale all&#8217;ondata emozionale, per cui oggi sui <em>social<\/em> va di moda scrivere <em>Io non sono\u00a0Charlie<\/em>.\u00a0Ognuno lo fa per portare acqua al suo mulino: io, non volendo unirmi a nessuna schiera (morr\u00f2 pecora nera, come diceva Guccini?), avevo pensato di non pubblicare pi\u00f9 nulla, ma siccome l&#8217;articolo anche riletto in queste condizioni rimane interessante, ho deciso di farlo uscire lo stesso.<\/p>\n<h2>No, non siamo davvero tutti Charlie (e questo \u00e8 un problema)<\/h2>\n<h3>di <a href=\"http:\/\/www.opendemocracy.net\/authors\/cas-mudde\">Cas Mudde<\/a><\/h3>\n<p><a href=\"https:\/\/i0.wp.com\/www.robertosedda.it\/wp-content\/uploads\/2015\/01\/Reporters-sans-frontieres-1.jpg\"><img data-attachment-id=\"9353\" data-permalink=\"http:\/\/www.robertosedda.it\/?attachment_id=9353\" data-orig-file=\"https:\/\/i0.wp.com\/www.robertosedda.it\/wp-content\/uploads\/2015\/01\/Reporters-sans-frontieres-1.jpg?fit=424%2C600\" data-orig-size=\"424,600\" data-comments-opened=\"1\" data-image-meta=\"{&quot;aperture&quot;:&quot;0&quot;,&quot;credit&quot;:&quot;&quot;,&quot;camera&quot;:&quot;&quot;,&quot;caption&quot;:&quot;&quot;,&quot;created_timestamp&quot;:&quot;0&quot;,&quot;copyright&quot;:&quot;&quot;,&quot;focal_length&quot;:&quot;0&quot;,&quot;iso&quot;:&quot;0&quot;,&quot;shutter_speed&quot;:&quot;0&quot;,&quot;title&quot;:&quot;&quot;,&quot;orientation&quot;:&quot;0&quot;}\" data-image-title=\"Reporters sans frontieres 1\" data-image-description=\"\" data-image-caption=\"\" data-medium-file=\"https:\/\/i0.wp.com\/www.robertosedda.it\/wp-content\/uploads\/2015\/01\/Reporters-sans-frontieres-1.jpg?fit=212%2C300\" data-large-file=\"https:\/\/i0.wp.com\/www.robertosedda.it\/wp-content\/uploads\/2015\/01\/Reporters-sans-frontieres-1.jpg?fit=424%2C600\" decoding=\"async\" loading=\"lazy\" class=\"alignright size-medium wp-image-9353\" src=\"https:\/\/i0.wp.com\/www.robertosedda.it\/wp-content\/uploads\/2015\/01\/Reporters-sans-frontieres-1.jpg?resize=212%2C300\" alt=\"Reporters sans frontieres 1\" width=\"212\" height=\"300\" srcset=\"https:\/\/i0.wp.com\/www.robertosedda.it\/wp-content\/uploads\/2015\/01\/Reporters-sans-frontieres-1.jpg?resize=212%2C300 212w, https:\/\/i0.wp.com\/www.robertosedda.it\/wp-content\/uploads\/2015\/01\/Reporters-sans-frontieres-1.jpg?resize=106%2C150 106w, https:\/\/i0.wp.com\/www.robertosedda.it\/wp-content\/uploads\/2015\/01\/Reporters-sans-frontieres-1.jpg?resize=35%2C50 35w, https:\/\/i0.wp.com\/www.robertosedda.it\/wp-content\/uploads\/2015\/01\/Reporters-sans-frontieres-1.jpg?w=424 424w\" sizes=\"(max-width: 212px) 100vw, 212px\" data-recalc-dims=\"1\" \/><\/a>Il tragico attacco terroristico al giornale satirico francese\u00a0<em>Charlie Hebdo<\/em> a Parigi, con l&#8217;uccisione di dieci giornalisti e due poliziotti, \u00e8 terrorizzante su\u00a0molti livelli. Sebbene i tre terroristi siano ancora ricercati e le motivazioni ufficiali non siano state ancora accertate tutti gli indizi conducono a <em>jihadisti<\/em>, probabilmente mussulmani nati in Francia di ritorno dalla guerra in Siria (si notino le simiglianze con l&#8217;attacco terroristico al Museo Ebraico di Bruxelles lo scorso anno).<\/p>\n<p>La risposta generale \u00e8 stata una che abbiamo visto troppo spesso in precedenza, per esempio dopo l&#8217;uccisione del regista olandese Theo van Gogh nel 2004 o l&#8217;attacco terroristico agli USA del 2001. I politici usano l&#8217;attacco per esaltare la societ\u00e0 perfettamente democratica e libera alla quale presiedono e sottolineano che tutto questo non ha niente a che fare con l&#8217;Islam, ma solo con degli individui patologici che usano la religione come scusa per ideali estremistici. I cittadini rispondono sull&#8217;unico mezzo di comunicazione sul quale sono ancora attivi, i\u00a0<em>social<\/em>, e fanno grandi proclami di solidariet\u00e0 prima di essere distratti dal video di uno scoiattolo sugli sci o di un gattino che suona il piano. Tutti dichiareranno\u00a0che siamo tutti chiunque la vittima del giorno sia.<\/p>\n<p>Oggi\u00a0<em>Facebook<\/em> e\u00a0<em>Twitter<\/em> sono pieni di dichiarazioni come\u00a0<em>Je suis Charlie<\/em> (\u00abio sono Charlie\u00bb) e\u00a0<em>Siamo tutti Charlie<\/em>. Sfortunatamente, non lo siamo. O, pi\u00f9 precisamente, con poche eccezioni noi non siamo\u00a0Charlie e questo \u00e8 uno problema grave per le democrazie liberali nel mondo. Lasciate che vi dia tre ragioni perch\u00e9 la maggior parte di noi non \u00e8 Charlie\u00a0e perch\u00e9 questo \u00e8 problematico per le nostre democrazie.<\/p>\n<p><a href=\"https:\/\/i0.wp.com\/www.robertosedda.it\/wp-content\/uploads\/2015\/01\/RSF-libert\u00e0-di-stampa.jpg\"><img data-attachment-id=\"9354\" data-permalink=\"http:\/\/www.robertosedda.it\/?attachment_id=9354\" data-orig-file=\"https:\/\/i0.wp.com\/www.robertosedda.it\/wp-content\/uploads\/2015\/01\/RSF-libert\u00e0-di-stampa.jpg?fit=200%2C188\" data-orig-size=\"200,188\" data-comments-opened=\"1\" data-image-meta=\"{&quot;aperture&quot;:&quot;0&quot;,&quot;credit&quot;:&quot;&quot;,&quot;camera&quot;:&quot;&quot;,&quot;caption&quot;:&quot;&quot;,&quot;created_timestamp&quot;:&quot;0&quot;,&quot;copyright&quot;:&quot;&quot;,&quot;focal_length&quot;:&quot;0&quot;,&quot;iso&quot;:&quot;0&quot;,&quot;shutter_speed&quot;:&quot;0&quot;,&quot;title&quot;:&quot;&quot;,&quot;orientation&quot;:&quot;0&quot;}\" data-image-title=\"RSF libert\u00e0 di stampa\" data-image-description=\"\" data-image-caption=\"\" data-medium-file=\"https:\/\/i0.wp.com\/www.robertosedda.it\/wp-content\/uploads\/2015\/01\/RSF-libert\u00e0-di-stampa.jpg?fit=200%2C188\" data-large-file=\"https:\/\/i0.wp.com\/www.robertosedda.it\/wp-content\/uploads\/2015\/01\/RSF-libert\u00e0-di-stampa.jpg?fit=200%2C188\" decoding=\"async\" loading=\"lazy\" class=\"alignleft size-full wp-image-9354\" src=\"https:\/\/i0.wp.com\/www.robertosedda.it\/wp-content\/uploads\/2015\/01\/RSF-libert\u00e0-di-stampa.jpg?resize=200%2C188\" alt=\"RSF libert\u00e0 di stampa\" width=\"200\" height=\"188\" srcset=\"https:\/\/i0.wp.com\/www.robertosedda.it\/wp-content\/uploads\/2015\/01\/RSF-libert\u00e0-di-stampa.jpg?w=200 200w, https:\/\/i0.wp.com\/www.robertosedda.it\/wp-content\/uploads\/2015\/01\/RSF-libert\u00e0-di-stampa.jpg?resize=150%2C141 150w, https:\/\/i0.wp.com\/www.robertosedda.it\/wp-content\/uploads\/2015\/01\/RSF-libert\u00e0-di-stampa.jpg?resize=50%2C47 50w\" sizes=\"(max-width: 200px) 100vw, 200px\" data-recalc-dims=\"1\" \/><\/a>Prima di tutto, molti dei\u00a0pi\u00f9 accesi &#8220;difensori&#8221;di\u00a0<em>Charlie Hebdo<\/em> sono fan molto recenti e selettivi del giornale satirico. Per esempio, \u00e8 stupefacente quanti islamofobi e persone di estrema destra stanno dichiarando il loro amore per una rivista che fino a poco tempo fa avrebbero definito uno &#8220;straccio comunista&#8221; (dopo che la mordente satira di\u00a0<em>Charlie<\/em>\u00a0sbeffeggiava i loro eroi, da Ges\u00f9 Cristo a Marine Le Pen). Questi sono gli eroici difensori della libert\u00e0 di parola, come Geert Wilders, che vuole bandire il Corano perch\u00e9 incita alla violenza.<\/p>\n<p>Molte persone non sono\u00a0Charlie esattamente perch\u00e9\u00a0<em>Charlie Hebdo<\/em>\u00a0critica\u00a0<em>tutte<\/em> le religioni e\u00a0<em>tutti<\/em> i politici, senza distinzione della loro etnia, genere, ideologia, eccetera. Per questo i <em>leader<\/em> di tutte le religioni e di tutti i partiti l&#8217;hanno criticato. Detto questo, sono stati attaccati con la violenza solo da estremisti musulmani. Questo \u00e8 un fatto che non pu\u00f2 e non deve essere negato! Il che non vuol dire che\u00a0<em>solo<\/em>\u00a0gli estremisti mussulmani attaccano i loro critici &#8211; per esempio, recentemente due membri francesi della <a href=\"http:\/\/www.timesofisrael.com\/2-french-jews-jailed-for-assaulting-anti-israel-reporter\/\">Lega di Difesa Ebraica<\/a>\u00a0sono stati condannati per aver piazzato una bomba sotto l&#8217;auto di un giornalista anti-sionista. Tuttavia \u00e8 un <em>fatto<\/em> sgradevole ma incontrovertibile che la maggior parte degli atti e delle minacce di violenza nell&#8217;Europa contemporanea proviene da estremisti islamici. Ci\u00f2 non \u00e8\u00a0<em>a causa<\/em> dell&#8217;Islam, dato che il 99,9 per cento dei mussulmani non \u00e8 violento, ma non vuol dire che l&#8217;Islam non vi giochi assolutamente\u00a0<em>nessun<\/em> ruolo.<\/p>\n<p>In secondo luogo, molti\u00a0non sono Charlie poich\u00e9 credono che i dibattiti democratici dovrebbero essere &#8220;civili&#8221; e non irritare le persone. Il problema \u00e8 che la &#8220;civilt\u00e0&#8221; \u00e8 un concetto scivoloso, che ha differenti significati per persone differenti. Similmente \u00e8 impossibile valutare se le persone sono irritate, per non parlare di comparare in maniera obiettiva quanto irritate siano. Le persone possono essere irritate riguardo a qualunque cosa, quindi perch\u00e9 la sensibilit\u00e0 religiosa dovrebbe avere una protezione speciale? Chi pu\u00f2 dire che la critica di <em>Charlie<\/em> dell&#8217;Islam(ismo) irrita un mussulmano molto pio pi\u00f9 di quanto una critica dell&#8217;<em>\u00c9quipe<\/em>\u00a0\u00a0nei confronti del Paris Saint German ferisce un fan accanito del PSG?<\/p>\n<p>Lungo tutta la storia la &#8220;civilt\u00e0&#8221; \u00e8 stata definita in linea con gli interessi dell&#8217;<em>establishment<\/em> politico. \u00c8 ancora cos\u00ec, il che vuol dire che l&#8217;argomento della &#8220;civilt\u00e0&#8221; \u00e8 quasi sempre usato in maniera selettiva e opportunistica. Certi gruppi sono protetti dai discorsi &#8220;incivili&#8221; e altri no (come nel caso della normativa\u00a0antidiscriminatoria). Questo protegge questi gruppi dalle critiche a prescindere dalla esattezza della critica, il che nel lungo periodo danneggia non solo i critici ma anche i (non) criticati, che non hanno incentivi a riflettere e migliorare.<\/p>\n<p><a href=\"https:\/\/i0.wp.com\/www.robertosedda.it\/wp-content\/uploads\/2015\/01\/RSF-Dassault.png\"><img data-attachment-id=\"9355\" data-permalink=\"http:\/\/www.robertosedda.it\/?attachment_id=9355\" data-orig-file=\"https:\/\/i0.wp.com\/www.robertosedda.it\/wp-content\/uploads\/2015\/01\/RSF-Dassault.png?fit=1064%2C720\" data-orig-size=\"1064,720\" data-comments-opened=\"1\" data-image-meta=\"{&quot;aperture&quot;:&quot;0&quot;,&quot;credit&quot;:&quot;&quot;,&quot;camera&quot;:&quot;&quot;,&quot;caption&quot;:&quot;&quot;,&quot;created_timestamp&quot;:&quot;0&quot;,&quot;copyright&quot;:&quot;&quot;,&quot;focal_length&quot;:&quot;0&quot;,&quot;iso&quot;:&quot;0&quot;,&quot;shutter_speed&quot;:&quot;0&quot;,&quot;title&quot;:&quot;&quot;,&quot;orientation&quot;:&quot;0&quot;}\" data-image-title=\"RSF Dassault\" data-image-description=\"\" data-image-caption=\"\" data-medium-file=\"https:\/\/i0.wp.com\/www.robertosedda.it\/wp-content\/uploads\/2015\/01\/RSF-Dassault.png?fit=300%2C203\" data-large-file=\"https:\/\/i0.wp.com\/www.robertosedda.it\/wp-content\/uploads\/2015\/01\/RSF-Dassault.png?fit=510%2C345\" decoding=\"async\" loading=\"lazy\" class=\"aligncenter size-full wp-image-9355\" src=\"https:\/\/i0.wp.com\/www.robertosedda.it\/wp-content\/uploads\/2015\/01\/RSF-Dassault.png?resize=800%2C541\" alt=\"RSF Dassault\" width=\"800\" height=\"541\" srcset=\"https:\/\/i0.wp.com\/www.robertosedda.it\/wp-content\/uploads\/2015\/01\/RSF-Dassault.png?w=1064 1064w, https:\/\/i0.wp.com\/www.robertosedda.it\/wp-content\/uploads\/2015\/01\/RSF-Dassault.png?resize=150%2C102 150w, https:\/\/i0.wp.com\/www.robertosedda.it\/wp-content\/uploads\/2015\/01\/RSF-Dassault.png?resize=300%2C203 300w, https:\/\/i0.wp.com\/www.robertosedda.it\/wp-content\/uploads\/2015\/01\/RSF-Dassault.png?resize=510%2C345 510w, https:\/\/i0.wp.com\/www.robertosedda.it\/wp-content\/uploads\/2015\/01\/RSF-Dassault.png?resize=700%2C474 700w, https:\/\/i0.wp.com\/www.robertosedda.it\/wp-content\/uploads\/2015\/01\/RSF-Dassault.png?resize=50%2C34 50w\" sizes=\"(max-width: 800px) 100vw, 800px\" data-recalc-dims=\"1\" \/><\/a>In terzo luogo, e conclusivo, molte persone non sono Charlie perch\u00e9 sono spaventate. Molti non criticano mai apertamente niente e nessuno, o almeno nessuno che sia relativamente potente. Ma anche fra i critici di professione, come i comici e gli intellettuali, l&#8217;autocensura sta progressivamente diventando la norma. Molti affrontano argomenti relativi agli ebrei e a Israele in maniera molto pi\u00f9 attenta rispetto ad altri gruppi o Stati, per paura di sanzioni in campo professionale (si pensi al <a href=\"http:\/\/op-talk.blogs.nytimes.com\/2014\/10\/02\/steven-salaita-and-the-quagmire-of-academic-freedom\/?_r=0\">caso Salaita<\/a> negli Stati Uniti). Ugualmente preoccupante \u00e8 il crescente gruppo di comici e intellettuali che si autocensurano su argomenti relativi all&#8217;Islam e ai mussulmani. Gi\u00e0 diversi anni fa mi capit\u00f2 di incontrare personalit\u00e0 intellettuali olandesi che mi dissero, in privato, che avevano smesso di polemizzare con l&#8217;Islam(ismo) in pubblico a causa di violente minacce a loro e ai familiari. Perfino l'&#8221;impavido&#8221; comico statunitense Stephen Colbert non mostr\u00f2 le famose vignette su Maometto, o altre immagini considerate offensive per i mussulmani, mandando invec ein onda una (divertente) immagine di &#8220;disturbi tecnici&#8221;. Sebbene si sia preso gioco della sua paura di una risposta vilenta, non l&#8217;ha mai seriamente problematizzata e, alla fin fine, ha\u00a0censurato s\u00e9 stesso. Perfino i pochi spiriti coraggiosi che hanno il coraggio di satirizzare l&#8217;Islam(ismo) spesso vengono censurati dai mezzi di comunicazione o dai loro datori di lavoro &#8211; il noto <a href=\"http:\/\/www.huffingtonpost.com\/2010\/04\/22\/south-park-mohammed-censo_n_547484.html\">&#8220;episodio di Maometto&#8221;<\/a> di <em>South Park<\/em>\u00a0\u00e8 stato pi\u00f9 volte censurato da\u00a0<em>Comedy Central<\/em>!<\/p>\n<p><a href=\"https:\/\/i0.wp.com\/www.robertosedda.it\/wp-content\/uploads\/2015\/01\/Reporters-sans-frontieres-2.jpg\"><img data-attachment-id=\"9356\" data-permalink=\"http:\/\/www.robertosedda.it\/?attachment_id=9356\" data-orig-file=\"https:\/\/i0.wp.com\/www.robertosedda.it\/wp-content\/uploads\/2015\/01\/Reporters-sans-frontieres-2.jpg?fit=500%2C635\" data-orig-size=\"500,635\" data-comments-opened=\"1\" data-image-meta=\"{&quot;aperture&quot;:&quot;0&quot;,&quot;credit&quot;:&quot;&quot;,&quot;camera&quot;:&quot;&quot;,&quot;caption&quot;:&quot;&quot;,&quot;created_timestamp&quot;:&quot;0&quot;,&quot;copyright&quot;:&quot;&quot;,&quot;focal_length&quot;:&quot;0&quot;,&quot;iso&quot;:&quot;0&quot;,&quot;shutter_speed&quot;:&quot;0&quot;,&quot;title&quot;:&quot;&quot;,&quot;orientation&quot;:&quot;0&quot;}\" data-image-title=\"Reporters sans frontieres 2\" data-image-description=\"\" data-image-caption=\"\" data-medium-file=\"https:\/\/i0.wp.com\/www.robertosedda.it\/wp-content\/uploads\/2015\/01\/Reporters-sans-frontieres-2.jpg?fit=236%2C300\" data-large-file=\"https:\/\/i0.wp.com\/www.robertosedda.it\/wp-content\/uploads\/2015\/01\/Reporters-sans-frontieres-2.jpg?fit=500%2C635\" decoding=\"async\" loading=\"lazy\" class=\"alignleft size-medium wp-image-9356\" src=\"https:\/\/i0.wp.com\/www.robertosedda.it\/wp-content\/uploads\/2015\/01\/Reporters-sans-frontieres-2.jpg?resize=236%2C300\" alt=\"Reporters sans frontieres 2\" width=\"236\" height=\"300\" srcset=\"https:\/\/i0.wp.com\/www.robertosedda.it\/wp-content\/uploads\/2015\/01\/Reporters-sans-frontieres-2.jpg?resize=236%2C300 236w, https:\/\/i0.wp.com\/www.robertosedda.it\/wp-content\/uploads\/2015\/01\/Reporters-sans-frontieres-2.jpg?resize=118%2C150 118w, https:\/\/i0.wp.com\/www.robertosedda.it\/wp-content\/uploads\/2015\/01\/Reporters-sans-frontieres-2.jpg?resize=39%2C50 39w, https:\/\/i0.wp.com\/www.robertosedda.it\/wp-content\/uploads\/2015\/01\/Reporters-sans-frontieres-2.jpg?w=500 500w\" sizes=\"(max-width: 236px) 100vw, 236px\" data-recalc-dims=\"1\" \/><\/a>\u00c8 vero che ci sono spiegazioni\u00a0strutturali per l&#8217;alto livello di rabbia e di frustrazione della parte (radicale) della popolazione mussulmana europea cos\u00ec come per il fatto che\u00a0<em>alcuni<\/em> di loro ricorrono alla (minaccia della) violenza. Nessuna di queste\u00a0<em>giustifica<\/em>\u00a0azioni violente all&#8217;interno di una democrazia, ma questo non significa che non possiamo imparare qualcosa da esse. \u00c8 confortevole e politicamente utile dichiarare che &#8220;noi&#8221; siamo sotto attacco perch\u00e9 &#8220;loro&#8221; non sono capaci di gestire le &#8220;nostre&#8221; libert\u00e0, in particolare la libert\u00e0 di stampa. I politici predicheranno che &#8220;gli islamici&#8221; devono venire a patti col fatto che &#8220;loro&#8221; (adesso) vivono in una societ\u00e0 dove ogni cosa pu\u00f2 essere criticata, facendo riferimento a critiche nei confronti dei cristiani e del Cristianesimo (sebbene spesso degli anni &#8217;60 e &#8217;70), ma questo \u00e8 al pi\u00f9 ingenuo e nel caso peggiore falso. Molte critiche &#8220;accettabili&#8221; dell&#8217;Islam o dei mussulmani sarebbero considerate inaccettabili, e illegali!, se avessero come bersaglio altri gruppi &#8211; per averne una prova sostituite &#8220;mussulmano&#8221; con &#8220;ebreo&#8221; o &#8220;nero&#8221; e vedete se pensate ancora che la\u00a0critica \u00e8 accettabile. Quindi alcuni mussulmani considereranno l&#8217;argomento della &#8220;libert\u00e0 di parola&#8221; come un sotterfugio.<\/p>\n<p>Colelgato a questo \u00e8 la percezione di\u00a0impotenza fra la popolazione mussulmana d&#8217;Europa. Alcuni pensano che i mussulmani sono discriminati perch\u00e9 non hanno voce nel sistema politico. Si richiama l&#8217;attenzione al potere degli ebrei, effettivamente\u00a0<em>talvolta<\/em> ispirandosi a una visione del mondo antisemita, e al loro tentativo coronato da successo di reprimere con pi\u00f9 efficacia l&#8217;antisemitismo. Essi sentono che i mussulmani sono costretti o a affidarsi alla benevolenza delle\u00a0<em>\u00e9lite<\/em> non mussulmane, che si rivelano piuttosto selettive nel loro sostegno (anche a sinistra) o a ricorrere a misure extra-politiche, come la (minaccia della) violenza.<\/p>\n<p>Permettetemi di ripetere che queste non sono giustificazioni accettabili per azioni o parole violente! Ma non sono neppure senza una base fattuale. Se &#8220;noi&#8221; ci aspettiamo che &#8220;loro&#8221; rispettino la libert\u00e0 di stampa, allora questa libert\u00e0 di stampa dovrebbe o essere totalmente libera o proteggere tutti i gruppi nello stesso modo (che, io credo, \u00e8 impossibile). Se &#8220;noi&#8221; vogliamo che &#8220;loro&#8221; rispettino le (non &#8220;le nostre&#8221;) regole democratiche del gioco, &#8220;noi&#8221; dovremmo anche accettare &#8220;loro&#8221; come cittadini in condizioni di uguaglianza. Troppo spesso l&#8217;Islam e i mussulmani sono trattati come stranieri, collegati all&#8217;immigrazione o a un paese o regione lontano. Ma la maggioranza dei mussulmani nella maggior parte dei paesi europei sono cittadini, nati e cresciuti in Europa. In altre parole, &#8220;loro&#8221; sono &#8220;noi&#8221;!\u00a0Quindi cos\u00ec come &#8220;loro&#8221; devono venire a patti col fatto che vivono nel &#8220;nostro&#8221; paese, &#8220;noi&#8221; dobbiamo venire a patti col fatto che \u00e8 anche il &#8220;loro&#8221; paese&#8221;!<\/p>\n<p>Quindi, come procediamo in maniera costruttiva, rafforzando le nostre democrazie liberali piuttosto indebolendole con reazioni autoritarie basate sui pregiudizi? Invece che restringere ulteriormente la libert\u00e0 di parola, limitandola a &#8220;civili&#8221; discussioni o ampliando ancora di pi\u00f9 la normativa anti-discriminazione, dovremmo essere all&#8217;altezza dei nostri\u00a0<em>slogan<\/em> e abbracciare la libert\u00e0 di parola per tutti, compresi gli antisemiti e gli islamofobi! E ugualmente, dovremmo criticare e satireggiare <em>tutti<\/em>, dagli atei ai cristiani, dagli ebrei ai mussulmani e dai Verdi all&#8217;estrema destra. Questo richiede non solo che noi tutti prendiamo la parola contro gli estremisti, ma anche che difendiamo coloro che li affrontano&#8230; anche\u00a0<em>prima<\/em> che vengano minacciati o uccisi.<\/p>\n","protected":false},"excerpt":{"rendered":"<p>Sono grato alla mia amica (e comare) Valeria Galletta che mi ha indirizzato a questo articolo di openDemocracy.net a proposito<\/p>\n","protected":false},"author":1,"featured_media":9356,"comment_status":"open","ping_status":"open","sticky":false,"template":"","format":"standard","meta":{"_mi_skip_tracking":false,"_monsterinsights_sitenote_active":false,"_monsterinsights_sitenote_note":"","_monsterinsights_sitenote_category":0,"jetpack_post_was_ever_published":false,"_jetpack_newsletter_access":"","jetpack_publicize_message":"","jetpack_is_tweetstorm":false,"jetpack_publicize_feature_enabled":true,"jetpack_social_post_already_shared":true,"jetpack_social_options":{"image_generator_settings":{"template":"highway","enabled":false}}},"categories":[52,57,17,59,16],"tags":[],"jetpack_publicize_connections":[],"jetpack_featured_media_url":"https:\/\/i0.wp.com\/www.robertosedda.it\/wp-content\/uploads\/2015\/01\/Reporters-sans-frontieres-2.jpg?fit=500%2C635","jetpack_sharing_enabled":true,"jetpack_shortlink":"https:\/\/wp.me\/p4jV2T-2qC","jetpack_likes_enabled":true,"jetpack-related-posts":[{"id":6359,"url":"http:\/\/www.robertosedda.it\/?p=6359","url_meta":{"origin":9338,"position":0},"title":"Segni notevoli: seno naturale","author":"Rufus","date":"12\/02\/2014","format":false,"excerpt":"Ieri ho visto su Facebook lo status di un amico che segnalava, pi\u00f9 o meno: la ragazza davanti a me sul treno assomiglia irresistibilmente a Raphaella Anderson; sono turbato. Siccome sono curioso come una scimmia ma non sapevo chi fosse Raphaella Anderson ho cercato su Wiki e ho avuto la\u2026","rel":"","context":"In &quot;Coordinate&quot;","block_context":{"text":"Coordinate","link":"http:\/\/www.robertosedda.it\/?cat=52"},"img":{"alt_text":"","src":"https:\/\/i0.wp.com\/www.robertosedda.it\/wp-content\/uploads\/2014\/02\/Ilona-Staller-parlamento.png?resize=350%2C200","width":350,"height":200},"classes":[]},{"id":9454,"url":"http:\/\/www.robertosedda.it\/?p=9454","url_meta":{"origin":9338,"position":1},"title":"REBLOG: Il fumetto per il dialogo","author":"Rufus","date":"24\/01\/2015","format":"link","excerpt":"Dall'imperdibile\u00a0blog di Beniamino Sidoti, un'intervista con Paolo Comoglio del COSV, una ONG che si occupa (anche) di\u00a0promozione del fumetto per i giovani del bacino mediterraneo. Si parla di\u00a0Charlie Hebdo, di fumetto, di situazione della cultura e della liber\u00e0 di stampa nei paesi arabi.","rel":"","context":"In &quot;Segnalazioni&quot;","block_context":{"text":"Segnalazioni","link":"http:\/\/www.robertosedda.it\/?cat=95"},"img":{"alt_text":"","src":"","width":0,"height":0},"classes":[]},{"id":14977,"url":"http:\/\/www.robertosedda.it\/?p=14977","url_meta":{"origin":9338,"position":2},"title":"Cento grandi brani jazz&#8230; da provare","author":"Rufus","date":"09\/04\/2018","format":"video","excerpt":"Un po' sulla spinta dell'elenco fatto nei giorni scorsi dei dieci dischi che sono stati pi\u00f9 importanti per me mi \u00e8 tornata voglia di fare ascolti nuovi - un po' come mi capitava quando c'era\u00a0Oggi parliamo di libri e mi facevo suggerire le colonne sonore delle puntate. Fra le cose\u2026","rel":"","context":"In &quot;Coordinate&quot;","block_context":{"text":"Coordinate","link":"http:\/\/www.robertosedda.it\/?cat=52"},"img":{"alt_text":"","src":"https:\/\/i0.wp.com\/www.robertosedda.it\/wp-content\/uploads\/2018\/04\/Cotton-Club.jpg?fit=620%2C310&resize=350%2C200","width":350,"height":200},"classes":[]},{"id":12179,"url":"http:\/\/www.robertosedda.it\/?p=12179","url_meta":{"origin":9338,"position":3},"title":"Dispiacere","author":"Rufus","date":"29\/06\/2016","format":false,"excerpt":"Stamattina mi sveglio con la notizia di decine di morti a Istanbul. Non so come dire senza essere retorico: mi dispiace molto. Davvero tanto. E non voglio unirmi al coro di altre volte, il coro di quelli che dicono:\u00a0per Parigi tanta emozione, e invece adesso..., ma vedo che l'emozione che\u2026","rel":"","context":"In &quot;Coordinate&quot;","block_context":{"text":"Coordinate","link":"http:\/\/www.robertosedda.it\/?cat=52"},"img":{"alt_text":"","src":"https:\/\/i0.wp.com\/www.robertosedda.it\/wp-content\/uploads\/2016\/06\/Istanbul.jpg?fit=1200%2C800&resize=350%2C200","width":350,"height":200,"srcset":"https:\/\/i0.wp.com\/www.robertosedda.it\/wp-content\/uploads\/2016\/06\/Istanbul.jpg?fit=1200%2C800&resize=350%2C200 1x, https:\/\/i0.wp.com\/www.robertosedda.it\/wp-content\/uploads\/2016\/06\/Istanbul.jpg?fit=1200%2C800&resize=700%2C400 2x, https:\/\/i0.wp.com\/www.robertosedda.it\/wp-content\/uploads\/2016\/06\/Istanbul.jpg?fit=1200%2C800&resize=1050%2C600 3x"},"classes":[]},{"id":11454,"url":"http:\/\/www.robertosedda.it\/?p=11454","url_meta":{"origin":9338,"position":4},"title":"Tecniche di provocazione lenta","author":"Rufus","date":"26\/01\/2016","format":"video","excerpt":"Segnalo, perch\u00e9 mi ha fatto molto ridere, l'impresa del regista inglese Charlie Lyne che ha girato un film di quattordici ore (quat-tor-di-ci) nel quale tutto ci\u00f2 che si vede \u00e8 un muro appena dipinto sul quale pian piano la vernice si asciuga. Lyne ha concepito lo scherzo come una provocazione\u2026","rel":"","context":"In &quot;Coordinate&quot;","block_context":{"text":"Coordinate","link":"http:\/\/www.robertosedda.it\/?cat=52"},"img":{"alt_text":"","src":"https:\/\/i0.wp.com\/img.youtube.com\/vi\/xT7teifeXiU\/0.jpg?resize=350%2C200","width":350,"height":200},"classes":[]},{"id":17969,"url":"http:\/\/www.robertosedda.it\/?p=17969","url_meta":{"origin":9338,"position":5},"title":"Cosa scrivere, questo \u00e8 il problema","author":"Rufus","date":"16\/03\/2020","format":false,"excerpt":"Quando ho iniziato a scrivere questo blog, mi sono dato alcune regole, la pi\u00f9 importante delle quali era che avrei scritto principalmente per me. La regola ha una serie di corollari di cui ho gi\u00e0 parlato intorno all'epoca dell'attentato a Charlie Hebdo: fondamentalmente che se non mi sembra di avere\u2026","rel":"","context":"In &quot;Coordinate&quot;","block_context":{"text":"Coordinate","link":"http:\/\/www.robertosedda.it\/?cat=52"},"img":{"alt_text":"","src":"https:\/\/i0.wp.com\/www.robertosedda.it\/wp-content\/uploads\/2016\/12\/Rufus-Facebook.jpg?fit=856%2C357&resize=350%2C200","width":350,"height":200,"srcset":"https:\/\/i0.wp.com\/www.robertosedda.it\/wp-content\/uploads\/2016\/12\/Rufus-Facebook.jpg?fit=856%2C357&resize=350%2C200 1x, https:\/\/i0.wp.com\/www.robertosedda.it\/wp-content\/uploads\/2016\/12\/Rufus-Facebook.jpg?fit=856%2C357&resize=700%2C400 2x"},"classes":[]}],"_links":{"self":[{"href":"http:\/\/www.robertosedda.it\/index.php?rest_route=\/wp\/v2\/posts\/9338"}],"collection":[{"href":"http:\/\/www.robertosedda.it\/index.php?rest_route=\/wp\/v2\/posts"}],"about":[{"href":"http:\/\/www.robertosedda.it\/index.php?rest_route=\/wp\/v2\/types\/post"}],"author":[{"embeddable":true,"href":"http:\/\/www.robertosedda.it\/index.php?rest_route=\/wp\/v2\/users\/1"}],"replies":[{"embeddable":true,"href":"http:\/\/www.robertosedda.it\/index.php?rest_route=%2Fwp%2Fv2%2Fcomments&post=9338"}],"version-history":[{"count":5,"href":"http:\/\/www.robertosedda.it\/index.php?rest_route=\/wp\/v2\/posts\/9338\/revisions"}],"predecessor-version":[{"id":9489,"href":"http:\/\/www.robertosedda.it\/index.php?rest_route=\/wp\/v2\/posts\/9338\/revisions\/9489"}],"wp:featuredmedia":[{"embeddable":true,"href":"http:\/\/www.robertosedda.it\/index.php?rest_route=\/wp\/v2\/media\/9356"}],"wp:attachment":[{"href":"http:\/\/www.robertosedda.it\/index.php?rest_route=%2Fwp%2Fv2%2Fmedia&parent=9338"}],"wp:term":[{"taxonomy":"category","embeddable":true,"href":"http:\/\/www.robertosedda.it\/index.php?rest_route=%2Fwp%2Fv2%2Fcategories&post=9338"},{"taxonomy":"post_tag","embeddable":true,"href":"http:\/\/www.robertosedda.it\/index.php?rest_route=%2Fwp%2Fv2%2Ftags&post=9338"}],"curies":[{"name":"wp","href":"https:\/\/api.w.org\/{rel}","templated":true}]}}