{"id":9287,"date":"2014-12-30T10:40:36","date_gmt":"2014-12-30T09:40:36","guid":{"rendered":"http:\/\/www.robertosedda.it\/?p=9287"},"modified":"2015-01-02T12:49:17","modified_gmt":"2015-01-02T11:49:17","slug":"lamore-ai-tempi-della-radio","status":"publish","type":"post","link":"http:\/\/www.robertosedda.it\/?p=9287","title":{"rendered":"L&#8217;amore ai tempi della radio"},"content":{"rendered":"<p>Ho scoperto <em>L&#8217;amore ai tempi del colera<\/em> grazie ad Alessandro Baricco e a una vecchia puntata di\u00a0Pickwick.<\/p>\n<p>Parentesi: qualunque cosa si pensi del Baricco scrittore <em><a href=\"http:\/\/www.rai.tv\/dl\/RaiTV\/programmi\/page\/Page-c7fa4c02-6911-486a-b6a1-9a1471d9315a.html?set=ContentSet-b8f244c2-0b83-4dd2-ab08-421c5586254b&amp;type=V\">Pickwick<\/a>\u00a0<\/em>era davvero\u00a0una splendida\u00a0\u00a0trasmissione, come la successiva\u00a0<a href=\"http:\/\/www.rai.tv\/dl\/RaiTV\/programmi\/media\/ContentItem-e0f9f6a3-d3f8-4939-839c-10c60bbcca80.html\"><em>Totem<\/em><\/a>, e varrebbe davvero la pena di recuperarla.<\/p>\n<div class=\"jetpack-video-wrapper\"><span class=\"embed-youtube\" style=\"text-align:center; display: block;\"><iframe class=\"youtube-player\" width=\"800\" height=\"450\" src=\"https:\/\/www.youtube.com\/embed\/rmxwA5sYNJ8?version=3&#038;rel=1&#038;showsearch=0&#038;showinfo=1&#038;iv_load_policy=1&#038;fs=1&#038;hl=it-IT&#038;autohide=2&#038;wmode=transparent\" allowfullscreen=\"true\" style=\"border:0;\" sandbox=\"allow-scripts allow-same-origin allow-popups allow-presentation\"><\/iframe><\/span><\/div>\n<p>Da allora il romanzo mi \u00e8 sempre rimasto molto caro, anche se devo confessare che come quasi tutto M\u00e1rquez faccio sempre un po&#8217; fatica a finirlo, tanto \u00e8 il livello di invenzioni, di sensazioni che mi assalgono: si vede che non sono fatto per la sensualit\u00e0 della latinoamerica e dev&#8217;essere per questo che preferisco i compassati vittoriani. Per\u00f2 insomma ci tenevo davvero a parlarne e, anche se non toccherebbe a me dirlo, mi pare che ne sia uscita una puntata dignitosa che chiude anche in maniera significativa\u00a0il trittico iniziato con\u00a0<a title=\"Il mondo in un libro\" href=\"http:\/\/www.robertosedda.it\/?p=9047\"><em>David Copperfield<\/em><\/a>\u00a0e proseguito con\u00a0<em><a title=\"Grandi speranze a \u201cOggi parliamo di libri\u201d\" href=\"http:\/\/www.robertosedda.it\/?p=9093\">Grandi speranze<\/a><\/em>: uno stacco sensibile in termini di sensibilit\u00e0, di personaggi, un diverso modo di ragionare sulle storie d&#8217;amore quotidiane e borghesi, ma un&#8217;intesa di fondo che compone nelle tre puntate un discorso &#8211; ripeto: non toccherebbe a me dirlo &#8211; interessante.<\/p>\n<div class=\"jetpack-video-wrapper\"><span class=\"embed-youtube\" style=\"text-align:center; display: block;\"><iframe class=\"youtube-player\" width=\"800\" height=\"450\" src=\"https:\/\/www.youtube.com\/embed\/SzW7YR-zOAI?version=3&#038;rel=1&#038;showsearch=0&#038;showinfo=1&#038;iv_load_policy=1&#038;fs=1&#038;hl=it-IT&#038;autohide=2&#038;wmode=transparent\" allowfullscreen=\"true\" style=\"border:0;\" sandbox=\"allow-scripts allow-same-origin allow-popups allow-presentation\"><\/iframe><\/span><\/div>\n<p>Come pausa musicale Maria Bonaria mi aveva suggerito\u00a0<em>Gracias a la vida<\/em>, che ho preferito usare invece per la puntata su\u00a0<em>David\u00a0Copperfield<\/em>. A quel punto sono tornato alla <a title=\"A proposito di playlist\" href=\"http:\/\/www.robertosedda.it\/?p=3838\">famosa\u00a0<em>playlist<\/em> di Lucas Davenport<\/a>\u00a0nella quale ho ritrovato questo bel pezzo dei\u00a0<em>Jefferson Airplane<\/em> che, per motivi come al solito misteriosi, mi ha subito fatto venire in mente Florentino Ariza.<\/p>\n<div class=\"jetpack-video-wrapper\"><span class=\"embed-youtube\" style=\"text-align:center; display: block;\"><iframe class=\"youtube-player\" width=\"800\" height=\"450\" src=\"https:\/\/www.youtube.com\/embed\/2EdLasOrG6c?version=3&#038;rel=1&#038;showsearch=0&#038;showinfo=1&#038;iv_load_policy=1&#038;fs=1&#038;hl=it-IT&#038;autohide=2&#038;wmode=transparent\" allowfullscreen=\"true\" style=\"border:0;\" sandbox=\"allow-scripts allow-same-origin allow-popups allow-presentation\"><\/iframe><\/span><\/div>\n","protected":false},"excerpt":{"rendered":"<p>Ho scoperto L&#8217;amore ai tempi del colera grazie ad Alessandro Baricco e a una vecchia puntata di\u00a0Pickwick. Parentesi: qualunque cosa<\/p>\n","protected":false},"author":1,"featured_media":0,"comment_status":"open","ping_status":"open","sticky":false,"template":"","format":"video","meta":{"_mi_skip_tracking":false,"_monsterinsights_sitenote_active":false,"_monsterinsights_sitenote_note":"","_monsterinsights_sitenote_category":0,"jetpack_post_was_ever_published":false,"_jetpack_newsletter_access":"","jetpack_publicize_message":"","jetpack_is_tweetstorm":false,"jetpack_publicize_feature_enabled":true,"jetpack_social_post_already_shared":true,"jetpack_social_options":{"image_generator_settings":{"template":"highway","enabled":false}}},"categories":[52,56,13,82,12],"tags":[],"jetpack_publicize_connections":[],"jetpack_featured_media_url":"","jetpack_sharing_enabled":true,"jetpack_shortlink":"https:\/\/wp.me\/p4jV2T-2pN","jetpack_likes_enabled":true,"jetpack-related-posts":[{"id":16172,"url":"http:\/\/www.robertosedda.it\/?p=16172","url_meta":{"origin":9287,"position":0},"title":"Quasi del tutto","author":"Rufus","date":"18\/01\/2019","format":false,"excerpt":"Mi sembra opportuno segnalare l'intervento di Baricco pubblicato sul suo blog su Medium, The catcher, come un contributo sulla situazione politica e sociale da parte di un intellettuale certamente non sospettabile di populismo che per\u00f2 scrive cose piuttosto indigeste all'establishment culturale e politico. Ci sono molti difetti - anche pregi,\u2026","rel":"","context":"In &quot;Coordinate&quot;","block_context":{"text":"Coordinate","link":"http:\/\/www.robertosedda.it\/?cat=52"},"img":{"alt_text":"","src":"https:\/\/i0.wp.com\/www.robertosedda.it\/wp-content\/uploads\/2019\/01\/Baricco.png?fit=1200%2C720&resize=350%2C200","width":350,"height":200,"srcset":"https:\/\/i0.wp.com\/www.robertosedda.it\/wp-content\/uploads\/2019\/01\/Baricco.png?fit=1200%2C720&resize=350%2C200 1x, https:\/\/i0.wp.com\/www.robertosedda.it\/wp-content\/uploads\/2019\/01\/Baricco.png?fit=1200%2C720&resize=700%2C400 2x, https:\/\/i0.wp.com\/www.robertosedda.it\/wp-content\/uploads\/2019\/01\/Baricco.png?fit=1200%2C720&resize=1050%2C600 3x"},"classes":[]},{"id":16594,"url":"http:\/\/www.robertosedda.it\/?p=16594","url_meta":{"origin":9287,"position":1},"title":"Matrimoni infelici","author":"Rufus","date":"16\/04\/2019","format":false,"excerpt":"Sto ancora leggendo la Divina Commedia, ma mi \u00e8 venuta voglia di un romanzo, di una storia, quindi dopo il capitolo che rappresenta la mia preghiera laica mattutina (e talvolta in questa Quaresima, devo dire, dopo le Lodi) mi sono messo a leggere Madame Bovary, in francese. Di solito in\u2026","rel":"","context":"In &quot;Coordinate&quot;","block_context":{"text":"Coordinate","link":"http:\/\/www.robertosedda.it\/?cat=52"},"img":{"alt_text":"","src":"https:\/\/i0.wp.com\/www.robertosedda.it\/wp-content\/uploads\/2019\/04\/Madame-Bovary.jpg?fit=757%2C1200&resize=350%2C200","width":350,"height":200,"srcset":"https:\/\/i0.wp.com\/www.robertosedda.it\/wp-content\/uploads\/2019\/04\/Madame-Bovary.jpg?fit=757%2C1200&resize=350%2C200 1x, https:\/\/i0.wp.com\/www.robertosedda.it\/wp-content\/uploads\/2019\/04\/Madame-Bovary.jpg?fit=757%2C1200&resize=700%2C400 2x"},"classes":[]},{"id":11052,"url":"http:\/\/www.robertosedda.it\/?p=11052","url_meta":{"origin":9287,"position":2},"title":"A coloro che verranno","author":"Rufus","date":"21\/10\/2015","format":false,"excerpt":"A Iglesias ho citato una poesia famosissima di Brecht che \u00e8 piaciuta a diversi e che ero convinto di avere gi\u00e0 postato qui sul sito. Siccome invece non riesco a trovarla, la pubblico nella sua interezza. A coloro che verranno (Bertolt Brecht, 1939) Davvero, vivo in tempi bui! La parola\u2026","rel":"","context":"In &quot;Coordinate&quot;","block_context":{"text":"Coordinate","link":"http:\/\/www.robertosedda.it\/?cat=52"},"img":{"alt_text":"","src":"https:\/\/i0.wp.com\/www.robertosedda.it\/wp-content\/uploads\/2015\/09\/Brecht.jpg?fit=405%2C350&resize=350%2C200","width":350,"height":200},"classes":[]},{"id":11908,"url":"http:\/\/www.robertosedda.it\/?p=11908","url_meta":{"origin":9287,"position":3},"title":"L&#8217;amore ai tempi dell&#8217;odio","author":"Rufus","date":"06\/05\/2016","format":"video","excerpt":"Sole alto (Dalibor Matani\u0107, Croazia 2015) Sole alto, che ho visto ieri al benemerito Odissea, racconta tre storie d'amore ambientate tutte nei dintorni di un lago croato attorno al quale vivono famiglie sia serbe che croate: la spiaggia del lago e il suo chiosco\u00a0-\u00a0il luogo della giovent\u00f9, delle nuotate, dell'amore,\u2026","rel":"","context":"In &quot;Coordinate&quot;","block_context":{"text":"Coordinate","link":"http:\/\/www.robertosedda.it\/?cat=52"},"img":{"alt_text":"","src":"https:\/\/i0.wp.com\/www.robertosedda.it\/wp-content\/uploads\/2016\/05\/Sole-alto.jpg?fit=1200%2C800&resize=350%2C200","width":350,"height":200,"srcset":"https:\/\/i0.wp.com\/www.robertosedda.it\/wp-content\/uploads\/2016\/05\/Sole-alto.jpg?fit=1200%2C800&resize=350%2C200 1x, https:\/\/i0.wp.com\/www.robertosedda.it\/wp-content\/uploads\/2016\/05\/Sole-alto.jpg?fit=1200%2C800&resize=700%2C400 2x, https:\/\/i0.wp.com\/www.robertosedda.it\/wp-content\/uploads\/2016\/05\/Sole-alto.jpg?fit=1200%2C800&resize=1050%2C600 3x"},"classes":[]},{"id":8836,"url":"http:\/\/www.robertosedda.it\/?p=8836","url_meta":{"origin":9287,"position":4},"title":"Ne &#8220;L&#8217;ultimo dei Mohicani&#8221; c&#8217;\u00e8 molto, molto di pi\u00f9","author":"Rufus","date":"10\/11\/2014","format":"video","excerpt":"Ho\u00a0messo in linea oggi, dopo molte perplessit\u00e0, la puntata di\u00a0Oggi parliamo di libri dedicata a L'ultimo dei Mohicani. Le perplessit\u00e0 derivavano dal fatto che dopo avere registrato e mandato in onda la puntata mi \u00e8 venuta voglia di una rilettura e mi sono subito\u00a0reso conto che da una parte il\u2026","rel":"","context":"In &quot;Cappe e spade&quot;","block_context":{"text":"Cappe e spade","link":"http:\/\/www.robertosedda.it\/?cat=70"},"img":{"alt_text":"","src":"https:\/\/i0.wp.com\/img.youtube.com\/vi\/TXB5yJakU88\/0.jpg?resize=350%2C200","width":350,"height":200},"classes":[]},{"id":8620,"url":"http:\/\/www.robertosedda.it\/?p=8620","url_meta":{"origin":9287,"position":5},"title":"L&#8217;innegabile fascino di Dracula il vampiro","author":"Rufus","date":"10\/10\/2014","format":"video","excerpt":"Ho caricato oggi la puntata di\u00a0Oggi parliamo di libri caricata a Dracula di Bram Stoker. Avevo deciso da moltissimo tempo che se avessi fatto un ciclo di puntate dedicato alla letteratura\u00a0sentimentale e alle storie d'amore avrei incluso\u00a0Dracula: durante la puntata ho giustificato la scelta, in\u00a0parte, con il collegamento al \"catalogo\"\u2026","rel":"","context":"In &quot;Coordinate&quot;","block_context":{"text":"Coordinate","link":"http:\/\/www.robertosedda.it\/?cat=52"},"img":{"alt_text":"","src":"https:\/\/i0.wp.com\/www.robertosedda.it\/wp-content\/uploads\/2014\/10\/lettori.jpg?resize=350%2C200","width":350,"height":200,"srcset":"https:\/\/i0.wp.com\/www.robertosedda.it\/wp-content\/uploads\/2014\/10\/lettori.jpg?resize=350%2C200 1x, https:\/\/i0.wp.com\/www.robertosedda.it\/wp-content\/uploads\/2014\/10\/lettori.jpg?resize=700%2C400 2x, https:\/\/i0.wp.com\/www.robertosedda.it\/wp-content\/uploads\/2014\/10\/lettori.jpg?resize=1050%2C600 3x"},"classes":[]}],"_links":{"self":[{"href":"http:\/\/www.robertosedda.it\/index.php?rest_route=\/wp\/v2\/posts\/9287"}],"collection":[{"href":"http:\/\/www.robertosedda.it\/index.php?rest_route=\/wp\/v2\/posts"}],"about":[{"href":"http:\/\/www.robertosedda.it\/index.php?rest_route=\/wp\/v2\/types\/post"}],"author":[{"embeddable":true,"href":"http:\/\/www.robertosedda.it\/index.php?rest_route=\/wp\/v2\/users\/1"}],"replies":[{"embeddable":true,"href":"http:\/\/www.robertosedda.it\/index.php?rest_route=%2Fwp%2Fv2%2Fcomments&post=9287"}],"version-history":[{"count":4,"href":"http:\/\/www.robertosedda.it\/index.php?rest_route=\/wp\/v2\/posts\/9287\/revisions"}],"predecessor-version":[{"id":9291,"href":"http:\/\/www.robertosedda.it\/index.php?rest_route=\/wp\/v2\/posts\/9287\/revisions\/9291"}],"wp:attachment":[{"href":"http:\/\/www.robertosedda.it\/index.php?rest_route=%2Fwp%2Fv2%2Fmedia&parent=9287"}],"wp:term":[{"taxonomy":"category","embeddable":true,"href":"http:\/\/www.robertosedda.it\/index.php?rest_route=%2Fwp%2Fv2%2Fcategories&post=9287"},{"taxonomy":"post_tag","embeddable":true,"href":"http:\/\/www.robertosedda.it\/index.php?rest_route=%2Fwp%2Fv2%2Ftags&post=9287"}],"curies":[{"name":"wp","href":"https:\/\/api.w.org\/{rel}","templated":true}]}}