{"id":9111,"date":"2014-12-25T17:48:28","date_gmt":"2014-12-25T16:48:28","guid":{"rendered":"http:\/\/www.robertosedda.it\/?p=9111"},"modified":"2014-12-28T19:19:10","modified_gmt":"2014-12-28T18:19:10","slug":"auguri-di-natale","status":"publish","type":"post","link":"http:\/\/www.robertosedda.it\/?p=9111","title":{"rendered":"Auguri di Natale"},"content":{"rendered":"<p>Avevo in mente varie cose per farvi gli auguri di Natale, ma stamattina mi ha molto commosso la pagina del Vangelo di Giovanni, sentita mille volte ma ogni volta sempre straordinaria, e quindi la ripropongo. Dentro c&#8217;\u00e8 davvero di tutto e ognuno pu\u00f2 trovarvi il senso del <em>suo<\/em> Natale, e questa scoperta \u00e8 in fondo l&#8217;augurio che penso di poter fare a ciascuno.<\/p>\n<blockquote><p>In<a href=\"https:\/\/i0.wp.com\/www.robertosedda.it\/wp-content\/uploads\/2014\/12\/Icona-Rublev-Natale.jpg\"><img data-attachment-id=\"9112\" data-permalink=\"http:\/\/www.robertosedda.it\/?attachment_id=9112\" data-orig-file=\"https:\/\/i0.wp.com\/www.robertosedda.it\/wp-content\/uploads\/2014\/12\/Icona-Rublev-Natale.jpg?fit=600%2C762\" data-orig-size=\"600,762\" data-comments-opened=\"1\" data-image-meta=\"{&quot;aperture&quot;:&quot;0&quot;,&quot;credit&quot;:&quot;&quot;,&quot;camera&quot;:&quot;&quot;,&quot;caption&quot;:&quot;&quot;,&quot;created_timestamp&quot;:&quot;0&quot;,&quot;copyright&quot;:&quot;&quot;,&quot;focal_length&quot;:&quot;0&quot;,&quot;iso&quot;:&quot;0&quot;,&quot;shutter_speed&quot;:&quot;0&quot;,&quot;title&quot;:&quot;&quot;,&quot;orientation&quot;:&quot;0&quot;}\" data-image-title=\"Icona Rublev Natale\" data-image-description=\"\" data-image-caption=\"\" data-medium-file=\"https:\/\/i0.wp.com\/www.robertosedda.it\/wp-content\/uploads\/2014\/12\/Icona-Rublev-Natale.jpg?fit=236%2C300\" data-large-file=\"https:\/\/i0.wp.com\/www.robertosedda.it\/wp-content\/uploads\/2014\/12\/Icona-Rublev-Natale.jpg?fit=510%2C648\" decoding=\"async\" loading=\"lazy\" class=\"alignright wp-image-9112 size-medium\" src=\"https:\/\/i0.wp.com\/www.robertosedda.it\/wp-content\/uploads\/2014\/12\/Icona-Rublev-Natale.jpg?resize=236%2C300\" alt=\"Icona Rublev Natale\" width=\"236\" height=\"300\" srcset=\"https:\/\/i0.wp.com\/www.robertosedda.it\/wp-content\/uploads\/2014\/12\/Icona-Rublev-Natale.jpg?resize=236%2C300 236w, https:\/\/i0.wp.com\/www.robertosedda.it\/wp-content\/uploads\/2014\/12\/Icona-Rublev-Natale.jpg?resize=118%2C150 118w, https:\/\/i0.wp.com\/www.robertosedda.it\/wp-content\/uploads\/2014\/12\/Icona-Rublev-Natale.jpg?resize=510%2C648 510w, https:\/\/i0.wp.com\/www.robertosedda.it\/wp-content\/uploads\/2014\/12\/Icona-Rublev-Natale.jpg?resize=39%2C50 39w, https:\/\/i0.wp.com\/www.robertosedda.it\/wp-content\/uploads\/2014\/12\/Icona-Rublev-Natale.jpg?w=600 600w\" sizes=\"(max-width: 236px) 100vw, 236px\" data-recalc-dims=\"1\" \/><\/a> principio era il Verbo,<br \/>\nil Verbo era presso Dio<br \/>\ne il Verbo era Dio.<br \/>\n<b><\/b>Egli era in principio presso Dio:<br \/>\n<b><\/b>tutto \u00e8 stato fatto per mezzo di lui,<br \/>\ne senza di lui niente \u00e8 stato fatto di tutto ci\u00f2 che<br \/>\nesiste.<br \/>\nIn lui era la vita<br \/>\ne la vita era la luce degli uomini;<br \/>\n<b><\/b>la luce splende nelle tenebre,<br \/>\nma le tenebre non l&#8217;hanno accolta.<br \/>\n<b><\/b>Venne un uomo mandato da Dio<br \/>\ne il suo nome era Giovanni.<br \/>\n<b><\/b>Egli venne come testimone<br \/>\nper rendere testimonianza alla luce,<br \/>\nperch\u00e9 tutti credessero per mezzo di lui.<br \/>\n<b><\/b>Egli non era la luce,<br \/>\nma doveva render testimonianza alla luce.<br \/>\n<b><\/b>Veniva nel mondo<br \/>\nla luce vera,<br \/>\nquella che illumina ogni uomo.<br \/>\n<b><\/b>Egli era nel mondo,<br \/>\ne il mondo fu fatto per mezzo di lui,<br \/>\neppure il mondo non lo riconobbe.<br \/>\n<b><\/b>Venne fra la sua gente,<br \/>\nma i suoi non l&#8217;hanno accolto.<br \/>\n<b><\/b>A quanti per\u00f2 l&#8217;hanno accolto,<br \/>\nha dato potere di diventare figli di Dio:<br \/>\na quelli che credono nel suo nome,<br \/>\n<b><\/b>i quali non da sangue,<br \/>\nn\u00e9 da volere di carne,<br \/>\nn\u00e9 da volere di uomo,<br \/>\nma da Dio sono stati generati.<br \/>\n<b><\/b>E il Verbo si fece carne<br \/>\ne venne ad abitare in mezzo a noi;<br \/>\ne noi vedemmo la sua gloria,<br \/>\ngloria come di unigenito dal Padre,<br \/>\npieno di grazia e di verit\u00e0.<br \/>\n<b><\/b>Giovanni gli rende testimonianza<br \/>\ne grida: \u00abEcco l&#8217;uomo di cui io dissi:<br \/>\nColui che viene dopo di me<br \/>\nmi \u00e8 passato avanti,<br \/>\nperch\u00e9 era prima di me\u00bb.<br \/>\n<b><\/b>Dalla sua pienezza<br \/>\nnoi tutti abbiamo ricevuto<br \/>\ne grazia su grazia.<br \/>\n<b><\/b>Perch\u00e9 la legge fu data per mezzo di Mos\u00e8,<br \/>\nla grazia e la verit\u00e0 vennero per mezzo di Ges\u00f9 Cristo.<br \/>\n<b><\/b>Dio nessuno l&#8217;ha mai visto:<br \/>\nproprio il Figlio unigenito,<br \/>\nche \u00e8 nel seno del Padre,<br \/>\nlui lo ha rivelato.<\/p><\/blockquote>\n","protected":false},"excerpt":{"rendered":"<p>Avevo in mente varie cose per farvi gli auguri di Natale, ma stamattina mi ha molto commosso la pagina del<\/p>\n","protected":false},"author":1,"featured_media":9112,"comment_status":"open","ping_status":"open","sticky":false,"template":"","format":"standard","meta":{"_mi_skip_tracking":false,"_monsterinsights_sitenote_active":false,"_monsterinsights_sitenote_note":"","_monsterinsights_sitenote_category":0,"jetpack_post_was_ever_published":false,"_jetpack_newsletter_access":"","jetpack_publicize_message":"Auguri di Natale! Auguri, auguri, auguri","jetpack_is_tweetstorm":false,"jetpack_publicize_feature_enabled":true,"jetpack_social_post_already_shared":true,"jetpack_social_options":{"image_generator_settings":{"template":"highway","enabled":false}}},"categories":[52,54,17,16,74],"tags":[],"jetpack_publicize_connections":[],"jetpack_featured_media_url":"https:\/\/i0.wp.com\/www.robertosedda.it\/wp-content\/uploads\/2014\/12\/Icona-Rublev-Natale.jpg?fit=600%2C762","jetpack_sharing_enabled":true,"jetpack_shortlink":"https:\/\/wp.me\/p4jV2T-2mX","jetpack_likes_enabled":true,"jetpack-related-posts":[{"id":18381,"url":"http:\/\/www.robertosedda.it\/?p=18381","url_meta":{"origin":9111,"position":0},"title":"Tempo di Avvento, tempo di lectio","author":"Rufus","date":"18\/12\/2020","format":false,"excerpt":"Il 21 dicembre prossimo, alle 21,00, il gruppo La Pira far\u00e0 la sua lectio di Natale abituale, su Zoom. Come al solito, chi si vuole unire a noi pu\u00f2 contattarci liberamente. Per tutti gli altri posto qui i materiali che utilizzeremo, nel caso volessero ripetere l'esperienza personalmente o con altri\u2026","rel":"","context":"In &quot;Coordinate&quot;","block_context":{"text":"Coordinate","link":"http:\/\/www.robertosedda.it\/?cat=52"},"img":{"alt_text":"","src":"https:\/\/i0.wp.com\/www.robertosedda.it\/wp-content\/uploads\/2020\/12\/1640px-Caravaggio-Nativity1600.jpg?fit=911%2C1200&resize=350%2C200","width":350,"height":200,"srcset":"https:\/\/i0.wp.com\/www.robertosedda.it\/wp-content\/uploads\/2020\/12\/1640px-Caravaggio-Nativity1600.jpg?fit=911%2C1200&resize=350%2C200 1x, https:\/\/i0.wp.com\/www.robertosedda.it\/wp-content\/uploads\/2020\/12\/1640px-Caravaggio-Nativity1600.jpg?fit=911%2C1200&resize=700%2C400 2x"},"classes":[]},{"id":1793,"url":"http:\/\/www.robertosedda.it\/?p=1793","url_meta":{"origin":9111,"position":1},"title":"Poesia di Natale","author":"Rufus","date":"25\/12\/2012","format":false,"excerpt":"Volevo augurare buon Natale a tutti con una poesia, e ho trovato (e scartato) un Turoldo d'annata, Umberto Saba e Ada Negri, e insomma ognuna sarebbe bastata. Alla fine non ero soddisfatto e ho aperto a caso l'amata Emily Dickinson che non tradisce mai; e infatti ho trovato: Il silenzio\u2026","rel":"","context":"In &quot;Coordinate&quot;","block_context":{"text":"Coordinate","link":"http:\/\/www.robertosedda.it\/?cat=52"},"img":{"alt_text":"","src":"","width":0,"height":0},"classes":[]},{"id":18392,"url":"http:\/\/www.robertosedda.it\/?p=18392","url_meta":{"origin":9111,"position":2},"title":"Tutti si meritano gli auguri di Natale","author":"Rufus","date":"28\/12\/2020","format":false,"excerpt":"Il giorno di Natale, dopo Messa, mi sono messo a fare gli auguri di Natale. Ho molta ammirazione per quelli bravi e organizzati che gi\u00e0 tre giorni prima ti mandano gli auguri, soprattutto perch\u00e9 io non sono capace e corro sempre il rischio, casomai, di fare gli auguri in ritardo,\u2026","rel":"","context":"In &quot;Coordinate&quot;","block_context":{"text":"Coordinate","link":"http:\/\/www.robertosedda.it\/?cat=52"},"img":{"alt_text":"","src":"https:\/\/i0.wp.com\/www.robertosedda.it\/wp-content\/uploads\/2020\/12\/Regina-Elisabetta.png?fit=691%2C599&resize=350%2C200","width":350,"height":200},"classes":[]},{"id":18024,"url":"http:\/\/www.robertosedda.it\/?p=18024","url_meta":{"origin":9111,"position":3},"title":"La lectio della gioiosa domenica","author":"Rufus","date":"21\/03\/2020","format":false,"excerpt":"Come tutti i sabati pubblico dei materiali utili per chi vuole fare lectio sul Vangelo della domenica seguente. Questa settimana il gruppo La Pira la celebrer\u00e0 insieme, su Zoom (segno dei tempi), ma i materiali possono essere utili anche a chi \u00e8 costretto a lavorare da solo. Come al solito\u2026","rel":"","context":"In &quot;Coordinate&quot;","block_context":{"text":"Coordinate","link":"http:\/\/www.robertosedda.it\/?cat=52"},"img":{"alt_text":"","src":"https:\/\/i0.wp.com\/www.robertosedda.it\/wp-content\/uploads\/2020\/03\/Ceco-nato-Rupnik.jpg?fit=818%2C555&resize=350%2C200","width":350,"height":200,"srcset":"https:\/\/i0.wp.com\/www.robertosedda.it\/wp-content\/uploads\/2020\/03\/Ceco-nato-Rupnik.jpg?fit=818%2C555&resize=350%2C200 1x, https:\/\/i0.wp.com\/www.robertosedda.it\/wp-content\/uploads\/2020\/03\/Ceco-nato-Rupnik.jpg?fit=818%2C555&resize=700%2C400 2x"},"classes":[]},{"id":5562,"url":"http:\/\/www.robertosedda.it\/?p=5562","url_meta":{"origin":9111,"position":4},"title":"Auguri per Natale","author":"Rufus","date":"24\/12\/2013","format":"video","excerpt":"Per farvi gli auguri per Natale utilizzo un video che mi ha fatto conoscere Roberto Museo. \u00c8 molto bello e riunisce un po' tante delle mie anime: c'\u00e8 una bella storia, un po' di economia sociale, un pizzico di insegnamento cristiano ed \u00e8 fatto da una impresa per biechi fini\u2026","rel":"","context":"In &quot;Coordinate&quot;","block_context":{"text":"Coordinate","link":"http:\/\/www.robertosedda.it\/?cat=52"},"img":{"alt_text":"","src":"https:\/\/i0.wp.com\/img.youtube.com\/vi\/nKWnhYxyIPE\/0.jpg?resize=350%2C200","width":350,"height":200},"classes":[]},{"id":11356,"url":"http:\/\/www.robertosedda.it\/?p=11356","url_meta":{"origin":9111,"position":5},"title":"Natale in casa Cupiello (e auguri)","author":"Rufus","date":"29\/12\/2015","format":false,"excerpt":"Dopo il\u00a0Volpone di Ben Jonson ho dedicato diverse puntate di Oggi parliamo di libri\u00a0alla figura straordinaria di William Shakespeare. In reralt\u00e0 non ho ancora finito: dopo la pausa natalizia chiuder\u00f2 il ciclo con\u00a0Molto rumore per nulla. Nel frattempo, per\u00f2, e anche come occasione per fare a tutti gli auguri di\u2026","rel":"","context":"In &quot;Coordinate&quot;","block_context":{"text":"Coordinate","link":"http:\/\/www.robertosedda.it\/?cat=52"},"img":{"alt_text":"","src":"https:\/\/i0.wp.com\/www.robertosedda.it\/wp-content\/uploads\/2015\/12\/Eduardo-Natale-in-casa-Cupiello.jpg?fit=1200%2C863&resize=350%2C200","width":350,"height":200,"srcset":"https:\/\/i0.wp.com\/www.robertosedda.it\/wp-content\/uploads\/2015\/12\/Eduardo-Natale-in-casa-Cupiello.jpg?fit=1200%2C863&resize=350%2C200 1x, https:\/\/i0.wp.com\/www.robertosedda.it\/wp-content\/uploads\/2015\/12\/Eduardo-Natale-in-casa-Cupiello.jpg?fit=1200%2C863&resize=700%2C400 2x, https:\/\/i0.wp.com\/www.robertosedda.it\/wp-content\/uploads\/2015\/12\/Eduardo-Natale-in-casa-Cupiello.jpg?fit=1200%2C863&resize=1050%2C600 3x"},"classes":[]}],"_links":{"self":[{"href":"http:\/\/www.robertosedda.it\/index.php?rest_route=\/wp\/v2\/posts\/9111"}],"collection":[{"href":"http:\/\/www.robertosedda.it\/index.php?rest_route=\/wp\/v2\/posts"}],"about":[{"href":"http:\/\/www.robertosedda.it\/index.php?rest_route=\/wp\/v2\/types\/post"}],"author":[{"embeddable":true,"href":"http:\/\/www.robertosedda.it\/index.php?rest_route=\/wp\/v2\/users\/1"}],"replies":[{"embeddable":true,"href":"http:\/\/www.robertosedda.it\/index.php?rest_route=%2Fwp%2Fv2%2Fcomments&post=9111"}],"version-history":[{"count":1,"href":"http:\/\/www.robertosedda.it\/index.php?rest_route=\/wp\/v2\/posts\/9111\/revisions"}],"predecessor-version":[{"id":9113,"href":"http:\/\/www.robertosedda.it\/index.php?rest_route=\/wp\/v2\/posts\/9111\/revisions\/9113"}],"wp:featuredmedia":[{"embeddable":true,"href":"http:\/\/www.robertosedda.it\/index.php?rest_route=\/wp\/v2\/media\/9112"}],"wp:attachment":[{"href":"http:\/\/www.robertosedda.it\/index.php?rest_route=%2Fwp%2Fv2%2Fmedia&parent=9111"}],"wp:term":[{"taxonomy":"category","embeddable":true,"href":"http:\/\/www.robertosedda.it\/index.php?rest_route=%2Fwp%2Fv2%2Fcategories&post=9111"},{"taxonomy":"post_tag","embeddable":true,"href":"http:\/\/www.robertosedda.it\/index.php?rest_route=%2Fwp%2Fv2%2Ftags&post=9111"}],"curies":[{"name":"wp","href":"https:\/\/api.w.org\/{rel}","templated":true}]}}