{"id":9107,"date":"2014-12-24T12:08:31","date_gmt":"2014-12-24T11:08:31","guid":{"rendered":"http:\/\/www.robertosedda.it\/?p=9107"},"modified":"2016-12-30T10:01:37","modified_gmt":"2016-12-30T09:01:37","slug":"verso-il-natale","status":"publish","type":"post","link":"http:\/\/www.robertosedda.it\/?p=9107","title":{"rendered":"Verso il Natale"},"content":{"rendered":"<p>Per gli auguri c&#8217;\u00e8 tempo domani, ma oggi ho trovato questo brano di <a href=\"http:\/\/www.santiebeati.it\/dettaglio\/33400\">San Massimo di Torino<\/a>, padre della Chiesa, e mi sembra adatto alla vigilia.<\/p>\n<blockquote><p><a href=\"https:\/\/i0.wp.com\/www.robertosedda.it\/wp-content\/uploads\/2014\/12\/San-Massimo-Torino-2.jpg\"><img data-attachment-id=\"9109\" data-permalink=\"http:\/\/www.robertosedda.it\/?attachment_id=9109\" data-orig-file=\"https:\/\/i0.wp.com\/www.robertosedda.it\/wp-content\/uploads\/2014\/12\/San-Massimo-Torino-2.jpg?fit=215%2C300\" data-orig-size=\"215,300\" data-comments-opened=\"1\" data-image-meta=\"{&quot;aperture&quot;:&quot;0&quot;,&quot;credit&quot;:&quot;&quot;,&quot;camera&quot;:&quot;&quot;,&quot;caption&quot;:&quot;&quot;,&quot;created_timestamp&quot;:&quot;0&quot;,&quot;copyright&quot;:&quot;&quot;,&quot;focal_length&quot;:&quot;0&quot;,&quot;iso&quot;:&quot;0&quot;,&quot;shutter_speed&quot;:&quot;0&quot;,&quot;title&quot;:&quot;&quot;,&quot;orientation&quot;:&quot;0&quot;}\" data-image-title=\"San Massimo Torino 2\" data-image-description=\"\" data-image-caption=\"\" data-medium-file=\"https:\/\/i0.wp.com\/www.robertosedda.it\/wp-content\/uploads\/2014\/12\/San-Massimo-Torino-2.jpg?fit=215%2C300\" data-large-file=\"https:\/\/i0.wp.com\/www.robertosedda.it\/wp-content\/uploads\/2014\/12\/San-Massimo-Torino-2.jpg?fit=215%2C300\" decoding=\"async\" loading=\"lazy\" class=\"alignleft size-full wp-image-9109\" src=\"https:\/\/i0.wp.com\/www.robertosedda.it\/wp-content\/uploads\/2014\/12\/San-Massimo-Torino-2.jpg?resize=215%2C300\" alt=\"San Massimo Torino 2\" width=\"215\" height=\"300\" srcset=\"https:\/\/i0.wp.com\/www.robertosedda.it\/wp-content\/uploads\/2014\/12\/San-Massimo-Torino-2.jpg?w=215 215w, https:\/\/i0.wp.com\/www.robertosedda.it\/wp-content\/uploads\/2014\/12\/San-Massimo-Torino-2.jpg?resize=108%2C150 108w, https:\/\/i0.wp.com\/www.robertosedda.it\/wp-content\/uploads\/2014\/12\/San-Massimo-Torino-2.jpg?resize=36%2C50 36w\" sizes=\"(max-width: 215px) 100vw, 215px\" data-recalc-dims=\"1\" \/><\/a>Dunque, fratelli, noi che siamo in attesa del Natale del Signore, ripuliamoci da ogni residuo di colpa! Colmiamo i suoi tesori di doni diversi, perch\u00e9 nel Giorno Santo si possano accogliere i forestieri, ristorare le vedove, vestire i poveri! Infatti che cosa succederebbe, se in una stessa casa dei servi dello stesso padrone uno vestisse orgoglioso abiti di seta, un altro fosse coperto di stracci; uno fosse rimpinzato di cibo, un altro patisse fame e freddo; quegli fosse tormentato da indigestione per le gozzoviglie del giorno prima, questi invece non riuscisse a placare la fame del giorno prima? Oppure quale sarebbe il valore della nostra preghiera? Chiediamo di essere liberati dal nemico noi che non siamo liberali verso i fratelli. Imitiamo nostro Signore! Se infatti egli vuole che i poveri siano insieme con noi partecipi della grazia celeste, perch\u00e9 non dovrebbero essere con noi partecipi dei beni terreni? E non siano privi di nutrimento quelli che sono fratelli nei sacramenti, se non altro per meglio difendere per mezzo loro la nostra causa davanti a Dio, cos\u00ec che noi li manteniamo a nostre spese ed essi rendano grazie a lui. Quanto pi\u00f9 poi il povero benedice il Signore, tanto pi\u00f9 giover\u00e0 a chi gli fa benedire il Signore.<\/p><\/blockquote>\n<p style=\"text-align: right;\">(Massimo di Torino, <em>Discorso<\/em> 60,3-4)<\/p>\n","protected":false},"excerpt":{"rendered":"<p>Per gli auguri c&#8217;\u00e8 tempo domani, ma oggi ho trovato questo brano di San Massimo di Torino, padre della Chiesa,<\/p>\n","protected":false},"author":1,"featured_media":9109,"comment_status":"open","ping_status":"open","sticky":false,"template":"","format":"standard","meta":{"_mi_skip_tracking":false,"_monsterinsights_sitenote_active":false,"_monsterinsights_sitenote_note":"","_monsterinsights_sitenote_category":0,"jetpack_post_was_ever_published":false,"_jetpack_newsletter_access":"","jetpack_publicize_message":"","jetpack_is_tweetstorm":false,"jetpack_publicize_feature_enabled":true,"jetpack_social_post_already_shared":true,"jetpack_social_options":{"image_generator_settings":{"template":"highway","enabled":false}}},"categories":[52,54,17,16,74],"tags":[],"jetpack_publicize_connections":[],"jetpack_featured_media_url":"https:\/\/i0.wp.com\/www.robertosedda.it\/wp-content\/uploads\/2014\/12\/San-Massimo-Torino-2.jpg?fit=215%2C300","jetpack_sharing_enabled":true,"jetpack_shortlink":"https:\/\/wp.me\/p4jV2T-2mT","jetpack_likes_enabled":true,"jetpack-related-posts":[{"id":14374,"url":"http:\/\/www.robertosedda.it\/?p=14374","url_meta":{"origin":9107,"position":0},"title":"Mendicare (e la Chiesa)","author":"Rufus","date":"28\/11\/2017","format":false,"excerpt":"Questa estate in Alto Adige sono andato in chiesa (a Malles) e ho trovato questo: Era la copertina di un volantino stampato dai Gesuiti di Innsbruck e poi fatto proprio dalla diocesi: una breve lettura molto interessante che raccomando (non vi preoccupate per il tedesco: \u00e8 bilingue). Dice cose tipo:\u2026","rel":"","context":"In &quot;Coordinate&quot;","block_context":{"text":"Coordinate","link":"http:\/\/www.robertosedda.it\/?cat=52"},"img":{"alt_text":"","src":"https:\/\/i0.wp.com\/www.robertosedda.it\/wp-content\/uploads\/2017\/11\/Noi-e-i-mendicanti.jpg?fit=1000%2C565&resize=350%2C200","width":350,"height":200,"srcset":"https:\/\/i0.wp.com\/www.robertosedda.it\/wp-content\/uploads\/2017\/11\/Noi-e-i-mendicanti.jpg?fit=1000%2C565&resize=350%2C200 1x, https:\/\/i0.wp.com\/www.robertosedda.it\/wp-content\/uploads\/2017\/11\/Noi-e-i-mendicanti.jpg?fit=1000%2C565&resize=700%2C400 2x"},"classes":[]},{"id":10956,"url":"http:\/\/www.robertosedda.it\/?p=10956","url_meta":{"origin":9107,"position":1},"title":"Esegesi estemporanea della contabilit\u00e0","author":"Rufus","date":"06\/10\/2015","format":false,"excerpt":"Il fatto che in un municipio che fu a suo tempo dedicato a Ges\u00f9 Cristo Re venga esaltato chi ha fatto pratica costante di ateismo ed \u00e8 stato sepolto senza rito religioso, ci sembra una grave contraddizione e un pessimo esempio, esaltando la figura di un nemico di Cristo che,\u2026","rel":"","context":"In &quot;Coordinate&quot;","block_context":{"text":"Coordinate","link":"http:\/\/www.robertosedda.it\/?cat=52"},"img":{"alt_text":"","src":"https:\/\/i0.wp.com\/www.robertosedda.it\/wp-content\/uploads\/2015\/10\/Luigi_Gedda.jpg?resize=350%2C200","width":350,"height":200},"classes":[]},{"id":18392,"url":"http:\/\/www.robertosedda.it\/?p=18392","url_meta":{"origin":9107,"position":2},"title":"Tutti si meritano gli auguri di Natale","author":"Rufus","date":"28\/12\/2020","format":false,"excerpt":"Il giorno di Natale, dopo Messa, mi sono messo a fare gli auguri di Natale. Ho molta ammirazione per quelli bravi e organizzati che gi\u00e0 tre giorni prima ti mandano gli auguri, soprattutto perch\u00e9 io non sono capace e corro sempre il rischio, casomai, di fare gli auguri in ritardo,\u2026","rel":"","context":"In &quot;Coordinate&quot;","block_context":{"text":"Coordinate","link":"http:\/\/www.robertosedda.it\/?cat=52"},"img":{"alt_text":"","src":"https:\/\/i0.wp.com\/www.robertosedda.it\/wp-content\/uploads\/2020\/12\/Regina-Elisabetta.png?fit=691%2C599&resize=350%2C200","width":350,"height":200},"classes":[]},{"id":1793,"url":"http:\/\/www.robertosedda.it\/?p=1793","url_meta":{"origin":9107,"position":3},"title":"Poesia di Natale","author":"Rufus","date":"25\/12\/2012","format":false,"excerpt":"Volevo augurare buon Natale a tutti con una poesia, e ho trovato (e scartato) un Turoldo d'annata, Umberto Saba e Ada Negri, e insomma ognuna sarebbe bastata. Alla fine non ero soddisfatto e ho aperto a caso l'amata Emily Dickinson che non tradisce mai; e infatti ho trovato: Il silenzio\u2026","rel":"","context":"In &quot;Coordinate&quot;","block_context":{"text":"Coordinate","link":"http:\/\/www.robertosedda.it\/?cat=52"},"img":{"alt_text":"","src":"","width":0,"height":0},"classes":[]},{"id":9111,"url":"http:\/\/www.robertosedda.it\/?p=9111","url_meta":{"origin":9107,"position":4},"title":"Auguri di Natale","author":"Rufus","date":"25\/12\/2014","format":false,"excerpt":"Avevo in mente varie cose per farvi gli auguri di Natale, ma stamattina mi ha molto commosso la pagina del Vangelo di Giovanni, sentita mille volte ma ogni volta sempre straordinaria, e quindi la ripropongo. Dentro c'\u00e8 davvero di tutto e ognuno pu\u00f2 trovarvi il senso del suo Natale, e\u2026","rel":"","context":"In &quot;Coordinate&quot;","block_context":{"text":"Coordinate","link":"http:\/\/www.robertosedda.it\/?cat=52"},"img":{"alt_text":"","src":"https:\/\/i0.wp.com\/www.robertosedda.it\/wp-content\/uploads\/2014\/12\/Icona-Rublev-Natale.jpg?fit=600%2C762&resize=350%2C200","width":350,"height":200},"classes":[]},{"id":650,"url":"http:\/\/www.robertosedda.it\/?p=650","url_meta":{"origin":9107,"position":5},"title":"Gli osti giocano a dadi","author":"Rufus","date":"23\/08\/2012","format":false,"excerpt":"Quando il gallo cant\u00f2, Ataru e Rufus si scambiarono uno sguardo. Slacciandosi il grembiule l'uno e l'altro si spostarono dal grande camino verso le scale e, senza che nessuno se ne accorgesse, salirono verso la loro camera al piano di sopra. Una volta dentro, mentre Ataru sbarrava la porta Rufus\u2026","rel":"","context":"In &quot;Coordinate&quot;","block_context":{"text":"Coordinate","link":"http:\/\/www.robertosedda.it\/?cat=52"},"img":{"alt_text":"","src":"","width":0,"height":0},"classes":[]}],"_links":{"self":[{"href":"http:\/\/www.robertosedda.it\/index.php?rest_route=\/wp\/v2\/posts\/9107"}],"collection":[{"href":"http:\/\/www.robertosedda.it\/index.php?rest_route=\/wp\/v2\/posts"}],"about":[{"href":"http:\/\/www.robertosedda.it\/index.php?rest_route=\/wp\/v2\/types\/post"}],"author":[{"embeddable":true,"href":"http:\/\/www.robertosedda.it\/index.php?rest_route=\/wp\/v2\/users\/1"}],"replies":[{"embeddable":true,"href":"http:\/\/www.robertosedda.it\/index.php?rest_route=%2Fwp%2Fv2%2Fcomments&post=9107"}],"version-history":[{"count":2,"href":"http:\/\/www.robertosedda.it\/index.php?rest_route=\/wp\/v2\/posts\/9107\/revisions"}],"predecessor-version":[{"id":13023,"href":"http:\/\/www.robertosedda.it\/index.php?rest_route=\/wp\/v2\/posts\/9107\/revisions\/13023"}],"wp:featuredmedia":[{"embeddable":true,"href":"http:\/\/www.robertosedda.it\/index.php?rest_route=\/wp\/v2\/media\/9109"}],"wp:attachment":[{"href":"http:\/\/www.robertosedda.it\/index.php?rest_route=%2Fwp%2Fv2%2Fmedia&parent=9107"}],"wp:term":[{"taxonomy":"category","embeddable":true,"href":"http:\/\/www.robertosedda.it\/index.php?rest_route=%2Fwp%2Fv2%2Fcategories&post=9107"},{"taxonomy":"post_tag","embeddable":true,"href":"http:\/\/www.robertosedda.it\/index.php?rest_route=%2Fwp%2Fv2%2Ftags&post=9107"}],"curies":[{"name":"wp","href":"https:\/\/api.w.org\/{rel}","templated":true}]}}