{"id":9083,"date":"2014-12-22T10:16:26","date_gmt":"2014-12-22T09:16:26","guid":{"rendered":"http:\/\/www.robertosedda.it\/?p=9083"},"modified":"2014-12-28T17:29:08","modified_gmt":"2014-12-28T16:29:08","slug":"verso-il-baratro-un-intervento-di-salvatore-cubeddu","status":"publish","type":"post","link":"http:\/\/www.robertosedda.it\/?p=9083","title":{"rendered":"Verso il baratro, un intervento di Salvatore Cubeddu"},"content":{"rendered":"<p>Oltre che su questo\u00a0<em>blog<\/em> questo articolo \u00e8 stato pubblicato la settimana scorsa\u00a0anche sui siti di\u00a0<strong><em><a href=\"http:\/\/www.fondazionesardinia.eu\/ita\/?p=9428\">Fondazione Sardinia<\/a><\/em><\/strong>,\u00a0<em><strong><a href=\"http:\/\/www.aladinpensiero.it\/\">Aladinpensiero<\/a><\/strong>,<\/em>\u00a0<strong><em><a href=\"http:\/\/tramasdeamistade.org\/htdocs\/cms\/index.php\">Tramas de amistade<\/a><\/em><\/strong>,\u00a0<em><a href=\"http:\/\/www.sardegnasoprattutto.org\/\"><strong>Sardegna Soprattutto<\/strong><\/a>,<\/em>\u00a0<strong><em><a href=\"http:\/\/www.formaparis.com\/\">Sportello Formaparis<\/a><\/em><\/strong>,\u00a0<strong><em><a href=\"http:\/\/tottusinpari.blog.tiscali.it\/\">Tottusinpari<\/a><\/em><\/strong> e sui <em>blog<\/em> di\u00a0<a href=\"http:\/\/www.enricolobina.org\/wp\/\"><strong>Enrico Lobina<\/strong>,<\/a>\u00a0<strong><a href=\"http:\/\/www.vitobiolchini.it\/\">Vito Biolchini<\/a><\/strong>\u00a0e\u00a0<a href=\"http:\/\/madrigopolis.blogspot.it\/\"><strong>Francesca Madrigali<\/strong><\/a>. Il mio\u00a0<em>blog<\/em> era bloccato, quindi recupero adesso, anche perch\u00e9 l&#8217;argomento \u00e8 importante.<\/p>\n<h2><strong>Verso il baratro \u2026<\/strong><\/h2>\n<h3>di Salvatore Cubeddu<\/h3>\n<p><a href=\"https:\/\/i0.wp.com\/www.robertosedda.it\/wp-content\/uploads\/2013\/12\/Salvatore-Cubeddu.jpg\"><img data-attachment-id=\"5229\" data-permalink=\"http:\/\/www.robertosedda.it\/?attachment_id=5229\" data-orig-file=\"https:\/\/i0.wp.com\/www.robertosedda.it\/wp-content\/uploads\/2013\/12\/Salvatore-Cubeddu.jpg?fit=500%2C374\" data-orig-size=\"500,374\" data-comments-opened=\"1\" data-image-meta=\"{&quot;aperture&quot;:&quot;2.9&quot;,&quot;credit&quot;:&quot;&quot;,&quot;camera&quot;:&quot;VG110,D700&quot;,&quot;caption&quot;:&quot;&quot;,&quot;created_timestamp&quot;:&quot;1326990798&quot;,&quot;copyright&quot;:&quot;&quot;,&quot;focal_length&quot;:&quot;4.8&quot;,&quot;iso&quot;:&quot;125&quot;,&quot;shutter_speed&quot;:&quot;0.033333333333333&quot;,&quot;title&quot;:&quot;OLYMPUS DIGITAL CAMERA&quot;}\" data-image-title=\"Salvatore Cubeddu\" data-image-description=\"\" data-image-caption=\"\" data-medium-file=\"https:\/\/i0.wp.com\/www.robertosedda.it\/wp-content\/uploads\/2013\/12\/Salvatore-Cubeddu.jpg?fit=300%2C224\" data-large-file=\"https:\/\/i0.wp.com\/www.robertosedda.it\/wp-content\/uploads\/2013\/12\/Salvatore-Cubeddu.jpg?fit=500%2C374\" decoding=\"async\" loading=\"lazy\" class=\"alignleft size-medium wp-image-5229\" src=\"https:\/\/i0.wp.com\/www.robertosedda.it\/wp-content\/uploads\/2013\/12\/Salvatore-Cubeddu.jpg?resize=300%2C224\" alt=\"Salvatore Cubeddu\" width=\"300\" height=\"224\" srcset=\"https:\/\/i0.wp.com\/www.robertosedda.it\/wp-content\/uploads\/2013\/12\/Salvatore-Cubeddu.jpg?resize=300%2C224 300w, https:\/\/i0.wp.com\/www.robertosedda.it\/wp-content\/uploads\/2013\/12\/Salvatore-Cubeddu.jpg?resize=150%2C112 150w, https:\/\/i0.wp.com\/www.robertosedda.it\/wp-content\/uploads\/2013\/12\/Salvatore-Cubeddu.jpg?resize=268%2C200 268w, https:\/\/i0.wp.com\/www.robertosedda.it\/wp-content\/uploads\/2013\/12\/Salvatore-Cubeddu.jpg?w=500 500w\" sizes=\"(max-width: 300px) 100vw, 300px\" data-recalc-dims=\"1\" \/><\/a>A Sassari l\u2019hanno chiamata <em>Matr\u00ecca<\/em>, a Carbonia si chiamer\u00e0 Mossi&amp;Ghisolfi, a Nuoro vorrebbe farlo Clivati, anche per Chilivani \u00e8 gi\u00e0 stato approvato un progetto per la realizzazione di impianto di biogas con materia prima proveniente dall&#8217;agricoltura. Neanche se la Sardegna fosse il doppio di quella che \u00e8, basterebbe a nutrire questi impianti voraci. Si tratta di notizie riprese negli ultimi giorni. Con una nuova e peggiore, che va loro incontro: non \u00e8 vero che il governo rinuncia a far pagare l&#8217;Imu dei terreni agricoli, ne ha solo spostato a gennaio il versamento.<\/p>\n<p>Mentre noi si viaggia nelle strade per protestare contro l\u2019occupazione militare delle nostre terre e l\u2019arrivo delle scorie nucleari, la conferma del solito meccanismo di sviluppo ci si para davanti agli occhi, in avvio per i prossimi trenta-cinquanta anni. E se, come affermato ieri, pare che il PD di Soru voglia essere partecipe dei movimenti anti-servit\u00f9, lo stesso partito risulta il protagonista politico e l\u2019interlocutore sardo dell\u2019invasione delle campagne sarde con le coltivazioni di cardi e di canne, le cui caratteristiche infestanti e consumatrici di acqua e suolo lascio descrivere agli esperti agronomi. Comunque, una tragedia per l\u2019agricoltura e per l\u2019economia sarda.<\/p>\n<p>La gestione delle motivazioni \u00e8 quella che port\u00f2 alla petrolchimica di sessant&#8217;anni orsono: la fame di occupazione \u2018moderna\u2019 e l\u2019adeguamento dell\u2019Isola agli standard continentali. Qualche giorno fa erano i sindacati chimici ad insistere con Pigliaru perch\u00e9 non abbia indecisioni verso <em>Matr\u00ecca<\/em>: in realt\u00e0 erano in piazza per bloccare le crescenti incertezze sugli enormi svantaggi e danni per la Sardegna del procedere del progetto. <em>Matr\u00ecca<\/em> ed i suoi sindacati (chi non \u00e8 dentro la materia non sa che il sindacato dei chimici nei fatti non \u00e8 altro che un coordinamento di organismi sindacali aziendali, ai quali sarebbe drammatico affidare i nostri destini) hanno puntato sull&#8217;esclusiva per s\u00e9 dell\u2019utilizzo delle terre sarde, sono loro che per primi hanno &#8220;occupato il posto&#8221;, legato a s\u00e9 l\u2019Universit\u00e0 di Sassari ed il ceto politico locale, fatto le sperimentazioni promettendo risanamenti ambientali sempre rimandati ed occupazione probabilmente gonfiata.<\/p>\n<p>Nel frattempo altri vogliono attingere a quel piatto, indifferenti al fatto che la Sardegna ha surplus di costosa energia e disattenti al fatto che il territorio non regge tutta quella richiesta di coltivazione e che la gente va imparando a porsi le giuste domande: a chi giova? Quali prezzi, e fino a che punto, l\u2019Isola \u00e8 disponibile a pagare per quelle decine di occupati, costretti a venire utilizzati gi\u00e0 dall&#8217;inizio quale arma di ricatto contro l\u2019interesse generale di un\u2019agricoltura produttrice di beni commestibili, per difendere invece gli interessi esterni importati dai tramiti locali? Argomentazioni quali le nostre iniziano a penetrare.<\/p>\n<p>Tore Cherchi \u2013 che ha sul tavolo un investimento di bioraffineria di canne da 220 milioni di euro del gruppo Mossi&amp;Ghisolfi, che dovrebbe creare 300 posti di lavoro (150 diretti) a Porto Vesme \u2013 non ci dice di quanta terra avr\u00e0 bisogno per arrivare a 80 mila tonnellate l\u2019anno di etanolo. Preferisce parlare di \u00abuna opportunit\u00e0 per la notevole estensione di terre marginali (la canna cresce anche in aree salse o da bonificare)\u00bb.<\/p>\n<p>Nella sua ottica il problema delle terre risulta successivo e secondario, per noi resta principale: una volta che l\u2019investimento fosse realizzato, sarebbe facile contrapporre il destino di quei pochi operai a quello dei giovani che volessero tornare alla terra. Tema di sovranit\u00e0 alimentare e di presenza agricola nel nostro territorio. C\u2019\u00e8 poi la giusta paura del monopsonio: una cordata delle aziende utilizzatrici dei cardi e delle canne controllerebbe i prezzi della materia prima, con gli effetti da noi gi\u00e0 sperimentati con i caseari romani ed il latte portato dai pastori. Prima o poi i coltivatori di canne e cardi sarebbero costretti a vendere le terre.<\/p>\n<p>Questo processo verr\u00e0 accelerato dal pagamento dell&#8217;Imu. Parte delle nostre campagne sono in mano ad affittuari che le leggi hanno favorito. Proprietari lontani o anziani troveranno dannoso possedere delle terre oppresse dalle tasse, accetteranno qualsiasi compenso che l\u2019industria fosse all&#8217;inizio disponibile ad offrire, ad affittarle per un lungo periodo e persino a venderle del tutto. Immaginatevi le terre sarde in acquisto da parte di associati all&#8217;Eni o al gruppo Mossi&amp;Ghisolfi: non vi richiama il <em>land grabbing<\/em> (accaparramento delle terre) attuata dei cinesi in Africa?<\/p>\n<p>Ma proiettatevi in avanti, anno dopo anno, con l\u2019indispensabile ricambio dei coltivi gi\u00e0 irrorati di concimi per le sementi agricole geneticamente modificate: una terra non nostra e non pi\u00f9 fungibile per le coltivazioni di cui abbiamo bisogno e che ora importiamo. Peggio: interi territori diventerebbero disponibili all&#8217;acquisto da parte delle multinazionali. Non peccate di fantasia: pensate che, anche per il turismo, un territorio invaso da cardi e canne sia paragonabile all&#8217;attuale coperto da natura, greggi e coltivazioni?<\/p>\n<p>Il tema che andiamo affrontando rappresenta una conquista di territorio assimilabile alle servit\u00f9 militari. Dopo quella militare, industriale, ambientale e culturale \u00e8 in atto la costruzione della servit\u00f9 agricola. Come le altre, richiesta persino da parte di alcuni di noi.<\/p>\n<p>Perch\u00e9: pensate che, venerd\u00ec prossimo, quando Pigliaru incontrer\u00e0 a Nuoro la classe dirigente locale, questa non gli rivolger\u00e0 la domanda che ieri faceva a se stesso Clivati da Ottana: \u00abDobbiamo puntare su una produzione biosostenibile, ma per farlo occorrono interventi da parte del Governo e della Regione!\u00bb. Li avr\u00e0 con s\u00e9 tutti, i dirigenti locali. Ed i Nuoresi chiederanno di avere pure loro la fabbrica di biodisel per la piana di Ottana e per tutta la provincia. Lo rivendicheranno come un loro diritto. E che: loro sono da meno dei Sassaresi e dei Sulcitani?<\/p>\n","protected":false},"excerpt":{"rendered":"<p>Oltre che su questo\u00a0blog questo articolo \u00e8 stato pubblicato la settimana scorsa\u00a0anche sui siti di\u00a0Fondazione Sardinia,\u00a0Aladinpensiero,\u00a0Tramas de amistade,\u00a0Sardegna Soprattutto,\u00a0Sportello Formaparis,\u00a0Tottusinpari<\/p>\n","protected":false},"author":1,"featured_media":5229,"comment_status":"open","ping_status":"open","sticky":false,"template":"","format":"standard","meta":{"_mi_skip_tracking":false,"_monsterinsights_sitenote_active":false,"_monsterinsights_sitenote_note":"","_monsterinsights_sitenote_category":0,"jetpack_post_was_ever_published":false,"_jetpack_newsletter_access":"","jetpack_publicize_message":"","jetpack_is_tweetstorm":false,"jetpack_publicize_feature_enabled":true,"jetpack_social_post_already_shared":true,"jetpack_social_options":{"image_generator_settings":{"template":"highway","enabled":false}}},"categories":[52,57,55,77,17,16],"tags":[],"jetpack_publicize_connections":[],"jetpack_featured_media_url":"https:\/\/i0.wp.com\/www.robertosedda.it\/wp-content\/uploads\/2013\/12\/Salvatore-Cubeddu.jpg?fit=500%2C374","jetpack_sharing_enabled":true,"jetpack_shortlink":"https:\/\/wp.me\/p4jV2T-2mv","jetpack_likes_enabled":true,"jetpack-related-posts":[{"id":8189,"url":"http:\/\/www.robertosedda.it\/?p=8189","url_meta":{"origin":9083,"position":0},"title":"Quegli stalker sul mio sito","author":"Rufus","date":"11\/08\/2014","format":false,"excerpt":"Ho iniziato a pubblicare articoli sul blog a settembre 2012, quindi ogni anno quando arriva agosto mi guardo un po' le statistiche che Google e Wordpress mi mettono a disposizione. Ovviamente non \u00e8 che tenga il blog per raggiungere la notoriet\u00e0 mondiale, vendere pubblicit\u00e0 e diventare ricco sfondato, quindi l'attenzione\u2026","rel":"","context":"In &quot;Coordinate&quot;","block_context":{"text":"Coordinate","link":"http:\/\/www.robertosedda.it\/?cat=52"},"img":{"alt_text":"","src":"https:\/\/i0.wp.com\/www.robertosedda.it\/wp-content\/uploads\/2013\/12\/Katniss-Everdeen.jpg?fit=434%2C600&resize=350%2C200","width":350,"height":200},"classes":[]},{"id":14116,"url":"http:\/\/www.robertosedda.it\/?p=14116","url_meta":{"origin":9083,"position":1},"title":"Cinque anni da festeggiare","author":"Rufus","date":"06\/09\/2017","format":false,"excerpt":"Ieri Facebook mi ha proposto un ricordo di cinque anni fa, che io ho prontamente ripostato: \u00c8, insomma, l'esordio ufficiale del nuovo\u00a0blog, che dopo essere rimasto fermo diversi anni ripartiva. In realt\u00e0 il primo articolo assoluto \u00e8 del 27 luglio 2012, poi per\u00f2 ho usato agosto per riportare qui cose\u2026","rel":"","context":"In &quot;Coordinate&quot;","block_context":{"text":"Coordinate","link":"http:\/\/www.robertosedda.it\/?cat=52"},"img":{"alt_text":"","src":"https:\/\/i0.wp.com\/www.robertosedda.it\/wp-content\/uploads\/2017\/09\/Statistiche-5-anni.jpg?fit=1159%2C706&resize=350%2C200","width":350,"height":200,"srcset":"https:\/\/i0.wp.com\/www.robertosedda.it\/wp-content\/uploads\/2017\/09\/Statistiche-5-anni.jpg?fit=1159%2C706&resize=350%2C200 1x, https:\/\/i0.wp.com\/www.robertosedda.it\/wp-content\/uploads\/2017\/09\/Statistiche-5-anni.jpg?fit=1159%2C706&resize=700%2C400 2x, https:\/\/i0.wp.com\/www.robertosedda.it\/wp-content\/uploads\/2017\/09\/Statistiche-5-anni.jpg?fit=1159%2C706&resize=1050%2C600 3x"},"classes":[]},{"id":1513,"url":"http:\/\/www.robertosedda.it\/?p=1513","url_meta":{"origin":9083,"position":2},"title":"Giro (politico) di blog","author":"Rufus","date":"27\/11\/2012","format":false,"excerpt":"Solo una brevissima comunicazione di servizio per segnalarvi che oggi cambia il \"blog dell'amico\" evidenziato in prima pagina (e che, ricordo, non \u00e8 necessariamente un blog che seguo spesso, ma \u00e8 l'espressione di\u00a0qualcuno che, esclusivamente per stima personale, mi fa piacere pubblicizzare). Senza che questo abbia alcuna significanza politica, questa\u2026","rel":"","context":"In &quot;Coordinate&quot;","block_context":{"text":"Coordinate","link":"http:\/\/www.robertosedda.it\/?cat=52"},"img":{"alt_text":"","src":"","width":0,"height":0},"classes":[]},{"id":3082,"url":"http:\/\/www.robertosedda.it\/?p=3082","url_meta":{"origin":9083,"position":3},"title":"Traguardo di visitatori (e ringraziamenti)","author":"Rufus","date":"04\/05\/2013","format":false,"excerpt":"Ieri, secondo Google Analytics, il blog ha raggiunto 5.000 visitatori unici (le visualizzazioni di pagina sono pi\u00f9 di 16.000). Sono visite da fine agosto, quando ho cominciato a pubblicare articoli, a oggi. Oggetto meraviglioso, Google Analytics. Evocatore di misteri: perch\u00e9 per esempio ti informa che fra gli articoli pi\u00f9 letti\u2026","rel":"","context":"In &quot;Coordinate&quot;","block_context":{"text":"Coordinate","link":"http:\/\/www.robertosedda.it\/?cat=52"},"img":{"alt_text":"","src":"https:\/\/i0.wp.com\/www.robertosedda.it\/wp-content\/uploads\/2013\/05\/statistiche-blog.png?fit=1200%2C580&resize=350%2C200","width":350,"height":200,"srcset":"https:\/\/i0.wp.com\/www.robertosedda.it\/wp-content\/uploads\/2013\/05\/statistiche-blog.png?fit=1200%2C580&resize=350%2C200 1x, https:\/\/i0.wp.com\/www.robertosedda.it\/wp-content\/uploads\/2013\/05\/statistiche-blog.png?fit=1200%2C580&resize=700%2C400 2x, https:\/\/i0.wp.com\/www.robertosedda.it\/wp-content\/uploads\/2013\/05\/statistiche-blog.png?fit=1200%2C580&resize=1050%2C600 3x"},"classes":[]},{"id":9414,"url":"http:\/\/www.robertosedda.it\/?p=9414","url_meta":{"origin":9083,"position":4},"title":"Sono un booktuber!! (ma non ditelo al Grande Capo&#8230;)","author":"Rufus","date":"20\/01\/2015","format":"video","excerpt":"L'altro giorno, mentre ero ad Orani e quindi lontano da casa e in condizioni di accesso al\u00a0web precario,\u00a0YouTube mi ha informato che\u00a0LaRepubblicaDeiLettori\u00a0si era scritta al mio canale. Ah, beh. Il mio canale\u00a0YouTube serve per poggiarci sopra le puntate di\u00a0Oggi parliamo di libri\u00a0e ha una dozzina di iscritti, principalmente amici, quindi\u2026","rel":"","context":"In &quot;Coordinate&quot;","block_context":{"text":"Coordinate","link":"http:\/\/www.robertosedda.it\/?cat=52"},"img":{"alt_text":"","src":"https:\/\/i0.wp.com\/www.robertosedda.it\/wp-content\/uploads\/2018\/12\/Rufus-back-on-air.jpg?fit=1200%2C675&resize=350%2C200","width":350,"height":200,"srcset":"https:\/\/i0.wp.com\/www.robertosedda.it\/wp-content\/uploads\/2018\/12\/Rufus-back-on-air.jpg?fit=1200%2C675&resize=350%2C200 1x, https:\/\/i0.wp.com\/www.robertosedda.it\/wp-content\/uploads\/2018\/12\/Rufus-back-on-air.jpg?fit=1200%2C675&resize=700%2C400 2x, https:\/\/i0.wp.com\/www.robertosedda.it\/wp-content\/uploads\/2018\/12\/Rufus-back-on-air.jpg?fit=1200%2C675&resize=1050%2C600 3x"},"classes":[]},{"id":12835,"url":"http:\/\/www.robertosedda.it\/?p=12835","url_meta":{"origin":9083,"position":5},"title":"Habemus paginam! (ma non sono sicuro)","author":"Rufus","date":"18\/11\/2016","format":false,"excerpt":"Una delle cose seccanti del tenere questo\u00a0blog \u00e8 che capita che quando condivido gli articoli si\u00a0Facebook le persone commentano l\u00ec e non qua e una serie di cose interessanti o spiritose o semplicemente amichevoli si perdono via in Zuckerlandia, come lacrime nella pioggia. La cosa non mi ha mai disturbato\u2026","rel":"","context":"In &quot;Coordinate&quot;","block_context":{"text":"Coordinate","link":"http:\/\/www.robertosedda.it\/?cat=52"},"img":{"alt_text":"","src":"https:\/\/i0.wp.com\/www.robertosedda.it\/wp-content\/uploads\/2016\/11\/La-casa-di-Roberto.jpg?fit=1120%2C455&resize=350%2C200","width":350,"height":200,"srcset":"https:\/\/i0.wp.com\/www.robertosedda.it\/wp-content\/uploads\/2016\/11\/La-casa-di-Roberto.jpg?fit=1120%2C455&resize=350%2C200 1x, https:\/\/i0.wp.com\/www.robertosedda.it\/wp-content\/uploads\/2016\/11\/La-casa-di-Roberto.jpg?fit=1120%2C455&resize=700%2C400 2x, https:\/\/i0.wp.com\/www.robertosedda.it\/wp-content\/uploads\/2016\/11\/La-casa-di-Roberto.jpg?fit=1120%2C455&resize=1050%2C600 3x"},"classes":[]}],"_links":{"self":[{"href":"http:\/\/www.robertosedda.it\/index.php?rest_route=\/wp\/v2\/posts\/9083"}],"collection":[{"href":"http:\/\/www.robertosedda.it\/index.php?rest_route=\/wp\/v2\/posts"}],"about":[{"href":"http:\/\/www.robertosedda.it\/index.php?rest_route=\/wp\/v2\/types\/post"}],"author":[{"embeddable":true,"href":"http:\/\/www.robertosedda.it\/index.php?rest_route=\/wp\/v2\/users\/1"}],"replies":[{"embeddable":true,"href":"http:\/\/www.robertosedda.it\/index.php?rest_route=%2Fwp%2Fv2%2Fcomments&post=9083"}],"version-history":[{"count":2,"href":"http:\/\/www.robertosedda.it\/index.php?rest_route=\/wp\/v2\/posts\/9083\/revisions"}],"predecessor-version":[{"id":9085,"href":"http:\/\/www.robertosedda.it\/index.php?rest_route=\/wp\/v2\/posts\/9083\/revisions\/9085"}],"wp:featuredmedia":[{"embeddable":true,"href":"http:\/\/www.robertosedda.it\/index.php?rest_route=\/wp\/v2\/media\/5229"}],"wp:attachment":[{"href":"http:\/\/www.robertosedda.it\/index.php?rest_route=%2Fwp%2Fv2%2Fmedia&parent=9083"}],"wp:term":[{"taxonomy":"category","embeddable":true,"href":"http:\/\/www.robertosedda.it\/index.php?rest_route=%2Fwp%2Fv2%2Fcategories&post=9083"},{"taxonomy":"post_tag","embeddable":true,"href":"http:\/\/www.robertosedda.it\/index.php?rest_route=%2Fwp%2Fv2%2Ftags&post=9083"}],"curies":[{"name":"wp","href":"https:\/\/api.w.org\/{rel}","templated":true}]}}