{"id":9074,"date":"2014-12-15T14:13:06","date_gmt":"2014-12-15T13:13:06","guid":{"rendered":"http:\/\/www.robertosedda.it\/?p=9074"},"modified":"2015-12-14T10:26:08","modified_gmt":"2015-12-14T09:26:08","slug":"di-grigie-uniformi-e-storie-di-rivolta","status":"publish","type":"post","link":"http:\/\/www.robertosedda.it\/?p=9074","title":{"rendered":"Di grigie uniformi e storie di rivolta"},"content":{"rendered":"<p>Ho visto ieri\u00a0<em>Mockingjay: il canto della rivolta<\/em>, il terzo capitolo cinematografico della serie\u00a0di\u00a0<em>Hunger Games<\/em>.<\/p>\n<p>Sul film in s\u00e9 non ho molto da dire: \u00e8 sostanzialmente un elemento di passaggio in attesa del\u00a0pitepumfete e sbadabam drammatico e strappalacrime che sicuramente costituir\u00e0 il finale della saga.<\/p>\n<div class=\"jetpack-video-wrapper\"><span class=\"embed-youtube\" style=\"text-align:center; display: block;\"><iframe loading=\"lazy\" class=\"youtube-player\" width=\"800\" height=\"450\" src=\"https:\/\/www.youtube.com\/embed\/HjsNbeBXkX4?version=3&#038;rel=1&#038;showsearch=0&#038;showinfo=1&#038;iv_load_policy=1&#038;fs=1&#038;hl=it-IT&#038;autohide=2&#038;wmode=transparent\" allowfullscreen=\"true\" style=\"border:0;\" sandbox=\"allow-scripts allow-same-origin allow-popups allow-presentation\"><\/iframe><\/span><\/div>\n<p>L&#8217;unica osservazione interessante mi sembra che questo capitolo conferma una cosa che penso da tempo &#8211; pur non avendo ancora letto i libri, basandomi cio\u00e8 solo sugli adattamenti cinematografici &#8211; e che ho anche detto in\u00a0<em><a title=\"Sulla costruzione di mondi\" href=\"http:\/\/www.robertosedda.it\/?p=8935\">Mondi che funzionano<\/a><\/em>:\u00a0che il mondo della Collins ha dei grossi problemi costitutivi\u00a0che sinora la scrittrice\u00a0aveva risolto facendo ricorso a due onorate tradizioni letterarie: da una parte quella di accelerare il ritmo\u00a0non lasciando al lettore il tempo di ragionare sulle incongruenze, dall&#8217;altra quella di restringere il campo di osservazione escludendo tutto il contorno o lasciandolo comunque sullo sfondo. L&#8217;Arena\u00a0assolveva\u00a0ottimamente queste due funzioni, lasciando tutto il resto del mondo di Panem a costituire sostanzialmente colore locale; qui invece l&#8217;azione, che comprende sostanzialmente una guerra civile generalizzata che attraversa tutti i distretti, deve forzatamente allargarsi e il mondo perde palesemente di coerenza.<\/p>\n<p>Capito tutto questo mi \u00e8 rimasta libera gran parte del cervello per divagazioni varie, e l&#8217;attenzione mi si \u00e8 fermata su costumi e scenografia, che in\u00a0<em>Hunger Games<\/em> sono sempre stati molto curati, fino ad assumere un ruolo diegetico evidente. E facevo questa riflessione: non sono poi tante le narrazioni\u00a0<em>pop<\/em> che hanno a tema una guerra di liberazione &#8211; resistenza, ribellione, guerra civile fino alla vittoria finale; sono poche e distanziate negli anni. Di fatto, anzi, l&#8217;unica che mi ricordo \u00e8\u00a0<em>Star Wars<\/em>, che per la mia generazione ha fissato i canoni del tema: alleanza ribelle, covi segreti, progressiva liberazione di aree (l\u00e0 i pianeti, ma ci capiamo), truppe di occupazione, figure politicamente importanti che contano a livello simbolico come il possesso di un&#8217;astronave o di un corpo d&#8217;armata, contrattacchi del potere malvagio e battaglie disperate per mantenere in piedi la ribellione fino alla vittoria\u00a0finale.<\/p>\n<p><img data-attachment-id=\"9079\" data-permalink=\"http:\/\/www.robertosedda.it\/?attachment_id=9079\" data-orig-file=\"https:\/\/i0.wp.com\/www.robertosedda.it\/wp-content\/uploads\/2014\/12\/Rebel-soldiers.png?fit=1545%2C816\" data-orig-size=\"1545,816\" data-comments-opened=\"1\" data-image-meta=\"{&quot;aperture&quot;:&quot;0&quot;,&quot;credit&quot;:&quot;&quot;,&quot;camera&quot;:&quot;&quot;,&quot;caption&quot;:&quot;&quot;,&quot;created_timestamp&quot;:&quot;0&quot;,&quot;copyright&quot;:&quot;&quot;,&quot;focal_length&quot;:&quot;0&quot;,&quot;iso&quot;:&quot;0&quot;,&quot;shutter_speed&quot;:&quot;0&quot;,&quot;title&quot;:&quot;&quot;,&quot;orientation&quot;:&quot;0&quot;}\" data-image-title=\"Rebel soldiers\" data-image-description=\"\" data-image-caption=\"\" data-medium-file=\"https:\/\/i0.wp.com\/www.robertosedda.it\/wp-content\/uploads\/2014\/12\/Rebel-soldiers.png?fit=300%2C158\" data-large-file=\"https:\/\/i0.wp.com\/www.robertosedda.it\/wp-content\/uploads\/2014\/12\/Rebel-soldiers.png?fit=510%2C269\" decoding=\"async\" loading=\"lazy\" class=\"alignleft wp-image-9079 size-full\" src=\"https:\/\/i0.wp.com\/www.robertosedda.it\/wp-content\/uploads\/2014\/12\/Rebel-soldiers.png?resize=800%2C423\" alt=\"Rebel soldiers\" width=\"800\" height=\"423\" srcset=\"https:\/\/i0.wp.com\/www.robertosedda.it\/wp-content\/uploads\/2014\/12\/Rebel-soldiers.png?w=1545 1545w, https:\/\/i0.wp.com\/www.robertosedda.it\/wp-content\/uploads\/2014\/12\/Rebel-soldiers.png?resize=150%2C79 150w, https:\/\/i0.wp.com\/www.robertosedda.it\/wp-content\/uploads\/2014\/12\/Rebel-soldiers.png?resize=300%2C158 300w, https:\/\/i0.wp.com\/www.robertosedda.it\/wp-content\/uploads\/2014\/12\/Rebel-soldiers.png?resize=510%2C269 510w, https:\/\/i0.wp.com\/www.robertosedda.it\/wp-content\/uploads\/2014\/12\/Rebel-soldiers.png?resize=700%2C369 700w, https:\/\/i0.wp.com\/www.robertosedda.it\/wp-content\/uploads\/2014\/12\/Rebel-soldiers.png?resize=50%2C26 50w\" sizes=\"(max-width: 800px) 100vw, 800px\" data-recalc-dims=\"1\" \/>Guarda un po&#8217;, esattamente gli stessi materiali narrativi di\u00a0<em>Hunger Games<\/em>.<\/p>\n<p>Solo che il mondo di\u00a0<em>Guerre stellari<\/em> \u00e8 un mondo in cui bene e male, pur essendo intrecciati, sono comunque ben distinti. E la cosa si riflette nei costumi: gli\u00a0<em>Stormtrooper\u00a0<\/em>\u00a0hanno uniformi spersonalizzanti, gli\u00a0altri soldati imperiali cupe uniformi grigio antracite. I ribelli, invece, uniformi pi\u00f9 chiare, bianche o <em>beige<\/em>,\u00a0pi\u00f9 piacevoli, fino al chiassoso arancione dei piloti stellari. \u00c8 abbastanza evidente, tutto sommato, che il modello che sceneggiatori\u00a0e costumisti hanno in mente \u00e8 sostanzialmente la II Guerra Mondiale: i ribelli come i partigiani, l&#8217;esercito dell&#8217;Alleanza Ribelle come le armate americane che risalgono l&#8217;Europa. In uniforme, cio\u00e8 con un vestito in s\u00e9 spersonalizzante ma non deumanizzante &#8211; al contrario degli imperiali, le cui uniformi non a caso richiamano i nazisti, e degli altri cattivi, fra i quali non a caso abbondano elmetti che celano completamente il volto.<\/p>\n<p><a href=\"https:\/\/i0.wp.com\/www.robertosedda.it\/wp-content\/uploads\/2014\/12\/Star_Wars_Imperial_Soldiers.jpg\"><img data-attachment-id=\"9077\" data-permalink=\"http:\/\/www.robertosedda.it\/?attachment_id=9077\" data-orig-file=\"https:\/\/i0.wp.com\/www.robertosedda.it\/wp-content\/uploads\/2014\/12\/Star_Wars_Imperial_Soldiers.jpg?fit=800%2C600\" data-orig-size=\"800,600\" data-comments-opened=\"1\" data-image-meta=\"{&quot;aperture&quot;:&quot;3.5&quot;,&quot;credit&quot;:&quot;&quot;,&quot;camera&quot;:&quot;E-400&quot;,&quot;caption&quot;:&quot;&quot;,&quot;created_timestamp&quot;:&quot;1232900338&quot;,&quot;copyright&quot;:&quot;&quot;,&quot;focal_length&quot;:&quot;25&quot;,&quot;iso&quot;:&quot;200&quot;,&quot;shutter_speed&quot;:&quot;0.0125&quot;,&quot;title&quot;:&quot;OLYMPUS DIGITAL CAMERA&quot;,&quot;orientation&quot;:&quot;1&quot;}\" data-image-title=\"OLYMPUS DIGITAL CAMERA\" data-image-description=\"\" data-image-caption=\"\" data-medium-file=\"https:\/\/i0.wp.com\/www.robertosedda.it\/wp-content\/uploads\/2014\/12\/Star_Wars_Imperial_Soldiers.jpg?fit=300%2C225\" data-large-file=\"https:\/\/i0.wp.com\/www.robertosedda.it\/wp-content\/uploads\/2014\/12\/Star_Wars_Imperial_Soldiers.jpg?fit=510%2C382\" decoding=\"async\" loading=\"lazy\" class=\"aligncenter wp-image-9077 size-full\" src=\"https:\/\/i0.wp.com\/www.robertosedda.it\/wp-content\/uploads\/2014\/12\/Star_Wars_Imperial_Soldiers.jpg?resize=800%2C600\" alt=\"OLYMPUS DIGITAL CAMERA\" width=\"800\" height=\"600\" srcset=\"https:\/\/i0.wp.com\/www.robertosedda.it\/wp-content\/uploads\/2014\/12\/Star_Wars_Imperial_Soldiers.jpg?w=800 800w, https:\/\/i0.wp.com\/www.robertosedda.it\/wp-content\/uploads\/2014\/12\/Star_Wars_Imperial_Soldiers.jpg?resize=150%2C112 150w, https:\/\/i0.wp.com\/www.robertosedda.it\/wp-content\/uploads\/2014\/12\/Star_Wars_Imperial_Soldiers.jpg?resize=300%2C225 300w, https:\/\/i0.wp.com\/www.robertosedda.it\/wp-content\/uploads\/2014\/12\/Star_Wars_Imperial_Soldiers.jpg?resize=510%2C382 510w, https:\/\/i0.wp.com\/www.robertosedda.it\/wp-content\/uploads\/2014\/12\/Star_Wars_Imperial_Soldiers.jpg?resize=268%2C200 268w, https:\/\/i0.wp.com\/www.robertosedda.it\/wp-content\/uploads\/2014\/12\/Star_Wars_Imperial_Soldiers.jpg?resize=700%2C525 700w, https:\/\/i0.wp.com\/www.robertosedda.it\/wp-content\/uploads\/2014\/12\/Star_Wars_Imperial_Soldiers.jpg?resize=50%2C37 50w\" sizes=\"(max-width: 800px) 100vw, 800px\" data-recalc-dims=\"1\" \/><\/a>La cosa interessante \u00e8 che in\u00a0<em>Hunger Games<\/em> questo schema salta completamente. Ora: i\u00a0Pacificatori richiamano esattamente gli Assaltatori Imperiali: armature bianche in <em>kevlar\u00a0<\/em>ed<em>\u00a0<\/em>elmetti. Del resto delle truppe di\u00a0Capitol City non si vede altro, quindi supponiamo che sia la loro apparenza <em>standard<\/em>. E fanno cose terribili, da cattivi, fino a una scene che al pubblico americano deve fare un certo effetto: si vedono dei prigionieri incappucciati costretti in ginocchio, alle loro spalle un soldato col volto coperto che estrae una pistola e gli spara alla nuca. Impossibile non pensare alle esecuzioni dell&#8217;<em>IS<\/em> o di\u00a0<em>Al\u00a0Qaeda<\/em>.<\/p>\n<p>Ok, quindi i cattivi non sono pi\u00f9 i nazisti ma gli arabi: o meglio, il totalitarismo che si ha in mente \u00e8 stato aggiornato in chiave contemporanea. Ci pu\u00f2 stare.<\/p>\n<p>E chi combatte contro questo totalitarismo? Qui c&#8217;\u00e8 la sorpresa, perch\u00e9 i ribelli del 13\u00b0 Distretto, che qui prendono il posto dell&#8217;Alleanza Ribelle, sono palesemente comunisti. Vestono uniformi scure che sembrano quelle di\u00a0<em>Guerre Stellari<\/em>, ma dei cattivi. Fanno una vita comunitaria al confronto della quale quella degli spartani doveva essere un miracolo di svagatezza e indipendenza. Hanno riunioni collettive in cui il\u00a0<em>caro leader<\/em> apostrofa la folla. Addirittura\u00a0dopo l&#8217;orazione\u00a0il\u00a0<em>leader<\/em> saluta col pugno alzato chiuso. L&#8217;impressione \u00e8 quella di una protagonista presa nella lotta fra totalitarismi concorrenti.<\/p>\n<p><a href=\"https:\/\/i0.wp.com\/www.robertosedda.it\/wp-content\/uploads\/2014\/12\/Mockingjay.jpg\"><img data-attachment-id=\"9078\" data-permalink=\"http:\/\/www.robertosedda.it\/?attachment_id=9078\" data-orig-file=\"https:\/\/i0.wp.com\/www.robertosedda.it\/wp-content\/uploads\/2014\/12\/Mockingjay.jpg?fit=2000%2C1394\" data-orig-size=\"2000,1394\" data-comments-opened=\"1\" data-image-meta=\"{&quot;aperture&quot;:&quot;0&quot;,&quot;credit&quot;:&quot;&quot;,&quot;camera&quot;:&quot;&quot;,&quot;caption&quot;:&quot;&quot;,&quot;created_timestamp&quot;:&quot;0&quot;,&quot;copyright&quot;:&quot;&quot;,&quot;focal_length&quot;:&quot;0&quot;,&quot;iso&quot;:&quot;0&quot;,&quot;shutter_speed&quot;:&quot;0&quot;,&quot;title&quot;:&quot;&quot;,&quot;orientation&quot;:&quot;0&quot;}\" data-image-title=\"Mockingjay\" data-image-description=\"\" data-image-caption=\"\" data-medium-file=\"https:\/\/i0.wp.com\/www.robertosedda.it\/wp-content\/uploads\/2014\/12\/Mockingjay.jpg?fit=300%2C209\" data-large-file=\"https:\/\/i0.wp.com\/www.robertosedda.it\/wp-content\/uploads\/2014\/12\/Mockingjay.jpg?fit=510%2C355\" decoding=\"async\" loading=\"lazy\" class=\"aligncenter wp-image-9078\" src=\"https:\/\/i0.wp.com\/www.robertosedda.it\/wp-content\/uploads\/2014\/12\/Mockingjay.jpg?resize=800%2C558\" alt=\"Mockingjay\" width=\"800\" height=\"558\" srcset=\"https:\/\/i0.wp.com\/www.robertosedda.it\/wp-content\/uploads\/2014\/12\/Mockingjay.jpg?w=2000 2000w, https:\/\/i0.wp.com\/www.robertosedda.it\/wp-content\/uploads\/2014\/12\/Mockingjay.jpg?resize=150%2C104 150w, https:\/\/i0.wp.com\/www.robertosedda.it\/wp-content\/uploads\/2014\/12\/Mockingjay.jpg?resize=300%2C209 300w, https:\/\/i0.wp.com\/www.robertosedda.it\/wp-content\/uploads\/2014\/12\/Mockingjay.jpg?resize=510%2C355 510w, https:\/\/i0.wp.com\/www.robertosedda.it\/wp-content\/uploads\/2014\/12\/Mockingjay.jpg?resize=700%2C487 700w, https:\/\/i0.wp.com\/www.robertosedda.it\/wp-content\/uploads\/2014\/12\/Mockingjay.jpg?resize=50%2C34 50w, https:\/\/i0.wp.com\/www.robertosedda.it\/wp-content\/uploads\/2014\/12\/Mockingjay.jpg?w=1600 1600w\" sizes=\"(max-width: 800px) 100vw, 800px\" data-recalc-dims=\"1\" \/><\/a>\u00c8 notevole, credo. Il romanzo si muove nel campo della fantascienza distopica quindi questo tema, che non so che esito narrativo avr\u00e0, \u00e8 coerente: oltretutto un argomento portante della trama \u00e8 quello del ruolo degli strumenti di comunicazione nella gestione del consenso, e insomma questa cosa ci sta tutta. La domanda che mi pongo \u00e8 piuttosto\u00a0su cosa voglia dire questo sull&#8217;immaginario di una generazione che cresca identificando\u00a0<em>Hunger Games<\/em> come una delle proprie mitologie preferite &#8211; rispetto alla mia, diciamo &#8211; e cosa questo voglia dire sul sentimento comune americano dopo anni di esportazione forzata della democrazia e di guerre molto poco giuste: spira da\u00a0<em>Hunger Games<\/em> un vento di disillusione sorprendentemente forte, direi.<\/p>\n","protected":false},"excerpt":{"rendered":"<p>Ho visto ieri\u00a0Mockingjay: il canto della rivolta, il terzo capitolo cinematografico della serie\u00a0di\u00a0Hunger Games. Sul film in s\u00e9 non ho<\/p>\n","protected":false},"author":1,"featured_media":9078,"comment_status":"open","ping_status":"open","sticky":false,"template":"","format":"standard","meta":{"_mi_skip_tracking":false,"_monsterinsights_sitenote_active":false,"_monsterinsights_sitenote_note":"","_monsterinsights_sitenote_category":0,"jetpack_post_was_ever_published":false,"_jetpack_newsletter_access":"","jetpack_publicize_message":"","jetpack_is_tweetstorm":false,"jetpack_publicize_feature_enabled":true,"jetpack_social_post_already_shared":true,"jetpack_social_options":{"image_generator_settings":{"template":"highway","enabled":false}}},"categories":[52,63,14,56,12],"tags":[],"jetpack_publicize_connections":[],"jetpack_featured_media_url":"https:\/\/i0.wp.com\/www.robertosedda.it\/wp-content\/uploads\/2014\/12\/Mockingjay.jpg?fit=2000%2C1394","jetpack_sharing_enabled":true,"jetpack_shortlink":"https:\/\/wp.me\/p4jV2T-2mm","jetpack_likes_enabled":true,"jetpack-related-posts":[{"id":10537,"url":"http:\/\/www.robertosedda.it\/?p=10537","url_meta":{"origin":9074,"position":0},"title":"Selvagge storie di giungla urbana","author":"Rufus","date":"11\/07\/2015","format":"video","excerpt":"Storie pazzesche (Relatos salvajes, Dami\u00e1n Szifr\u00f3n, Argentina 2014) Sono un po' in imbarazzo, nel parlare di questo film recuperato nell'arena estiva di Villa Musas, perch\u00e9 qualunque cosa io dica rischio di rovinare la sorpresa dello spettatore ignaro, che \u00e8 uno dei punti di forza del film. \u00c8 davvero difficile, per\u00f2\u2026","rel":"","context":"In &quot;Coordinate&quot;","block_context":{"text":"Coordinate","link":"http:\/\/www.robertosedda.it\/?cat=52"},"img":{"alt_text":"","src":"https:\/\/i0.wp.com\/www.robertosedda.it\/wp-content\/uploads\/2015\/07\/Storie-pazzesche.jpg?fit=1200%2C675&resize=350%2C200","width":350,"height":200,"srcset":"https:\/\/i0.wp.com\/www.robertosedda.it\/wp-content\/uploads\/2015\/07\/Storie-pazzesche.jpg?fit=1200%2C675&resize=350%2C200 1x, https:\/\/i0.wp.com\/www.robertosedda.it\/wp-content\/uploads\/2015\/07\/Storie-pazzesche.jpg?fit=1200%2C675&resize=700%2C400 2x, https:\/\/i0.wp.com\/www.robertosedda.it\/wp-content\/uploads\/2015\/07\/Storie-pazzesche.jpg?fit=1200%2C675&resize=1050%2C600 3x"},"classes":[]},{"id":17458,"url":"http:\/\/www.robertosedda.it\/?p=17458","url_meta":{"origin":9074,"position":1},"title":"Film in libera circolazione","author":"Rufus","date":"16\/10\/2019","format":false,"excerpt":"L'avevo segnalato tempo fa, ma mi sono accorto che l'indicazione dell'indirizzo web era fuorviante e la ripeto di nuovo: sul sito Open Culture c'\u00e8 un catalogo di 1150 film liberamente visionabili, compreso un numero sterminato di classici (proprio l'altro giorno durante la visione di Iene avevo un dubbio sull'Andrei Rublev,\u2026","rel":"","context":"In &quot;Coordinate&quot;","block_context":{"text":"Coordinate","link":"http:\/\/www.robertosedda.it\/?cat=52"},"img":{"alt_text":"","src":"https:\/\/i0.wp.com\/www.robertosedda.it\/wp-content\/uploads\/2019\/10\/Andrei-Rublev.jpeg?fit=1152%2C576&resize=350%2C200","width":350,"height":200,"srcset":"https:\/\/i0.wp.com\/www.robertosedda.it\/wp-content\/uploads\/2019\/10\/Andrei-Rublev.jpeg?fit=1152%2C576&resize=350%2C200 1x, https:\/\/i0.wp.com\/www.robertosedda.it\/wp-content\/uploads\/2019\/10\/Andrei-Rublev.jpeg?fit=1152%2C576&resize=700%2C400 2x, https:\/\/i0.wp.com\/www.robertosedda.it\/wp-content\/uploads\/2019\/10\/Andrei-Rublev.jpeg?fit=1152%2C576&resize=1050%2C600 3x"},"classes":[]},{"id":10183,"url":"http:\/\/www.robertosedda.it\/?p=10183","url_meta":{"origin":9074,"position":2},"title":"REBLOG: Adam Wild e la savana violenta","author":"Rufus","date":"06\/05\/2015","format":"link","excerpt":"Che mi piaccia\u00a0Adam Wild\u00a0si sa. Non voglio fare recensioni per ogni numero, ma rilancio invece questo articolo di\u00a0FilmTV perch\u00e9 c'\u00e8 un approfondimento del tema africano da un punto di vista cinematografico e invita a riscoprire parecchi film interessanti.","rel":"","context":"In &quot;Segnalazioni&quot;","block_context":{"text":"Segnalazioni","link":"http:\/\/www.robertosedda.it\/?cat=95"},"img":{"alt_text":"","src":"","width":0,"height":0},"classes":[]},{"id":20388,"url":"http:\/\/www.robertosedda.it\/?p=20388","url_meta":{"origin":9074,"position":3},"title":"Il Gattoparca","author":"Rufus","date":"02\/12\/2023","format":false,"excerpt":"Ho visto l'altro giorno con Maria Bonaria Il gattopardo su RaiPlay, ispirati dalla sua lettura di La bella confusione di Francesco Piccolo. Oh, non l'avevo mai visto, lo ammetto. un filmone, ovviamente. Con un linguaggio cinematografico molto datato, e forse datato anche dal punto di vista politico (e per\u00f2 l'idea\u2026","rel":"","context":"In &quot;Coordinate&quot;","block_context":{"text":"Coordinate","link":"http:\/\/www.robertosedda.it\/?cat=52"},"img":{"alt_text":"","src":"https:\/\/i0.wp.com\/www.robertosedda.it\/wp-content\/uploads\/2023\/12\/17707.jpg?fit=840%2C1200&resize=350%2C200","width":350,"height":200,"srcset":"https:\/\/i0.wp.com\/www.robertosedda.it\/wp-content\/uploads\/2023\/12\/17707.jpg?fit=840%2C1200&resize=350%2C200 1x, https:\/\/i0.wp.com\/www.robertosedda.it\/wp-content\/uploads\/2023\/12\/17707.jpg?fit=840%2C1200&resize=700%2C400 2x"},"classes":[]},{"id":15118,"url":"http:\/\/www.robertosedda.it\/?p=15118","url_meta":{"origin":9074,"position":4},"title":"L&#8217;odor di bordello","author":"Rufus","date":"08\/05\/2018","format":"video","excerpt":"https:\/\/www.youtube.com\/watch?v=sH5jUMx0uek Ho visto qualche giorno fa\u00a0Loro 1. \u00c8 talmente irrisolto, narrativamente, che per un giudizio occorre per forza aspettare l'uscita del secondo capitolo, il che in ogni caso non \u00e8 proprio un segnale beneaugurante. Ho un po' la sensazione di un pastrocchio narrativo. C'\u00e8 una cesura piuttosto forte fra i\u2026","rel":"","context":"In &quot;Coordinate&quot;","block_context":{"text":"Coordinate","link":"http:\/\/www.robertosedda.it\/?cat=52"},"img":{"alt_text":"","src":"https:\/\/i0.wp.com\/www.robertosedda.it\/wp-content\/uploads\/2018\/05\/LOro1.jpg?fit=1200%2C675&resize=350%2C200","width":350,"height":200,"srcset":"https:\/\/i0.wp.com\/www.robertosedda.it\/wp-content\/uploads\/2018\/05\/LOro1.jpg?fit=1200%2C675&resize=350%2C200 1x, https:\/\/i0.wp.com\/www.robertosedda.it\/wp-content\/uploads\/2018\/05\/LOro1.jpg?fit=1200%2C675&resize=700%2C400 2x, https:\/\/i0.wp.com\/www.robertosedda.it\/wp-content\/uploads\/2018\/05\/LOro1.jpg?fit=1200%2C675&resize=1050%2C600 3x"},"classes":[]},{"id":768,"url":"http:\/\/www.robertosedda.it\/?p=768","url_meta":{"origin":9074,"position":5},"title":"Sogno di una notte di mezza estate","author":"Rufus","date":"24\/08\/2012","format":false,"excerpt":"Vale la pena di fare una premessa: il Sogno non \u00e8 una delle opere scespiriane pi\u00f9 facili del mondo da mettere in scena, compresa com'\u00e8 di una serie di \"blocchi\" narrativi e di registri differenti (soprattutto il lungo inserto conclusivo della recita degli artigiani). E d'altra parte, bisogna per forza,\u2026","rel":"","context":"In &quot;Coordinate&quot;","block_context":{"text":"Coordinate","link":"http:\/\/www.robertosedda.it\/?cat=52"},"img":{"alt_text":"","src":"https:\/\/i0.wp.com\/www.robertosedda.it\/wp-content\/uploads\/2012\/08\/sogno_di_una_notte_di_mezza_estate_michelle_pfeiffer_michael_hoffman_001_jpg_uwri.jpg?fit=793%2C524&resize=350%2C200","width":350,"height":200,"srcset":"https:\/\/i0.wp.com\/www.robertosedda.it\/wp-content\/uploads\/2012\/08\/sogno_di_una_notte_di_mezza_estate_michelle_pfeiffer_michael_hoffman_001_jpg_uwri.jpg?fit=793%2C524&resize=350%2C200 1x, https:\/\/i0.wp.com\/www.robertosedda.it\/wp-content\/uploads\/2012\/08\/sogno_di_una_notte_di_mezza_estate_michelle_pfeiffer_michael_hoffman_001_jpg_uwri.jpg?fit=793%2C524&resize=700%2C400 2x"},"classes":[]}],"_links":{"self":[{"href":"http:\/\/www.robertosedda.it\/index.php?rest_route=\/wp\/v2\/posts\/9074"}],"collection":[{"href":"http:\/\/www.robertosedda.it\/index.php?rest_route=\/wp\/v2\/posts"}],"about":[{"href":"http:\/\/www.robertosedda.it\/index.php?rest_route=\/wp\/v2\/types\/post"}],"author":[{"embeddable":true,"href":"http:\/\/www.robertosedda.it\/index.php?rest_route=\/wp\/v2\/users\/1"}],"replies":[{"embeddable":true,"href":"http:\/\/www.robertosedda.it\/index.php?rest_route=%2Fwp%2Fv2%2Fcomments&post=9074"}],"version-history":[{"count":5,"href":"http:\/\/www.robertosedda.it\/index.php?rest_route=\/wp\/v2\/posts\/9074\/revisions"}],"predecessor-version":[{"id":11301,"href":"http:\/\/www.robertosedda.it\/index.php?rest_route=\/wp\/v2\/posts\/9074\/revisions\/11301"}],"wp:featuredmedia":[{"embeddable":true,"href":"http:\/\/www.robertosedda.it\/index.php?rest_route=\/wp\/v2\/media\/9078"}],"wp:attachment":[{"href":"http:\/\/www.robertosedda.it\/index.php?rest_route=%2Fwp%2Fv2%2Fmedia&parent=9074"}],"wp:term":[{"taxonomy":"category","embeddable":true,"href":"http:\/\/www.robertosedda.it\/index.php?rest_route=%2Fwp%2Fv2%2Fcategories&post=9074"},{"taxonomy":"post_tag","embeddable":true,"href":"http:\/\/www.robertosedda.it\/index.php?rest_route=%2Fwp%2Fv2%2Ftags&post=9074"}],"curies":[{"name":"wp","href":"https:\/\/api.w.org\/{rel}","templated":true}]}}