{"id":9047,"date":"2014-12-10T18:25:38","date_gmt":"2014-12-10T17:25:38","guid":{"rendered":"http:\/\/www.robertosedda.it\/?p=9047"},"modified":"2014-12-22T15:43:10","modified_gmt":"2014-12-22T14:43:10","slug":"il-mondo-in-un-libro","status":"publish","type":"post","link":"http:\/\/www.robertosedda.it\/?p=9047","title":{"rendered":"Il mondo in un libro"},"content":{"rendered":"<p>Ho messo in linea oggi la puntata di <em>Oggi parliamo di libri<\/em> dedicata al <em>David Copperfield<\/em> di Charles Dickens.<\/p>\n<div class=\"jetpack-video-wrapper\"><span class=\"embed-youtube\" style=\"text-align:center; display: block;\"><iframe class=\"youtube-player\" width=\"800\" height=\"450\" src=\"https:\/\/www.youtube.com\/embed\/S-ysQ-wpfZ4?version=3&#038;rel=1&#038;showsearch=0&#038;showinfo=1&#038;iv_load_policy=1&#038;fs=1&#038;hl=it-IT&#038;autohide=2&#038;wmode=transparent\" allowfullscreen=\"true\" style=\"border:0;\" sandbox=\"allow-scripts allow-same-origin allow-popups allow-presentation\"><\/iframe><\/span><\/div>\n<p>\u00c8 passato un po&#8217; di tempo dall&#8217;ultima puntata caricata su <em>YouTube<\/em> e il motivo del ritardo \u00e8 del tutto colpa, se posso usare questa termine, di questo libro: o meglio, della mia inadeguatezza.<\/p>\n<p>Il problema non \u00e8 della puntata in s\u00e9: parlando di grandi storie d&#8217;amore mi sembrava interessante provare a operare un ribaltamento, segnalare appena appena un certo egoismo di David e far risaltare la figura di Agnes, una delle eroine passive meglio riuscite della letteratura inglese. Avrei forse potuto approfondire un pochino l&#8217;aspetto inquietante dell&#8217;operazione di Dickens (non ho avuto il tempo di approfondire quel che dice la critica militante in merito, ma immagino non sia tenera) o segnalare il parallelo con altre donne angelicate dell&#8217;800 dedite a educare teneramente all&#8217;amore i loro uomini, dalla Fanny di <em>Mansfield Park<\/em> in poi, ma tutto sommato mi pare che il tema sia stato segnalato a sufficienza rispetto a quanto permettono i limitati spazi della trasmissione.<\/p>\n<p>No, il fatto \u00e8 che volevo approfittare dell&#8217;occasione qui sul <em>blog<\/em> per invitare alla lettura del <em>David Copperfield<\/em>, <a title=\"Modi eleganti per sottrarsi alle catene e i miei dieci libri preferiti\" href=\"http:\/\/www.robertosedda.it\/?p=8445\">che ho gi\u00e0 indicato in passato fra i miei libri preferiti<\/a>, ma ho scoperto che il romanzo mi intimorisce.<\/p>\n<p>Giuro.<\/p>\n<p>In quell&#8217;articolo precedente avevo scritto:<\/p>\n<blockquote><p>5. Charles Dickens,\u00a0<em>David Copperfield<\/em>. A sorpresa (?) non la Austen. <em>David Copperfield<\/em>\u00a0non racconta un corteggiamento ma un amore che dura tutta una vita e gi\u00e0 solo per questo mi piace di pi\u00f9. E poi c\u2019\u00e8 una galleria di personaggi e situazioni impressionante e un\u2019intera epoca in un solo romanzo.<\/p><\/blockquote>\n<p>Ecco: \u00e8 che oltre questa breve frase non riesco ad andare; da una parte <em>David Copperfield <\/em>\u00e8 un libro in cui c&#8217;\u00e8 dentro cos\u00ec tanto che si potrebbe andare avanti per secoli: la figura di Steerforth, per esempio, cos\u00ec&#8230; cos\u00ec <em>byroniana<\/em> e interessante in s\u00e9 e cos\u00ec profondamente cucita dentro il romanzo fino alla conclusione magnifica di questa sottotrama sulla spiaggia di Yarmouth lo rende uno dei pi\u00f9 grandi libri sull&#8217;amicizia tradita, sul disvelamento dolcemaro a cui l&#8217;et\u00e0 e una migliore comprensione delle cose e dei sentimenti conduce; ma se ci si volge alla figura di Micawber il romanzo diventa improvvisamente un resoconto magistrale della commedia umana; e vicende come quella del Dottor Strong, di sua moglie Anne del seduttore Jack Maldon, che qui costituiscono appena una distrazione di passaggio, basterebbero per un intero romanzo non dico di Jane Austen ma almeno di Georgette Heyer (in trasmissione ho citato allo stesso modo l&#8217;infanzia di David, ma la storia degli Strong ripensandoci mi sembra pi\u00f9 appropriata). Insomma, c&#8217;\u00e8 cos\u00ec tanto da dire che come l&#8217;asino di Buridano non so bene cosa scegliere e finisco per non sapere cosa pensare. E d&#8217;altra parte non riesco, in tutta questa messe di temi e di spunti, a pensare di avere qualcosa di davvero significativo da dire (capirete che per il mio ego \u00e8 un&#8217;esperienza forse salutare ma un po&#8217; spiazzante!).<\/p>\n<p>E quindi forse ho fatto bene in trasmissione a semplificare e rifugiarmi nella menzione di un grande affresco che alla conclusione del romanzo viene ricomposto in un quadro di pacificazione e di assestamento morale e a limitarmi a dire che<\/p>\n<blockquote><p>se mai ho consigliato un romanzo in questi nostri appuntamenti sicuramente il David Copperfield merita assolutamente di essere letto se non l&#8217;avete mai fatto<\/p><\/blockquote>\n<p>e, aggiungerei qui, merita anche una rilettura se invece l&#8217;avete gi\u00e0 letto in passato.Sono fiducioso che ciascuno ci trover\u00e0 dentro quel che gli serve senza troppi suggerimenti da parte mia.<\/p>\n<p>Chiudo con il brano musicale: per i motivi che avete sentito ho scelto <em>Gracias a la vida<\/em>, che Maria Bonaria mi aveva suggerito per l&#8217;<em>Amore ai tempi del colera <\/em>(che ho registrato nella stessa serata) e che invece io ho scelto per il <em>David Copperfield<\/em>. La versione di Isabel Parra che abbiamo usato in trasmissione su <em>YouTube<\/em> non la trovo: nel mio canale ho suggerito la verisone originale di Violeta Parra, qui vi propongo quella, pi\u00f9 aggressiva, di Joan Baez.<\/p>\n<div class=\"jetpack-video-wrapper\"><span class=\"embed-youtube\" style=\"text-align:center; display: block;\"><iframe class=\"youtube-player\" width=\"800\" height=\"450\" src=\"https:\/\/www.youtube.com\/embed\/DFZxBvUMlG0?version=3&#038;rel=1&#038;showsearch=0&#038;showinfo=1&#038;iv_load_policy=1&#038;fs=1&#038;hl=it-IT&#038;autohide=2&#038;wmode=transparent\" allowfullscreen=\"true\" style=\"border:0;\" sandbox=\"allow-scripts allow-same-origin allow-popups allow-presentation\"><\/iframe><\/span><\/div>\n","protected":false},"excerpt":{"rendered":"<p>Ho messo in linea oggi la puntata di Oggi parliamo di libri dedicata al David Copperfield di Charles Dickens. \u00c8<\/p>\n","protected":false},"author":1,"featured_media":0,"comment_status":"open","ping_status":"open","sticky":false,"template":"","format":"video","meta":{"_mi_skip_tracking":false,"_monsterinsights_sitenote_active":false,"_monsterinsights_sitenote_note":"","_monsterinsights_sitenote_category":0,"jetpack_post_was_ever_published":false,"_jetpack_newsletter_access":"","jetpack_publicize_message":"","jetpack_is_tweetstorm":false,"jetpack_publicize_feature_enabled":true,"jetpack_social_post_already_shared":true,"jetpack_social_options":{"image_generator_settings":{"template":"highway","enabled":false}}},"categories":[52,56,13,12,67],"tags":[],"jetpack_publicize_connections":[],"jetpack_featured_media_url":"","jetpack_sharing_enabled":true,"jetpack_shortlink":"https:\/\/wp.me\/p4jV2T-2lV","jetpack_likes_enabled":true,"jetpack-related-posts":[{"id":5951,"url":"http:\/\/www.robertosedda.it\/?p=5951","url_meta":{"origin":9047,"position":0},"title":"Il &#8220;Canto di Natale&#8221; di Charles Dickens","author":"Rufus","date":"24\/01\/2014","format":"video","excerpt":"Non so se pecco di immodestia, ma la puntata del giorno di Santo Stefano di Oggi parliamo di libri, dedicata al Canto di Natale mi sembra essere riuscita piuttosto bene. Suggerimenti che non sono riuscito a dare All'inizio avevo una mezza idea di provare a leggere l'intero Canto, ma mi\u2026","rel":"","context":"In &quot;Coordinate&quot;","block_context":{"text":"Coordinate","link":"http:\/\/www.robertosedda.it\/?cat=52"},"img":{"alt_text":"","src":"https:\/\/i0.wp.com\/www.robertosedda.it\/wp-content\/uploads\/2014\/01\/Tomalin-Dickens.jpg?fit=260%2C401&resize=350%2C200","width":350,"height":200},"classes":[]},{"id":9093,"url":"http:\/\/www.robertosedda.it\/?p=9093","url_meta":{"origin":9047,"position":1},"title":"Grandi speranze a &#8220;Oggi parliamo di libri&#8221;","author":"Rufus","date":"22\/12\/2014","format":"video","excerpt":"Dolci sogni. Sogni dolcissimi di ricchezza, amore e successo sono quelli che animano Pip in\u00a0Grandi speranze. Se si guarda il testo di\u00a0Sweet dreams degli\u00a0Eurythmics si nota che il nesso con le vicende del libro \u00e8 molto labile, ma ho scelto lo stesso questo brano \u00a0come pausa musicale perch\u00e9 il titolo\u2026","rel":"","context":"In &quot;Coordinate&quot;","block_context":{"text":"Coordinate","link":"http:\/\/www.robertosedda.it\/?cat=52"},"img":{"alt_text":"","src":"https:\/\/i0.wp.com\/www.robertosedda.it\/wp-content\/uploads\/2014\/12\/Grandi-speranze.jpg?fit=1012%2C765&resize=350%2C200","width":350,"height":200,"srcset":"https:\/\/i0.wp.com\/www.robertosedda.it\/wp-content\/uploads\/2014\/12\/Grandi-speranze.jpg?fit=1012%2C765&resize=350%2C200 1x, https:\/\/i0.wp.com\/www.robertosedda.it\/wp-content\/uploads\/2014\/12\/Grandi-speranze.jpg?fit=1012%2C765&resize=700%2C400 2x"},"classes":[]},{"id":2465,"url":"http:\/\/www.robertosedda.it\/?p=2465","url_meta":{"origin":9047,"position":2},"title":"Fahrenheit 451 a &#8220;Oggi parliamo di libri&#8221;","author":"Rufus","date":"06\/03\/2013","format":"video","excerpt":"Ho messo in linea la puntata dedicata a Fahrenheit 451 di Ray Bradbury. Non va bene farsi i compimenti da soli, ma trovo che sia stata una puntata equilibrata e priva di errori, e sono abbastanza soddisfatto. Per quelli che non hanno voglia di ascoltare tutta la puntata ribadisco comunque\u2026","rel":"","context":"In &quot;Coordinate&quot;","block_context":{"text":"Coordinate","link":"http:\/\/www.robertosedda.it\/?cat=52"},"img":{"alt_text":"","src":"https:\/\/i0.wp.com\/img.youtube.com\/vi\/-n2ej5KtVJ0\/0.jpg?resize=350%2C200","width":350,"height":200},"classes":[]},{"id":10009,"url":"http:\/\/www.robertosedda.it\/?p=10009","url_meta":{"origin":9047,"position":3},"title":"Di nuovo sulla &#8220;Gerusalemme liberata&#8221;","author":"Rufus","date":"21\/04\/2015","format":"video","excerpt":"Della\u00a0Gerusalemme liberata ho gi\u00e0 parlato pi\u00f9 o meno un anno e mezzo fa, quindi oggi mi limito a segnalare che ho messo in linea la puntata che ho dedicato al poema su\u00a0Oggi parliamo di libri e a invitarvi all'ascolto, oltre che della puntata, della pausa musicale con la strepitosa Mahalia\u2026","rel":"","context":"In &quot;Coordinate&quot;","block_context":{"text":"Coordinate","link":"http:\/\/www.robertosedda.it\/?cat=52"},"img":{"alt_text":"","src":"https:\/\/i0.wp.com\/img.youtube.com\/vi\/gPZuWzZvoYQ\/0.jpg?resize=350%2C200","width":350,"height":200},"classes":[]},{"id":2188,"url":"http:\/\/www.robertosedda.it\/?p=2188","url_meta":{"origin":9047,"position":4},"title":"Altre tre puntate di &#8220;Oggi parliamo di libri&#8221; in linea","author":"Rufus","date":"08\/02\/2013","format":"video","excerpt":"Ho aggiunto ieri su YouTube altre tre puntate di Oggi parliamo di libri. Con queste ho ultimato il gruppo delle puntate che avevo gi\u00e0 trascritto; prossimamente inizier\u00f2 a mettere quelle pi\u00f9 recenti. Seconda puntata, L'Eternauta Incursione nel mondo del fumetto, della puntata ho gi\u00e0 parlato qui. L'Eternauta mi ha dato\u2026","rel":"","context":"In &quot;Coordinate&quot;","block_context":{"text":"Coordinate","link":"http:\/\/www.robertosedda.it\/?cat=52"},"img":{"alt_text":"","src":"https:\/\/i0.wp.com\/img.youtube.com\/vi\/YEArVX5rwfw\/0.jpg?resize=350%2C200","width":350,"height":200},"classes":[]},{"id":7791,"url":"http:\/\/www.robertosedda.it\/?p=7791","url_meta":{"origin":9047,"position":5},"title":"Volte che sono contento di me","author":"Rufus","date":"16\/06\/2014","format":"video","excerpt":"La fine \u00e8 il mio inizio (Tiziano Terzani,\u00a0Longanesi 2006) Ho affrontato la puntata su\u00a0La fine \u00e8 il mio inizio\u00a0di Oggi parliamo di libri\u00a0con alcune perplessit\u00e0. A fronte di tante cose interessanti (in particolare quelle di cui ho poi parlato in trasmissione, il Vietnam, il percorso di crescita e di riflessione\u2026","rel":"","context":"In &quot;Biografie&quot;","block_context":{"text":"Biografie","link":"http:\/\/www.robertosedda.it\/?cat=83"},"img":{"alt_text":"","src":"https:\/\/i0.wp.com\/www.robertosedda.it\/wp-content\/uploads\/2014\/06\/Terzani.png?fit=757%2C425&resize=350%2C200","width":350,"height":200,"srcset":"https:\/\/i0.wp.com\/www.robertosedda.it\/wp-content\/uploads\/2014\/06\/Terzani.png?fit=757%2C425&resize=350%2C200 1x, https:\/\/i0.wp.com\/www.robertosedda.it\/wp-content\/uploads\/2014\/06\/Terzani.png?fit=757%2C425&resize=700%2C400 2x"},"classes":[]}],"_links":{"self":[{"href":"http:\/\/www.robertosedda.it\/index.php?rest_route=\/wp\/v2\/posts\/9047"}],"collection":[{"href":"http:\/\/www.robertosedda.it\/index.php?rest_route=\/wp\/v2\/posts"}],"about":[{"href":"http:\/\/www.robertosedda.it\/index.php?rest_route=\/wp\/v2\/types\/post"}],"author":[{"embeddable":true,"href":"http:\/\/www.robertosedda.it\/index.php?rest_route=\/wp\/v2\/users\/1"}],"replies":[{"embeddable":true,"href":"http:\/\/www.robertosedda.it\/index.php?rest_route=%2Fwp%2Fv2%2Fcomments&post=9047"}],"version-history":[{"count":4,"href":"http:\/\/www.robertosedda.it\/index.php?rest_route=\/wp\/v2\/posts\/9047\/revisions"}],"predecessor-version":[{"id":9051,"href":"http:\/\/www.robertosedda.it\/index.php?rest_route=\/wp\/v2\/posts\/9047\/revisions\/9051"}],"wp:attachment":[{"href":"http:\/\/www.robertosedda.it\/index.php?rest_route=%2Fwp%2Fv2%2Fmedia&parent=9047"}],"wp:term":[{"taxonomy":"category","embeddable":true,"href":"http:\/\/www.robertosedda.it\/index.php?rest_route=%2Fwp%2Fv2%2Fcategories&post=9047"},{"taxonomy":"post_tag","embeddable":true,"href":"http:\/\/www.robertosedda.it\/index.php?rest_route=%2Fwp%2Fv2%2Ftags&post=9047"}],"curies":[{"name":"wp","href":"https:\/\/api.w.org\/{rel}","templated":true}]}}