{"id":8997,"date":"2014-12-04T11:06:32","date_gmt":"2014-12-04T10:06:32","guid":{"rendered":"http:\/\/www.robertosedda.it\/?p=8997"},"modified":"2014-12-09T17:32:49","modified_gmt":"2014-12-09T16:32:49","slug":"verso-una-societa-neo-oligarchica-un-intervento-di-nicolo-migheli","status":"publish","type":"post","link":"http:\/\/www.robertosedda.it\/?p=8997","title":{"rendered":"Verso una societ\u00e0 neo-oligarchica? Un intervento di Nicol\u00f2 Migheli"},"content":{"rendered":"<p>Oltre che su questo\u00a0<em>blog<\/em> questo articolo viene pubblicato anche sui siti di\u00a0<strong><em><a href=\"http:\/\/www.fondazionesardinia.eu\/ita\/?p=9428\">Fondazione Sardinia<\/a><\/em><\/strong>,\u00a0<em><strong><a href=\"http:\/\/www.aladinpensiero.it\/\">Aladinpensiero<\/a><\/strong>,<\/em>\u00a0<strong><em><a href=\"http:\/\/tramasdeamistade.org\/htdocs\/cms\/index.php\">Tramas de amistade<\/a><\/em><\/strong>,\u00a0<em><a href=\"http:\/\/www.sardegnasoprattutto.org\/\"><strong>Sardegna Soprattutto<\/strong><\/a>,<\/em>\u00a0<strong><em><a href=\"http:\/\/www.formaparis.com\/\">Sportello Formaparis<\/a><\/em><\/strong>,\u00a0<strong><em><a href=\"http:\/\/tottusinpari.blog.tiscali.it\/\">Tottusinpari<\/a><\/em><\/strong> e sui <em>blog<\/em> di\u00a0<a href=\"http:\/\/www.enricolobina.org\/wp\/\"><strong>Enrico Lobina<\/strong>,<\/a>\u00a0<strong><a href=\"http:\/\/www.vitobiolchini.it\/\">Vito Biolchini<\/a><\/strong>\u00a0e\u00a0<a href=\"http:\/\/madrigopolis.blogspot.it\/\"><strong>Francesca Madrigali<\/strong><\/a>.<\/p>\n<h2>Verso una societ\u00e0 neo-oligarchica?<\/h2>\n<h3>di Nicol\u00f2 Migheli<\/h3>\n<p><a href=\"https:\/\/i0.wp.com\/www.robertosedda.it\/wp-content\/uploads\/2014\/12\/diseguaglianza1.jpg\"><img data-attachment-id=\"9001\" data-permalink=\"http:\/\/www.robertosedda.it\/?attachment_id=9001\" data-orig-file=\"https:\/\/i0.wp.com\/www.robertosedda.it\/wp-content\/uploads\/2014\/12\/diseguaglianza1.jpg?fit=800%2C518\" data-orig-size=\"800,518\" data-comments-opened=\"1\" data-image-meta=\"{&quot;aperture&quot;:&quot;0&quot;,&quot;credit&quot;:&quot;&quot;,&quot;camera&quot;:&quot;&quot;,&quot;caption&quot;:&quot;&quot;,&quot;created_timestamp&quot;:&quot;0&quot;,&quot;copyright&quot;:&quot;&quot;,&quot;focal_length&quot;:&quot;0&quot;,&quot;iso&quot;:&quot;0&quot;,&quot;shutter_speed&quot;:&quot;0&quot;,&quot;title&quot;:&quot;&quot;,&quot;orientation&quot;:&quot;0&quot;}\" data-image-title=\"diseguaglianza\" data-image-description=\"\" data-image-caption=\"\" data-medium-file=\"https:\/\/i0.wp.com\/www.robertosedda.it\/wp-content\/uploads\/2014\/12\/diseguaglianza1.jpg?fit=300%2C194\" data-large-file=\"https:\/\/i0.wp.com\/www.robertosedda.it\/wp-content\/uploads\/2014\/12\/diseguaglianza1.jpg?fit=510%2C330\" decoding=\"async\" loading=\"lazy\" class=\"aligncenter size-full wp-image-9001\" src=\"https:\/\/i0.wp.com\/www.robertosedda.it\/wp-content\/uploads\/2014\/12\/diseguaglianza1.jpg?resize=800%2C518\" alt=\"diseguaglianza\" width=\"800\" height=\"518\" srcset=\"https:\/\/i0.wp.com\/www.robertosedda.it\/wp-content\/uploads\/2014\/12\/diseguaglianza1.jpg?w=800 800w, https:\/\/i0.wp.com\/www.robertosedda.it\/wp-content\/uploads\/2014\/12\/diseguaglianza1.jpg?resize=150%2C97 150w, https:\/\/i0.wp.com\/www.robertosedda.it\/wp-content\/uploads\/2014\/12\/diseguaglianza1.jpg?resize=300%2C194 300w, https:\/\/i0.wp.com\/www.robertosedda.it\/wp-content\/uploads\/2014\/12\/diseguaglianza1.jpg?resize=510%2C330 510w, https:\/\/i0.wp.com\/www.robertosedda.it\/wp-content\/uploads\/2014\/12\/diseguaglianza1.jpg?resize=700%2C453 700w, https:\/\/i0.wp.com\/www.robertosedda.it\/wp-content\/uploads\/2014\/12\/diseguaglianza1.jpg?resize=50%2C32 50w\" sizes=\"(max-width: 800px) 100vw, 800px\" data-recalc-dims=\"1\" \/><\/a>Le primarie del PD per la candidatura alla presidenza della Regione Veneto confermano la tendenza all&#8217;allontanamento dall&#8217;esercizio del voto della maggioranza dei cittadini. Nelle elezioni dell\u2019Emilia Romagna \u00e8 successo che solo il 38% degli aventi diritto si siano recati alle urne. In una regione dove la partecipazione dei cittadini alla vita pubblica \u00e8 incredibilmente alta. Ilvo Diamanti in una analisi del dopo voto, scriveva che le regioni non vengono pi\u00f9 sentite dai cittadini come luoghi essenziali dell\u2019esercizio democratico. La causa? Molto sarebbe nel malcostume e negli scandali. La politica come luogo della soluzione dei problemi personali di chi vi \u00e8 impegnato e dei gruppi di riferimento. \u00c8 indubbio che anche queste considerazioni abbiano il loro peso. Per\u00f2 il distacco dei cittadini dalle istituzioni e delle loro rappresentanze sembra avere ragioni pi\u00f9 forti, aspetti della vita pubblica che si avviano a diventare strutturali. Lo studio <em>Gini-Growing inequality impact<\/em>\u00a0realizzato dalla UE nell&#8217;ambito del VII Programma quadro, \u00e8 esplicito: l\u2019indice di ineguaglianza in Italia \u00e8 secondo nell&#8217;Unione solo dopo la Gran Bretagna. L\u2019Unione delle Banche Svizzere racconta che nel 2014, in Italia i miliardari sono cresciuti. Erano 29 nel 2013 con una ricchezza complessiva pari a 97 miliardi di euro, adesso sono 35; la ricchezza \u00e8 cresciuta di 53 miliardi raggiungendo la somma di 150. Tutto questo mentre la disoccupazione ha raggiunto il 13% e tra i giovani il 43. L\u2019indice di ineguaglianza che nel 1992 era di 0,27, in linea con i principali paesi europei, ora \u00e8 di 0,34. \u00c8 interessante notare che tutto comincia con l\u2019avvento delle privatizzazioni che si sono trasformate in monopoli di pochi gruppi finanziari. Non solo. Immediatamente sotto di loro, vi \u00e8 una <em>\u00e9lite<\/em> che non ha sofferto della crisi, garantita com&#8217;\u00e8 da rendite e privilegi. A questo \u00e8 corrisposto un progressivo impoverimento dei ceti medi, l\u2019affacciarsi di generazioni precarie dei contratti giornalieri, impediti a costruirsi un futuro decente. Una atomizzazione dei rapporti di lavoro, una costrizione nel problema individuale che impedisce di pensare a se stessi come facenti parte di gruppi pi\u00f9 vasti con diritti e rivendicazioni comuni. Ributtati in un Ottocento senza Societ\u00e0 di Mutuo Soccorso, senza neanche il sogno della palingenesi socialista, uccisa prima che dal proprio limite, dalla vulgata del darwinismo sociale neo liberista. L\u2019unica condizione possibile in una societ\u00e0 del tutti contro tutti. A questo poi si aggiunge che un governo <em>soi disant<\/em> di sinistra per bocca del ministro Alfano dichiari che il <em>Jobs Act<\/em> \u00e8 politica di destra, confermando una sorta di intercambiabilit\u00e0 tra i poli nel perseguire le stesse riforme. La politica cessa di essere strumento del cambiamento. Destra e sinistra di governo seguono le indicazioni di gruppi minoritari legati alle istituzioni internazionali non elette come l\u2019FMI, soggette al potere ricattatorio del capitale finanziario che non conosce frontiere, che si sposta dove c\u2019\u00e8 la massima remunerazione a breve. Le riforme costituzionali e quella elettorale diventano il quadro in cui incardinare il potere di gruppi che tendono a diventare inamovibili. Mario Monti in una riunione della finanza internazionale a Milwaukee negli Usa, nel settembre del 2013, ebbe a dichiarare: \u201dIl vero problema dell\u2019Italia consiste che si vota troppo spesso e sono ancora in troppi a votare.\u201d Pi\u00f9 che una profezia che si auto-avvera sembrerebbe la realizzazione di un lucido progetto. Robert Michels sosteneva che il non votare \u00e8, in certe condizioni, l\u2019unico modo per esprimere il dissenso, ma l\u2019allontanamento dei cittadini dal voto finisce con il perseguire il disegno di quelle \u00e8lite. I partiti trasformati in comitati elettorali diventano la cinghia di trasmissione di decisioni prese altrove e le istituzioni delle mere esecutrici. Un disegno chiaro di neo oligarchia, a cui si accede in pochi, solo quelli che hanno rapporti con la finanza e le istituzioni sovranazionali, che potranno essere cooptati dove si decide. Un progetto neo napoleonico che contempla gli ottimati, l\u2019inclusione per censo o per appartenenza al gruppo. Una stratificazione sociale che per reggersi dovr\u00e0 farsi autoritaria, avendo poco da distribuire. In un quadro simile i movimenti xenofobi e neonazisti hanno davanti a s\u00e9 spazi ampi di manovra nell\u2019indicare i nuovi capri espiatori nei migranti e nei rom; creando ed alimentando sospetti e paure, diventando cos\u00ec funzionali al mantenimento dello statu quo. Chi \u00e8 in difficolt\u00e0 cerca le sicurezze, e una societ\u00e0 autoritaria le offre. Una prospettiva senza scampo? Per ora sembrerebbe di s\u00ec. In realt\u00e0 molto si muove. In Spagna <em>Podemos<\/em>, raccogliendo le proteste degli <em>Indignados <\/em>di Puerta del Sol, viene dato vincente alle prossime elezioni di primavera. <em>Podemos <\/em>ha una piattaforma di democrazia partecipativa, riscopre la lotta di classe contro le nuove oligarchie. In Italia invece nulla. La sinistra sembra incapace a reagire alla sconfitta che le ha inflitto il governo Renzi. Governo che, con il suo centralismo romano, apre possibilit\u00e0 politiche interessanti per chi rivendica il diritto di autodecisione in Sardegna. Per ora per\u00f2 poco si muove. Dovremmo attendere che la Riforma della Costituzione cancelli l\u2019Autonomia? Se \u00e8 cos\u00ec baster\u00e0 attendere la primavera. Noi siamo specialisti nel chiudere la stalla quando i buoi sono gi\u00e0 fuggiti.<\/p>\n","protected":false},"excerpt":{"rendered":"<p>Oltre che su questo\u00a0blog questo articolo viene pubblicato anche sui siti di\u00a0Fondazione Sardinia,\u00a0Aladinpensiero,\u00a0Tramas de amistade,\u00a0Sardegna Soprattutto,\u00a0Sportello Formaparis,\u00a0Tottusinpari e sui blog<\/p>\n","protected":false},"author":1,"featured_media":9001,"comment_status":"open","ping_status":"open","sticky":false,"template":"","format":"standard","meta":{"_mi_skip_tracking":false,"_monsterinsights_sitenote_active":false,"_monsterinsights_sitenote_note":"","_monsterinsights_sitenote_category":0,"jetpack_post_was_ever_published":false,"_jetpack_newsletter_access":"","jetpack_publicize_message":"","jetpack_is_tweetstorm":false,"jetpack_publicize_feature_enabled":true,"jetpack_social_post_already_shared":true,"jetpack_social_options":{"image_generator_settings":{"template":"highway","enabled":false}}},"categories":[52,57,17,59,16],"tags":[],"jetpack_publicize_connections":[],"jetpack_featured_media_url":"https:\/\/i0.wp.com\/www.robertosedda.it\/wp-content\/uploads\/2014\/12\/diseguaglianza1.jpg?fit=800%2C518","jetpack_sharing_enabled":true,"jetpack_shortlink":"https:\/\/wp.me\/p4jV2T-2l7","jetpack_likes_enabled":true,"jetpack-related-posts":[{"id":7923,"url":"http:\/\/www.robertosedda.it\/?p=7923","url_meta":{"origin":8997,"position":0},"title":"Anche i professori a volte sbagliano (un intervento di Nicol\u00f2 Migheli)","author":"Rufus","date":"08\/07\/2014","format":false,"excerpt":"L'articolo dei blogger del luned\u00ec\u00a0\u00e8 pubblicato oltre che su questo sito anche su quelli\u00a0di\u00a0Fondazione Sardinia,\u00a0Tramas de amistade,\u00a0Aladin pensiero,\u00a0Vito Biolchini,\u00a0Sardegna soprattutto,\u00a0Enrico Lobina,\u00a0Madrigopolis,\u00a0Forma paris\u00a0e\u00a0Tottus in pari. Anche i professori a volte sbagliano di Nicol\u00f2 Migheli Chiunque in questi ultimi vent'anni abbia seguito le tendenze demografiche della Sardegna ha consapevolezza che l'isola \u00e8\u2026","rel":"","context":"In &quot;Coordinate&quot;","block_context":{"text":"Coordinate","link":"http:\/\/www.robertosedda.it\/?cat=52"},"img":{"alt_text":"","src":"https:\/\/i0.wp.com\/www.robertosedda.it\/wp-content\/uploads\/2014\/07\/Nicol\u00f2-Migheli.jpg?fit=417%2C628&resize=350%2C200","width":350,"height":200},"classes":[]},{"id":6864,"url":"http:\/\/www.robertosedda.it\/?p=6864","url_meta":{"origin":8997,"position":1},"title":"Venti indipendentisti oltre la provocazione del Canton Marittimo (di Nicol\u00f2 Migheli)","author":"Rufus","date":"01\/04\/2014","format":false,"excerpt":"I\u00a0blogger del luned\u00ec, che a questo punto sarebbe pi\u00f9 corretto chiamare\u00a0blogger indipendentisti, procedono nei loro incontri. \u00c8 un po' che non ricevo direttamente l'articolo per la pubblicazione, ma vedo che tutti continuano a citare questo blog\u00a0come parte della catena e perci\u00f2 continuo a stare al gioco dei rimandi: peraltro\u00a0mai come\u2026","rel":"","context":"In &quot;Coordinate&quot;","block_context":{"text":"Coordinate","link":"http:\/\/www.robertosedda.it\/?cat=52"},"img":{"alt_text":"","src":"https:\/\/i0.wp.com\/www.robertosedda.it\/wp-content\/uploads\/2014\/04\/Nicol\u00f2-Migheli.jpg?fit=720%2C960&resize=350%2C200","width":350,"height":200,"srcset":"https:\/\/i0.wp.com\/www.robertosedda.it\/wp-content\/uploads\/2014\/04\/Nicol\u00f2-Migheli.jpg?fit=720%2C960&resize=350%2C200 1x, https:\/\/i0.wp.com\/www.robertosedda.it\/wp-content\/uploads\/2014\/04\/Nicol\u00f2-Migheli.jpg?fit=720%2C960&resize=700%2C400 2x"},"classes":[]},{"id":9835,"url":"http:\/\/www.robertosedda.it\/?p=9835","url_meta":{"origin":8997,"position":2},"title":"Se il rifiuto nucleare diventa un affare","author":"Rufus","date":"25\/03\/2015","format":false,"excerpt":"Questo articolo viene pubblicato anche sui siti di Fondazione Sardinia, Tramasdeamistade, Sardegna Soprattutto, Sportello Formaparis,Tottusinpari e sui blog di Enrico Lobina, Vito Biolchini e\u00a0Francesca Madrigali. Se il rifiuto nucleare diventa un affare di Nicol\u00f2 Migheli Smentendo gli annunci, il governo non riveler\u00e0 il 2 di aprile i siti possibili per\u2026","rel":"","context":"In &quot;Coordinate&quot;","block_context":{"text":"Coordinate","link":"http:\/\/www.robertosedda.it\/?cat=52"},"img":{"alt_text":"","src":"https:\/\/i0.wp.com\/www.robertosedda.it\/wp-content\/uploads\/2015\/03\/Nicol\u00f2-Migheli-foto.jpg?fit=468%2C234&resize=350%2C200","width":350,"height":200},"classes":[]},{"id":12510,"url":"http:\/\/www.robertosedda.it\/?p=12510","url_meta":{"origin":8997,"position":3},"title":"REBLOG: Il gigantesco Dino Battaglia","author":"Rufus","date":"13\/09\/2016","format":false,"excerpt":"Per chi segue il blog e non conosce questo grandissimo fumettista, una buona occasione \u00e8 l'articolo de\u00a0Lo spazio bianco che analizza la nuova ristampa (a cura di Nicola Pesce Editore) degli adattamenti che Battaglia fece dei racconti di E.A. Poe per Linus e\u00a0Il Giornalino.","rel":"","context":"In &quot;Coordinate&quot;","block_context":{"text":"Coordinate","link":"http:\/\/www.robertosedda.it\/?cat=52"},"img":{"alt_text":"","src":"https:\/\/i0.wp.com\/www.robertosedda.it\/wp-content\/uploads\/2016\/09\/battaglia-poe-npe-maschera-morte-rossa.jpg?fit=270%2C357&resize=350%2C200","width":350,"height":200},"classes":[]},{"id":15799,"url":"http:\/\/www.robertosedda.it\/?p=15799","url_meta":{"origin":8997,"position":4},"title":"Cambio di immagine","author":"Rufus","date":"02\/11\/2018","format":false,"excerpt":"Marted\u00ec sera sono andato a sentire gli Scrittori da panico\u00a0 al Babeuf\u00a0(Dario Dess\u00ec e Lalla Careddu sugli scudi, insieme a un racconto sul calcetto dopo i quarant'anni di cui non ricordo l'autore ma che faceva\u00a0paurissima) e Riccardo Atzeni, che sul palco faceva disegni...\u00a0da panico, mi ha fatto questa caricatura di\u2026","rel":"","context":"In &quot;Coordinate&quot;","block_context":{"text":"Coordinate","link":"http:\/\/www.robertosedda.it\/?cat=52"},"img":{"alt_text":"","src":"https:\/\/i0.wp.com\/www.robertosedda.it\/wp-content\/uploads\/2018\/10\/Rufus.png?fit=834%2C820&resize=350%2C200","width":350,"height":200,"srcset":"https:\/\/i0.wp.com\/www.robertosedda.it\/wp-content\/uploads\/2018\/10\/Rufus.png?fit=834%2C820&resize=350%2C200 1x, https:\/\/i0.wp.com\/www.robertosedda.it\/wp-content\/uploads\/2018\/10\/Rufus.png?fit=834%2C820&resize=700%2C400 2x"},"classes":[]},{"id":17035,"url":"http:\/\/www.robertosedda.it\/?p=17035","url_meta":{"origin":8997,"position":5},"title":"Pentecostali con la Madonna","author":"Rufus","date":"21\/08\/2019","format":false,"excerpt":"Stamattina in casa si rifletteva su certi leader politici che brandiscono i simboli cristiani come garanzia di successo. \u00ab\u00c8 come un certo tipo di cristianesimo africano\u00bb, ha detto Bonaria. Ho capito che parlava delle varie correnti che si riconoscono in una teologia della prosperit\u00e0. Vedo che Civilt\u00e0 Cattolica la descrive\u2026","rel":"","context":"In &quot;Coordinate&quot;","block_context":{"text":"Coordinate","link":"http:\/\/www.robertosedda.it\/?cat=52"},"img":{"alt_text":"","src":"https:\/\/i0.wp.com\/www.robertosedda.it\/wp-content\/uploads\/2019\/08\/Rosario.jpg?fit=906%2C560&resize=350%2C200","width":350,"height":200,"srcset":"https:\/\/i0.wp.com\/www.robertosedda.it\/wp-content\/uploads\/2019\/08\/Rosario.jpg?fit=906%2C560&resize=350%2C200 1x, https:\/\/i0.wp.com\/www.robertosedda.it\/wp-content\/uploads\/2019\/08\/Rosario.jpg?fit=906%2C560&resize=700%2C400 2x"},"classes":[]}],"_links":{"self":[{"href":"http:\/\/www.robertosedda.it\/index.php?rest_route=\/wp\/v2\/posts\/8997"}],"collection":[{"href":"http:\/\/www.robertosedda.it\/index.php?rest_route=\/wp\/v2\/posts"}],"about":[{"href":"http:\/\/www.robertosedda.it\/index.php?rest_route=\/wp\/v2\/types\/post"}],"author":[{"embeddable":true,"href":"http:\/\/www.robertosedda.it\/index.php?rest_route=\/wp\/v2\/users\/1"}],"replies":[{"embeddable":true,"href":"http:\/\/www.robertosedda.it\/index.php?rest_route=%2Fwp%2Fv2%2Fcomments&post=8997"}],"version-history":[{"count":3,"href":"http:\/\/www.robertosedda.it\/index.php?rest_route=\/wp\/v2\/posts\/8997\/revisions"}],"predecessor-version":[{"id":9002,"href":"http:\/\/www.robertosedda.it\/index.php?rest_route=\/wp\/v2\/posts\/8997\/revisions\/9002"}],"wp:featuredmedia":[{"embeddable":true,"href":"http:\/\/www.robertosedda.it\/index.php?rest_route=\/wp\/v2\/media\/9001"}],"wp:attachment":[{"href":"http:\/\/www.robertosedda.it\/index.php?rest_route=%2Fwp%2Fv2%2Fmedia&parent=8997"}],"wp:term":[{"taxonomy":"category","embeddable":true,"href":"http:\/\/www.robertosedda.it\/index.php?rest_route=%2Fwp%2Fv2%2Fcategories&post=8997"},{"taxonomy":"post_tag","embeddable":true,"href":"http:\/\/www.robertosedda.it\/index.php?rest_route=%2Fwp%2Fv2%2Ftags&post=8997"}],"curies":[{"name":"wp","href":"https:\/\/api.w.org\/{rel}","templated":true}]}}