{"id":8990,"date":"2014-12-03T11:50:29","date_gmt":"2014-12-03T10:50:29","guid":{"rendered":"http:\/\/www.robertosedda.it\/?p=8990"},"modified":"2015-11-30T10:59:26","modified_gmt":"2015-11-30T09:59:26","slug":"back-to-basics-del-perche-lo-zio-rufus-in-questo-periodo-e-molto-contento","status":"publish","type":"post","link":"http:\/\/www.robertosedda.it\/?p=8990","title":{"rendered":"<em>Back to basics<\/em> (del perch\u00e9 lo zio Rufus in questo periodo \u00e8 molto contento)"},"content":{"rendered":"<p><a href=\"https:\/\/i0.wp.com\/www.robertosedda.it\/wp-content\/uploads\/2014\/11\/mondi_che-funzionano_800x1128.jpg\"><img data-attachment-id=\"8982\" data-permalink=\"http:\/\/www.robertosedda.it\/?attachment_id=8982\" data-orig-file=\"https:\/\/i0.wp.com\/www.robertosedda.it\/wp-content\/uploads\/2014\/11\/mondi_che-funzionano_800x1128.jpg?fit=800%2C1128\" data-orig-size=\"800,1128\" data-comments-opened=\"1\" data-image-meta=\"{&quot;aperture&quot;:&quot;0&quot;,&quot;credit&quot;:&quot;&quot;,&quot;camera&quot;:&quot;&quot;,&quot;caption&quot;:&quot;&quot;,&quot;created_timestamp&quot;:&quot;0&quot;,&quot;copyright&quot;:&quot;&quot;,&quot;focal_length&quot;:&quot;0&quot;,&quot;iso&quot;:&quot;0&quot;,&quot;shutter_speed&quot;:&quot;0&quot;,&quot;title&quot;:&quot;&quot;,&quot;orientation&quot;:&quot;1&quot;}\" data-image-title=\"mondi_che-funzionano_800x1128\" data-image-description=\"\" data-image-caption=\"\" data-medium-file=\"https:\/\/i0.wp.com\/www.robertosedda.it\/wp-content\/uploads\/2014\/11\/mondi_che-funzionano_800x1128.jpg?fit=212%2C300\" data-large-file=\"https:\/\/i0.wp.com\/www.robertosedda.it\/wp-content\/uploads\/2014\/11\/mondi_che-funzionano_800x1128.jpg?fit=510%2C719\" decoding=\"async\" loading=\"lazy\" class=\"alignleft size-medium wp-image-8982\" src=\"https:\/\/i0.wp.com\/www.robertosedda.it\/wp-content\/uploads\/2014\/11\/mondi_che-funzionano_800x1128.jpg?resize=212%2C300\" alt=\"mondi_che-funzionano_800x1128\" width=\"212\" height=\"300\" srcset=\"https:\/\/i0.wp.com\/www.robertosedda.it\/wp-content\/uploads\/2014\/11\/mondi_che-funzionano_800x1128.jpg?resize=212%2C300 212w, https:\/\/i0.wp.com\/www.robertosedda.it\/wp-content\/uploads\/2014\/11\/mondi_che-funzionano_800x1128.jpg?resize=106%2C150 106w, https:\/\/i0.wp.com\/www.robertosedda.it\/wp-content\/uploads\/2014\/11\/mondi_che-funzionano_800x1128.jpg?resize=510%2C719 510w, https:\/\/i0.wp.com\/www.robertosedda.it\/wp-content\/uploads\/2014\/11\/mondi_che-funzionano_800x1128.jpg?resize=700%2C987 700w, https:\/\/i0.wp.com\/www.robertosedda.it\/wp-content\/uploads\/2014\/11\/mondi_che-funzionano_800x1128.jpg?resize=35%2C50 35w, https:\/\/i0.wp.com\/www.robertosedda.it\/wp-content\/uploads\/2014\/11\/mondi_che-funzionano_800x1128.jpg?w=800 800w\" sizes=\"(max-width: 212px) 100vw, 212px\" data-recalc-dims=\"1\" \/><\/a>Non voglio recensire <a href=\"http:\/\/www.fabbricastorie.it\/fabbricar-storie-mondi-che-funzionano-hands-on\/\">l&#8217;incontro che Andrea Salidu ha condotto domenica<\/a>, per conto dei <em>Fabbricastorie<\/em>, perch\u00e9 spetta prima di tutto ad Andrea, che sta preparando un articolo apposito per il <em>blog<\/em> dell&#8217;associazione.<\/p>\n<p>Voglio per\u00f2 prendere spunto per raccontarvi una piccola riflessione personale. Mi ha molto colpito che Andrea abbia insisitito assai, all&#8217;inizio dell&#8217;attivit\u00e0, perch\u00e9 si\u00a0dedicasse diverso tempo a mettere a loro agio i partecipanti e a costruire il gruppo di lavoro di quella che, dopotutto, era un&#8217;attivit\u00e0 di tipo ludico, attivit\u00e0 che di solito prevede al massimo due chiacchiere preventive per poi tuffarsi direttamente nel gioco (io nell&#8217;occasione precedente, per esempio, ero stato molto pi\u00f9 sbrigativo di lui).<\/p>\n<p>Ho visto cos\u00ec sfilare tecniche di presentazione ben note: il giro di nomi, il presentarsi con qualcosa di s\u00e9, perfino <em>Spaziamoci<\/em>. Per certi aspetti mi \u00e8 sembrato di tornare al Settore giovani di Azione Cattolica di vent&#8217;anni fa e al modo caratteristico che abbiamo sempre avuto di organizzare e gestire le attivit\u00e0. Non a caso Andrea per l&#8217;occasione ha rispolverato il libro di <a href=\"http:\/\/satur-nous.blogspot.it\/\">Enrico Euli<\/a> <a href=\"http:\/\/www.lameridiana.it\/SchedeDettaglio\/DettaglioPubblicazione\/tabid\/61\/Default.aspx?isbn=9788889197102\"><em>I dilemmi (diletti) del gioco<\/em><\/a>: a lungo Enrico si \u00e8 mosso su un crinale molto particolare fra gioco e formazione che per tutta una generazione di formatori dell&#8217;Azione Cattolica \u00e8 stato esattamente il <em>mix<\/em> caratterizzante del nostro modo di lavorare. E non a caso adesso che i <em>Fabbricastorie<\/em> stanno iniziando\u00a0a pensare al loro prossimo libro (oh oh! questa si che \u00e8 una anticipazione!) sono andato a dissepellire i due volumi dei viaggi in <em>training<\/em> nei quali Enrico e il suo gruppo descrivevano il loro peculiare modo di lavorare.<\/p>\n<p><a href=\"https:\/\/i0.wp.com\/www.robertosedda.it\/wp-content\/uploads\/2014\/12\/Dilemmi-diletti-del-gioco.jpg\"><img data-attachment-id=\"8995\" data-permalink=\"http:\/\/www.robertosedda.it\/?attachment_id=8995\" data-orig-file=\"https:\/\/i0.wp.com\/www.robertosedda.it\/wp-content\/uploads\/2014\/12\/Dilemmi-diletti-del-gioco.jpg?fit=200%2C277\" data-orig-size=\"200,277\" data-comments-opened=\"1\" data-image-meta=\"{&quot;aperture&quot;:&quot;0&quot;,&quot;credit&quot;:&quot;&quot;,&quot;camera&quot;:&quot;&quot;,&quot;caption&quot;:&quot;&quot;,&quot;created_timestamp&quot;:&quot;0&quot;,&quot;copyright&quot;:&quot;&quot;,&quot;focal_length&quot;:&quot;0&quot;,&quot;iso&quot;:&quot;0&quot;,&quot;shutter_speed&quot;:&quot;0&quot;,&quot;title&quot;:&quot;&quot;,&quot;orientation&quot;:&quot;0&quot;}\" data-image-title=\"Dilemmi diletti del gioco\" data-image-description=\"\" data-image-caption=\"\" data-medium-file=\"https:\/\/i0.wp.com\/www.robertosedda.it\/wp-content\/uploads\/2014\/12\/Dilemmi-diletti-del-gioco.jpg?fit=200%2C277\" data-large-file=\"https:\/\/i0.wp.com\/www.robertosedda.it\/wp-content\/uploads\/2014\/12\/Dilemmi-diletti-del-gioco.jpg?fit=200%2C277\" decoding=\"async\" loading=\"lazy\" class=\"alignright size-full wp-image-8995\" src=\"https:\/\/i0.wp.com\/www.robertosedda.it\/wp-content\/uploads\/2014\/12\/Dilemmi-diletti-del-gioco.jpg?resize=200%2C277\" alt=\"Dilemmi diletti del gioco\" width=\"200\" height=\"277\" srcset=\"https:\/\/i0.wp.com\/www.robertosedda.it\/wp-content\/uploads\/2014\/12\/Dilemmi-diletti-del-gioco.jpg?w=200 200w, https:\/\/i0.wp.com\/www.robertosedda.it\/wp-content\/uploads\/2014\/12\/Dilemmi-diletti-del-gioco.jpg?resize=108%2C150 108w, https:\/\/i0.wp.com\/www.robertosedda.it\/wp-content\/uploads\/2014\/12\/Dilemmi-diletti-del-gioco.jpg?resize=36%2C50 36w\" sizes=\"(max-width: 200px) 100vw, 200px\" data-recalc-dims=\"1\" \/><\/a>E quindi domenica sera ho provato un particolare senso di ricomposizione della mia vita, in un certo senso, ritrovandomi a fare coi <em>Fabbricastorie<\/em> cose &#8211; cose molto importanti &#8211;\u00a0che in altri momenti ho fatto con altri. Le ricomposizioni, si sa, danno sempre serenit\u00e0, e a me vedere il lavoro di Andrea ha fatto molto piacere.<\/p>\n<p>Non \u00e8 solo questo, naturalmente: nell&#8217;ultimo fine settimana ho fatto una buona esperienza all&#8217;incontro annuale di rete di Banca Etica; ho visto che <em>Scirarindi<\/em> \u00e8 andato molto bene &#8211; c&#8217;era non poca incertezza alla vigilia fra alcuni operatori, invece l&#8217;affluenza \u00e8 stata molto buona e anche il gruppo degli espositori era interessante, forse migliore di quello dell&#8217;anno scorso &#8211; e anche l&#8217;incontro che i soci di Banca Etica hanno tenuto durante <em>Scirarindi<\/em> \u00e8 andato molto bene; l&#8217;incontro di Andrea di cui stiamo parlando non \u00e8 solo andato bene: ha dato anche delle risposte &#8220;interne&#8221; a noi <em>Fabbricastorie <\/em>perch\u00e9\u00a0vediamo che man mano che giochiamo le nostre carte forse non abbiamo ancora in mano una scala reale ma certo non un due di picche; e <a title=\"Tre giornate in memoria di Enrica Delitala\" href=\"http:\/\/www.robertosedda.it\/?p=8954\">i due incontri in memoria di Enrica<\/a> a cui ho potuto partecipare sono stati molti belli, in certi momenti davvero commoventi. Insomma, i motivi di contentezza ci sono: sono davvero contento, e la ricomposizione di cui stiamo parlando \u00e8 perci\u00f2 una specie di ciliegina sulla torta.<\/p>\n<p>Poi, per carit\u00e0, magari naturalmente non dura: gi\u00e0 oggi al Forum dell&#8217;Area Centro c&#8217;abbiamo problemi che met\u00e0 basta, per\u00f2 fatemi godere il momento. Sono contento.\u00a0E tanto basta.<\/p>\n","protected":false},"excerpt":{"rendered":"<p>Non voglio recensire l&#8217;incontro che Andrea Salidu ha condotto domenica, per conto dei Fabbricastorie, perch\u00e9 spetta prima di tutto ad<\/p>\n","protected":false},"author":1,"featured_media":8995,"comment_status":"open","ping_status":"open","sticky":false,"template":"","format":"standard","meta":{"_mi_skip_tracking":false,"_monsterinsights_sitenote_active":false,"_monsterinsights_sitenote_note":"","_monsterinsights_sitenote_category":0,"jetpack_post_was_ever_published":false,"_jetpack_newsletter_access":"","jetpack_publicize_message":"","jetpack_is_tweetstorm":false,"jetpack_publicize_feature_enabled":true,"jetpack_social_post_already_shared":true,"jetpack_social_options":{"image_generator_settings":{"template":"highway","enabled":false}}},"categories":[52,86,9,53],"tags":[],"jetpack_publicize_connections":[],"jetpack_featured_media_url":"https:\/\/i0.wp.com\/www.robertosedda.it\/wp-content\/uploads\/2014\/12\/Dilemmi-diletti-del-gioco.jpg?fit=200%2C277","jetpack_sharing_enabled":true,"jetpack_shortlink":"https:\/\/wp.me\/p4jV2T-2l0","jetpack_likes_enabled":true,"jetpack-related-posts":[{"id":16193,"url":"http:\/\/www.robertosedda.it\/?p=16193","url_meta":{"origin":8990,"position":0},"title":"Giochi politici","author":"Rufus","date":"29\/01\/2019","format":false,"excerpt":"Venerd\u00ec, sabato e domenica, ormai dovrebbero saperlo anche le pietre, si \u00e8 svolta a Cagliari la Global\u00a0Game\u00a0Jam. Sono contentissimo: siamo di fatto la quarta sede organizzatrice italiana, dopo Milano, Torino e Roma e appena appena sopra Pisa, abbiamo fatto un sacco di giochi, siamo stati bene insieme e il panorama\u2026","rel":"","context":"In &quot;Coordinate&quot;","block_context":{"text":"Coordinate","link":"http:\/\/www.robertosedda.it\/?cat=52"},"img":{"alt_text":"","src":"https:\/\/i0.wp.com\/www.robertosedda.it\/wp-content\/uploads\/2019\/01\/schermata-iniziale2.jpg?fit=1200%2C675&resize=350%2C200","width":350,"height":200,"srcset":"https:\/\/i0.wp.com\/www.robertosedda.it\/wp-content\/uploads\/2019\/01\/schermata-iniziale2.jpg?fit=1200%2C675&resize=350%2C200 1x, https:\/\/i0.wp.com\/www.robertosedda.it\/wp-content\/uploads\/2019\/01\/schermata-iniziale2.jpg?fit=1200%2C675&resize=700%2C400 2x, https:\/\/i0.wp.com\/www.robertosedda.it\/wp-content\/uploads\/2019\/01\/schermata-iniziale2.jpg?fit=1200%2C675&resize=1050%2C600 3x"},"classes":[]},{"id":2744,"url":"http:\/\/www.robertosedda.it\/?p=2744","url_meta":{"origin":8990,"position":1},"title":"Abiti rossi e ombrelli bianchi","author":"Rufus","date":"02\/04\/2013","format":"gallery","excerpt":"La mia amica Laura Todde, che \u00e8 un artista nell'animo, ha postato su Facebook quest'immagine, che mi ha subito intrigato moltissimo. \u00c8 veramente bello: mi chiedevo chi fosse l'autore ma Laura non lo sapeva, cos\u00ec mi son messo a cercarlo sul web. Potenza di Google, scopro che si tratta di\u2026","rel":"","context":"In &quot;Coordinate&quot;","block_context":{"text":"Coordinate","link":"http:\/\/www.robertosedda.it\/?cat=52"},"img":{"alt_text":"","src":"https:\/\/i0.wp.com\/www.robertosedda.it\/wp-content\/uploads\/2013\/04\/6dc88e8303c06579236ceab1dc6e7bd8.jpg?fit=520%2C1200&resize=350%2C200","width":350,"height":200},"classes":[]},{"id":17806,"url":"http:\/\/www.robertosedda.it\/?p=17806","url_meta":{"origin":8990,"position":2},"title":"Qui non si fa letteratura","author":"Rufus","date":"13\/02\/2020","format":false,"excerpt":"Sabato sono stato invitato dal compare e compagno socio Fabbricastorie Andrea Assorgia a fare un seminario sulle narrazioni per gli alunni del primo anno della sua Game Maker Academy. Era anche l'ultima attivit\u00e0 ufficiale di PlayRooms, ma per fortuna il Centro proseguir\u00e0 l'attivit\u00e0, quindi niente tristezza. Devo dire che ho\u2026","rel":"","context":"In &quot;Cappe e spade&quot;","block_context":{"text":"Cappe e spade","link":"http:\/\/www.robertosedda.it\/?cat=70"},"img":{"alt_text":"","src":"https:\/\/i0.wp.com\/www.robertosedda.it\/wp-content\/uploads\/2020\/02\/Da-Propp-a-Vonnegut-GMA.jpg?fit=960%2C720&resize=350%2C200","width":350,"height":200,"srcset":"https:\/\/i0.wp.com\/www.robertosedda.it\/wp-content\/uploads\/2020\/02\/Da-Propp-a-Vonnegut-GMA.jpg?fit=960%2C720&resize=350%2C200 1x, https:\/\/i0.wp.com\/www.robertosedda.it\/wp-content\/uploads\/2020\/02\/Da-Propp-a-Vonnegut-GMA.jpg?fit=960%2C720&resize=700%2C400 2x"},"classes":[]},{"id":8728,"url":"http:\/\/www.robertosedda.it\/?p=8728","url_meta":{"origin":8990,"position":3},"title":"Quella volta che ho sceneggiato cartoni animati","author":"Rufus","date":"21\/10\/2014","format":false,"excerpt":"Ho casualmente visto che sono ancora attivi i\u00a0link alle varie edizioni dei cartoni animati\/videogame per bambini su SardegnaOggi. Si tratta\u00a0di un progetto in\u00a0cui il mio socio e compare Andrea Assorgia mi convolse dal 2006 al 2008, in cui sceneggiai complessivamente quindici brevi\u00a0videogame per bambini: i testi erano in italiano e\u2026","rel":"","context":"In &quot;Coordinate&quot;","block_context":{"text":"Coordinate","link":"http:\/\/www.robertosedda.it\/?cat=52"},"img":{"alt_text":"","src":"https:\/\/i0.wp.com\/www.robertosedda.it\/wp-content\/uploads\/2014\/10\/Marras-1.jpg?fit=395%2C245&resize=350%2C200","width":350,"height":200},"classes":[]},{"id":13984,"url":"http:\/\/www.robertosedda.it\/?p=13984","url_meta":{"origin":8990,"position":4},"title":"La legge \u00e8 legge, con qualche eccezione","author":"Rufus","date":"26\/07\/2017","format":false,"excerpt":"Durante lo scorso fine settimana che abbiamo passato a Stintino, \u00e8 capitato che l'Inossidabile si sia incontrata con le cugine - il vedersi era, anzi, uno degli obiettivi principali della gita. Una delle caratteristiche della famiglia che noto maggiormente in queste occasioni \u00e8 quella di possedere un inesauribile bagaglio di\u2026","rel":"","context":"In &quot;Coordinate&quot;","block_context":{"text":"Coordinate","link":"http:\/\/www.robertosedda.it\/?cat=52"},"img":{"alt_text":"","src":"https:\/\/i0.wp.com\/www.robertosedda.it\/wp-content\/uploads\/2017\/07\/Stintino-gozzo-3.jpg?fit=834%2C582&resize=350%2C200","width":350,"height":200,"srcset":"https:\/\/i0.wp.com\/www.robertosedda.it\/wp-content\/uploads\/2017\/07\/Stintino-gozzo-3.jpg?fit=834%2C582&resize=350%2C200 1x, https:\/\/i0.wp.com\/www.robertosedda.it\/wp-content\/uploads\/2017\/07\/Stintino-gozzo-3.jpg?fit=834%2C582&resize=700%2C400 2x"},"classes":[]},{"id":10290,"url":"http:\/\/www.robertosedda.it\/?p=10290","url_meta":{"origin":8990,"position":5},"title":"L&#8217;Agnata sarebbe un magnifico protagonista","author":"Rufus","date":"29\/05\/2015","format":"video","excerpt":"Sono andato ieri a vedere il documentario di Gianfranco Cabiddu\u00a0Faber\u00a0in Sardegna, a cui era associato un lunghissimo spezzone del concerto al Teatro Brancaccio di Roma,\u00a0L'ultimo concerto di Fabrizio De Andr\u00e9\u00a0(la scheda dei\u00a0film la trovate qui). L'unione dei due spezzoni \u00e8 in realt\u00e0 un po' strana: vedo da qualche parte che\u2026","rel":"","context":"In &quot;Biografie&quot;","block_context":{"text":"Biografie","link":"http:\/\/www.robertosedda.it\/?cat=83"},"img":{"alt_text":"","src":"https:\/\/i0.wp.com\/img.youtube.com\/vi\/v4k379zPWGc\/0.jpg?resize=350%2C200","width":350,"height":200},"classes":[]}],"_links":{"self":[{"href":"http:\/\/www.robertosedda.it\/index.php?rest_route=\/wp\/v2\/posts\/8990"}],"collection":[{"href":"http:\/\/www.robertosedda.it\/index.php?rest_route=\/wp\/v2\/posts"}],"about":[{"href":"http:\/\/www.robertosedda.it\/index.php?rest_route=\/wp\/v2\/types\/post"}],"author":[{"embeddable":true,"href":"http:\/\/www.robertosedda.it\/index.php?rest_route=\/wp\/v2\/users\/1"}],"replies":[{"embeddable":true,"href":"http:\/\/www.robertosedda.it\/index.php?rest_route=%2Fwp%2Fv2%2Fcomments&post=8990"}],"version-history":[{"count":9,"href":"http:\/\/www.robertosedda.it\/index.php?rest_route=\/wp\/v2\/posts\/8990\/revisions"}],"predecessor-version":[{"id":11228,"href":"http:\/\/www.robertosedda.it\/index.php?rest_route=\/wp\/v2\/posts\/8990\/revisions\/11228"}],"wp:featuredmedia":[{"embeddable":true,"href":"http:\/\/www.robertosedda.it\/index.php?rest_route=\/wp\/v2\/media\/8995"}],"wp:attachment":[{"href":"http:\/\/www.robertosedda.it\/index.php?rest_route=%2Fwp%2Fv2%2Fmedia&parent=8990"}],"wp:term":[{"taxonomy":"category","embeddable":true,"href":"http:\/\/www.robertosedda.it\/index.php?rest_route=%2Fwp%2Fv2%2Fcategories&post=8990"},{"taxonomy":"post_tag","embeddable":true,"href":"http:\/\/www.robertosedda.it\/index.php?rest_route=%2Fwp%2Fv2%2Ftags&post=8990"}],"curies":[{"name":"wp","href":"https:\/\/api.w.org\/{rel}","templated":true}]}}