{"id":8954,"date":"2014-11-25T18:45:52","date_gmt":"2014-11-25T17:45:52","guid":{"rendered":"http:\/\/www.robertosedda.it\/?p=8954"},"modified":"2014-12-04T11:08:36","modified_gmt":"2014-12-04T10:08:36","slug":"tre-giornate-in-memoria-di-enrica-delitala","status":"publish","type":"post","link":"http:\/\/www.robertosedda.it\/?p=8954","title":{"rendered":"Tre giornate in memoria di Enrica Delitala"},"content":{"rendered":"<p>Subito dopo la morte di Enrica diversi colleghi e amici hanno manifestato il rimpianto che il decorso improvviso della malattia da un lato e il naturale riserbo di mia zia dall&#8217;altro non\u00a0avesse permesso di raccogliere i fili di alcuni suoi progetti, soprattutto quello di presentare il <a title=\"On line l\u2019ultimo libro di Enrica Delitala\" href=\"http:\/\/www.robertosedda.it\/?p=8554\">libro sull&#8217;Archivio e l&#8217;Atlante Demologico Sardo<\/a>.<\/p>\n<p><img data-attachment-id=\"8507\" data-permalink=\"http:\/\/www.robertosedda.it\/?attachment_id=8507\" data-orig-file=\"https:\/\/i0.wp.com\/www.robertosedda.it\/wp-content\/uploads\/2014\/09\/Enrica-Delitala.jpg?fit=789%2C668\" data-orig-size=\"789,668\" data-comments-opened=\"1\" data-image-meta=\"{&quot;aperture&quot;:&quot;4.2&quot;,&quot;credit&quot;:&quot;&quot;,&quot;camera&quot;:&quot;E3700&quot;,&quot;caption&quot;:&quot;&quot;,&quot;created_timestamp&quot;:&quot;1239553761&quot;,&quot;copyright&quot;:&quot;&quot;,&quot;focal_length&quot;:&quot;13&quot;,&quot;iso&quot;:&quot;200&quot;,&quot;shutter_speed&quot;:&quot;0.016638935108153&quot;,&quot;title&quot;:&quot;&quot;,&quot;orientation&quot;:&quot;1&quot;}\" data-image-title=\"Enrica Delitala\" data-image-description=\"\" data-image-caption=\"\" data-medium-file=\"https:\/\/i0.wp.com\/www.robertosedda.it\/wp-content\/uploads\/2014\/09\/Enrica-Delitala.jpg?fit=300%2C253\" data-large-file=\"https:\/\/i0.wp.com\/www.robertosedda.it\/wp-content\/uploads\/2014\/09\/Enrica-Delitala.jpg?fit=510%2C431\" decoding=\"async\" loading=\"lazy\" class=\"aligncenter size-full wp-image-8507\" src=\"https:\/\/i0.wp.com\/www.robertosedda.it\/wp-content\/uploads\/2014\/09\/Enrica-Delitala.jpg?resize=789%2C668\" alt=\"Enrica Delitala\" width=\"789\" height=\"668\" srcset=\"https:\/\/i0.wp.com\/www.robertosedda.it\/wp-content\/uploads\/2014\/09\/Enrica-Delitala.jpg?w=789 789w, https:\/\/i0.wp.com\/www.robertosedda.it\/wp-content\/uploads\/2014\/09\/Enrica-Delitala.jpg?resize=150%2C126 150w, https:\/\/i0.wp.com\/www.robertosedda.it\/wp-content\/uploads\/2014\/09\/Enrica-Delitala.jpg?resize=300%2C253 300w, https:\/\/i0.wp.com\/www.robertosedda.it\/wp-content\/uploads\/2014\/09\/Enrica-Delitala.jpg?resize=510%2C431 510w, https:\/\/i0.wp.com\/www.robertosedda.it\/wp-content\/uploads\/2014\/09\/Enrica-Delitala.jpg?resize=700%2C592 700w, https:\/\/i0.wp.com\/www.robertosedda.it\/wp-content\/uploads\/2014\/09\/Enrica-Delitala.jpg?resize=50%2C42 50w\" sizes=\"(max-width: 789px) 100vw, 789px\" data-recalc-dims=\"1\" \/>Fra questi colleghi e noi familiari \u00e8 quindi nata l&#8217;idea di presentare degnamente il libro e contemporaneamente ricordare il contributo scientifico di Enrica agli studi antropologici sardi, idea della quale si \u00e8 fatto carico l&#8217;<em>ISRE<\/em>\u00a0in termini di coordinamento e diversi colleghi e colleghe di diverse parti della Sardegna\u00a0in collaborazione fra loro e\u00a0che si articoler\u00e0 in tre date ai primi di dicembre a Nuoro, Cagliari\u00a0e Oristano, mentre una quarta presentazione del\u00a0libro sar\u00e0 a Sassari alla fined el primo semestre dell&#8217;anno accademico. Vi riporto qui sotto i particolari, ricordando che\u00a0<a href=\"http:\/\/www.isresardegna.it\/documenti\/16_187_20140929125429.pdf\">il volume \u00e8 liberamente scaricabile<\/a>\u00a0e che per ogni informazione sulle iniziative ci si pu\u00f2 rivolgere all&#8217;<a href=\"http:\/\/www.isresardegna.it\">Istituto Superiore Regionale Etnografico<\/a>, via Papandrea, 6 Nuoro \u2013 tel. 0784 242900,\u00a0<a href=\"mailto:promozione@isresardegna.org\">contattabile per\u00a0<\/a><em><a href=\"mailto:promozione@isresardegna.org\">mail<\/a>\u00a0<\/em>\u00a0e <a href=\"http:\/\/www.facebook.com\/istitutosuperioreregionaletnografico\">presente anche su\u00a0<em>Facebook<\/em><\/a>.<\/p>\n<p>***<\/p>\n<h3>Presentazione a Nuoro, Cagliari e Oristano del libro di Enrica Delitala<\/h3>\n<h2><strong><em><img data-attachment-id=\"8556\" data-permalink=\"http:\/\/www.robertosedda.it\/?attachment_id=8556\" data-orig-file=\"https:\/\/i0.wp.com\/www.robertosedda.it\/wp-content\/uploads\/2014\/10\/Archivio-e-atlante-demologico-sardo-Delitala.jpg?fit=580%2C781\" data-orig-size=\"580,781\" data-comments-opened=\"1\" data-image-meta=\"{&quot;aperture&quot;:&quot;0&quot;,&quot;credit&quot;:&quot;Roberto Sedda&quot;,&quot;camera&quot;:&quot;&quot;,&quot;caption&quot;:&quot;&quot;,&quot;created_timestamp&quot;:&quot;1412341711&quot;,&quot;copyright&quot;:&quot;&quot;,&quot;focal_length&quot;:&quot;0&quot;,&quot;iso&quot;:&quot;0&quot;,&quot;shutter_speed&quot;:&quot;0&quot;,&quot;title&quot;:&quot;&quot;,&quot;orientation&quot;:&quot;0&quot;}\" data-image-title=\"Archivio e atlante demologico sardo Delitala\" data-image-description=\"\" data-image-caption=\"\" data-medium-file=\"https:\/\/i0.wp.com\/www.robertosedda.it\/wp-content\/uploads\/2014\/10\/Archivio-e-atlante-demologico-sardo-Delitala.jpg?fit=222%2C300\" data-large-file=\"https:\/\/i0.wp.com\/www.robertosedda.it\/wp-content\/uploads\/2014\/10\/Archivio-e-atlante-demologico-sardo-Delitala.jpg?fit=510%2C686\" decoding=\"async\" loading=\"lazy\" class=\"alignleft wp-image-8556 size-medium\" src=\"https:\/\/i0.wp.com\/www.robertosedda.it\/wp-content\/uploads\/2014\/10\/Archivio-e-atlante-demologico-sardo-Delitala.jpg?resize=222%2C300\" alt=\"Archivio e atlante demologico sardo Delitala\" width=\"222\" height=\"300\" srcset=\"https:\/\/i0.wp.com\/www.robertosedda.it\/wp-content\/uploads\/2014\/10\/Archivio-e-atlante-demologico-sardo-Delitala.jpg?resize=222%2C300 222w, https:\/\/i0.wp.com\/www.robertosedda.it\/wp-content\/uploads\/2014\/10\/Archivio-e-atlante-demologico-sardo-Delitala.jpg?resize=111%2C150 111w, https:\/\/i0.wp.com\/www.robertosedda.it\/wp-content\/uploads\/2014\/10\/Archivio-e-atlante-demologico-sardo-Delitala.jpg?resize=510%2C686 510w, https:\/\/i0.wp.com\/www.robertosedda.it\/wp-content\/uploads\/2014\/10\/Archivio-e-atlante-demologico-sardo-Delitala.jpg?resize=37%2C50 37w, https:\/\/i0.wp.com\/www.robertosedda.it\/wp-content\/uploads\/2014\/10\/Archivio-e-atlante-demologico-sardo-Delitala.jpg?w=580 580w\" sizes=\"(max-width: 222px) 100vw, 222px\" data-recalc-dims=\"1\" \/>L&#8217;ARCHIVIO E L&#8217;ATLANTE DEMOLOGICO SARDO &#8211; Frammenti di storia degli studi (1957 &#8211; 2009), memorie e documenti<\/em><\/strong><\/h2>\n<h4>edito dall\u2019ISRE<\/h4>\n<p>Luned\u00ec <strong>1 dicembre<\/strong> a <strong>Nuoro<\/strong>, marted\u00ec <strong>2 dicembre<\/strong> a <strong>Cagliari<\/strong> e mercoled\u00ec <strong>3 dicembre<\/strong> a <strong>Oristano<\/strong>, sar\u00e0 presentato l\u2019ultimo lavoro di <strong>Enrica Delitala<\/strong>, <em>L&#8217;ARCHIVIO E L&#8217;ATLANTE DEMOLOGICO SARDO &#8211; Frammenti di storia degli studi (1957 &#8211; 2009), memorie e documenti<\/em>, edito dall&#8217;Istituto Superiore Regionale Etnografico.<\/p>\n<p>A <strong>Nuoro<\/strong> la presentazione si terr\u00e0 alle ore <strong>17,30<\/strong> nei locali della Biblioteca dell\u2019ISRE in via Papandrea, 6, a <strong>Cagliari<\/strong>alle <strong>17,30<\/strong> presso la Cittadella dei Musei nell\u2019aula Coroneo e a <strong>Oristano<\/strong> alle <strong>17,00<\/strong> nei locali del Centro Servizi Culturali dell\u2019U.N.L.A. in via Carpaccio, 9, secondo il seguente programma:<\/p>\n<p><strong>Nuoro<\/strong><\/p>\n<p>1 dicembre 2014, Biblioteca dell\u2019ISRE,\u00a0via Papandrea 6,\u00a0ore 17,30<\/p>\n<p><strong>Saluti <\/strong><\/p>\n<ul>\n<li><strong>Bruno Murgia<\/strong> Presidente dell\u2019ISRE<\/li>\n<li><strong>Alessandro Bianchi<\/strong> Sindaco di Nuoro<\/li>\n<\/ul>\n<p><strong>Interventi<\/strong><\/p>\n<ul>\n<li><strong>Pietro Clemente<\/strong> Professore emerito Universit\u00e0 di Firenze<\/li>\n<li><strong>Gabriella Da Re<\/strong> Universit\u00e0 di Cagliari<\/li>\n<li><strong>Graziella Sedda Delitala<\/strong> gi\u00e0 Direttrice della Biblioteca universitaria di Cagliari<\/li>\n<li>Coordina: <strong>Antonio Deias <\/strong>Direttore Generale f.f. dell\u2019ISRE<\/li>\n<\/ul>\n<p><strong><a href=\"http:\/\/www.isresardegna.it\/documenti\/16_187_20141118175323.pdf\">Locandina<\/a><\/strong><\/p>\n<p><strong>Cagliari<\/strong><\/p>\n<p>2 dicembre 2014,\u00a0Cittadella dei Musei, Aula Coroneo, ore 17,30<\/p>\n<p><strong>Interventi<\/strong><\/p>\n<ul>\n<li><strong>Bruno Murgia<\/strong> Presidente dell\u2019ISRE<\/li>\n<li><strong>Pietro Clemente<\/strong> Professore emerito Universit\u00e0 di Firenze<\/li>\n<li><strong>Anna Lecca<\/strong> gi\u00e0 Docente di Storia delle tradizioni popolari Universit\u00e0 di Cagliari<\/li>\n<li><strong>Giulio Paulis<\/strong> Universit\u00e0 di Cagliari<\/li>\n<li><strong>Paolo Piquereddu<\/strong> gi\u00e0 Direttore Generale dell\u2019ISRE<\/li>\n<li><strong>Graziella Sedda Delitala<\/strong> gi\u00e0 Direttrice della Biblioteca universitaria di Cagliari<\/li>\n<li>Coordina: <strong>Gabriella Da Re<\/strong> Universit\u00e0 di Cagliari<\/li>\n<\/ul>\n<p><strong><a href=\"http:\/\/www.isresardegna.it\/documenti\/16_187_20141118175247.pdf\">Locandina Cagliari<\/a><\/strong><\/p>\n<p><strong>Oristano<\/strong><\/p>\n<p>3 dicembre 2014,\u00a0Centro Servizi Culturali UNLA, via Carpaccio 9, ore 17,00<\/p>\n<p><strong>Interventi<\/strong><\/p>\n<ul>\n<li><strong>Pietro Clemente<\/strong> Professore emerito Universit\u00e0 di Firenze<\/li>\n<li><strong>Nando Cossu<\/strong> saggista, studioso di tradizioni popolari<\/li>\n<li><strong>Antonio Deias<\/strong> Direttore Generale f.f. dell\u2019ISRE<\/li>\n<li><strong>Anna Lecca<\/strong> gi\u00e0 Docente di Storia delle tradizioni popolari Universit\u00e0 di Cagliari<\/li>\n<li>Coordina: <strong>Marcello Marras<\/strong> Direttore del Centro Servizi Culturali UNLA di Oristano<\/li>\n<\/ul>\n<p><strong><a href=\"http:\/\/www.isresardegna.it\/documenti\/16_187_20141118181111.pdf\">Locandina Oristano<\/a><\/strong><\/p>\n<blockquote>\n<h5>Dalla Premessa di<\/h5>\n<h3>FRAMMENTI DI STORIA DEGLI STUDI.\u00a0L\u2019ARCHIVIO E L\u2019ATLANTE DEMOLOGICO SARDO (1957-2009).\u00a0MEMORIE E DOCUMENTI<\/h3>\n<p>\u2026 Il testo che segue ripercorre tutta la vicenda di quello che, pur nell&#8217;eterogeneit\u00e0 di alcune parti, \u00e8 stato definitivamente denominato \u201cArchivio ADS\u201d o \u201cArchivio dell\u2019Atlante Demologico Sardo\u201d essendo questo il progetto unificante e distintivo di tutta la nostra storia di demologi.<\/p>\n<p>Il momento del passaggio, sicuramente tormentato e faticoso per tutte le parti, non segn\u00f2 tanto l\u2019atto finale dell\u2019esistenza di un gruppo quanto l\u2019inizio di un cammino a ritroso nelle nostre vite e nella riflessione critica sul nostro operato.<\/p>\n<p>La lunga e complessa fase operativa che, tra il 2009 e il 2010, precedette e accompagn\u00f2 il trasferimento a Nuoro comport\u00f2, in stretta collaborazione con l\u2019ISRE, l\u2019identificazione di tutta la documentazione interessata, edita e inedita, la descrizione dettagliata dei singoli settori, una prima elencazione analitica dei documenti. Alla fatica materiale, in questa fase, si accompagnarono la tensione psicologica della separazione ma anche la gratificazione che ci veniva dalla certezza di aver messo insieme un corpus documentario di notevole valore storico e d\u2019importanza non solo locale ed episodica, dal pensiero di aver contribuito a salvare alcune tracce della cultura popolare della Sardegna, dal senso di non aver lavorato inutilmente, di aver in qualche misura insegnato ai nostri studenti a guardarsi intorno e a conoscere la storia della loro terra, di avere fornito un servizio pubblico cos\u00ec come Cirese ci aveva insegnato.<\/p>\n<p>Come si pu\u00f2 vedere da una lettera riportata nel primo capitolo di Frammenti di storia degli studi (\u00a7 1.1), Cirese accolse molto positivamente e con commozione la notizia dell\u2019operazione appena conclusa e condotta, anche a suo giudizio, con correttezza e disinteresse personale\u2026 Le vicende dell\u2019Atlante Demologico Sardo e del suo Archivio risvegliavano memorie antiche, lo portavano a rivivere momenti importanti della sua vita; probabilmente ritrovava in noi e nelle nostre attivit\u00e0 di gruppo un riconoscimento anche del suo lavoro e un segno di continuit\u00e0 nel tempo e di trasmissione di intenti. Non a caso il 18.11.2009 ci scriveva: \u00abGrazie per le notizie ma soprattutto grazie per il lavoro cos\u00ec faticoso ma cos\u00ec importante per i nostri studi: \u00e8 consolante l\u2019amore che portate per tanti anni di lavoro e di dedizione comuni. [\u2026] Cominciammo insieme ed \u00e8 bello che dopo pi\u00f9 di cinquanta anni, insieme siamo ancora\u00bb; e il 1 gennaio 2010, rispondendo, con parole incoraggianti, ad una mia nella quale tracciavo uno schema dello scritto appena iniziato sull&#8217;Archivio ADS: \u00abso che lei ha la forza non solo per progettare questo coronamento dei nostri studi, ma anche per portarlo a compimento\u00bb ed offriva spontaneamente la sua collaborazione e \u00abqualche incremento\u00bb (vedi \u00a7 3.8.3 e 4.2).<\/p>\n<p>A questa visione \u201csentimentale\u201d e autobiografica si collegano l\u2019impegno e l\u2019entusiasmo con cui, per pi\u00f9 di un anno, mi affianc\u00f2 nella stesura del testo qui di seguito pubblicato. Com&#8217;era da lui, instancabilmente rispondeva a tutte le mie richieste di dati, faceva memoria di persone e avvenimenti lontani, precisava o correggeva quanto io andavo scrivendo, dava un giudizio sulle pagine che gli inviavo in prima stesura; ad una cernita nei cassetti e tra i faldoni del suo archivio si devono documenti ora inseriti nell\u2019Archivio ADS; al suo intuito, alla sua capacit\u00e0 di fare storia degli studi, di collegare il passato col presente e di vedere nel futuro, si deve la spinta a dilatare e a pubblicare uno studio originariamente breve e destinato solo all\u2019ISRE per uso interno. Scorrendo la posta trovo un susseguirsi di messaggi nei quali sollecita la conclusione del lavoro e ne suggerisce ampia divulgazione. Rileggendo oggi la corrispondenza, mi colpisce la vena di malinconia che attraversa due lettere, rispettivamente del 6 dicembre 2010 e del 15 febbraio 2011:<\/p>\n<p>\u00abIl lavoro \u00e8 davvero eccellente. Ma che fatica! Molto bella la storia del cammino \u2500 non inutile! \u2500 che ha portato dall\u2019Atlante all\u2019Archivio: una storia che non \u00e8 solo sarda ma anche italiana ed europea. [\u2026] Penso che sarebbe il caso di dare comunicazione del testo a tutte le persone menzionate [\u2026] . Un abbraccio e un caldissimo grazie per questo servizio reso alla storia dei nostri studi\u00bb.<\/p>\n<p>\u00abCara Enrica, ho riletto \u2500 meglio: il lettore \u201cMaestro\u201d mi ha riletto \u2500 il secondo paragrafo dei suoi Frammenti di storia. Deve essere fiera del lavoro che con cos\u00ec grande lucidit\u00e0 e tenacia ha condotto per tanti anni. Capisco che lei non voglia divulgare lo scritto prima di averlo completato: \u00e8 un desiderio pi\u00f9 che giusto. Io per\u00f2 sono molto vecchio, e le confesser\u00f2 che aspettare mi costa\u00bb.<\/p>\n<p>In realt\u00e0 la redazione di Frammenti era ormai quasi conclusa e, dopo un\u2019ultima revisione, il testo fu consegnato all&#8217;ISRE e diffuso tra i co-autori il 4 aprile; scrissi a Cirese in tale data rassicurandolo anche su un accordo gi\u00e0 preso con Paolo Piquereddu per la \u201cdivulgazione\u201d a cui tanto teneva. Un mio ulteriore messaggio, del 22 aprile, con gli auguri di Pasqua, gli ultimi aggiornamenti, la promessa di una mia trasferta a Roma, rimase senza risposta perch\u00e9 Cirese fu ricoverato al Policlinico e la sua postazione al computer rimase vuota.<\/p>\n<p>In quel settembre del 2011 abbiamo avvertito il bisogno di una sospensione dei lavori; da un lato c\u2019era il rammarico di non aver fatto in tempo ad offrire a Cirese il volume finito, dall\u2019altro il bisogno di aggiornare lo scritto dopo gli ultimi avvenimenti. Questa Premessa \u00e8 motivata dai sentimenti che in quei giorni agitarono me, Chiarella, Anna ed i colleghi dell\u2019ISRE, facendoci rivivere il lungo rapporto di lavoro e di affetto con Alberto Cirese. Di comune accordo abbiamo deciso di pubblicare il testo, di cui anch\u2019egli \u00e8 stato autore, nella versione originaria fatta eccezione per poche e secondarie modifiche rese necessarie anche dal passaggio alla stampa\u2026<\/p>\n<p>Ad Alberto Mario Cirese \u00e8 dedicato questo volume, nel ricordo anche delle piccole grandi cose a cui ci aveva abituato e che ci mancano: la sua inconfondibile voce, i suoi luoghi che ora sono diversi (Villa Mirafiori, Piazza Capri con lo studio pieno di libri ed il computer sempre acceso), i cartoncini di Natale e le poesie in molisano di Eugenio Cirese.<br \/>\nCon eguale affetto dedichiamo questa ricostruzione della nostra piccola storia all\u2019ultimo dei grandi vecchi della Facolt\u00e0 di Lettere e Filosofia di Cagliari, Giovanni Lilliu, che ci ha lasciato il 19 febbraio 2012. Tra il grande archeologo ed il grande demoantropologo, pur nella differenza di carattere e spesso di posizioni, ci fu un rapporto di reciproca stima e amicizia, una stretta collaborazione filtrata attraverso la Facolt\u00e0 ed attraverso l\u2019Istituto Etnografico di cui Lilliu fu promotore e presidente per un decennio, una guida sapiente, equilibrata e ricca di umanit\u00e0.<\/p>\n<p>Enrica Delitala<\/p><\/blockquote>\n","protected":false},"excerpt":{"rendered":"<p>Subito dopo la morte di Enrica diversi colleghi e amici hanno manifestato il rimpianto che il decorso improvviso della malattia<\/p>\n","protected":false},"author":1,"featured_media":8556,"comment_status":"open","ping_status":"open","sticky":false,"template":"","format":"standard","meta":{"_mi_skip_tracking":false,"_monsterinsights_sitenote_active":false,"_monsterinsights_sitenote_note":"","_monsterinsights_sitenote_category":0,"jetpack_post_was_ever_published":false,"_jetpack_newsletter_access":"","jetpack_publicize_message":"","jetpack_is_tweetstorm":false,"jetpack_publicize_feature_enabled":true,"jetpack_social_post_already_shared":true,"jetpack_social_options":{"image_generator_settings":{"template":"highway","enabled":false}}},"categories":[52,49,60,57,12],"tags":[],"jetpack_publicize_connections":[],"jetpack_featured_media_url":"https:\/\/i0.wp.com\/www.robertosedda.it\/wp-content\/uploads\/2014\/10\/Archivio-e-atlante-demologico-sardo-Delitala.jpg?fit=580%2C781","jetpack_sharing_enabled":true,"jetpack_shortlink":"https:\/\/wp.me\/p4jV2T-2kq","jetpack_likes_enabled":true,"jetpack-related-posts":[{"id":15672,"url":"http:\/\/www.robertosedda.it\/?p=15672","url_meta":{"origin":8954,"position":0},"title":"La macchina del pianto","author":"Rufus","date":"17\/09\/2018","format":false,"excerpt":"Come reazione alla lettura del libro di Bandi mi sono messo a rileggere il libro Cuore. Ora, chi segue questo blog ricorder\u00e0 che su alcuni alcuni dei classici per l'infanzia ho\u00a0 opinioni che non sono esattamente lusinghiere, e spesso nemmeno in linea con l'opinione corrente: per esempio credo che Piccole\u2026","rel":"","context":"In &quot;Coordinate&quot;","block_context":{"text":"Coordinate","link":"http:\/\/www.robertosedda.it\/?cat=52"},"img":{"alt_text":"","src":"https:\/\/i0.wp.com\/www.robertosedda.it\/wp-content\/uploads\/2018\/09\/Cuore.jpg?fit=260%2C400&resize=350%2C200","width":350,"height":200},"classes":[]},{"id":8554,"url":"http:\/\/www.robertosedda.it\/?p=8554","url_meta":{"origin":8954,"position":1},"title":"On line l&#8217;ultimo libro di Enrica Delitala","author":"Rufus","date":"03\/10\/2014","format":false,"excerpt":"Con molta tempestivit\u00e0 l'Istituto Superiore Regionale Etnografico ha messo a disposizione sul suo sito\u00a0il libro L'Archivio e l'Atlante Demologico Sardo, l'ultimo libro scritto da mia zia Enrica per ripercorrere la storia degli studi demologici sardi, \u00a0a partire dal contributo pionieristico e fondativo di Cirese \u00a0e lungo il lavoro di anni\u2026","rel":"","context":"In &quot;Coordinate&quot;","block_context":{"text":"Coordinate","link":"http:\/\/www.robertosedda.it\/?cat=52"},"img":{"alt_text":"","src":"https:\/\/i0.wp.com\/www.robertosedda.it\/wp-content\/uploads\/2014\/10\/Archivio-e-atlante-demologico-sardo-Delitala.jpg?fit=580%2C781&resize=350%2C200","width":350,"height":200},"classes":[]},{"id":532,"url":"http:\/\/www.robertosedda.it\/?p=532","url_meta":{"origin":8954,"position":2},"title":"Gli Inklings","author":"Rufus","date":"22\/08\/2012","format":false,"excerpt":"In due parole, gli Inklings \u00e8 una biografia parallela di Tolkien (autore de Il Signore degli Anelli, lo Hobbit e... ok, sapete di chi parlo), Lewis (Ciclo di Narnia, Lettere di Berlicche, Ciclo di Ransom etc), Charles Williams e altri esponenti della cultura inglese del secondo e terzo quarto del\u2026","rel":"","context":"In &quot;Coordinate&quot;","block_context":{"text":"Coordinate","link":"http:\/\/www.robertosedda.it\/?cat=52"},"img":{"alt_text":"","src":"","width":0,"height":0},"classes":[]},{"id":19606,"url":"http:\/\/www.robertosedda.it\/?p=19606","url_meta":{"origin":8954,"position":3},"title":"Diari di progettazione: le cose che mi sono portato dietro per parlare di conflitto","author":"Rufus","date":"11\/05\/2022","format":false,"excerpt":"Il 30 aprile i soci di Banca Etica hanno fatto una giornata di formazione, nella sempre accogliente Domu de sa Contissa di Selegas, sul tema del conflitto. Non era, nelle intenzioni, un incontro di formazione sulla gestione del conflitto, tanto meno sulla gestione nonviolenta dei conflitti, per quanto quello fosse\u2026","rel":"","context":"In &quot;Coordinate&quot;","block_context":{"text":"Coordinate","link":"http:\/\/www.robertosedda.it\/?cat=52"},"img":{"alt_text":"","src":"https:\/\/i0.wp.com\/www.robertosedda.it\/wp-content\/uploads\/2022\/05\/Training-2.jpg?fit=400%2C552&resize=350%2C200","width":350,"height":200},"classes":[]},{"id":4435,"url":"http:\/\/www.robertosedda.it\/?p=4435","url_meta":{"origin":8954,"position":4},"title":"Lo Yin, lo Yang e&#8230; la fain\u00e9","author":"Rufus","date":"14\/09\/2013","format":false,"excerpt":"Sono stato gioved\u00ec alla presentazione, presso la libreria Odradek di Sassari, del libro Davide e Golia. La primavera delle economie diverse (Jaca Boook 2013), uno studio a pi\u00f9 voci su una serie di esperienze economiche di tipo alternativo (anche se ai curatori dello studio questa parola non piace), met\u00e0 situate\u2026","rel":"","context":"In &quot;Coordinate&quot;","block_context":{"text":"Coordinate","link":"http:\/\/www.robertosedda.it\/?cat=52"},"img":{"alt_text":"","src":"","width":0,"height":0},"classes":[]},{"id":2972,"url":"http:\/\/www.robertosedda.it\/?p=2972","url_meta":{"origin":8954,"position":5},"title":"Stalky &#038; C.","author":"Rufus","date":"23\/04\/2013","format":false,"excerpt":"Ieri ho promesso che sarei tornato su Kipling per parlare di una sua raccolta di racconti che mi \u00e8 sempre\u00a0piaciuta molto, Stalky & C.: lo faccio subito, cos\u00ec non mi dimentico. Devo dire subito che Stalky \u00e8 purtroppo fuori catalogo (lo pubblicava Mondadori): l'unica possibilit\u00e0 per leggerlo, a parte le\u2026","rel":"","context":"In &quot;Coordinate&quot;","block_context":{"text":"Coordinate","link":"http:\/\/www.robertosedda.it\/?cat=52"},"img":{"alt_text":"","src":"https:\/\/i0.wp.com\/www.robertosedda.it\/wp-content\/uploads\/2013\/04\/complete-stalky-co-rudyard-kipling-paperback-cover-art.jpg?fit=200%2C303&resize=350%2C200","width":350,"height":200},"classes":[]}],"_links":{"self":[{"href":"http:\/\/www.robertosedda.it\/index.php?rest_route=\/wp\/v2\/posts\/8954"}],"collection":[{"href":"http:\/\/www.robertosedda.it\/index.php?rest_route=\/wp\/v2\/posts"}],"about":[{"href":"http:\/\/www.robertosedda.it\/index.php?rest_route=\/wp\/v2\/types\/post"}],"author":[{"embeddable":true,"href":"http:\/\/www.robertosedda.it\/index.php?rest_route=\/wp\/v2\/users\/1"}],"replies":[{"embeddable":true,"href":"http:\/\/www.robertosedda.it\/index.php?rest_route=%2Fwp%2Fv2%2Fcomments&post=8954"}],"version-history":[{"count":5,"href":"http:\/\/www.robertosedda.it\/index.php?rest_route=\/wp\/v2\/posts\/8954\/revisions"}],"predecessor-version":[{"id":8988,"href":"http:\/\/www.robertosedda.it\/index.php?rest_route=\/wp\/v2\/posts\/8954\/revisions\/8988"}],"wp:featuredmedia":[{"embeddable":true,"href":"http:\/\/www.robertosedda.it\/index.php?rest_route=\/wp\/v2\/media\/8556"}],"wp:attachment":[{"href":"http:\/\/www.robertosedda.it\/index.php?rest_route=%2Fwp%2Fv2%2Fmedia&parent=8954"}],"wp:term":[{"taxonomy":"category","embeddable":true,"href":"http:\/\/www.robertosedda.it\/index.php?rest_route=%2Fwp%2Fv2%2Fcategories&post=8954"},{"taxonomy":"post_tag","embeddable":true,"href":"http:\/\/www.robertosedda.it\/index.php?rest_route=%2Fwp%2Fv2%2Ftags&post=8954"}],"curies":[{"name":"wp","href":"https:\/\/api.w.org\/{rel}","templated":true}]}}