{"id":8944,"date":"2014-11-26T11:03:19","date_gmt":"2014-11-26T10:03:19","guid":{"rendered":"http:\/\/www.robertosedda.it\/?p=8944"},"modified":"2014-12-22T10:28:04","modified_gmt":"2014-12-22T09:28:04","slug":"interrogativi-sul-crowdfounding-di-liberos","status":"publish","type":"post","link":"http:\/\/www.robertosedda.it\/?p=8944","title":{"rendered":"Interrogativi sul crowdfunding di L\u00ecberos"},"content":{"rendered":"<p><a href=\"https:\/\/i0.wp.com\/www.robertosedda.it\/wp-content\/uploads\/2014\/11\/Logo-Liberos.png\"><img data-attachment-id=\"8961\" data-permalink=\"http:\/\/www.robertosedda.it\/?attachment_id=8961\" data-orig-file=\"https:\/\/i0.wp.com\/www.robertosedda.it\/wp-content\/uploads\/2014\/11\/Logo-Liberos.png?fit=277%2C176\" data-orig-size=\"277,176\" data-comments-opened=\"1\" data-image-meta=\"{&quot;aperture&quot;:&quot;0&quot;,&quot;credit&quot;:&quot;&quot;,&quot;camera&quot;:&quot;&quot;,&quot;caption&quot;:&quot;&quot;,&quot;created_timestamp&quot;:&quot;0&quot;,&quot;copyright&quot;:&quot;&quot;,&quot;focal_length&quot;:&quot;0&quot;,&quot;iso&quot;:&quot;0&quot;,&quot;shutter_speed&quot;:&quot;0&quot;,&quot;title&quot;:&quot;&quot;,&quot;orientation&quot;:&quot;0&quot;}\" data-image-title=\"Logo Liberos\" data-image-description=\"\" data-image-caption=\"\" data-medium-file=\"https:\/\/i0.wp.com\/www.robertosedda.it\/wp-content\/uploads\/2014\/11\/Logo-Liberos.png?fit=277%2C176\" data-large-file=\"https:\/\/i0.wp.com\/www.robertosedda.it\/wp-content\/uploads\/2014\/11\/Logo-Liberos.png?fit=277%2C176\" decoding=\"async\" loading=\"lazy\" class=\"alignleft size-full wp-image-8961\" src=\"https:\/\/i0.wp.com\/www.robertosedda.it\/wp-content\/uploads\/2014\/11\/Logo-Liberos.png?resize=277%2C176\" alt=\"Logo Liberos\" width=\"277\" height=\"176\" srcset=\"https:\/\/i0.wp.com\/www.robertosedda.it\/wp-content\/uploads\/2014\/11\/Logo-Liberos.png?w=277 277w, https:\/\/i0.wp.com\/www.robertosedda.it\/wp-content\/uploads\/2014\/11\/Logo-Liberos.png?resize=150%2C95 150w, https:\/\/i0.wp.com\/www.robertosedda.it\/wp-content\/uploads\/2014\/11\/Logo-Liberos.png?resize=50%2C31 50w\" sizes=\"(max-width: 277px) 100vw, 277px\" data-recalc-dims=\"1\" \/><\/a>Come molti altri iscritti al <em>social network<\/em> di <em>L\u00ecberos<\/em> ho ricevuto nei giorni scorsi <a href=\"http:\/\/liberos.it\/notizie\/cultura-economia-etica-liberos\/809\">l&#8217;invito a contribuire alla nuova stagione di finanziamento del circuito<\/a>\u00a0mediante il <em>crowdfunding<\/em> sulla <a href=\"http:\/\/www.smarthub.eu\/projects\/32\">nuova piattaforma <em>SmartHub<\/em><\/a>.<em>\u00a0<\/em><\/p>\n<p>Ci sono un paio di cose, nella <em>mail<\/em> di invito e nel video di lancio dell&#8217;iniziativa, che a pelle mi lasciano un tantino perplesso e che mi appunto qui, come contributo al dibattito pubblico, tanto pi\u00f9 necessario in quanto <em>L\u00ecberos<\/em> si propone come una delle realt\u00e0 culturali pi\u00f9 importanti\u00a0e innovative della Sardegna e quindi \u00e8 senz&#8217;altro di interesse per tutti quelli che hanno a cuore le politiche culturali dell&#8217;isola (e oltre).<\/p>\n<h2>Di etica<\/h2>\n<p>Tanto per cominciare, sono un po&#8217; infastidito dall&#8217;uso ricorrente del termine &#8220;etica&#8221; nel lancio della campagna. Con la mia associazione (i <a href=\"http:\/\/www.fabbricastorie.it\"><em>Fabbricastorie<\/em><\/a>) anch&#8217;io ho ritenuto opportuno fare uno sforzo di rete e ho aderito al <a href=\"http:\/\/liberos.it\/codice-etico\">Codice Etico di <\/a><em><a href=\"http:\/\/liberos.it\/codice-etico\">L\u00ecberos.<\/a>\u00a0<\/em>Ma avere un codice etico non \u00e8 esattamente come fare etica, tanto pi\u00f9 che il codice \u00e8\u00a0abbastanza scheletrico: sostanzialmente implica l&#8217;adesione a un patto di mutuo sostegno\u00a0fra gli operatori del settore, come si vede nell&#8217;introduzione<\/p>\n<div>\n<blockquote>\n<h3 class=\"Hyphenator98hide\">Facciamo un patto di solidariet\u00e0<\/h3>\n<p class=\"Hyphenator98hide\">L&#8217;associazione L\u00ecberos, che ha come scopo primario l&#8217;incentivazione della lettura sul territorio sardo, nasce per riconoscere e proteggere le relazioni naturali che esistono gi\u00e0 tra chi, per mestiere, passione o incarico istituzionale, si occupa di fare azione culturale intorno al libro.<\/p>\n<p>Si rivolge pertanto agli autori, agli editori, ai librai, ai bibliotecari, alle associazioni, ai festival, ai professionisti e a tutti gli attori che promuovono attivit\u00e0 culturali direttamente o indirettamente legate alla lettura. Per essi ha l&#8217;ambizione di rappresentare un prezioso e gratuito strumento di rete, in particolare per i pi\u00f9 indeboliti dagli indirizzi di mercato e dalle politiche dei tagli ai fondi pubblici per la cultura.<\/p>\n<p>L&#8217;associazione L\u00ecberos opera quindi sul territorio sardo attraverso la forza di un patto di solidariet\u00e0 tra gli operatori del circuito. Questa solidariet\u00e0 \u00e8 fatta di comportamenti attivi definiti da un codice etico. I mediatori culturali professionali, no profit o istituzionali che vogliono aderire alla comunit\u00e0 di L\u00ecberos si impegnano a condividerne lo spirito e a offrire ai lettori sardi esperienze dove la qualit\u00e0 dell&#8217;offerta culturale non sia mai separata dal rispetto delle relazioni di rete.<\/p><\/blockquote>\n<p class=\"Hyphenator98hide\">a cui si si aggiunge specificamente un rifiuto, questo si eticamente motivato, nei confronti dell&#8217;editoria\u00a0a pagamento\u00a0e uno, dai tratti molto meno difendibili, <a href=\"http:\/\/liberos.it\/notizie\/perche-diciamo-no-agli-autori-di-narrativa-self-published\/200\">che esclude gli autori autopubblicati<\/a>. \u00c8 chiaro che la volont\u00e0 di lavorare in rete \u00e8 gi\u00e0 un tratto distintivo e culturalmente rilevante ma, considerato che\u00a0anche i cattivi spesso\u00a0fanno rete, non \u00e8 ancora esattamente\u00a0<em>etica<\/em>. Diciamo che oggi <em>L\u00ecberos<\/em>\u00a0\u00e8 un circuito di operatori e un <em>festival<\/em> (cio\u00e8 <a href=\"http:\/\/entula.liberos.it\/\"><em>\u00c9ntula<\/em><\/a>) che ha una sua visione di cultura e di politiche culturali necessarie per la Sardegna, ma forse sarebbe meglio lasciare l&#8217;etica a definire altro, senza\u00a0inflazionare il termine.<\/p>\n<h2 class=\"Hyphenator98hide\">Di rapporti societari<\/h2>\n<p>Devo dire che istintivamente mi ha\u00a0anche lasciato perplesso il meccanismo per il quale a proporsi per la raccolta di fondi \u00e8 una societ\u00e0 nuova di zecca, <em>Isterre<\/em>, e con me so che anche altri sono rimasti stupiti. <a href=\"https:\/\/i0.wp.com\/www.robertosedda.it\/wp-content\/uploads\/2014\/11\/SmartHub-liberos.jpg\"><img data-attachment-id=\"8962\" data-permalink=\"http:\/\/www.robertosedda.it\/?attachment_id=8962\" data-orig-file=\"https:\/\/i0.wp.com\/www.robertosedda.it\/wp-content\/uploads\/2014\/11\/SmartHub-liberos.jpg?fit=1422%2C745\" data-orig-size=\"1422,745\" data-comments-opened=\"1\" data-image-meta=\"{&quot;aperture&quot;:&quot;0&quot;,&quot;credit&quot;:&quot;Roberto Sedda&quot;,&quot;camera&quot;:&quot;&quot;,&quot;caption&quot;:&quot;&quot;,&quot;created_timestamp&quot;:&quot;1416998355&quot;,&quot;copyright&quot;:&quot;&quot;,&quot;focal_length&quot;:&quot;0&quot;,&quot;iso&quot;:&quot;0&quot;,&quot;shutter_speed&quot;:&quot;0&quot;,&quot;title&quot;:&quot;&quot;,&quot;orientation&quot;:&quot;0&quot;}\" data-image-title=\"SmartHub liberos\" data-image-description=\"\" data-image-caption=\"\" data-medium-file=\"https:\/\/i0.wp.com\/www.robertosedda.it\/wp-content\/uploads\/2014\/11\/SmartHub-liberos.jpg?fit=300%2C157\" data-large-file=\"https:\/\/i0.wp.com\/www.robertosedda.it\/wp-content\/uploads\/2014\/11\/SmartHub-liberos.jpg?fit=510%2C267\" decoding=\"async\" loading=\"lazy\" class=\"aligncenter size-full wp-image-8962\" src=\"https:\/\/i0.wp.com\/www.robertosedda.it\/wp-content\/uploads\/2014\/11\/SmartHub-liberos.jpg?resize=800%2C419\" alt=\"SmartHub liberos\" width=\"800\" height=\"419\" srcset=\"https:\/\/i0.wp.com\/www.robertosedda.it\/wp-content\/uploads\/2014\/11\/SmartHub-liberos.jpg?w=1422 1422w, https:\/\/i0.wp.com\/www.robertosedda.it\/wp-content\/uploads\/2014\/11\/SmartHub-liberos.jpg?resize=150%2C78 150w, https:\/\/i0.wp.com\/www.robertosedda.it\/wp-content\/uploads\/2014\/11\/SmartHub-liberos.jpg?resize=300%2C157 300w, https:\/\/i0.wp.com\/www.robertosedda.it\/wp-content\/uploads\/2014\/11\/SmartHub-liberos.jpg?resize=510%2C267 510w, https:\/\/i0.wp.com\/www.robertosedda.it\/wp-content\/uploads\/2014\/11\/SmartHub-liberos.jpg?resize=700%2C366 700w, https:\/\/i0.wp.com\/www.robertosedda.it\/wp-content\/uploads\/2014\/11\/SmartHub-liberos.jpg?resize=50%2C26 50w\" sizes=\"(max-width: 800px) 100vw, 800px\" data-recalc-dims=\"1\" \/><\/a>Mi sono immaginato che\u00a0la scelta dipendesse dal voler preservare l&#8217;associazione originaria dai rischi e dalle complicazioni di un&#8217;operazione di <em>crowdfunding<\/em> di questo genere, o che fosse\u00a0per mantenere\u00a0a parte l&#8217;iniziale identit\u00e0 regionale di <em>L\u00ecberos<\/em>. Vedo dalle <a href=\"http:\/\/liberos.it\/notizie\/tutte-le-risposte-alle-vostre-domande\/811\">FAQ sull&#8217;operazione<\/a> che le motivazioni sono pi\u00f9 o meno queste, con una sottolineatura sulla natura giuridica dell&#8217;associazione:<\/p>\n<blockquote><p>L\u00ecberos \u00e8 un\u2019associazione culturale e la sua natura di <strong>ente non commerciale<\/strong> deve essere mantenuta, per rispetto allo statuto, alla sua struttura e ai principi a cui si richiama. Per sviluppare e replicare il modello L\u00ecberos <strong>\u00e8 quindi nata una societ\u00e0<\/strong>, perch\u00e9 le operazioni finanziarie necessarie per farlo non sarebbero compatibili con la natura di L\u00ecberos.<\/p><\/blockquote>\n<p>Tuttavia devo confessare che n\u00e9 sul <a href=\"http:\/\/www.isterre.it\/\">sito di <em>Isterre<\/em><\/a>\u00a0n\u00e9 su quello di\u00a0<em>L\u00ecberos<\/em> n\u00e9 sulla piattaforma di\u00a0<em>crowdfunding<\/em> ho trovato come siano regolati esattamente i rapporti fra le due organizzazioni, una cosa che a me interessa in quanto\u00a0parte della rete ma che immagino sia rilevante anche per i futuri investitori: leggo su <em>SmartHub<\/em> che\u00a0a\u00a0<em>Isterre<\/em>\u00a0\u00e8 stato concesso il marchio. Solo per il resto d&#8217;Italia o anche per la Sardegna? A parte il marchio chi avr\u00e0 la titolarit\u00e0 (politica, culturale, organizzativa) della conduzione del progetto\u00a0in futuro? Ancora l&#8217;associazione\u00a0<em>L\u00ecberos<\/em> oppure\u00a0<em>Isterre<\/em>? Se \u00e8 la prima, considerato che la seconda avr\u00e0 i cordoni della borsa, che libert\u00e0 potr\u00e0 mantenere? Se sar\u00e0 la seconda, che fine fa la vecchia associazione? Oppure sono due percorsi paralleli ma sostanzialmente indipendenti? Se finanzio\u00a0<em>Isterre<\/em> il circuito sardo a cui gi\u00e0 appartengo ne avr\u00e0 dei benefici oppure no?\u00a0Eventuali differenze di visione e di indirizzo fra le due organizzazioni sono state prese in considerazione? Se si, come verranno risolte? Le FAQ si concentrano sulle rispettive\u00a0<em>identit\u00e0<\/em> ma dicono molto poco sulle relazioni:<\/p>\n<blockquote><p>Partecipare alla campagna di equity crowdfunding promossa da L\u00ecberos significa <strong>acquisire delle quote di Isterre srl Impresa sociale<\/strong>, far parte di questa societ\u00e0, <strong>essere realmente dentro il progetto di sviluppo e di replica<\/strong> in altre regioni d\u2019Italia.<\/p>\n<p>L\u00ecberos rimane sempre e comunque un\u2019associazione, una comunit\u00e0 di lettori, un circuito di operatori della filiera del libro e un laboratorio permanente di progettazione culturale.<\/p><\/blockquote>\n<p>Nel video di presentazione compare sia Aldo Addis, che \u00e8 presidente di <em>L\u00ecberos<\/em>, che Francesca C\u00e0sula, che \u00e8 sia segretaria di <em>L\u00ecberos<\/em> che\u00a0amministratrice unica di\u00a0<em>Isterre<\/em>, quindi non c&#8217;\u00e8 dubbio sull&#8217;unit\u00e0 di intenti <em>attuale<\/em> e si potrebbe pensare che le mie siano domande oziose: ma capire quali\u00a0sono i rapporti formali permette di capire quali evoluzioni\u00a0<em>future<\/em>\u00a0possono capitare e quali sono impossibili. Mi sembra un tema politico non da poco.<\/p>\n<p>Anche da un punto di vista tecnologico ci sono delle cose non molto chiare. La raccolta di fondi serve, sembra di capire, a mettere in produzione\u00a0una nuova piattaforma <em>web<\/em> per i servizi di rete, che permetta di estenderli al resto d&#8217;Italia: noi che ci siamo iscritti in precedenza alla piattaforma attuale, stipulando un patto con <em>L\u00ecberos<\/em>, che rapporto avremo con <em>Isterre<\/em>? Entreremo a far parte di una\u00a0<em>community<\/em> pi\u00f9 vasta o sostanzialmente per noi tutto rimarr\u00e0 uguale? Useremo un altro <em>software<\/em> o quello attuale?\u00a0Quando si parla di replicabilit\u00e0 e\u00a0<em>scalabilit\u00e0<\/em> del progetto vuol dire che ci sar\u00e0 un&#8217;unica piattaforma nazionale o tante piattaforme locali? Apparentemente la scelta sembrerebbe la seconda: ogni soggetto che vuole replicare il progetto paga un costo d&#8217;ingresso e delle <em>royalties<\/em>\u00a0in percentuale sul fatturato e riceve in cambio un avviamento (<em>start up kit<\/em>). Gi\u00e0: e i rapporti di questi\u00a0concessionari fra loro (tecnologici, organizzativi, politici) come saranno? Che tipo di gestione di rete plurale si ha in mente? E, gi\u00e0 che ci siamo, quale sar\u00e0 il Codice Etico di queste altre reti? \u00c8 astrattamente possibile una rete\u00a0<em>Padanos<\/em> dedicata alla preservazione dell&#8217;identit\u00e0 culturale delle valli bergamasche\u00a0e che non ammette editori non italiani, anzi, nati sotto la Linea Gotica?<\/p>\n<p>Parentesi: a me tutto sommato per aderire mi piacerebbe vedere anche lo statuto di\u00a0<em>Isterre<\/em>, e non solo la visura camerale presente sulla piattaforma, perch\u00e9 non mi\u00a0pare chiarissimo neppure che diritti &#8211; di voto in assemblea, per esempio &#8211; avrei in caso di adesione: se i due soci attuali detengono l&#8217;80% dell&#8217;<em>equity\u00a0<\/em>e con la raccolta fondi si distribuisce solo il restante 20% mi pare di capire che si \u00e8 destinati a un ruolo di minoranza per definizione.<\/p>\n<blockquote><p>Se alla fine della raccolta<strong> l\u2019obiettivo \u00e8 stato raggiunto, <\/strong>verr\u00e0 emessa la<strong> quota di partecipazione corrispondente al tuo contributo<\/strong><\/p><\/blockquote>\n<p>Ora, negli anni sono stato socio di una mezza dozzina di riviste della sinistra\u00a0&#8211; fino al <em>Diario<\/em>, poi \u00a0per fortuna ho smesso\u00a0&#8211; della Fondazione del Teatro Valle e di un sacco di altre cose, quindi non \u00e8 che un investimento individuale\u00a0per il bene della cultura mi\u00a0faccia spavento, perfino se fosse a fondo perduto,\u00a0ma insomma magari sapere che poteri avrei come socio non mi dispiacerebbe &#8211; non mi sarebbe neanche dispiaciuto un approccio pi\u00f9 democratico nella gestione della societ\u00e0,\u00a0magari sul genere &#8220;una testa un voto&#8221;. Si dice su\u00a0<em>SmartHub<\/em><\/p>\n<blockquote><p>Essere\u00a0<strong>impacter<\/strong>\u00a0significa far parte del network di persone che credono nell&#8217;iniziativa e\u00a0ne supportano lo sviluppo e la crescita.\u00a0\u200bSignifica acquisire una\u00a0<strong>quota di partecipazione\u00a0<\/strong>di <em>Isterre\u00a0S.r.l. Impresa Sociale\u00a0<\/em>(la startup innovativa responsabile dello sviluppo) e ricevere\u00a0<strong>aggiornamenti trimestrali<\/strong>\u00a0sull&#8217;andamento del progetto.\u00a0Potrai in ogni momento verificarne lo status grazie alla reportistica di mentor e tuto\u200br e\u00a0<strong>sarai parte della squadra.\u00a0<\/strong><\/p><\/blockquote>\n<p>Non c&#8217;\u00e8 dubbio che \u00abessere parte della squadra\u00bb sia cosa molto buona, ma la crescente complessit\u00e0 dell&#8217;economia sociale richiede un rigore che\u00a0<em>deve<\/em> andare oltre, molto oltre, e affrontare su basi pi\u00f9 solide il tema della partecipazione degli\u00a0<em>stakeholders<\/em>, soprattutto un progetto che della compartecipazione di attori diversi\u00a0ha fatto il proprio tratto distintivo (tra l&#8217;altro il sito evidenzia la possibilit\u00e0 di contattare <em>mentor<\/em> e <em>tutor<\/em> solo attraverso\u00a0<em>Facebook<\/em>, <em>Twitter<\/em><i> e\u00a0<\/i><em>LinkedIn<\/em> e francamente sembra un po&#8217; poco: forse dei recapiti <em>mail<\/em> istituzionali per ciascuno si potevano creare).<\/p>\n<p>Seconda parentesi. Oh, intendiamoci: sono domande. Magari sono io che sul sito di\u00a0<em>SmartHub<\/em> non ho saputo cercare bene, e le cose che chiedo sono gi\u00e0 l\u00e0 in evidenza. <a href=\"http:\/\/liberos.it\/notizie\/tutte-le-risposte-alle-vostre-domande\/811\">O magari sono su\u00a0<em>L\u00ecberos<\/em><\/a>. Se qualcuno me ne segnala la locazione gliene sar\u00f2 grato. Per\u00f2 io sono un navigante di media competenza, quindi il fatto che non le abbia trovate vuol dire, forse, che se ci sono non sono abbastanza in evidenza (o che io sono molto distratto o molto pignolo<em>, \u00e7a va sans dire<\/em>).<\/p>\n<h2>Parlando di cose che non\u00a0ho trovato<\/h2>\n<p>Le cose di cui lamento di pi\u00f9 l&#8217;assenza, per\u00f2, hanno a che fare con quella che trovo l&#8217;affermazione centrale della campagna:<\/p>\n<\/div>\n<blockquote><p><a href=\"http:\/\/liberos.it\/notizie\/cultura-economia-etica-liberos\/809\">L\u00ecberos \u00e8 un progetto ad alto impatto sociale ed economico perch\u00e9 coniuga cultura, etica e sostenibilit\u00e0 economica. Ha dimostrato che la collaborazione e l\u2019adozione di buone pratiche \u00e8 pi\u00f9 conveniente sia dal punto di vita sociale che da quello economico, e che si possono coniugare profit e non profit nel rispetto reciproco.<\/a><\/p><\/blockquote>\n<p><a href=\"https:\/\/i0.wp.com\/www.robertosedda.it\/wp-content\/uploads\/2014\/11\/Logo-Entula.png\"><img data-attachment-id=\"8963\" data-permalink=\"http:\/\/www.robertosedda.it\/?attachment_id=8963\" data-orig-file=\"https:\/\/i0.wp.com\/www.robertosedda.it\/wp-content\/uploads\/2014\/11\/Logo-Entula.png?fit=112%2C95\" data-orig-size=\"112,95\" data-comments-opened=\"1\" data-image-meta=\"{&quot;aperture&quot;:&quot;0&quot;,&quot;credit&quot;:&quot;&quot;,&quot;camera&quot;:&quot;&quot;,&quot;caption&quot;:&quot;&quot;,&quot;created_timestamp&quot;:&quot;0&quot;,&quot;copyright&quot;:&quot;&quot;,&quot;focal_length&quot;:&quot;0&quot;,&quot;iso&quot;:&quot;0&quot;,&quot;shutter_speed&quot;:&quot;0&quot;,&quot;title&quot;:&quot;&quot;,&quot;orientation&quot;:&quot;0&quot;}\" data-image-title=\"Logo Entula\" data-image-description=\"\" data-image-caption=\"\" data-medium-file=\"https:\/\/i0.wp.com\/www.robertosedda.it\/wp-content\/uploads\/2014\/11\/Logo-Entula.png?fit=112%2C95\" data-large-file=\"https:\/\/i0.wp.com\/www.robertosedda.it\/wp-content\/uploads\/2014\/11\/Logo-Entula.png?fit=112%2C95\" decoding=\"async\" loading=\"lazy\" class=\"alignright size-full wp-image-8963\" src=\"https:\/\/i0.wp.com\/www.robertosedda.it\/wp-content\/uploads\/2014\/11\/Logo-Entula.png?resize=112%2C95\" alt=\"Logo Entula\" width=\"112\" height=\"95\" srcset=\"https:\/\/i0.wp.com\/www.robertosedda.it\/wp-content\/uploads\/2014\/11\/Logo-Entula.png?w=112 112w, https:\/\/i0.wp.com\/www.robertosedda.it\/wp-content\/uploads\/2014\/11\/Logo-Entula.png?resize=50%2C42 50w\" sizes=\"(max-width: 112px) 100vw, 112px\" data-recalc-dims=\"1\" \/><\/a>Ok. Detta cos\u00ec mi pare un&#8217;affermazione non sufficientemente motivata. Anche ammettendo che il\u00a0riferimento all&#8217;etica tocchi una mia idiosincrasia personale, cosa vuol dire esattamente che \u00abconiuga cultura, etica e sostenibilit\u00e0 economica\u00bb? Sulla cultura non ci piove, ma che evidenze fornisce l&#8217;esperienza di <em>L\u00ecberos<\/em> rispetto alla sostenibilit\u00e0 economica, croce e delizia di tutta l&#8217;economia sociale?\u00a0Qual\u00a0\u00e8 stata\u00a0sinora la\u00a0<em>performance<\/em>\u00a0dell&#8217;associazione? Quali i costi e i ricavi della gestione della piattaforma e di\u00a0<em>\u00c9ntula<\/em>? In realt\u00e0: qual \u00e8 il pezzo del modello di\u00a0<em>business<\/em> dell&#8217;associazione e quale quello di <em>Isterre\u00a0<\/em>che le renderebbe sostenibili, almeno nel medio o lungo periodo? La valutazione attuale a 800 000 euro\u00a0di\u00a0<em>Isterre<\/em>, una <em>start-up<\/em> appena costituita con capitale di 10 000 euro di cui solo 2 500 versati, \u00e8 molto positiva: il che implica che\u00a0il <em>know how<\/em> sviluppato da\u00a0<em>L\u00ecberos<\/em> sia cos\u00ec importante che i vari circuiti secondari accettino di pagare la quota iniziale\u00a0<em>una tantum<\/em> e la quota associativa annuale in misura sufficiente a ripagare l&#8217;investimento iniziale, e stiamo parlando complessivamente di un milione di euro (800 000 di valutazione pi\u00f9 i 200 000 del <em>crowdfunding<\/em>):<\/p>\n<blockquote><p>Il modello di business della societ\u00e0 si basa sul versamento da parte dei soggetti interessati alla creazione di un Circuito (associazioni, fondazioni, circuiti di credito commerciale) di una quota una tantum (a fronte dell\u2019erogazione di uno start up kit) e di una quota di abbonamento annuale, calcolate in percentuale sul fatturato.<\/p><\/blockquote>\n<p>Questo modello \u00e8 credibile solo se\u00a0<em>L\u00ecberos<\/em> si \u00e8 rivelata profittevole (forse: molto profittevole) e perci\u00f2 si suppone che il fatturato dei futuri circuiti sar\u00e0 altrettanto interessante. Ora: pu\u00f2 darsi che mi sbagli\u00a0ma\u00a0non mi pare che siano mai stati resi pubblici i bilanci di <em>L\u00ecberos<\/em>, e in mancanza di questi questa affermazione, che \u00e8 di importanza cruciale non solo per il <em>crowdfunding <\/em>ma<em>\u00a0<\/em>soprattutto\u00a0perch\u00e9 tutto il resto dell&#8217;economia sociale possa guardare a\u00a0<em>L\u00ecberos<\/em> come a un apripista e un modello da imitare, rimane priva di quella sostanza che invece la renderebbe rivoluzionaria.<\/p>\n<p>Parentesi: ai tempi della candidatura mi incurios\u00ec molto <a href=\"http:\/\/www.sardiniapost.it\/politica\/19\/2\/\">una domanda rivolta da\u00a0<em>Sardinia Post <\/em>a\u00a0Michela Murgia sull&#8217;utilizzo del premio\u00a0<em>Che fare<\/em><\/a>\u00a0(il grassetto nella risposta \u00e8 mio):<\/p>\n<blockquote><p><strong>[&#8230;] pu\u00f2 dirci come sono stati impiegati i 100.000 euro che avete vinto?\u00a0[&#8230;]<\/strong><\/p>\n<p>[&#8230;]\u00a0L\u2019attivit\u00e0 culturale di L\u00ecberos \u00e8 sotto gli occhi di tutti ed \u00e8 talmente evidente che \u00e8 stata premiata come miglior progetto culturale italiano con i famosi 100 mila euro del premio <em>Che Fare<\/em>. Quei soldi sono \u2013 \u00e8 bene ricordarlo \u2013 denari privati dell\u2019associazione <em>DoppioZero<\/em>, non soldi pubblici, e vengono usati esclusivamente per pagare la professionalit\u00e0 delle persone che organizzano l\u2019attivit\u00e0 di <em>L\u00ecberos<\/em>, tra le quali non ci sono io, n\u00e9 ci sono mai stata. Il loro uso \u00e8 monitorato dall&#8217;associazione finanziatrice DoppioZero e dai consulenti dell\u2019associazione Avanzi e <strong>i risultati sono resi periodicamente pubblici nei <em>report<\/em> che compaiono sui siti <em>Liberos.it<\/em> e <em>DoppioZero.com<\/em><\/strong>.<\/p><\/blockquote>\n<p>A me vedere quei <em>report<\/em>\u00a0sarebbe piaciuto molto, anche per motivazioni puramente egoistiche: \u00e8 difficile avere\u00a0<em>benchmark<\/em> nel\u00a0settore culturale e capire costi, andamento e numeri del lavoro di un\u00a0circuito come\u00a0<em>L\u00ecberos<\/em> sarebbe stato prezioso per tutte le le realt\u00e0 che lavorano in Sardegna e altrove. Per\u00f2, sar\u00e0 anche qui che io non so come cercare, non li ho mai trovati n\u00e9 sul sito di\u00a0<em>L\u00ecberos<\/em> n\u00e9 su quello di\u00a0<em>DoppioZero<\/em>. Non era un obbligo pubblicarli, ovviamente: sono soldi privati, come fece notare Michela a suo tempo. Ma nel momento in cui si chiedono\u00a0<em>altri<\/em> soldi, facendo riferimento fra l&#8217;altro <em>esattamente<\/em> al premio\u00a0<em>Che Fare<\/em> ricevuto, sapere che frutto hanno dato <em>quei<\/em> soldi e che risultato\u00a0hanno generato avrebbe aiutato a capire l&#8217;impatto economico possibile degli euro che uno pu\u00f2 investire tramite il\u00a0<em>crowdfunding<\/em>, tanto pi\u00f9 che in questo caso \u00e8 richiesta una compromissione diretta in capitale di rischio e non un semplice voto di appoggio in una competizione <em>on line<\/em>\u00a0come nel caso di\u00a0<em>Che Fare<\/em>.<\/p>\n<p>Il tema si ripropone specularmente non solo per il lato economico-imprenditoriale ma anche per quello relativo all&#8217;impatto sociale, che peraltro mi interessa di pi\u00f9.\u00a0Anche io sono convinto che in generale\u00a0\u00abla collaborazione e l\u2019adozione di buone pratiche \u00e8 pi\u00f9 conveniente sia dal punto di vita sociale che da quello economico\u00bb ma mi chiedo quali elementi di misurazione\u00a0sono stati adottati per potersi spingere ad applicarla al caso specifico. \u00abPi\u00f9 conveniente\u00bb vuol dire che a parit\u00e0 di risorse impiegate (di denaro, di tempo) io ho un tornaconto (culturale, politico, economico, relazionale) dall&#8217;adesione al circuito che \u00e8 <em>maggiore<\/em> di qualunque altra scelta possibile, in particolare della\u00a0non\u00a0adesione al circuito. In mancanza di una valutazione di impatto &#8211; la base sarebbe il bilancio sociale, ma ci si pu\u00f2 spingere molto oltre in termini di misurazione &#8211; l&#8217;affermazione \u00e8 una verso la quale istintivamente ci sentiamo in accordo\u00a0ma della quale non siamo in grado di verificare l&#8217;autenticit\u00e0. Ed \u00e8 davvero un peccato.<\/p>\n<p>Sarebbe oltretutto interessante avere non solo un&#8217;idea del &#8220;premio di rete&#8221; che l&#8217;adesione al circuito comporta, ma anche di come questo si distribuisca fra i vari attori della filiera: ho l&#8217;impressione, per esempio, che questa distribuzione possa essere diseguale\u00a0e che alcuni degli attori deboli come i librai indipendenti, dei quali peraltro anche su <em>SmartHub<\/em> si parla molto, continuino a versare in cattive acque: per esempio\u00a0<em>L\u00ecberos<\/em> nacque anche come reazione alla ventilata chiusura nel 2011\u00a0di\u00a0<em>Odradek<\/em> di Sassari, che si \u00e8 ripresa <a href=\"http:\/\/lanuovasardegna.gelocal.it\/sassari\/cronaca\/2014\/06\/12\/news\/odradek-chiude-i-battenti-amara-fine-di-una-libreria-1.9409832\">e poi questa estate ha chiuso definitivamente. <\/a>Invece probabilmente altri, come i piccoli Comuni della Sardegna, hanno effettivamente beneficiato di un&#8217;attenzione che prima non avevano &#8211; d&#8217;altra parte, non sapendo il livello di investimento economico degli enti pubblici nel circuito e dovendo quantificare il beneficio di\u00a0elementi imponderabili come la visibilit\u00e0 o l&#8217;attenzione mediatica \u00e8 difficile capirne l&#8217;efficienza; il circuito comprende molti altri con situazioni molto diverse: associazioni culturali, case editrici, semplici lettori, ciascuno dei\u00a0quali pu\u00f2 avere avuto o non avuto dei ritorni dal circuito in maniera diversa dagli altri e\u00a0insomma sembra un po&#8217; sbrigativo risolvere tutto con uno\u00a0<em>slogan<\/em> come quello citato.<\/p>\n<p>La campagna di comunicazione, peraltro, \u00e8 appena all&#8217;inizio: c&#8217;\u00e8 tempo per spiegare meglio, nel corso della raccolta fondi, almeno alcune di queste cose e quindi convincere qualcun altro, attualmente dubbioso, ad aderire.\u00a0Non ci vuole molto, in fondo: dopotutto abbiamo finanziato perfino\u00a0<em>Diario<\/em>, insomma.<\/p>\n","protected":false},"excerpt":{"rendered":"<p>Come molti altri iscritti al social network di L\u00ecberos ho ricevuto nei giorni scorsi l&#8217;invito a contribuire alla nuova stagione<\/p>\n","protected":false},"author":1,"featured_media":8962,"comment_status":"open","ping_status":"open","sticky":false,"template":"","format":"standard","meta":{"_mi_skip_tracking":false,"_monsterinsights_sitenote_active":false,"_monsterinsights_sitenote_note":"","_monsterinsights_sitenote_category":0,"jetpack_post_was_ever_published":false,"_jetpack_newsletter_access":"","jetpack_publicize_message":"","jetpack_is_tweetstorm":false,"jetpack_publicize_feature_enabled":true,"jetpack_social_post_already_shared":true,"jetpack_social_options":{"image_generator_settings":{"template":"highway","enabled":false}}},"categories":[52,55,77,17,16],"tags":[],"jetpack_publicize_connections":[],"jetpack_featured_media_url":"https:\/\/i0.wp.com\/www.robertosedda.it\/wp-content\/uploads\/2014\/11\/SmartHub-liberos.jpg?fit=1422%2C745","jetpack_sharing_enabled":true,"jetpack_shortlink":"https:\/\/wp.me\/p4jV2T-2kg","jetpack_likes_enabled":true,"jetpack-related-posts":[{"id":5100,"url":"http:\/\/www.robertosedda.it\/?p=5100","url_meta":{"origin":8944,"position":0},"title":"Manco a farlo apposta","author":"Rufus","date":"25\/11\/2013","format":false,"excerpt":"Qualche giorno fa ho scritto dicendo che Scirarindi \u00e8 uno degli eventi culturali pi\u00f9 importanti della Sardegna e che c'era un certo numero di persone e organizzazioni che dovrebbe partecipare: Gli artigiani di Artimanos, i teatranti, gli artisti, gli operatori culturali: perch\u00e9 il benessere della persona li riguarda prima di\u2026","rel":"","context":"In &quot;Coordinate&quot;","block_context":{"text":"Coordinate","link":"http:\/\/www.robertosedda.it\/?cat=52"},"img":{"alt_text":"","src":"https:\/\/i0.wp.com\/www.robertosedda.it\/wp-content\/uploads\/2013\/11\/Liberos.jpg?fit=213%2C213&resize=350%2C200","width":350,"height":200},"classes":[]},{"id":11375,"url":"http:\/\/www.robertosedda.it\/?p=11375","url_meta":{"origin":8944,"position":1},"title":"Dura vita per i librai","author":"Rufus","date":"07\/01\/2016","format":false,"excerpt":"Mi ero\u00a0segnato da un paio di giorni di rilanciare un articolo di\u00a0Mashable\u00a0(la notizia \u00e8 uscita comunque ovunque) riguardo al fatto che da qualche tempo a Hong Kong scompaiono i librai. Non nel senso che chiudono i negozi di libri: scompaiono proprio i librai, nel senso che escono di casa e\u2026","rel":"","context":"In &quot;Coordinate&quot;","block_context":{"text":"Coordinate","link":"http:\/\/www.robertosedda.it\/?cat=52"},"img":{"alt_text":"","src":"https:\/\/i0.wp.com\/www.robertosedda.it\/wp-content\/uploads\/2016\/01\/Manifestazione-Hong-Kong.jpg?fit=950%2C534&resize=350%2C200","width":350,"height":200,"srcset":"https:\/\/i0.wp.com\/www.robertosedda.it\/wp-content\/uploads\/2016\/01\/Manifestazione-Hong-Kong.jpg?fit=950%2C534&resize=350%2C200 1x, https:\/\/i0.wp.com\/www.robertosedda.it\/wp-content\/uploads\/2016\/01\/Manifestazione-Hong-Kong.jpg?fit=950%2C534&resize=700%2C400 2x"},"classes":[]},{"id":2725,"url":"http:\/\/www.robertosedda.it\/?p=2725","url_meta":{"origin":8944,"position":2},"title":"Costruttori di mondi benefici","author":"Rufus","date":"29\/03\/2013","format":false,"excerpt":"Charities anglosassoni un po' nerd Oggi vorrei segnalarvi un articolo di Wired, dare una scossetta alle vostre convinzioni e discutere di fantascienza e fund raising. Tutto in una volta. Wow. L'articolo Cominciamo dalla parte pi\u00f9 facile: l'articolo di Wired racconta come un certo numero di appassionati di fantasy\u00a0e\u00a0di fantascienza, illustri\u2026","rel":"","context":"In &quot;Coordinate&quot;","block_context":{"text":"Coordinate","link":"http:\/\/www.robertosedda.it\/?cat=52"},"img":{"alt_text":"","src":"https:\/\/i0.wp.com\/www.robertosedda.it\/wp-content\/uploads\/2013\/03\/startrekborrowsstarwars.jpg?fit=470%2C297&resize=350%2C200","width":350,"height":200},"classes":[]},{"id":9026,"url":"http:\/\/www.robertosedda.it\/?p=9026","url_meta":{"origin":8944,"position":3},"title":"Una vecchia polemica sul femminismo","author":"Rufus","date":"09\/12\/2014","format":false,"excerpt":"Francesca Madrigali mi ha segnalato oggi, col consueto garbo, che la prossima puntata della sua ottima trasmissione su\u00a0Radio X sar\u00e0 dedicata ai temi del femminismo. Una parte dei contenuti sono esplicitati nell'articolo preparatorio che, come al solito, Francesca ha pubblicato sul suo\u00a0blog. A me la La versione di Madry\u00a0piace, come\u2026","rel":"","context":"In &quot;Coordinate&quot;","block_context":{"text":"Coordinate","link":"http:\/\/www.robertosedda.it\/?cat=52"},"img":{"alt_text":"","src":"https:\/\/i0.wp.com\/www.robertosedda.it\/wp-content\/uploads\/2014\/12\/Francesca-Madrigali-femminismo.jpg?fit=499%2C535&resize=350%2C200","width":350,"height":200},"classes":[]},{"id":14399,"url":"http:\/\/www.robertosedda.it\/?p=14399","url_meta":{"origin":8944,"position":4},"title":"L&#8217;economia della Jam","author":"Rufus","date":"07\/12\/2017","format":false,"excerpt":"Quello che segue l'ho scritto per il sito dei\u00a0Fabbricastorie, in preparazione (come altre cose) alla Cagliari Global Game Jam 2018. Diari dei Fabbricastorie - 1 Il modo con il quale abbiamo fatto la\u00a0Global Gam Jam\u00a0l\u2019anno scorso \u00e8 irripetibile. \u00c8 stato un\u2019avventura, \u00e8 stato una scommessa, \u00e8 stato molto emozionante: mentre\u2026","rel":"","context":"In &quot;Coordinate&quot;","block_context":{"text":"Coordinate","link":"http:\/\/www.robertosedda.it\/?cat=52"},"img":{"alt_text":"","src":"https:\/\/i0.wp.com\/www.robertosedda.it\/wp-content\/uploads\/2017\/12\/C_Jam-logo.jpg?fit=889%2C436&resize=350%2C200","width":350,"height":200,"srcset":"https:\/\/i0.wp.com\/www.robertosedda.it\/wp-content\/uploads\/2017\/12\/C_Jam-logo.jpg?fit=889%2C436&resize=350%2C200 1x, https:\/\/i0.wp.com\/www.robertosedda.it\/wp-content\/uploads\/2017\/12\/C_Jam-logo.jpg?fit=889%2C436&resize=700%2C400 2x"},"classes":[]},{"id":12246,"url":"http:\/\/www.robertosedda.it\/?p=12246","url_meta":{"origin":8944,"position":5},"title":"Diciannove pessimi crowfunding","author":"Rufus","date":"19\/07\/2016","format":false,"excerpt":"Trovo sul sito\u00a0Visual Capitalist, oltre al video su \u00a0Trump pubblicato oggi, anche una curiosa classifica di pessimi\u00a0crowdfunding. Non ho tempo di tradurlo: riporto qui sotto la tabella principale, con l'avviso che una parte di analisi \u00e8 sulla pagina dell'articolo\u00a0originario, alla quale rimando per maggiori spiegazioni. Tra parentesi: la mia start\u2026","rel":"","context":"In &quot;Coordinate&quot;","block_context":{"text":"Coordinate","link":"http:\/\/www.robertosedda.it\/?cat=52"},"img":{"alt_text":"","src":"https:\/\/i0.wp.com\/www.robertosedda.it\/wp-content\/uploads\/2016\/07\/Crowdfunding.jpg?fit=788%2C492&resize=350%2C200","width":350,"height":200,"srcset":"https:\/\/i0.wp.com\/www.robertosedda.it\/wp-content\/uploads\/2016\/07\/Crowdfunding.jpg?fit=788%2C492&resize=350%2C200 1x, https:\/\/i0.wp.com\/www.robertosedda.it\/wp-content\/uploads\/2016\/07\/Crowdfunding.jpg?fit=788%2C492&resize=700%2C400 2x"},"classes":[]}],"_links":{"self":[{"href":"http:\/\/www.robertosedda.it\/index.php?rest_route=\/wp\/v2\/posts\/8944"}],"collection":[{"href":"http:\/\/www.robertosedda.it\/index.php?rest_route=\/wp\/v2\/posts"}],"about":[{"href":"http:\/\/www.robertosedda.it\/index.php?rest_route=\/wp\/v2\/types\/post"}],"author":[{"embeddable":true,"href":"http:\/\/www.robertosedda.it\/index.php?rest_route=\/wp\/v2\/users\/1"}],"replies":[{"embeddable":true,"href":"http:\/\/www.robertosedda.it\/index.php?rest_route=%2Fwp%2Fv2%2Fcomments&post=8944"}],"version-history":[{"count":14,"href":"http:\/\/www.robertosedda.it\/index.php?rest_route=\/wp\/v2\/posts\/8944\/revisions"}],"predecessor-version":[{"id":9060,"href":"http:\/\/www.robertosedda.it\/index.php?rest_route=\/wp\/v2\/posts\/8944\/revisions\/9060"}],"wp:featuredmedia":[{"embeddable":true,"href":"http:\/\/www.robertosedda.it\/index.php?rest_route=\/wp\/v2\/media\/8962"}],"wp:attachment":[{"href":"http:\/\/www.robertosedda.it\/index.php?rest_route=%2Fwp%2Fv2%2Fmedia&parent=8944"}],"wp:term":[{"taxonomy":"category","embeddable":true,"href":"http:\/\/www.robertosedda.it\/index.php?rest_route=%2Fwp%2Fv2%2Fcategories&post=8944"},{"taxonomy":"post_tag","embeddable":true,"href":"http:\/\/www.robertosedda.it\/index.php?rest_route=%2Fwp%2Fv2%2Ftags&post=8944"}],"curies":[{"name":"wp","href":"https:\/\/api.w.org\/{rel}","templated":true}]}}