{"id":8937,"date":"2014-11-21T16:12:41","date_gmt":"2014-11-21T15:12:41","guid":{"rendered":"http:\/\/www.robertosedda.it\/?p=8937"},"modified":"2015-09-14T16:32:26","modified_gmt":"2015-09-14T14:32:26","slug":"il-vostro-inviato-quasi-in-diretta-dal-festival-delle-terre","status":"publish","type":"post","link":"http:\/\/www.robertosedda.it\/?p=8937","title":{"rendered":"Il vostro inviato quasi in diretta dal &#8220;Festival delle terre&#8221;"},"content":{"rendered":"<p>Sono andato ieri alla prima giornata cagliaritana del\u00a0<a href=\"http:\/\/www.festivaldelleterre.it\/\"><em>Festival delle terre<\/em>\u00a0<em>2014<\/em><\/a>, nell&#8217;insolita collocazione (peraltro bella) dell&#8217;<em>ExMa<\/em>.<\/p>\n<p>Il <em>Festival<\/em> \u00e8 \u00a0da sempre dedicato al tema della biodiversit\u00e0: quest&#8217;anno l&#8217;accento cade\u00a0sui contadini, secondo due sezioni tematiche: una \u00e8 quella che riguarda la sovranit\u00e0 alimentare e il diritto dei contadini ad accedere alle risorse necessarie per la produzione (dalle sementi alle zone di pesca artigianale), l&#8217;altra riguarda la crescente finanziarizzazione dell&#8217;agricoltura.<\/p>\n<p>Se non capisco male l&#8217;enfasi della tappa cagliaritana riguardava pi\u00f9 la prima sezione: un po&#8217; mi dispiace perch\u00e9, ovviamente, il tema della finanziarizzazione mi\u00a0\u00a0interessa non poco, per\u00f2 in un paio d&#8217;ore ho visto diverse cose davvero molto interessanti.<\/p>\n<h3><em>S&#8217;ammentarzu\u00a0Lav\/Oro tra le mani<\/em> (Maria Giovanna Dess\u00ec, Italia 2013)<\/h3>\n<p>La pi\u00f9 debole era, purtroppo, quella di produzione locale, <em>S&#8217;ammentarzu<\/em>, un documentario ambientato nel Sulcis che presenta il rapporto con la terra nella parabola di tre generazioni. Pur provocatorio nelle affermazioni dell&#8217;operaio Antonello \u00a0Pirotto (che rappresentava l&#8217;et\u00e0 di mezzo) il documentario \u00e8 troppo sceneggiato, troppo poco naturale nel modo di porsi di tutti gli altri testimoni intervistati. Diventa cos\u00ec retorico e un tantino declamatorio, fino a dare in qualche momento l&#8217;impressione di essere troppo intenzionalmente promozionale dell&#8217;esperienza del <a href=\"http:\/\/www.domusamigas.it\/\"><em>Centro sperimentazione\u00a0autosviluppo<\/em><\/a>: non che non se lo meritino, ma fra\u00a0promozione e documentazione la differenza dovrebbe sempre essere netta.\u00a0\u00c8 comunque interessante guardare il documentario confrontandolo con il pi\u00f9 efficace <a title=\"Festival delle Terre (di festival \u2013 2)\" href=\"http:\/\/www.robertosedda.it\/?p=3953\"><em>Cattedrali di sabbia<\/em> presentato l&#8217;anno scorso<\/a>.<\/p>\n<div class=\"jetpack-video-wrapper\"><span class=\"embed-youtube\" style=\"text-align:center; display: block;\"><iframe class=\"youtube-player\" width=\"800\" height=\"450\" src=\"https:\/\/www.youtube.com\/embed\/QbwQv3VHer4?version=3&#038;rel=1&#038;showsearch=0&#038;showinfo=1&#038;iv_load_policy=1&#038;fs=1&#038;hl=it-IT&#038;autohide=2&#038;wmode=transparent\" allowfullscreen=\"true\" style=\"border:0;\" sandbox=\"allow-scripts allow-same-origin allow-popups allow-presentation\"><\/iframe><\/span><\/div>\n<h3><em>Contadini a Milano<\/em> (Matteo Ganino, Italia 2014)<\/h3>\n<p>Al contrario di\u00a0<em>S&#8217;ammentarzu<\/em>\u00a0il documentario\u00a0Co<em>ntadini a Milano<\/em> si limita a dare voce ai testimoni, con un approccio magari in partenza pi\u00f9 freddo ma che si rivela alla fine molto pi\u00f9 efficace.\u00a0Sentir dire nella presentazione del video che Milano \u00e8 il secondo comune agricolo d&#8217;Italia fa impressione, ma quel che colpisce \u00e8 vedere i volti e sentire le voci e i racconti dei vari proprietari delle cascine e dei loro familiari, gente che fa agricoltura (agricoltura\u00a0<em>vera<\/em>\u00a0con polli e bestiame o come coltivare il riso,\u00a0non boschi verticali o altre finzioni) nel posto nel quale tutti meno ci immagineremmo che si possa fare. E dove oltretutto non ti ci vogliono perch\u00e9 si preferirebbe costruire, ovviamente.<\/p>\n<p>Domenica ero a un seminario sullo sviluppo rurale e qualcuno ha usato l&#8217;espressione\u00a0<em>agricolture resistenti<\/em>. Quando Ganino ha raccontato l&#8217;esperienza del documentario e quel che ha scoperto lavorando con questi contadini ha usato quasi la stessa espressione: \u00abMi hanno insegnato tanto su cosa vuol dire resistere\u00bb. Il punto, alla fine, mi sembra davvero tutto qui.<\/p>\n<h2>Malumori<\/h2>\n<p>Avevo pensato gi\u00e0 l&#8217;anno scorso che ci vuole un po&#8217; di stomaco per vedere il\u00a0<em>Festival delle terre<\/em>,\u00a0perch\u00e9 si vedono nefandezze che\u00a0alla fine\u00a0ti fanno star male.<\/p>\n<p>Oddio: non prendetemi troppo sul serio. Se no poi al\u00a0<em>Festival<\/em> non ci va pi\u00f9 nessuno e questo non solo \u00e8 male per gli organizzatori, che ci mettono passione e fatica, ma anche perch\u00e9 se non vedi e non tocchi con mano certe cose non le capirai mai per bene. Non \u00e8 che tutto pu\u00f2 essere Repronzolo o Riccioli d&#8217;Oro (oddio, a certa gentaglia piacerebbe che ci fermassimo l\u00e0).<\/p>\n<h3><em>Direttiva 9.70<\/em> (Victoria Solano, Colombia 2013)<\/h3>\n<p>Il discorso vale soprattutto per questo documentario, durante il quale a un certo punto fisicamente l&#8217;angoscia mi ha preso talmente alla gola da farmi star male. Eppure non c&#8217;\u00e8 dentro niente di truculento, anzi, pi\u00f9 che altro contadini intervistati sullo sfondo di inappuntabili salotti di modeste casette rurali o davanti allo sfondo ridente dei loro campi di riso.<\/p>\n<p>Ridente. Un po&#8217; come direbbe Brecht<\/p>\n<blockquote><p><em>Chi ride l&#8217;orrenda notizia non l&#8217;ha udita ancora<\/em><\/p><\/blockquote>\n<p>Ci\u00f2 che pesa incredibilmente sul cuore \u00e8 la sostanza del racconto, che riguarda complessivamente la ben nota questione dell&#8217;appropriazione dei semi e dei diritti intellettuali sulla biodiversit\u00e0 da parte delle multinazionali dell&#8217;agroalimentare. Sciacalli. Maledetti. Li odio. La loro ingiustizia grida davanti a Dio.<\/p>\n<p>Scusate, avevo bisogno di spurgare la bile.<\/p>\n<p>Obama ci fa una pessima figura, oltretutto, ma non \u00e8 questo il punto. Il punto \u00e8, parafrasando e capovolgendo il povero Carlo Rosselli, <em>oggi in Colombia domani in Italia<\/em>. Sar\u00e0 il caso di svegliarsi davvero, e non per quelle cretinate delle scie chimiche.<\/p>\n<p>Scusate, a momenti ricominciava a battermi la vena.<\/p>\n<div class=\"jetpack-video-wrapper\"><span class=\"embed-youtube\" style=\"text-align:center; display: block;\"><iframe class=\"youtube-player\" width=\"800\" height=\"450\" src=\"https:\/\/www.youtube.com\/embed\/kZWAqS-El_g?version=3&#038;rel=1&#038;showsearch=0&#038;showinfo=1&#038;iv_load_policy=1&#038;fs=1&#038;hl=it-IT&#038;autohide=2&#038;wmode=transparent\" allowfullscreen=\"true\" style=\"border:0;\" sandbox=\"allow-scripts allow-same-origin allow-popups allow-presentation\"><\/iframe><\/span><\/div>\n<h3><em>Destination de Dieu <\/em>(Andrea Gadaleta Caldarola, Italia 2013)<\/h3>\n<p>Stavo cos\u00ec male che ho chiesto a Maria Bonaria di tornarcene a casa. Per fortuna ci siamo fermati a vedere le prime battute del documentario seguente: cos\u00ec siamo stati catturati e sono stato molto contento di non essermelo perso.<\/p>\n<p>Oddio, non \u00e8 che la descrizione di un&#8217;enorme baraccopoli abitata\u00a0dalle parti di Foggia\u00a0da immigrati che lavorano nei campi sia una cosina rose e fiori: ma il documentario assume l&#8217;aria stranita dei migrtanti, i quali non riescono, loro, a credere che nella civile Italia ci possano essere cose del genere. \u00abIn Africa non ho mai visto cose del genere\u00bb, dice uno, e quest&#8217;aria di spaesamento prende con loro anche gli spettatori.<\/p>\n<p>A me questo \u00e8 il documentario che \u00e8 piaciuto di pi\u00f9: l&#8217;ho trovato, nella sua disarmante impossiiblit\u00e0 di capire il livello di barbarie a cui si pu\u00f2 arrivare in Italia, di grandissima potenza.<\/p>\n<div class=\"jetpack-video-wrapper\"><span class=\"embed-youtube\" style=\"text-align:center; display: block;\"><iframe class=\"youtube-player\" width=\"800\" height=\"450\" src=\"https:\/\/www.youtube.com\/embed\/TESPxrtjDqA?version=3&#038;rel=1&#038;showsearch=0&#038;showinfo=1&#038;iv_load_policy=1&#038;fs=1&#038;hl=it-IT&#038;autohide=2&#038;wmode=transparent\" allowfullscreen=\"true\" style=\"border:0;\" sandbox=\"allow-scripts allow-same-origin allow-popups allow-presentation\"><\/iframe><\/span><\/div>\n<p>Stasera dalle 18 si replica\u00a0 si parla soprattutto di pesca. Domani vi racconto.<\/p>\n","protected":false},"excerpt":{"rendered":"<p>Sono andato ieri alla prima giornata cagliaritana del\u00a0Festival delle terre\u00a02014, nell&#8217;insolita collocazione (peraltro bella) dell&#8217;ExMa. Il Festival \u00e8 \u00a0da sempre<\/p>\n","protected":false},"author":1,"featured_media":0,"comment_status":"open","ping_status":"open","sticky":false,"template":"","format":"video","meta":{"_mi_skip_tracking":false,"_monsterinsights_sitenote_active":false,"_monsterinsights_sitenote_note":"","_monsterinsights_sitenote_category":0,"jetpack_post_was_ever_published":false,"_jetpack_newsletter_access":"","jetpack_publicize_message":"Il vostro inviato quasi in diretta dal \"Festival delle terre\" #festivaldelleterre","jetpack_is_tweetstorm":false,"jetpack_publicize_feature_enabled":true,"jetpack_social_post_already_shared":true,"jetpack_social_options":{"image_generator_settings":{"template":"highway","enabled":false}}},"categories":[52,14,55,77,12],"tags":[],"jetpack_publicize_connections":[],"jetpack_featured_media_url":"","jetpack_sharing_enabled":true,"jetpack_shortlink":"https:\/\/wp.me\/p4jV2T-2k9","jetpack_likes_enabled":true,"jetpack-related-posts":[{"id":3953,"url":"http:\/\/www.robertosedda.it\/?p=3953","url_meta":{"origin":8937,"position":0},"title":"Festival delle Terre (di festival &#8211; 2)","author":"Rufus","date":"13\/07\/2013","format":"video","excerpt":"Sono stato ieri all'inaugurazione del Festival delle Terre, a Villa Muscas. Il tema di quest'anno \u00e8 Chi decide cosa c'\u00e8 nel tuo piatto?, anche se la selezione dei cortometraggi mi pare comprenda titoli che hanno sempre a che fare in qualche modo con la sostenibilit\u00e0 ma esplorano il tema in\u2026","rel":"","context":"In &quot;Coordinate&quot;","block_context":{"text":"Coordinate","link":"http:\/\/www.robertosedda.it\/?cat=52"},"img":{"alt_text":"","src":"https:\/\/i0.wp.com\/www.robertosedda.it\/wp-content\/uploads\/2013\/07\/logo_fest_terre1.png?fit=422%2C200&resize=350%2C200","width":350,"height":200},"classes":[]},{"id":9296,"url":"http:\/\/www.robertosedda.it\/?p=9296","url_meta":{"origin":8937,"position":1},"title":"Ehi, non vi ho mai parlato della seconda serata del Festival delle Terre?!","author":"Rufus","date":"30\/12\/2014","format":"video","excerpt":"In un articolo ormai vecchio mi vantavo di aver fatto una recensione quasi in diretta della prima serata dell'edizione di Cagliari del\u00a0Festival delle Terre 2014. Per compensare solo oggi mi accorgo che non ho mai parlato della\u00a0seconda serata, che pure aveva parecchi elementi di interesse. Il seminario funziona sempre Il\u2026","rel":"","context":"In &quot;Coordinate&quot;","block_context":{"text":"Coordinate","link":"http:\/\/www.robertosedda.it\/?cat=52"},"img":{"alt_text":"","src":"https:\/\/i0.wp.com\/img.youtube.com\/vi\/plUX9Ut8Ljw\/0.jpg?resize=350%2C200","width":350,"height":200},"classes":[]},{"id":15569,"url":"http:\/\/www.robertosedda.it\/?p=15569","url_meta":{"origin":8937,"position":2},"title":"Domande del cagliaritano sciovinista in vacanza","author":"Rufus","date":"07\/08\/2018","format":false,"excerpt":"Prima di tutto: che parola \u00e8 aperipesce? Ma sopratutto, per il cagliaritano il pesce ammette due sole cotture: fritto e alla brace - che razza di showcooking ci vorrai fare?!","rel":"","context":"In &quot;Cibo e cucine&quot;","block_context":{"text":"Cibo e cucine","link":"http:\/\/www.robertosedda.it\/?cat=71"},"img":{"alt_text":"","src":"https:\/\/i0.wp.com\/www.robertosedda.it\/wp-content\/uploads\/2018\/08\/IMG_20180806_144713.jpg?fit=1200%2C900&resize=350%2C200","width":350,"height":200,"srcset":"https:\/\/i0.wp.com\/www.robertosedda.it\/wp-content\/uploads\/2018\/08\/IMG_20180806_144713.jpg?fit=1200%2C900&resize=350%2C200 1x, https:\/\/i0.wp.com\/www.robertosedda.it\/wp-content\/uploads\/2018\/08\/IMG_20180806_144713.jpg?fit=1200%2C900&resize=700%2C400 2x, https:\/\/i0.wp.com\/www.robertosedda.it\/wp-content\/uploads\/2018\/08\/IMG_20180806_144713.jpg?fit=1200%2C900&resize=1050%2C600 3x"},"classes":[]},{"id":3632,"url":"http:\/\/www.robertosedda.it\/?p=3632","url_meta":{"origin":8937,"position":3},"title":"La Cagliari Unofficial Guide","author":"Rufus","date":"20\/06\/2013","format":"video","excerpt":"\u00c8 successo un po' gradatamente e non tutti ce ne siamo accorti, ma Cagliari \u00e8 diventata una citt\u00e0 turistica. Che sia l'effetto di tutta quella gente che mentre se ne stava a Villasimius o Nora intanto se ne veniva a fare la spesa o passare una giornata in citt\u00e0 (sentita\u2026","rel":"","context":"In &quot;Coordinate&quot;","block_context":{"text":"Coordinate","link":"http:\/\/www.robertosedda.it\/?cat=52"},"img":{"alt_text":"","src":"https:\/\/i0.wp.com\/www.robertosedda.it\/wp-content\/uploads\/2013\/06\/cagliari-unofficial-426x268.png?fit=426%2C268&resize=350%2C200","width":350,"height":200},"classes":[]},{"id":6993,"url":"http:\/\/www.robertosedda.it\/?p=6993","url_meta":{"origin":8937,"position":4},"title":"Una breve nota sul dibattito sul turismo cagliaritano","author":"Rufus","date":"17\/04\/2014","format":false,"excerpt":"Mi capita spesso di ascoltare in macchina\u00a0la rubrica My Cagliari, che\u00a0Radio X\u00a0dedica all'esperienza degli studenti Erasmus a Cagliari. In cinque\u00a0brevi minuti viene chiesto a uno studente straniero ogni volta diverso di dare un voto e un parere su Cagliari, la sua mobilit\u00e0, i servizi turistici, il cibo, la vita notturna,\u2026","rel":"","context":"In &quot;Coordinate&quot;","block_context":{"text":"Coordinate","link":"http:\/\/www.robertosedda.it\/?cat=52"},"img":{"alt_text":"","src":"https:\/\/i0.wp.com\/www.robertosedda.it\/wp-content\/uploads\/2014\/04\/Mycagliari-Erasmus.jpg?fit=620%2C310&resize=350%2C200","width":350,"height":200},"classes":[]},{"id":3978,"url":"http:\/\/www.robertosedda.it\/?p=3978","url_meta":{"origin":8937,"position":5},"title":"Ancora al Festival delle Terre","author":"Rufus","date":"15\/07\/2013","format":"video","excerpt":"Dopo un'assenza dovuta alla partecipazione a una grigliata di famiglia ieri sono tornato al Festival delle Terre. In programma c'erano un reading dei Mama Sabot su Quirra e due cortometraggi. Sul reading, che era di fatto propedeutico alla prima proiezione, passo. Non l'ho trovato efficacissimo - temo che la scrittura\u2026","rel":"","context":"In &quot;Coordinate&quot;","block_context":{"text":"Coordinate","link":"http:\/\/www.robertosedda.it\/?cat=52"},"img":{"alt_text":"","src":"https:\/\/i0.wp.com\/www.robertosedda.it\/wp-content\/uploads\/2013\/07\/Materia-oscura.png?fit=998%2C513&resize=350%2C200","width":350,"height":200,"srcset":"https:\/\/i0.wp.com\/www.robertosedda.it\/wp-content\/uploads\/2013\/07\/Materia-oscura.png?fit=998%2C513&resize=350%2C200 1x, https:\/\/i0.wp.com\/www.robertosedda.it\/wp-content\/uploads\/2013\/07\/Materia-oscura.png?fit=998%2C513&resize=700%2C400 2x"},"classes":[]}],"_links":{"self":[{"href":"http:\/\/www.robertosedda.it\/index.php?rest_route=\/wp\/v2\/posts\/8937"}],"collection":[{"href":"http:\/\/www.robertosedda.it\/index.php?rest_route=\/wp\/v2\/posts"}],"about":[{"href":"http:\/\/www.robertosedda.it\/index.php?rest_route=\/wp\/v2\/types\/post"}],"author":[{"embeddable":true,"href":"http:\/\/www.robertosedda.it\/index.php?rest_route=\/wp\/v2\/users\/1"}],"replies":[{"embeddable":true,"href":"http:\/\/www.robertosedda.it\/index.php?rest_route=%2Fwp%2Fv2%2Fcomments&post=8937"}],"version-history":[{"count":3,"href":"http:\/\/www.robertosedda.it\/index.php?rest_route=\/wp\/v2\/posts\/8937\/revisions"}],"predecessor-version":[{"id":10835,"href":"http:\/\/www.robertosedda.it\/index.php?rest_route=\/wp\/v2\/posts\/8937\/revisions\/10835"}],"wp:attachment":[{"href":"http:\/\/www.robertosedda.it\/index.php?rest_route=%2Fwp%2Fv2%2Fmedia&parent=8937"}],"wp:term":[{"taxonomy":"category","embeddable":true,"href":"http:\/\/www.robertosedda.it\/index.php?rest_route=%2Fwp%2Fv2%2Fcategories&post=8937"},{"taxonomy":"post_tag","embeddable":true,"href":"http:\/\/www.robertosedda.it\/index.php?rest_route=%2Fwp%2Fv2%2Ftags&post=8937"}],"curies":[{"name":"wp","href":"https:\/\/api.w.org\/{rel}","templated":true}]}}