{"id":8914,"date":"2014-11-19T10:09:03","date_gmt":"2014-11-19T09:09:03","guid":{"rendered":"http:\/\/www.robertosedda.it\/?p=8914"},"modified":"2014-11-27T13:24:24","modified_gmt":"2014-11-27T12:24:24","slug":"quali-intellettuali-in-sardegna-un-intervento-di-piero-marcialis","status":"publish","type":"post","link":"http:\/\/www.robertosedda.it\/?p=8914","title":{"rendered":"Quali intellettuali in Sardegna? Un intervento di Piero Marcialis"},"content":{"rendered":"<p>Oltre che su questo\u00a0<em>blog<\/em> questo articolo viene pubblicato anche sui siti di\u00a0<strong><em><a href=\"http:\/\/www.fondazionesardinia.eu\/ita\/?p=9428\">Fondazione Sardinia<\/a><\/em><\/strong>,\u00a0<em><strong><a href=\"http:\/\/www.aladinpensiero.it\/\">Aladinpensiero<\/a><\/strong>,<\/em>\u00a0<strong><em><a href=\"http:\/\/tramasdeamistade.org\/htdocs\/cms\/index.php\">Tramas de amistade<\/a><\/em><\/strong>,\u00a0<em><a href=\"http:\/\/www.sardegnasoprattutto.org\/\"><strong>Sardegna Soprattutto<\/strong><\/a>,<\/em>\u00a0<strong><em><a href=\"http:\/\/www.formaparis.com\/\">Sportello Formaparis<\/a><\/em><\/strong>,\u00a0<strong><em><a href=\"http:\/\/tottusinpari.blog.tiscali.it\/\">Tottusinpari<\/a><\/em><\/strong> e sui <em>blog<\/em> di\u00a0<a href=\"http:\/\/www.enricolobina.org\/wp\/\"><strong>Enrico Lobina<\/strong>,<\/a>\u00a0<strong><a href=\"http:\/\/www.vitobiolchini.it\/\">Vito Biolchini<\/a><\/strong>\u00a0e\u00a0<a href=\"http:\/\/madrigopolis.blogspot.it\/\"><strong>Francesca Madrigali<\/strong><\/a>.<\/p>\n<h2><a href=\"https:\/\/i0.wp.com\/www.robertosedda.it\/wp-content\/uploads\/2014\/11\/intellettuali1.jpg\"><img data-attachment-id=\"8916\" data-permalink=\"http:\/\/www.robertosedda.it\/?attachment_id=8916\" data-orig-file=\"https:\/\/i0.wp.com\/www.robertosedda.it\/wp-content\/uploads\/2014\/11\/intellettuali1.jpg?fit=360%2C269\" data-orig-size=\"360,269\" data-comments-opened=\"1\" data-image-meta=\"{&quot;aperture&quot;:&quot;0&quot;,&quot;credit&quot;:&quot;&quot;,&quot;camera&quot;:&quot;&quot;,&quot;caption&quot;:&quot;&quot;,&quot;created_timestamp&quot;:&quot;0&quot;,&quot;copyright&quot;:&quot;&quot;,&quot;focal_length&quot;:&quot;0&quot;,&quot;iso&quot;:&quot;0&quot;,&quot;shutter_speed&quot;:&quot;0&quot;,&quot;title&quot;:&quot;&quot;,&quot;orientation&quot;:&quot;1&quot;}\" data-image-title=\"intellettuali1\" data-image-description=\"\" data-image-caption=\"\" data-medium-file=\"https:\/\/i0.wp.com\/www.robertosedda.it\/wp-content\/uploads\/2014\/11\/intellettuali1.jpg?fit=300%2C224\" data-large-file=\"https:\/\/i0.wp.com\/www.robertosedda.it\/wp-content\/uploads\/2014\/11\/intellettuali1.jpg?fit=360%2C269\" decoding=\"async\" loading=\"lazy\" class=\"aligncenter size-full wp-image-8916\" src=\"https:\/\/i0.wp.com\/www.robertosedda.it\/wp-content\/uploads\/2014\/11\/intellettuali1.jpg?resize=360%2C269\" alt=\"intellettuali1\" width=\"360\" height=\"269\" srcset=\"https:\/\/i0.wp.com\/www.robertosedda.it\/wp-content\/uploads\/2014\/11\/intellettuali1.jpg?w=360 360w, https:\/\/i0.wp.com\/www.robertosedda.it\/wp-content\/uploads\/2014\/11\/intellettuali1.jpg?resize=150%2C112 150w, https:\/\/i0.wp.com\/www.robertosedda.it\/wp-content\/uploads\/2014\/11\/intellettuali1.jpg?resize=300%2C224 300w, https:\/\/i0.wp.com\/www.robertosedda.it\/wp-content\/uploads\/2014\/11\/intellettuali1.jpg?resize=268%2C200 268w, https:\/\/i0.wp.com\/www.robertosedda.it\/wp-content\/uploads\/2014\/11\/intellettuali1.jpg?resize=50%2C37 50w\" sizes=\"(max-width: 360px) 100vw, 360px\" data-recalc-dims=\"1\" \/><\/a>Quali intellettuali in Sardegna?<\/h2>\n<h3>di Piero Marcialis<\/h3>\n<p>Si scalda (forse) il dibattito sugli intellettuali in Sardegna.<\/p>\n<p>Non mi soffermo a dire che intellettuali siamo un po\u2019 tutti, dallo scrittore all&#8217;artigiano, dal professore all&#8217;informatico.<\/p>\n<p>Dicono che a dirigere l\u2019Isola adesso ci sarebbero gli intellettuali. Perch\u00e9? Sono professori. Basta questo?<\/p>\n<p>L\u2019utopia di Platone, che siano i filosofi a dirigere lo Stato, ammesso e non concesso che sia una soluzione, stride al massimo dell&#8217;ironia quando vedi che a governare lo Stato ci sono i Renzi, ma il guaio vero \u00e8 quando a governare un popolo in cerca della sua sovranit\u00e0 ci sono i renziani.<\/p>\n<p>Noi che seguiamo le orme di Gramsci nel cercare di definire chi \u00e8, che cosa fa, l\u2019intellettuale, e ne diamo una identit\u00e0 diffusa, nel produrre economico, culturale, politico, dobbiamo pure chiederci se in Sardegna questo &#8220;fare&#8221; intellettuale esista o no.<\/p>\n<p>Nella politica, mentre ci scaldiamo al pensiero della Scozia e della Catalogna, stiamo immobili in attesa che lo Stato Italiano ci dica esso in che consiste la nostra autonomia, la nostra sovranit\u00e0, la nostra indipendenza e, mentre passa inutile il tempo della nostra liberazione, avvertiamo che queste belle idealit\u00e0 si avvicinano allo zero assoluto.<\/p>\n<p>In economia altri poteri esterni, assai poco intellettuali, e invece militari, statali, esotici miliardari e quant&#8217;altro, decidono essi la sparizione dell\u2019agricoltura, il deserto, il controllo dell\u2019ambiente e della salute.<\/p>\n<p>E la produzione culturale?<\/p>\n<p>Se \u00e8 vero in generale che siamo avviati ad essere, in tutti i campi, piuttosto consumatori che non produttori, questo \u00e8 drammaticamente evidente riguardo al produrre cultura.<\/p>\n<p>Formazione, scuola, teatro, cinema, editoria, sono bloccati al consumo di produzioni esterne, alla semplice diffusione del pensiero altrove pensato, la maggior parte dei nostri operatori in questi campi sono convogliati e invogliati a formare, insegnare, inscenare, fotografare, editare, storie che riguardano vicende, tradizioni, cultura, linguaggi, di altri popoli. L\u2019Universit\u00e0 sarda non ha che esili rapporti con la Sardegna, potrebbe abitare altrove.<\/p>\n<p>Qualche pattuglia impegnata, da &#8220;intellettuali organici&#8221;, a produrre oggetti propri della cultura sarda (dalla lingua alla storia, dalla tradizione ai problemi di oggi), che non abita in torri d\u2019avorio (chiamiamolo avorio\u2026) ma \u00e8 scesa in strada, vive uno stato di dipendenza economica, di isolamento politico, di sospetto culturale.<\/p>\n<p>Prendiamo anche solo il teatro. Inglesi, spagnoli, francesi, napoletani, veneziani, genovesi, lombardi, romani, e aggiungete tutti i popoli e nazioni che volete, hanno il loro teatro nazionale. Anche i sardi lo avrebbero, per\u00f2\u2026<\/p>\n<p>Per\u00f2 \u00e8 considerato di serie B. C\u2019\u00e8 un politico, un partito, un settore di maggioranza o di minoranza che si sia posto il problema di dare impulso all&#8217;affermazione di un teatro\u00a0 del popolo sardo? L\u2019accoglienza che si fa al teatro &#8220;italiano&#8221;, spesso traduzione di altri teatri nazionali, \u00e8 assolutamente di privilegio rispetto al teatro sardo, che sia traduzione o prodotto originale. Se il teatro in generale, in Italia e in Sardegna, versa in tristi condizioni, la situazione di chi vuol fare teatro sardo \u00e8 addirittura di agonia: teatri chiusi, compagnie sciolte, riduzione a rappresentazioni senza scenografie, senza ausilio tecnico, monologhi e reading in locali &#8220;alternativi&#8221; (per forza) o per la strada.<\/p>\n<p>Continuiamo cos\u00ec, facciamoci del male.<\/p>\n","protected":false},"excerpt":{"rendered":"<p>Oltre che su questo\u00a0blog questo articolo viene pubblicato anche sui siti di\u00a0Fondazione Sardinia,\u00a0Aladinpensiero,\u00a0Tramas de amistade,\u00a0Sardegna Soprattutto,\u00a0Sportello Formaparis,\u00a0Tottusinpari e sui blog<\/p>\n","protected":false},"author":1,"featured_media":8916,"comment_status":"open","ping_status":"open","sticky":false,"template":"","format":"standard","meta":{"_mi_skip_tracking":false,"_monsterinsights_sitenote_active":false,"_monsterinsights_sitenote_note":"","_monsterinsights_sitenote_category":0,"jetpack_post_was_ever_published":false,"_jetpack_newsletter_access":"","jetpack_publicize_message":"","jetpack_is_tweetstorm":false,"jetpack_publicize_feature_enabled":true,"jetpack_social_post_already_shared":true,"jetpack_social_options":{"image_generator_settings":{"template":"highway","enabled":false}}},"categories":[52,57,17,59,16],"tags":[],"jetpack_publicize_connections":[],"jetpack_featured_media_url":"https:\/\/i0.wp.com\/www.robertosedda.it\/wp-content\/uploads\/2014\/11\/intellettuali1.jpg?fit=360%2C269","jetpack_sharing_enabled":true,"jetpack_shortlink":"https:\/\/wp.me\/p4jV2T-2jM","jetpack_likes_enabled":true,"jetpack-related-posts":[{"id":4220,"url":"http:\/\/www.robertosedda.it\/?p=4220","url_meta":{"origin":8914,"position":0},"title":"Buone vacanze!","author":"Rufus","date":"03\/08\/2013","format":false,"excerpt":"Passer\u00f2 i prossimi giorni a Tonara, nel centro della Sardegna, quindi anche il blog si prende una vacanza. Mi porto dietro il\u00a0computer (luned\u00ec c'\u00e8 una\u00a0Skype call con i coordinatori dei vari gruppi di soci dell'Area Centro di Banca Etica) ma non conto di scrivere frequentemente sul blog:\u00a0 potr\u00e0 capitare ogni\u2026","rel":"","context":"In &quot;Coordinate&quot;","block_context":{"text":"Coordinate","link":"http:\/\/www.robertosedda.it\/?cat=52"},"img":{"alt_text":"","src":"https:\/\/i0.wp.com\/www.robertosedda.it\/wp-content\/uploads\/2013\/08\/ALIM0692.jpg?fit=1200%2C900&resize=350%2C200","width":350,"height":200,"srcset":"https:\/\/i0.wp.com\/www.robertosedda.it\/wp-content\/uploads\/2013\/08\/ALIM0692.jpg?fit=1200%2C900&resize=350%2C200 1x, https:\/\/i0.wp.com\/www.robertosedda.it\/wp-content\/uploads\/2013\/08\/ALIM0692.jpg?fit=1200%2C900&resize=700%2C400 2x, https:\/\/i0.wp.com\/www.robertosedda.it\/wp-content\/uploads\/2013\/08\/ALIM0692.jpg?fit=1200%2C900&resize=1050%2C600 3x"},"classes":[]},{"id":1727,"url":"http:\/\/www.robertosedda.it\/?p=1727","url_meta":{"origin":8914,"position":1},"title":"Belle foto della Sardegna","author":"Rufus","date":"19\/12\/2012","format":"image","excerpt":"Mio cognato Alberto, maledetto toscano, ha la passione per la fotografia e ottiene risultati mi sembra non disprezzabili, a parte coi fenicotteri (ma questa \u00e8 un'altra storia e sar\u00e0 raccontata un'altra volta). \u00c8 anche l'autore di alcune delle foto che compaiono in testata - quelle pi\u00f9 belle, le altre sono\u2026","rel":"","context":"In &quot;Coordinate&quot;","block_context":{"text":"Coordinate","link":"http:\/\/www.robertosedda.it\/?cat=52"},"img":{"alt_text":"Poster","src":"https:\/\/i0.wp.com\/www.robertosedda.it\/wp-content\/uploads\/2012\/12\/Temporary-Poster-5-1024x722.jpg?resize=350%2C200","width":350,"height":200,"srcset":"https:\/\/i0.wp.com\/www.robertosedda.it\/wp-content\/uploads\/2012\/12\/Temporary-Poster-5-1024x722.jpg?resize=350%2C200 1x, https:\/\/i0.wp.com\/www.robertosedda.it\/wp-content\/uploads\/2012\/12\/Temporary-Poster-5-1024x722.jpg?resize=700%2C400 2x"},"classes":[]},{"id":6680,"url":"http:\/\/www.robertosedda.it\/?p=6680","url_meta":{"origin":8914,"position":2},"title":"Chi ha paura di Giorgio Mazzella? La crisi di Sardegna Uno simbolo dell\u2019informazione isolana in caduta libera. Un articolo di Vito Biolchini","author":"Rufus","date":"11\/03\/2014","format":false,"excerpt":"Oltre che su questo blog, questo articolo viene pubblicato anche sui siti di\u00a0Fondazione Sardinia,\u00a0Aladin Pensiero,\u00a0Tramas de Amistade,\u00a0Madrigopolis,\u00a0SardegnaSoprattutto,\u00a0Sportello Formaparis,\u00a0Tottusinpari\u00a0e sui blog\u00a0di Enrico Lobina e Vito Biolchini. Chi ha paura di Giorgio Mazzella? La crisi di Sardegna Uno simbolo dell\u2019informazione isolana in caduta libera di Vito Biolchini I lavoratori di Sardegna Uno\u2026","rel":"","context":"In &quot;Coordinate&quot;","block_context":{"text":"Coordinate","link":"http:\/\/www.robertosedda.it\/?cat=52"},"img":{"alt_text":"","src":"https:\/\/i0.wp.com\/www.robertosedda.it\/wp-content\/uploads\/2014\/03\/Striscione-Sardegna-Uno.jpg?fit=786%2C445&resize=350%2C200","width":350,"height":200,"srcset":"https:\/\/i0.wp.com\/www.robertosedda.it\/wp-content\/uploads\/2014\/03\/Striscione-Sardegna-Uno.jpg?fit=786%2C445&resize=350%2C200 1x, https:\/\/i0.wp.com\/www.robertosedda.it\/wp-content\/uploads\/2014\/03\/Striscione-Sardegna-Uno.jpg?fit=786%2C445&resize=700%2C400 2x"},"classes":[]},{"id":6563,"url":"http:\/\/www.robertosedda.it\/?p=6563","url_meta":{"origin":8914,"position":3},"title":"Restare umani. Anche in Sardegna","author":"Rufus","date":"25\/02\/2014","format":false,"excerpt":"Pubblico con vero piacere il consueto frutto delle riunioni dei blogger del luned\u00ec, questa volta a firma di Francesca Madrigali, ed \u00e8 anche l'occasione per suggerire la lettura del suo blog, che \u00e8 sempre molto piacevole e che oggi viene anche inserito nella posizione di amico della settimana. Oltre che\u2026","rel":"","context":"In &quot;Coordinate&quot;","block_context":{"text":"Coordinate","link":"http:\/\/www.robertosedda.it\/?cat=52"},"img":{"alt_text":"","src":"https:\/\/i0.wp.com\/www.robertosedda.it\/wp-content\/uploads\/2014\/02\/videolina_pigliaru.jpg?fit=1200%2C900&resize=350%2C200","width":350,"height":200,"srcset":"https:\/\/i0.wp.com\/www.robertosedda.it\/wp-content\/uploads\/2014\/02\/videolina_pigliaru.jpg?fit=1200%2C900&resize=350%2C200 1x, https:\/\/i0.wp.com\/www.robertosedda.it\/wp-content\/uploads\/2014\/02\/videolina_pigliaru.jpg?fit=1200%2C900&resize=700%2C400 2x, https:\/\/i0.wp.com\/www.robertosedda.it\/wp-content\/uploads\/2014\/02\/videolina_pigliaru.jpg?fit=1200%2C900&resize=1050%2C600 3x"},"classes":[]},{"id":6923,"url":"http:\/\/www.robertosedda.it\/?p=6923","url_meta":{"origin":8914,"position":4},"title":"Sardegna, a ciascuno il suo silenzio (un intervento di Vito Biolchini)","author":"Rufus","date":"08\/04\/2014","format":false,"excerpt":"Oltre che su questo blog, questo articolo viene pubblicato anche sui siti\u00a0di Vito Biolchini,\u00a0Enrico Lobina,\u00a0Fondazione Sardinia,\u00a0Aladinpensiero,\u00a0Tramas de Amistade,\u00a0Madrigopolis,\u00a0Sardegna Soprattutto,\u00a0Sportello Formaparis,\u00a0Tottusinpari. Sardegna, a ciascuno il suo silenzio (Pigliaru non spiega: almeno ascolter\u00e0?) di Vito Biolchini E all'improvviso scese il silenzio. Se nei sette mesi che hanno preceduto il voto una febbre\u2026","rel":"","context":"In &quot;Coordinate&quot;","block_context":{"text":"Coordinate","link":"http:\/\/www.robertosedda.it\/?cat=52"},"img":{"alt_text":"","src":"https:\/\/i0.wp.com\/www.robertosedda.it\/wp-content\/uploads\/2014\/02\/videolina_pigliaru.jpg?fit=1200%2C900&resize=350%2C200","width":350,"height":200,"srcset":"https:\/\/i0.wp.com\/www.robertosedda.it\/wp-content\/uploads\/2014\/02\/videolina_pigliaru.jpg?fit=1200%2C900&resize=350%2C200 1x, https:\/\/i0.wp.com\/www.robertosedda.it\/wp-content\/uploads\/2014\/02\/videolina_pigliaru.jpg?fit=1200%2C900&resize=700%2C400 2x, https:\/\/i0.wp.com\/www.robertosedda.it\/wp-content\/uploads\/2014\/02\/videolina_pigliaru.jpg?fit=1200%2C900&resize=1050%2C600 3x"},"classes":[]},{"id":6151,"url":"http:\/\/www.robertosedda.it\/?p=6151","url_meta":{"origin":8914,"position":5},"title":"Ricchezza, imprenditorialit\u00e0 sociale, politiche di sviluppo","author":"Rufus","date":"05\/02\/2014","format":false,"excerpt":"Fra il 2006 e il 2008 Banca Etica condusse in Sardegna un progetto chiamato Nuove Officine (per i tecnici: era un PIC Equal finanziato dal Fondo Sociale Europeo e codificato come IT-G2-SAR-026 - a distanza di tanto tempo ricordo ancora l'identificativo, perch\u00e9 per anni \u00e8 stato il mio pane e\u2026","rel":"","context":"In &quot;Banche e finanza&quot;","block_context":{"text":"Banche e finanza","link":"http:\/\/www.robertosedda.it\/?cat=72"},"img":{"alt_text":"","src":"https:\/\/i0.wp.com\/www.robertosedda.it\/wp-content\/uploads\/2014\/02\/A.jpg?fit=425%2C423&resize=350%2C200","width":350,"height":200},"classes":[]}],"_links":{"self":[{"href":"http:\/\/www.robertosedda.it\/index.php?rest_route=\/wp\/v2\/posts\/8914"}],"collection":[{"href":"http:\/\/www.robertosedda.it\/index.php?rest_route=\/wp\/v2\/posts"}],"about":[{"href":"http:\/\/www.robertosedda.it\/index.php?rest_route=\/wp\/v2\/types\/post"}],"author":[{"embeddable":true,"href":"http:\/\/www.robertosedda.it\/index.php?rest_route=\/wp\/v2\/users\/1"}],"replies":[{"embeddable":true,"href":"http:\/\/www.robertosedda.it\/index.php?rest_route=%2Fwp%2Fv2%2Fcomments&post=8914"}],"version-history":[{"count":2,"href":"http:\/\/www.robertosedda.it\/index.php?rest_route=\/wp\/v2\/posts\/8914\/revisions"}],"predecessor-version":[{"id":8917,"href":"http:\/\/www.robertosedda.it\/index.php?rest_route=\/wp\/v2\/posts\/8914\/revisions\/8917"}],"wp:featuredmedia":[{"embeddable":true,"href":"http:\/\/www.robertosedda.it\/index.php?rest_route=\/wp\/v2\/media\/8916"}],"wp:attachment":[{"href":"http:\/\/www.robertosedda.it\/index.php?rest_route=%2Fwp%2Fv2%2Fmedia&parent=8914"}],"wp:term":[{"taxonomy":"category","embeddable":true,"href":"http:\/\/www.robertosedda.it\/index.php?rest_route=%2Fwp%2Fv2%2Fcategories&post=8914"},{"taxonomy":"post_tag","embeddable":true,"href":"http:\/\/www.robertosedda.it\/index.php?rest_route=%2Fwp%2Fv2%2Ftags&post=8914"}],"curies":[{"name":"wp","href":"https:\/\/api.w.org\/{rel}","templated":true}]}}