{"id":8868,"date":"2014-11-18T17:34:48","date_gmt":"2014-11-18T16:34:48","guid":{"rendered":"http:\/\/www.robertosedda.it\/?p=8868"},"modified":"2014-11-21T16:16:58","modified_gmt":"2014-11-21T15:16:58","slug":"passeggiando-passo-passo","status":"publish","type":"post","link":"http:\/\/www.robertosedda.it\/?p=8868","title":{"rendered":"Passeggiando passo passo"},"content":{"rendered":"<h2><img data-attachment-id=\"8548\" data-permalink=\"http:\/\/www.robertosedda.it\/?attachment_id=8548\" data-orig-file=\"https:\/\/i0.wp.com\/www.robertosedda.it\/wp-content\/uploads\/2014\/10\/Passu-Passu.jpg?fit=1020%2C299\" data-orig-size=\"1020,299\" data-comments-opened=\"1\" data-image-meta=\"{&quot;aperture&quot;:&quot;0&quot;,&quot;credit&quot;:&quot;&quot;,&quot;camera&quot;:&quot;&quot;,&quot;caption&quot;:&quot;&quot;,&quot;created_timestamp&quot;:&quot;0&quot;,&quot;copyright&quot;:&quot;&quot;,&quot;focal_length&quot;:&quot;0&quot;,&quot;iso&quot;:&quot;0&quot;,&quot;shutter_speed&quot;:&quot;0&quot;,&quot;title&quot;:&quot;&quot;,&quot;orientation&quot;:&quot;0&quot;}\" data-image-title=\"Passu Passu\" data-image-description=\"\" data-image-caption=\"\" data-medium-file=\"https:\/\/i0.wp.com\/www.robertosedda.it\/wp-content\/uploads\/2014\/10\/Passu-Passu.jpg?fit=300%2C87\" data-large-file=\"https:\/\/i0.wp.com\/www.robertosedda.it\/wp-content\/uploads\/2014\/10\/Passu-Passu.jpg?fit=510%2C149\" decoding=\"async\" loading=\"lazy\" class=\"aligncenter wp-image-8548 size-full\" src=\"https:\/\/i0.wp.com\/www.robertosedda.it\/wp-content\/uploads\/2014\/10\/Passu-Passu.jpg?resize=800%2C235\" alt=\"Passu Passu\" width=\"800\" height=\"235\" srcset=\"https:\/\/i0.wp.com\/www.robertosedda.it\/wp-content\/uploads\/2014\/10\/Passu-Passu.jpg?w=1020 1020w, https:\/\/i0.wp.com\/www.robertosedda.it\/wp-content\/uploads\/2014\/10\/Passu-Passu.jpg?resize=150%2C43 150w, https:\/\/i0.wp.com\/www.robertosedda.it\/wp-content\/uploads\/2014\/10\/Passu-Passu.jpg?resize=300%2C87 300w, https:\/\/i0.wp.com\/www.robertosedda.it\/wp-content\/uploads\/2014\/10\/Passu-Passu.jpg?resize=510%2C149 510w, https:\/\/i0.wp.com\/www.robertosedda.it\/wp-content\/uploads\/2014\/10\/Passu-Passu.jpg?resize=700%2C205 700w, https:\/\/i0.wp.com\/www.robertosedda.it\/wp-content\/uploads\/2014\/10\/Passu-Passu.jpg?resize=50%2C14 50w\" sizes=\"(max-width: 800px) 100vw, 800px\" data-recalc-dims=\"1\" \/>O meglio:<em>\u00a0passillendi passu passu.<\/em> Anzi: con <em>Passu Passu<\/em><\/h2>\n<p>\u00c8 passato pi\u00f9 di\u00a0un mese da quando ho fatto una delle <a title=\"Passu passu\" href=\"http:\/\/www.robertosedda.it\/?p=8547\">passeggiate esplorative in giro per Cagliari proposte da\u00a0<em>Passu Passu<\/em><\/a>: non sono mai riuscito sinora a trovare il tempo di mettere gi\u00f9 delle osservazioni su questa attivit\u00e0, ma nell&#8217;occasione ho imparato molto e perci\u00f2 ci tengo a parlarne, anche se molto in ritardo.<\/p>\n<p>Non ho intenzione di fare una vera e propria recensione dell&#8217;evento: vorrei piuttosto condividere alcune impressioni su questa metodologia di lavoro\u00a0e naturalmente raccontare quello che nell&#8217;occasione ho scoperto su Cagliari.<\/p>\n<p>Non trattandosi di una recensione non far\u00f2 nemmeno la cronaca di tutto quello che \u00e8 successo, ma mi sembra il caso almeno di dire quale sia stato l&#8217;itinerario, perch\u00e9 altrimenti temo che tante cose non si capiscano (<a href=\"https:\/\/www.google.com\/maps\/d\/viewer?mid=zQihhT-Udlr0.kDyAr1WWWZdU\">la mappa del percorso \u00e8 disponibile &#8211; e modificabile &#8211; <\/a><em>online<\/em>).<\/p>\n<p><a href=\"https:\/\/i0.wp.com\/www.robertosedda.it\/wp-content\/uploads\/2014\/11\/Passupassu.png\"><img data-attachment-id=\"8881\" data-permalink=\"http:\/\/www.robertosedda.it\/?attachment_id=8881\" data-orig-file=\"https:\/\/i0.wp.com\/www.robertosedda.it\/wp-content\/uploads\/2014\/11\/Passupassu.png?fit=1037%2C546\" data-orig-size=\"1037,546\" data-comments-opened=\"1\" data-image-meta=\"{&quot;aperture&quot;:&quot;0&quot;,&quot;credit&quot;:&quot;&quot;,&quot;camera&quot;:&quot;&quot;,&quot;caption&quot;:&quot;&quot;,&quot;created_timestamp&quot;:&quot;0&quot;,&quot;copyright&quot;:&quot;&quot;,&quot;focal_length&quot;:&quot;0&quot;,&quot;iso&quot;:&quot;0&quot;,&quot;shutter_speed&quot;:&quot;0&quot;,&quot;title&quot;:&quot;&quot;,&quot;orientation&quot;:&quot;0&quot;}\" data-image-title=\"Passupassu\" data-image-description=\"\" data-image-caption=\"\" data-medium-file=\"https:\/\/i0.wp.com\/www.robertosedda.it\/wp-content\/uploads\/2014\/11\/Passupassu.png?fit=300%2C157\" data-large-file=\"https:\/\/i0.wp.com\/www.robertosedda.it\/wp-content\/uploads\/2014\/11\/Passupassu.png?fit=510%2C268\" decoding=\"async\" loading=\"lazy\" class=\"aligncenter size-full wp-image-8881\" src=\"https:\/\/i0.wp.com\/www.robertosedda.it\/wp-content\/uploads\/2014\/11\/Passupassu.png?resize=800%2C421\" alt=\"Passupassu\" width=\"800\" height=\"421\" srcset=\"https:\/\/i0.wp.com\/www.robertosedda.it\/wp-content\/uploads\/2014\/11\/Passupassu.png?w=1037 1037w, https:\/\/i0.wp.com\/www.robertosedda.it\/wp-content\/uploads\/2014\/11\/Passupassu.png?resize=150%2C78 150w, https:\/\/i0.wp.com\/www.robertosedda.it\/wp-content\/uploads\/2014\/11\/Passupassu.png?resize=300%2C157 300w, https:\/\/i0.wp.com\/www.robertosedda.it\/wp-content\/uploads\/2014\/11\/Passupassu.png?resize=510%2C268 510w, https:\/\/i0.wp.com\/www.robertosedda.it\/wp-content\/uploads\/2014\/11\/Passupassu.png?resize=700%2C368 700w, https:\/\/i0.wp.com\/www.robertosedda.it\/wp-content\/uploads\/2014\/11\/Passupassu.png?resize=50%2C26 50w\" sizes=\"(max-width: 800px) 100vw, 800px\" data-recalc-dims=\"1\" \/><\/a>E quindi sappiate che, essendoci dati appuntamento in piazza Matteotti, dopo aver gironzolato nei pressi della Stazione ci siamo inoltrati per viale La Plaia con una serie di vari andirivieni per poi entrare decisamente nell&#8217;area ferroviaria ed emergerne dalla nuova Stazione di via Santa Gilla, dietro la sede dell&#8217;<em>Unione Sarda<\/em>, per raggiungere da l\u00ec piazzale Trento. Dopo una (lunga) sosta nel parcheggio ci siamo rimessi in moto lungo tutto\u00a0viale Sant&#8217;Avendrace per raggiungere, superato il cavalcavia, il parcheggio dell&#8217;<em>Auchan<\/em>. Da l\u00ec, superato un pericolante ponticello di legno, abbiamo costeggiato la laguna all&#8217;indietro fino al ponte della Scafa. Arrivati l\u00e0, siccome evidentemente non bastava, ci siamo fatti tutto il molo di Ponente fino al faro avanti e indietro, quindi di nuovo viale La Plaia fino a piazza Matteotti, saluti e baci.<\/p>\n<p>Come si vede il percorso era piuttosto lungo (e reso impegnativo per il caldo) mentre in realt\u00e0 l&#8217;area interessata non \u00e8 grandissima: consiste grosso modo nel confine occidentale della citt\u00e0 storica e dei suoi sobborghi, percorso in fondo pi\u00f9 e pi\u00f9 volte avanti e indietro a modo di <em>caracollo<\/em>, cio\u00e8 di lumaca.<\/p>\n<h2>Le cose che ho scoperto<\/h2>\n<figure id=\"attachment_8886\" aria-describedby=\"caption-attachment-8886\" style=\"width: 704px\" class=\"wp-caption aligncenter\"><a href=\"https:\/\/i0.wp.com\/www.robertosedda.it\/wp-content\/uploads\/2014\/11\/Passu-passu-ferrovia-2.jpg\"><img data-attachment-id=\"8886\" data-permalink=\"http:\/\/www.robertosedda.it\/?attachment_id=8886\" data-orig-file=\"https:\/\/i0.wp.com\/www.robertosedda.it\/wp-content\/uploads\/2014\/11\/Passu-passu-ferrovia-2.jpg?fit=704%2C960\" data-orig-size=\"704,960\" data-comments-opened=\"1\" data-image-meta=\"{&quot;aperture&quot;:&quot;0&quot;,&quot;credit&quot;:&quot;&quot;,&quot;camera&quot;:&quot;&quot;,&quot;caption&quot;:&quot;&quot;,&quot;created_timestamp&quot;:&quot;0&quot;,&quot;copyright&quot;:&quot;&quot;,&quot;focal_length&quot;:&quot;0&quot;,&quot;iso&quot;:&quot;0&quot;,&quot;shutter_speed&quot;:&quot;0&quot;,&quot;title&quot;:&quot;&quot;,&quot;orientation&quot;:&quot;0&quot;}\" data-image-title=\"Passu passu ferrovia 2\" data-image-description=\"\" data-image-caption=\"\" data-medium-file=\"https:\/\/i0.wp.com\/www.robertosedda.it\/wp-content\/uploads\/2014\/11\/Passu-passu-ferrovia-2.jpg?fit=220%2C300\" data-large-file=\"https:\/\/i0.wp.com\/www.robertosedda.it\/wp-content\/uploads\/2014\/11\/Passu-passu-ferrovia-2.jpg?fit=510%2C695\" decoding=\"async\" loading=\"lazy\" class=\"wp-image-8886 size-full\" src=\"https:\/\/i0.wp.com\/www.robertosedda.it\/wp-content\/uploads\/2014\/11\/Passu-passu-ferrovia-2.jpg?resize=704%2C960\" alt=\"Passu passu ferrovia 2\" width=\"704\" height=\"960\" srcset=\"https:\/\/i0.wp.com\/www.robertosedda.it\/wp-content\/uploads\/2014\/11\/Passu-passu-ferrovia-2.jpg?w=704 704w, https:\/\/i0.wp.com\/www.robertosedda.it\/wp-content\/uploads\/2014\/11\/Passu-passu-ferrovia-2.jpg?resize=110%2C150 110w, https:\/\/i0.wp.com\/www.robertosedda.it\/wp-content\/uploads\/2014\/11\/Passu-passu-ferrovia-2.jpg?resize=220%2C300 220w, https:\/\/i0.wp.com\/www.robertosedda.it\/wp-content\/uploads\/2014\/11\/Passu-passu-ferrovia-2.jpg?resize=510%2C695 510w, https:\/\/i0.wp.com\/www.robertosedda.it\/wp-content\/uploads\/2014\/11\/Passu-passu-ferrovia-2.jpg?resize=700%2C954 700w, https:\/\/i0.wp.com\/www.robertosedda.it\/wp-content\/uploads\/2014\/11\/Passu-passu-ferrovia-2.jpg?resize=36%2C50 36w\" sizes=\"(max-width: 704px) 100vw, 704px\" data-recalc-dims=\"1\" \/><\/a><figcaption id=\"caption-attachment-8886\" class=\"wp-caption-text\">Ho rubato questa foto dalla pagina <em>Facebook<\/em> del mio amico Alberto Pintus<\/figcaption><\/figure>\n<p>Camminando a passo leggero per la citt\u00e0, tanto pi\u00f9 per strade che normalmente non si fanno, si scoprono ovviamente un sacco di cose: dove porta quella famosa stradina che si vede sempre ma in cui non si entra mai, com&#8217;\u00e8 il caff\u00e8 in un bar sconosciuto o\u00a0il fatto che l\u00ec all&#8217;angolo ha aperto un nuovo negozio. Altre cose sono meno innocenti: per esempio io &#8211; e altri &#8211; non sapevamo che dentro ai vagoni merci abbandonati nell&#8217;area ferroviaria ci vive della gente.<\/p>\n<p>Queste sono tutte, in un modo o nell&#8217;altro, osservazioni puntuali, come scatti di una macchina fotografica mentre passi per strada. Oltre a queste si scoprono, in maniera pi\u00f9 complessiva, delle <em>visioni<\/em> della citt\u00e0, delle impressioni non puntuali ma generali, che naturalmente sono pi\u00f9 importanti e nella memoria si dispongono sul fondo, sedimentando e facendo da fondale rispetto a tutta l&#8217;esperienza vissuta.<\/p>\n<h3>Confini<\/h3>\n<p>Se dovessi dire quali di queste impressioni pi\u00f9 generali mi ha lasciato la nostra marcia ne indicherei tre. La prima \u00e8 l&#8217;idea di una citt\u00e0 <em>limitata<\/em>: una percezione che andando in macchina lungo vie obbligate ma scorrevoli e veloci non cogliamo, ma che c&#8217;\u00e8: nella zona che abbiamo percorso ci sono due grosse aree complessivamente invalicabili, che determinano sia le direttrici degli spostamenti possibili che soprattutto le direzioni possibili d sviluppo urbanistico, incanalando entrambe in certe direzioni e opponendosi in tutti gli altri casi. Una di queste barriere \u00e8 naturale ed \u00e8 la laguna, l&#8217;altra \u00e8 artificiale ed \u00e8 l&#8217;area ferroviaria (una terza barriera, in realt\u00e0, \u00e8 l&#8217;asse viario, difficilmente traversabile per i pedoni, da via San Paolo verso l&#8217;Iglesiente). Non ho fatto la passeggiata della settimana prima, quella lungo il litorale orientale, ma credo che alcune impressioni possano essere state simili, magari con le aree militari al posto della ferrovia e l&#8217;Asse Mediano al posto dell&#8217;Iglesiente.<\/p>\n<p><a href=\"https:\/\/i0.wp.com\/www.robertosedda.it\/wp-content\/uploads\/2014\/11\/logo-ambulante.jpg\"><img data-attachment-id=\"8905\" data-permalink=\"http:\/\/www.robertosedda.it\/?attachment_id=8905\" data-orig-file=\"https:\/\/i0.wp.com\/www.robertosedda.it\/wp-content\/uploads\/2014\/11\/logo-ambulante.jpg?fit=2100%2C988\" data-orig-size=\"2100,988\" data-comments-opened=\"1\" data-image-meta=\"{&quot;aperture&quot;:&quot;0&quot;,&quot;credit&quot;:&quot;&quot;,&quot;camera&quot;:&quot;&quot;,&quot;caption&quot;:&quot;&quot;,&quot;created_timestamp&quot;:&quot;0&quot;,&quot;copyright&quot;:&quot;&quot;,&quot;focal_length&quot;:&quot;0&quot;,&quot;iso&quot;:&quot;0&quot;,&quot;shutter_speed&quot;:&quot;0&quot;,&quot;title&quot;:&quot;&quot;,&quot;orientation&quot;:&quot;1&quot;}\" data-image-title=\"logo-ambulante\" data-image-description=\"\" data-image-caption=\"\" data-medium-file=\"https:\/\/i0.wp.com\/www.robertosedda.it\/wp-content\/uploads\/2014\/11\/logo-ambulante.jpg?fit=300%2C141\" data-large-file=\"https:\/\/i0.wp.com\/www.robertosedda.it\/wp-content\/uploads\/2014\/11\/logo-ambulante.jpg?fit=510%2C239\" decoding=\"async\" loading=\"lazy\" class=\"alignleft size-medium wp-image-8905\" src=\"https:\/\/i0.wp.com\/www.robertosedda.it\/wp-content\/uploads\/2014\/11\/logo-ambulante.jpg?resize=300%2C141\" alt=\"logo-ambulante\" width=\"300\" height=\"141\" srcset=\"https:\/\/i0.wp.com\/www.robertosedda.it\/wp-content\/uploads\/2014\/11\/logo-ambulante.jpg?resize=300%2C141 300w, https:\/\/i0.wp.com\/www.robertosedda.it\/wp-content\/uploads\/2014\/11\/logo-ambulante.jpg?resize=150%2C70 150w, https:\/\/i0.wp.com\/www.robertosedda.it\/wp-content\/uploads\/2014\/11\/logo-ambulante.jpg?resize=510%2C239 510w, https:\/\/i0.wp.com\/www.robertosedda.it\/wp-content\/uploads\/2014\/11\/logo-ambulante.jpg?resize=700%2C329 700w, https:\/\/i0.wp.com\/www.robertosedda.it\/wp-content\/uploads\/2014\/11\/logo-ambulante.jpg?resize=50%2C23 50w, https:\/\/i0.wp.com\/www.robertosedda.it\/wp-content\/uploads\/2014\/11\/logo-ambulante.jpg?w=1600 1600w\" sizes=\"(max-width: 300px) 100vw, 300px\" data-recalc-dims=\"1\" \/><\/a>Naturalmente mi si potrebbe dire che vivo a Cagliari da cinquant&#8217;anni e non mi sono mai accorto che c&#8217;\u00e8 la laguna: cosa sono, cieco? \u00c8 chiaro che non \u00e8 cos\u00ec: ma prendere sovrappensiero una strada per andare da qui a l\u00e0 e nel frattempo guardare con soddisfazione\u00a0il panorama e i fenicotteri non \u00e8 come percorrere un argine e sentire che qualunque sia la tua volont\u00e0 hai solo due direzioni a disposizione, ed entrambe obbligate. E se la laguna \u00e8 comunque certamente ben <em>visibile<\/em> l&#8217;area ferroviaria \u00e8 una <em>terra incognita<\/em> nella quale nessuno \u00e8 mai entrato e che davvero nelle mappe potrebbe essere rappresentata da un&#8217;area bianca con la scritta <em>hic sunt ferrovieros<\/em>.<\/p>\n<h3>Gruppi, societ\u00e0, rappresentanze<\/h3>\n<p>Gi\u00e0, i ferrovieri. O forse, pi\u00f9 appropriatamente, gli <em>ex <\/em>ferrovieri, quelli che hanno popolato nei decenni scorsi tutta l&#8217;area fra via Sassari e viale La Plaia. La seconda cosa che mi ha fatto pensare \u00e8 stato toccare con mano la grandissima quantit\u00e0 di beni immobili che negli anni si sono accumulati. Le case sono state costruite in edilizia popolare e ognuna, ormai, ha la sua storia indipendente. Ma guardi via Sassari e vedi il ristorante, dove andavi al Dopolavoro Ferroviario\u00a0 a giocare a scacchi. In affitto. Passi oltre e vedi la scuola infantile\u00a0<em>a la page<\/em>, in quello che se non ricordi male era l&#8217;asilo dei ferrovieri e, ti immagini, in affitto. Vai oltre e arrivi ai campi sportivi (era l\u00ec che andavi a sentire Guccini e De Andr\u00e9, a vent&#8217;anni?): un ambiente vasto, curato, pieno di risorse,\u00a0in cui\u00a0ti raccontano che presto monteranno un pallone protettivo e faranno ancora <em>altri<\/em> campi da tennis e da calcetto. Operosit\u00e0, investimenti, progetti, relazioni. Denaro. Forse in quantit\u00e0, se non ingenti, almeno significative. E ti rendi conto che in fondo mentre credi di sapere tutto su altri interessi cittadini di cui tutti i giorni si parla di questi non sai niente: per chi votano questi beni, questi investimenti, questi progetti? Che interessi hanno? <a href=\"http:\/\/www.robertosedda.it\/?p=5043\">A che rappresentanza politica e sociale aspirano<\/a>? Andando via ti chiedi quante altre attivit\u00e0, gruppi sociali, imprenditori, gruppi ci saranno in citt\u00e0 e dei quali non sai nulla. Se non ci avessi messo il naso non sapresti nulla neanche di questi.<\/p>\n<h3><a href=\"https:\/\/i0.wp.com\/www.robertosedda.it\/wp-content\/uploads\/2014\/11\/logo-scambiare.jpg\"><img data-attachment-id=\"8906\" data-permalink=\"http:\/\/www.robertosedda.it\/?attachment_id=8906\" data-orig-file=\"https:\/\/i0.wp.com\/www.robertosedda.it\/wp-content\/uploads\/2014\/11\/logo-scambiare.jpg?fit=700%2C597\" data-orig-size=\"700,597\" data-comments-opened=\"1\" data-image-meta=\"{&quot;aperture&quot;:&quot;0&quot;,&quot;credit&quot;:&quot;&quot;,&quot;camera&quot;:&quot;&quot;,&quot;caption&quot;:&quot;&quot;,&quot;created_timestamp&quot;:&quot;0&quot;,&quot;copyright&quot;:&quot;&quot;,&quot;focal_length&quot;:&quot;0&quot;,&quot;iso&quot;:&quot;0&quot;,&quot;shutter_speed&quot;:&quot;0&quot;,&quot;title&quot;:&quot;&quot;,&quot;orientation&quot;:&quot;1&quot;}\" data-image-title=\"logo-scambiare\" data-image-description=\"\" data-image-caption=\"\" data-medium-file=\"https:\/\/i0.wp.com\/www.robertosedda.it\/wp-content\/uploads\/2014\/11\/logo-scambiare.jpg?fit=300%2C255\" data-large-file=\"https:\/\/i0.wp.com\/www.robertosedda.it\/wp-content\/uploads\/2014\/11\/logo-scambiare.jpg?fit=510%2C434\" decoding=\"async\" loading=\"lazy\" class=\"alignright size-medium wp-image-8906\" src=\"https:\/\/i0.wp.com\/www.robertosedda.it\/wp-content\/uploads\/2014\/11\/logo-scambiare.jpg?resize=300%2C255\" alt=\"logo-scambiare\" width=\"300\" height=\"255\" srcset=\"https:\/\/i0.wp.com\/www.robertosedda.it\/wp-content\/uploads\/2014\/11\/logo-scambiare.jpg?resize=300%2C255 300w, https:\/\/i0.wp.com\/www.robertosedda.it\/wp-content\/uploads\/2014\/11\/logo-scambiare.jpg?resize=150%2C127 150w, https:\/\/i0.wp.com\/www.robertosedda.it\/wp-content\/uploads\/2014\/11\/logo-scambiare.jpg?resize=510%2C434 510w, https:\/\/i0.wp.com\/www.robertosedda.it\/wp-content\/uploads\/2014\/11\/logo-scambiare.jpg?resize=50%2C42 50w, https:\/\/i0.wp.com\/www.robertosedda.it\/wp-content\/uploads\/2014\/11\/logo-scambiare.jpg?w=700 700w\" sizes=\"(max-width: 300px) 100vw, 300px\" data-recalc-dims=\"1\" \/><\/a>Sul mare<\/h3>\n<p>La terza cosa che ho scoperto \u00e8 il rapporto spicciolo della citt\u00e0 col mare. Soprattutto, l&#8217;enorme quantit\u00e0 di pescatori che abbiamo incontrato a ogni pie&#8217; sospinto, alla Scafa, al molo di Ponente, lungo l&#8217;argine di Santa Gilla. Una quantit\u00e0 enorme: un po&#8217; per divertimento, un po&#8217; molto per necessit\u00e0 &#8211; e fa impressione vedere bambini a bagno fino a mezza coscia a cercare patelle &#8211; e tanti altri hai l&#8217;impressione che stiano a met\u00e0, un po&#8217; e un po&#8217;. Anche qui: non \u00e8 che non so, in maniera razionale, che c&#8217;\u00e8 gente che pesca; abito dietro <em>Su Siccu<\/em> e vedo passare qualcuno con la canna da pesca praticamente tutti i giorni, mattina e sera. Se passo di l\u00e0 in bicicletta ne vedo una mezza dozzina. Ma lungo la passeggiata ne ho visto <em>decine<\/em>, forse potrei dire centinaia, ed \u00e8 una dimostrazione plastica di una relazione strettissima di una citt\u00e0 col suo mare &#8211; c&#8217;\u00e8 molto altro, ovviamente: mi dice un consigliere comunale: \u00abOrmai nei quartieri popolari la gente povera ma per bene pesca cozze e ricci, non ha altro da fare se non spacciare\u00bb &#8211; alla quale non avevo mai fatto caso come quel giorno.<\/p>\n<h2>Il camminare come pratica politica<\/h2>\n<p>Pi\u00f9 o meno alle otto di sera, sotto il faro del molo di Ponente, quando ormai non mi reggevo pi\u00f9 in piedi e desideravo pi\u00f9 di ogni altra cosa tornare a casa e levarmi le scarpe, il resto del gruppo ha pensato bene di fare assemblea e verificare l&#8217;esperienza.<\/p>\n<p><em>Groan<\/em>.<\/p>\n<p>Non mi sto lamentando: che dopo una giornata estenuante un gruppo di ragazzi giovani, con una seriet\u00e0 straordinaria, si metta l\u00e0 a discutere del futuro del mondo e di come impegnarsi per Cagliari e dove ha pi\u00f9 senso porre l&#8217;opera d&#8217;arte che suggeller\u00e0 la conclusione dell&#8217;esperienza, ragionando dei poteri della citt\u00e0 e di coinvolgimento della popolazione, dimostra che c&#8217;\u00e8 ancora speranza per il mondo e noi cinquantenni sovrappeso coi piedi gonfi dovremmo ringraziare (e metterci a dieta), non lamentarci.<\/p>\n<h3>Atti politici<\/h3>\n<p>Ma non \u00e8 di questo che voglio parlare (soprattutto:\u00a0<em>non<\/em> della dieta, Dio liberi). Quello che mi ha colpito \u00e8 che durante quell&#8217;assemblea improvvisata qualcuno ha definito l&#8217;attivit\u00e0 della giornata una\u00a0<em>pratica politica<\/em>, contrapponendola ad altre pratiche ormai sclerotizzate: lo sciopero studentesco, l&#8217;occupazione della scuola, la manifestazione, il concerto finale.<\/p>\n<p>Sul fatto che quelle siano pratiche la\u00a0cui la ripetitivit\u00e0 rituale\u00a0\u00e8 ormai del tutto fuori controllo aveva naturalmente ragione. Sul fatto che una passeggiata esplorativa della citt\u00e0 si potesse definire &#8220;pratica politica&#8221; ho avuto, sul momento, molte istintive perplessit\u00e0.<\/p>\n<p>A distanza di un mese, avendoci ponzato sopra abbastanza, credo che quel ragazzo avesse ragione. Prima di tutto c&#8217;era, in tutta la giornata e nell&#8217;attivit\u00e0, una\u00a0<em>intenzionalit\u00e0<\/em>, una volont\u00e0 esplorativa, un desiderio di prendere contatto col territorio, che la distinguono da altre attivit\u00e0 simili. Cinque amici che decidono di farsi un giro a\u00a0zonzo non fanno una pratica politica; un gruppo di persone che intenzionalmente si mette a riconoscere un territorio, a farlo proprio, a ragionarci sopra, a mapparlo, a incontrarvi i testimoni che lo abitano compie, evidentemente, un atto <em>politico<\/em>: e il fatto che dichiarino tacitamente che quello \u00e8 il\u00a0<em>loro<\/em> modo di fare politica \u00e8 un atto politico anch&#8217;esso.<\/p>\n<figure id=\"attachment_8907\" aria-describedby=\"caption-attachment-8907\" style=\"width: 900px\" class=\"wp-caption aligncenter\"><a href=\"https:\/\/i0.wp.com\/www.robertosedda.it\/wp-content\/uploads\/2014\/11\/3-coperta.jpg\"><img data-attachment-id=\"8907\" data-permalink=\"http:\/\/www.robertosedda.it\/?attachment_id=8907\" data-orig-file=\"https:\/\/i0.wp.com\/www.robertosedda.it\/wp-content\/uploads\/2014\/11\/3-coperta.jpg?fit=5112%2C3408\" data-orig-size=\"5112,3408\" data-comments-opened=\"1\" data-image-meta=\"{&quot;aperture&quot;:&quot;1.8&quot;,&quot;credit&quot;:&quot;&quot;,&quot;camera&quot;:&quot;DSC-RX100&quot;,&quot;caption&quot;:&quot;&quot;,&quot;created_timestamp&quot;:&quot;1413420512&quot;,&quot;copyright&quot;:&quot;&quot;,&quot;focal_length&quot;:&quot;10.4&quot;,&quot;iso&quot;:&quot;250&quot;,&quot;shutter_speed&quot;:&quot;0.033333333333333&quot;,&quot;title&quot;:&quot;&quot;,&quot;orientation&quot;:&quot;1&quot;}\" data-image-title=\"3-coperta\" data-image-description=\"\" data-image-caption=\"\" data-medium-file=\"https:\/\/i0.wp.com\/www.robertosedda.it\/wp-content\/uploads\/2014\/11\/3-coperta.jpg?fit=300%2C200\" data-large-file=\"https:\/\/i0.wp.com\/www.robertosedda.it\/wp-content\/uploads\/2014\/11\/3-coperta.jpg?fit=510%2C340\" decoding=\"async\" loading=\"lazy\" class=\"wp-image-8907\" src=\"https:\/\/i0.wp.com\/www.robertosedda.it\/wp-content\/uploads\/2014\/11\/3-coperta.jpg?resize=800%2C533\" alt=\"3-coperta\" width=\"800\" height=\"533\" srcset=\"https:\/\/i0.wp.com\/www.robertosedda.it\/wp-content\/uploads\/2014\/11\/3-coperta.jpg?resize=510%2C340 510w, https:\/\/i0.wp.com\/www.robertosedda.it\/wp-content\/uploads\/2014\/11\/3-coperta.jpg?resize=150%2C100 150w, https:\/\/i0.wp.com\/www.robertosedda.it\/wp-content\/uploads\/2014\/11\/3-coperta.jpg?resize=300%2C200 300w, https:\/\/i0.wp.com\/www.robertosedda.it\/wp-content\/uploads\/2014\/11\/3-coperta.jpg?resize=700%2C466 700w, https:\/\/i0.wp.com\/www.robertosedda.it\/wp-content\/uploads\/2014\/11\/3-coperta.jpg?resize=50%2C33 50w, https:\/\/i0.wp.com\/www.robertosedda.it\/wp-content\/uploads\/2014\/11\/3-coperta.jpg?w=1600 1600w, https:\/\/i0.wp.com\/www.robertosedda.it\/wp-content\/uploads\/2014\/11\/3-coperta.jpg?w=2400 2400w\" sizes=\"(max-width: 800px) 100vw, 800px\" data-recalc-dims=\"1\" \/><\/a><figcaption id=\"caption-attachment-8907\" class=\"wp-caption-text\">La foto viene direttamente dal sito di <em>Passu passu<\/em><\/figcaption><\/figure>\n<h3>Il metodo<\/h3>\n<p>Alla passeggiata era presente il gruppo\u00a0<em>La Pira<\/em> al gran completo.\u00a0Fra noi praticamente tutti hanno esperienza di organizzazione di attivit\u00e0 sociali o politiche, e praticamente tutti abbiamo sofferto del fatto che l&#8217;attivit\u00e0 fosse molto\u00a0poco strutturata; forse abbiamo addirittura avuto l&#8217;impressione che fosse un po&#8217;, come dire, disorganizzata.<\/p>\n<p>Riflettendoci mi sono reso conto che, in qualche misura, questa mancanza di strutturazione dell&#8217;attivit\u00e0 (che comunque un suo scheletro ce l&#8217;ha: un percorso pi\u00f9 o meno concordato, per esempio) \u00e8 in realt\u00e0 ci\u00f2 che la distingue e che ne costituisce l&#8217;elemento distintivo: a differenza di un corteo o di una marcia, per esempio, ma anche a differenza di quelle attivit\u00e0 superficialmente simili tipo\u00a0<a href=\"http:\/\/www.trekkingurbano.info\/\"><em>trekking urbano<\/em><\/a>: dove c&#8217;\u00e8 un itinerario molto pi\u00f9 rigido e, per esempio, delle guide, che alle varie tappe ti spiegano quel che vedi (quel che\u00a0<em>devi<\/em> vedere?), ponendoti in posizione passiva. Mi pare di capire che in questa pratica invece la mancanza di strutturazione serve a garantire la possibilit\u00e0 per i partecipanti di essere\u00a0<em>attivi<\/em> e di esercitare la propria curiosit\u00e0.<\/p>\n<h3>La mappa e il territorio<\/h3>\n<p>So benissimo\u00a0che, come nel gioco e in tutte le altre attivit\u00e0 libere, la possibilit\u00e0 di trasformare l&#8217;esperienza fatta in contenuto condiviso richiede un momento di verifica: dopotutto il capitolo di\u00a0<a href=\"http:\/\/www.fabbricastorie.it\/project\/gioca-la-storia\/\"><em>Gioca la storia<\/em><\/a> sul\u00a0<em>debriefing<\/em>\u00a0nei giochi educativi l&#8217;ho scritto quasi tutto io. Non avevo mai capito, per\u00f2, che quando quelli di\u00a0<em>Stalker<\/em> ponevano tanta attenzione sul redigere e pubblicare\u00a0le mappe dei percorsi delle camminate e dei territori attraversati questo \u00e8 perch\u00e9 il fare la\u00a0mappa \u00e8\u00a0<em>esattamente<\/em> il\u00a0<em>debriefing<\/em> di questa attivit\u00e0: la rappresentazione plastica di ci\u00f2 che si \u00e8 fatto e contemporaneamente\u00a0un metodo tecnico per rappresentare i territori che si sono attraversati e fatti propri. Mi sembrava un po&#8217; un vezzo artistico e un po&#8217; una cosa che ti viene naturale fare quando sei un architetto nomade, ma credevo che l&#8217;esperienza del camminare fosse <em>molto<\/em> pi\u00f9 importante del fare la mappa: invece ho capito (molti giorni dopo, ben arrivato Roberto) che nel metodo l&#8217;una cosa non si d\u00e0 senza l&#8217;altra.<\/p>\n<p><a href=\"https:\/\/i0.wp.com\/www.robertosedda.it\/wp-content\/uploads\/2014\/11\/Pavimentales.jpg\"><img data-attachment-id=\"8902\" data-permalink=\"http:\/\/www.robertosedda.it\/?attachment_id=8902\" data-orig-file=\"https:\/\/i0.wp.com\/www.robertosedda.it\/wp-content\/uploads\/2014\/11\/Pavimentales.jpg?fit=2048%2C1536\" data-orig-size=\"2048,1536\" data-comments-opened=\"1\" data-image-meta=\"{&quot;aperture&quot;:&quot;2.6&quot;,&quot;credit&quot;:&quot;&quot;,&quot;camera&quot;:&quot;YP-G70&quot;,&quot;caption&quot;:&quot;&quot;,&quot;created_timestamp&quot;:&quot;1413740640&quot;,&quot;copyright&quot;:&quot;&quot;,&quot;focal_length&quot;:&quot;3.79&quot;,&quot;iso&quot;:&quot;50&quot;,&quot;shutter_speed&quot;:&quot;0.0026737967914439&quot;,&quot;title&quot;:&quot;&quot;,&quot;orientation&quot;:&quot;1&quot;}\" data-image-title=\"Pavimentales\" data-image-description=\"\" data-image-caption=\"\" data-medium-file=\"https:\/\/i0.wp.com\/www.robertosedda.it\/wp-content\/uploads\/2014\/11\/Pavimentales.jpg?fit=300%2C225\" data-large-file=\"https:\/\/i0.wp.com\/www.robertosedda.it\/wp-content\/uploads\/2014\/11\/Pavimentales.jpg?fit=510%2C382\" decoding=\"async\" loading=\"lazy\" class=\"aligncenter wp-image-8902\" src=\"https:\/\/i0.wp.com\/www.robertosedda.it\/wp-content\/uploads\/2014\/11\/Pavimentales.jpg?resize=800%2C600\" alt=\"Pavimentales\" width=\"800\" height=\"600\" srcset=\"https:\/\/i0.wp.com\/www.robertosedda.it\/wp-content\/uploads\/2014\/11\/Pavimentales.jpg?w=2048 2048w, https:\/\/i0.wp.com\/www.robertosedda.it\/wp-content\/uploads\/2014\/11\/Pavimentales.jpg?resize=150%2C112 150w, https:\/\/i0.wp.com\/www.robertosedda.it\/wp-content\/uploads\/2014\/11\/Pavimentales.jpg?resize=300%2C225 300w, https:\/\/i0.wp.com\/www.robertosedda.it\/wp-content\/uploads\/2014\/11\/Pavimentales.jpg?resize=510%2C382 510w, https:\/\/i0.wp.com\/www.robertosedda.it\/wp-content\/uploads\/2014\/11\/Pavimentales.jpg?resize=268%2C200 268w, https:\/\/i0.wp.com\/www.robertosedda.it\/wp-content\/uploads\/2014\/11\/Pavimentales.jpg?resize=700%2C525 700w, https:\/\/i0.wp.com\/www.robertosedda.it\/wp-content\/uploads\/2014\/11\/Pavimentales.jpg?resize=50%2C37 50w, https:\/\/i0.wp.com\/www.robertosedda.it\/wp-content\/uploads\/2014\/11\/Pavimentales.jpg?w=1600 1600w\" sizes=\"(max-width: 800px) 100vw, 800px\" data-recalc-dims=\"1\" \/><\/a>La mappa delle tre camminate cagliaritane \u00e8 stata fatta al porto ed \u00e8 secondo me molto bella, se si vuole anche provocatoria, posta com&#8217;\u00e8 davanti all&#8217;<em>Info Point<\/em> a rappresentare un&#8217;indicazione alternativa a chi vuole percorrere la citt\u00e0. Ma bellezza e provocazione non sono\u00a0l&#8217;elemento pi\u00f9 significativo, che \u00e8 invece la pretesa di <em>dire<\/em> un&#8217;opinione sulla citt\u00e0 (siamo sempre nel campo degli atti politici, come si vede).<\/p>\n<h3>Testimoni&#8230; inconsapevoli?<\/h3>\n<p>In realt\u00e0 il metodo prevede un&#8217;altra sua strutturazione interna, nella misura in cui comprende\u00a0anche l&#8217;incontro, a punti prefissati, con dei testimoni\/narratori che a loro volta giocano un ruolo legato alla mappa: rappresentano degli elementi segnaletici, dei fari posti sul territorio a segnare l&#8217;emergenza di un elemento significativo, e infatti l&#8217;incontro con loro \u00e8 sempre poi segnalato sulla mappa.<\/p>\n<p>Non so bene come siano andate le cose nelle altre camminate: il nostro evento ha visto una dimensione non particolarmente soddisfacente nell&#8217;incontro con questi narratori e credo che questo abbia contribuito forse a dare ad alcuni di noi l&#8217;impressione di una certa incompiutezza dell&#8217;esperienza, come ho accennato poco fa.<\/p>\n<p>In realt\u00e0 anche la dimensione insoddisfacente di certi incontri \u00e8 in s\u00e9 rivelatrice: per esempio dice qualcosa sulla classe dirigente cagliaritana (includendo nella categoria anche le\u00a0<em>leadership<\/em> di chi si pone in maniera antagonista) e sulla difficolt\u00e0, spesso, di avere in citt\u00e0 qualcuno che possa essere riconosciuto come elemento di riferimento assoluto.<\/p>\n<figure id=\"attachment_8903\" aria-describedby=\"caption-attachment-8903\" style=\"width: 510px\" class=\"wp-caption alignright\"><a href=\"https:\/\/i0.wp.com\/www.robertosedda.it\/wp-content\/uploads\/2014\/11\/Arrotino.jpg\"><img data-attachment-id=\"8903\" data-permalink=\"http:\/\/www.robertosedda.it\/?attachment_id=8903\" data-orig-file=\"https:\/\/i0.wp.com\/www.robertosedda.it\/wp-content\/uploads\/2014\/11\/Arrotino.jpg?fit=704%2C960\" data-orig-size=\"704,960\" data-comments-opened=\"1\" data-image-meta=\"{&quot;aperture&quot;:&quot;0&quot;,&quot;credit&quot;:&quot;&quot;,&quot;camera&quot;:&quot;&quot;,&quot;caption&quot;:&quot;&quot;,&quot;created_timestamp&quot;:&quot;0&quot;,&quot;copyright&quot;:&quot;&quot;,&quot;focal_length&quot;:&quot;0&quot;,&quot;iso&quot;:&quot;0&quot;,&quot;shutter_speed&quot;:&quot;0&quot;,&quot;title&quot;:&quot;&quot;,&quot;orientation&quot;:&quot;0&quot;}\" data-image-title=\"Arrotino\" data-image-description=\"\" data-image-caption=\"\" data-medium-file=\"https:\/\/i0.wp.com\/www.robertosedda.it\/wp-content\/uploads\/2014\/11\/Arrotino.jpg?fit=220%2C300\" data-large-file=\"https:\/\/i0.wp.com\/www.robertosedda.it\/wp-content\/uploads\/2014\/11\/Arrotino.jpg?fit=510%2C695\" decoding=\"async\" loading=\"lazy\" class=\"wp-image-8903 size-large\" src=\"https:\/\/i0.wp.com\/www.robertosedda.it\/wp-content\/uploads\/2014\/11\/Arrotino.jpg?resize=510%2C695\" alt=\"Arrotino\" width=\"510\" height=\"695\" srcset=\"https:\/\/i0.wp.com\/www.robertosedda.it\/wp-content\/uploads\/2014\/11\/Arrotino.jpg?resize=510%2C695 510w, https:\/\/i0.wp.com\/www.robertosedda.it\/wp-content\/uploads\/2014\/11\/Arrotino.jpg?resize=110%2C150 110w, https:\/\/i0.wp.com\/www.robertosedda.it\/wp-content\/uploads\/2014\/11\/Arrotino.jpg?resize=220%2C300 220w, https:\/\/i0.wp.com\/www.robertosedda.it\/wp-content\/uploads\/2014\/11\/Arrotino.jpg?resize=700%2C954 700w, https:\/\/i0.wp.com\/www.robertosedda.it\/wp-content\/uploads\/2014\/11\/Arrotino.jpg?resize=36%2C50 36w, https:\/\/i0.wp.com\/www.robertosedda.it\/wp-content\/uploads\/2014\/11\/Arrotino.jpg?w=704 704w\" sizes=\"(max-width: 510px) 100vw, 510px\" data-recalc-dims=\"1\" \/><\/a><figcaption id=\"caption-attachment-8903\" class=\"wp-caption-text\">E anche questa foto \u00e8 di Alberto Pintus<\/figcaption><\/figure>\n<p>E poi in realt\u00e0 la dimensione dell&#8217;incontro va oltre: uno dei momenti di maggiore\u00a0<em>rivelazione<\/em> su tante cose della vita cittadina \u00e8 stato l&#8217;incontro con l&#8217;arrotino: e durante il percorso tanti, un po&#8217; pi\u00f9 svelti, hanno avuto la presenza di spirito di fermarsi a parlare coi pescatori o con altri incontrati per caso, magari intavolando due chiacchiere a partire dal pretesto di chiedere il permesso di fare una foto.<\/p>\n<p>La tendenziale informalit\u00e0 del metodo\u00a0non pu\u00f2 permettere che questi incontri, che per loro natura sono oltretutto casuali, siano &#8220;imposti&#8221; ai\u00a0camminanti, ma certo\u00a0ripensandoci dopo \u00e8 una delle dimensioni pi\u00f9 significative e direi\u00a0<em>costitutive<\/em> del metodo, almeno per quanto mi \u00e8 stato dato di capire, e forse un qualche indizio in questo senso a quei partecipanti un po&#8217; pi\u00f9 stolidi, come me, magari andrebbe dato. O forse no: la cosa bella, in fondo, \u00e8 che ognuno pu\u00f2 stare dentro l&#8217;attivit\u00e0 e fare quel che gli pare.<\/p>\n<h2>Una nota di passaggio e ringraziamenti<\/h2>\n<p>Io: \u00abFaccio parte del gruppo\u00a0<em>La Pira<\/em>\u00a0eccetera eccetera e a questo proposito, se permetti, ho una curiosit\u00e0. Durante tutte queste camminate, San Bartolomeo, Sant&#8217;Elia, Is Mirrionis, Tuvixeddu, Sant&#8217;Avendrace, Stampace basso&#8230; fra tutti questi elementi del territorio, nei quartieri pi\u00f9 popolari di Cagliari, avete mai incrociato la Chiesa, la comunit\u00e0 cristiana? Chi, come, che impressioni?\u00bb.<\/p>\n<p>Organizzatore: \u00abLa risposta ingenua? Non abbiamo mai incrociato nessuno\u00bb.<\/p>\n<p>Houston, abbiamo un problema.<\/p>\n<p>Organizzatore: \u00abDevo anche ammettere, ed \u00e8 la risposta meno ingenua, che si incontra sempre, in fondo, chi gi\u00e0 si desidera incontrare\u00bb.<\/p>\n<p>Houston, abbiamo un\u00a0<em>grossissimo <\/em>problema (&#8220;abbiamo&#8221;: noi Chiesa, ovviamente).<\/p>\n<h3>Ringraziamenti<\/h3>\n<p>Da poco mi diceva un&#8217;amica di Sassari: la quantit\u00e0 di attivit\u00e0 culturali, di fermento, di sperimentazioni che si fanno a Cagliari d\u00e0 quasi il capogiro. Cagliari un faro, Sassari immobile.<\/p>\n<p>L&#8217;ho guardata stupito, perch\u00e9\u00a0ovviamente stando nella citt\u00e0 non ti sembra sempre che tutta questa vivacit\u00e0 ci sia. Anzi.<\/p>\n<p>Per\u00f2 \u00e8 vero che tante cose si muovono:\u00a0<em>Passu passu\u00a0<\/em>\u00e8 una iniziativa di due piccole associazioni culturali di cui si sente parlare poco ma che hanno fatto una gran bella cosa di gran livello e sono per questo benemerite: <a href=\"gliambulanti.wordpress.com\/\"><em>L&#8217;ambulante<\/em><\/a> e <a href=\"scambiarecambiare.org\"><em>(S)cambiare<\/em><\/a>. Grazie,\u00a0<em>respect<\/em>: mi sono davvero divertito.<\/p>\n","protected":false},"excerpt":{"rendered":"<p>O meglio:\u00a0passillendi passu passu. Anzi: con Passu Passu \u00c8 passato pi\u00f9 di\u00a0un mese da quando ho fatto una delle passeggiate<\/p>\n","protected":false},"author":1,"featured_media":8881,"comment_status":"open","ping_status":"open","sticky":false,"template":"","format":"standard","meta":{"_mi_skip_tracking":false,"_monsterinsights_sitenote_active":false,"_monsterinsights_sitenote_note":"","_monsterinsights_sitenote_category":0,"jetpack_post_was_ever_published":false,"_jetpack_newsletter_access":"","jetpack_publicize_message":"","jetpack_is_tweetstorm":false,"jetpack_publicize_feature_enabled":true,"jetpack_social_post_already_shared":true,"jetpack_social_options":{"image_generator_settings":{"template":"highway","enabled":false}}},"categories":[52,49,55,77,12],"tags":[],"jetpack_publicize_connections":[],"jetpack_featured_media_url":"https:\/\/i0.wp.com\/www.robertosedda.it\/wp-content\/uploads\/2014\/11\/Passupassu.png?fit=1037%2C546","jetpack_sharing_enabled":true,"jetpack_shortlink":"https:\/\/wp.me\/p4jV2T-2j2","jetpack_likes_enabled":true,"jetpack-related-posts":[{"id":3277,"url":"http:\/\/www.robertosedda.it\/?p=3277","url_meta":{"origin":8868,"position":0},"title":"\u00c8 andata proprio bene","author":"Rufus","date":"28\/05\/2013","format":"gallery","excerpt":"Ieri i Fabbricastorie hanno ricominciato a fare incontri pubblici a Cagliari con il seminario su \u00abFabbricar Storie...\u00a0 inventare racconti e improvvisare storie\u00bb di cui vi avevo gi\u00e0 parlato. \u00c8 andata molto bene, come potete vedere da un certo punto in poi: stanno tutti ridendo. E perci\u00f2 replicheremo, probabilmente entro giugno.","rel":"","context":"In &quot;Coordinate&quot;","block_context":{"text":"Coordinate","link":"http:\/\/www.robertosedda.it\/?cat=52"},"img":{"alt_text":"","src":"https:\/\/i0.wp.com\/www.robertosedda.it\/wp-content\/uploads\/2013\/05\/2013-05-27-18.50.48.jpg?fit=1200%2C900&resize=350%2C200","width":350,"height":200,"srcset":"https:\/\/i0.wp.com\/www.robertosedda.it\/wp-content\/uploads\/2013\/05\/2013-05-27-18.50.48.jpg?fit=1200%2C900&resize=350%2C200 1x, https:\/\/i0.wp.com\/www.robertosedda.it\/wp-content\/uploads\/2013\/05\/2013-05-27-18.50.48.jpg?fit=1200%2C900&resize=700%2C400 2x, https:\/\/i0.wp.com\/www.robertosedda.it\/wp-content\/uploads\/2013\/05\/2013-05-27-18.50.48.jpg?fit=1200%2C900&resize=1050%2C600 3x"},"classes":[]},{"id":3627,"url":"http:\/\/www.robertosedda.it\/?p=3627","url_meta":{"origin":8868,"position":1},"title":"Da un teaser su Cagliari all&#8217;altro","author":"Rufus","date":"21\/06\/2013","format":"video","excerpt":"Ieri, mentre preparavo la recensione della Cagliari Unofficial Guide, ho trovato un video che voglio farvi vedere. \u00c8 una pubblicit\u00e0 (si scopre a met\u00e0 del video) ma prima di tutto \u00e8 una descrizione di Cagliari a uso turisti, secondo me tra l'altro fatta piuttosto bene, divertente e accattivante. Ma quello\u2026","rel":"","context":"In &quot;Coordinate&quot;","block_context":{"text":"Coordinate","link":"http:\/\/www.robertosedda.it\/?cat=52"},"img":{"alt_text":"","src":"https:\/\/i0.wp.com\/www.robertosedda.it\/wp-content\/uploads\/2013\/06\/Teaser-Cagliari.png?fit=1200%2C673&resize=350%2C200","width":350,"height":200,"srcset":"https:\/\/i0.wp.com\/www.robertosedda.it\/wp-content\/uploads\/2013\/06\/Teaser-Cagliari.png?fit=1200%2C673&resize=350%2C200 1x, https:\/\/i0.wp.com\/www.robertosedda.it\/wp-content\/uploads\/2013\/06\/Teaser-Cagliari.png?fit=1200%2C673&resize=700%2C400 2x, https:\/\/i0.wp.com\/www.robertosedda.it\/wp-content\/uploads\/2013\/06\/Teaser-Cagliari.png?fit=1200%2C673&resize=1050%2C600 3x"},"classes":[]},{"id":14970,"url":"http:\/\/www.robertosedda.it\/?p=14970","url_meta":{"origin":8868,"position":2},"title":"La mattina, quando mi alzo&#8230;","author":"Rufus","date":"06\/04\/2018","format":false,"excerpt":"Cagliari Inedei \u00e8 un programma su\u00a0Radio X\u00a0inventato e curato da Cristina Marras che cerca di raccontare la nostra citt\u00e0 e la sua vita attraverso delle piccolissime pillole di racconti della giornata tipo dei suoi abitanti, fatti dalla loro stessa voce raccolta in maniera molto spontanea. Cos'\u00e8 una citt\u00e0 se non\u2026","rel":"","context":"In &quot;Coordinate&quot;","block_context":{"text":"Coordinate","link":"http:\/\/www.robertosedda.it\/?cat=52"},"img":{"alt_text":"","src":"https:\/\/i0.wp.com\/www.robertosedda.it\/wp-content\/uploads\/2018\/04\/cagliari-inedeilogo-620x350.jpg?fit=620%2C350&resize=350%2C200","width":350,"height":200},"classes":[]},{"id":10103,"url":"http:\/\/www.robertosedda.it\/?p=10103","url_meta":{"origin":8868,"position":3},"title":"Posti dove vado a mangiare e bere","author":"Rufus","date":"24\/04\/2015","format":false,"excerpt":"Dopo la volta della degustazione dei vini mi \u00e8 capitato di tornare da Cucina.eat per una degustazione di birre della Barley. Stasera ci torno per un'altra degustazione. Siccome sono fermamente intenzionato a non permettere che questo blog diventi un ricettacolo di recensioni e ricette e descrizioni di eventi, ma d'altra\u2026","rel":"","context":"In &quot;Cibo e cucine&quot;","block_context":{"text":"Cibo e cucine","link":"http:\/\/www.robertosedda.it\/?cat=71"},"img":{"alt_text":"","src":"https:\/\/i0.wp.com\/www.robertosedda.it\/wp-content\/uploads\/2013\/08\/ALIM3009.jpg?fit=1200%2C900&resize=350%2C200","width":350,"height":200,"srcset":"https:\/\/i0.wp.com\/www.robertosedda.it\/wp-content\/uploads\/2013\/08\/ALIM3009.jpg?fit=1200%2C900&resize=350%2C200 1x, https:\/\/i0.wp.com\/www.robertosedda.it\/wp-content\/uploads\/2013\/08\/ALIM3009.jpg?fit=1200%2C900&resize=700%2C400 2x, https:\/\/i0.wp.com\/www.robertosedda.it\/wp-content\/uploads\/2013\/08\/ALIM3009.jpg?fit=1200%2C900&resize=1050%2C600 3x"},"classes":[]},{"id":7516,"url":"http:\/\/www.robertosedda.it\/?p=7516","url_meta":{"origin":8868,"position":4},"title":"Pubblicato il resoconto del seminario su Cagliari","author":"Rufus","date":"25\/05\/2014","format":false,"excerpt":"Il gruppo La Pira ha finalmente completato il report del seminario di studio sulla situazione della citt\u00e0 di Cagliari che si \u00e8 tenuto ormai pi\u00f9 di due mesi fa, l'8 marzo. Per il momento il gruppo non ha un proprio sito e il report \u00e8 stato inviato direttamente ai partecipanti:\u2026","rel":"","context":"In &quot;Coordinate&quot;","block_context":{"text":"Coordinate","link":"http:\/\/www.robertosedda.it\/?cat=52"},"img":{"alt_text":"","src":"https:\/\/i0.wp.com\/www.robertosedda.it\/wp-content\/uploads\/2014\/05\/Report-otto-marzo-2014-Cagliari.jpg?fit=849%2C1200&resize=350%2C200","width":350,"height":200,"srcset":"https:\/\/i0.wp.com\/www.robertosedda.it\/wp-content\/uploads\/2014\/05\/Report-otto-marzo-2014-Cagliari.jpg?fit=849%2C1200&resize=350%2C200 1x, https:\/\/i0.wp.com\/www.robertosedda.it\/wp-content\/uploads\/2014\/05\/Report-otto-marzo-2014-Cagliari.jpg?fit=849%2C1200&resize=700%2C400 2x"},"classes":[]},{"id":4667,"url":"http:\/\/www.robertosedda.it\/?p=4667","url_meta":{"origin":8868,"position":5},"title":"Un po&#8217; di foto etiche","author":"Rufus","date":"14\/10\/2013","format":"gallery","excerpt":"Sabato e domenica scorsi a La Costigliola, l'azienda agricola\u00a0e centro di formazione di\u00a0Banca Etica, c'\u00e8 stato un corso di aggiornamento per i coordinatori dei gruppi dei soci e ho scattato un po' di foto che metto qui in modo che chi vuole se le possa scaricare. Non ne ho fatto\u2026","rel":"","context":"In &quot;Banche e finanza&quot;","block_context":{"text":"Banche e finanza","link":"http:\/\/www.robertosedda.it\/?cat=72"},"img":{"alt_text":"","src":"https:\/\/i0.wp.com\/www.robertosedda.it\/wp-content\/uploads\/2013\/12\/Vigneto-Costigliola-4.jpg?resize=350%2C200","width":350,"height":200},"classes":[]}],"_links":{"self":[{"href":"http:\/\/www.robertosedda.it\/index.php?rest_route=\/wp\/v2\/posts\/8868"}],"collection":[{"href":"http:\/\/www.robertosedda.it\/index.php?rest_route=\/wp\/v2\/posts"}],"about":[{"href":"http:\/\/www.robertosedda.it\/index.php?rest_route=\/wp\/v2\/types\/post"}],"author":[{"embeddable":true,"href":"http:\/\/www.robertosedda.it\/index.php?rest_route=\/wp\/v2\/users\/1"}],"replies":[{"embeddable":true,"href":"http:\/\/www.robertosedda.it\/index.php?rest_route=%2Fwp%2Fv2%2Fcomments&post=8868"}],"version-history":[{"count":37,"href":"http:\/\/www.robertosedda.it\/index.php?rest_route=\/wp\/v2\/posts\/8868\/revisions"}],"predecessor-version":[{"id":8923,"href":"http:\/\/www.robertosedda.it\/index.php?rest_route=\/wp\/v2\/posts\/8868\/revisions\/8923"}],"wp:featuredmedia":[{"embeddable":true,"href":"http:\/\/www.robertosedda.it\/index.php?rest_route=\/wp\/v2\/media\/8881"}],"wp:attachment":[{"href":"http:\/\/www.robertosedda.it\/index.php?rest_route=%2Fwp%2Fv2%2Fmedia&parent=8868"}],"wp:term":[{"taxonomy":"category","embeddable":true,"href":"http:\/\/www.robertosedda.it\/index.php?rest_route=%2Fwp%2Fv2%2Fcategories&post=8868"},{"taxonomy":"post_tag","embeddable":true,"href":"http:\/\/www.robertosedda.it\/index.php?rest_route=%2Fwp%2Fv2%2Ftags&post=8868"}],"curies":[{"name":"wp","href":"https:\/\/api.w.org\/{rel}","templated":true}]}}