{"id":8796,"date":"2014-11-05T17:52:36","date_gmt":"2014-11-05T16:52:36","guid":{"rendered":"http:\/\/www.robertosedda.it\/?p=8796"},"modified":"2020-01-14T18:02:38","modified_gmt":"2020-01-14T17:02:38","slug":"quel-brutto-bruttissimo-corsaro-nero-che-pero-e-bello-decidiamoci","status":"publish","type":"post","link":"http:\/\/www.robertosedda.it\/?p=8796","title":{"rendered":"Quel brutto, bruttissimo Corsaro Nero. Che per\u00f2 \u00e8 bello. Decidiamoci!"},"content":{"rendered":"<h2>Il brutto scrittore&#8230;<\/h2>\n<p><img data-attachment-id=\"8798\" data-permalink=\"http:\/\/www.robertosedda.it\/?attachment_id=8798\" data-orig-file=\"https:\/\/i0.wp.com\/www.robertosedda.it\/wp-content\/uploads\/2014\/11\/Salgari-biografia.jpg?fit=280%2C431\" data-orig-size=\"280,431\" data-comments-opened=\"1\" data-image-meta=\"{&quot;aperture&quot;:&quot;0&quot;,&quot;credit&quot;:&quot;&quot;,&quot;camera&quot;:&quot;&quot;,&quot;caption&quot;:&quot;&quot;,&quot;created_timestamp&quot;:&quot;0&quot;,&quot;copyright&quot;:&quot;&quot;,&quot;focal_length&quot;:&quot;0&quot;,&quot;iso&quot;:&quot;0&quot;,&quot;shutter_speed&quot;:&quot;0&quot;,&quot;title&quot;:&quot;&quot;,&quot;orientation&quot;:&quot;0&quot;}\" data-image-title=\"Salgari biografia\" data-image-description=\"\" data-image-caption=\"\" data-medium-file=\"https:\/\/i0.wp.com\/www.robertosedda.it\/wp-content\/uploads\/2014\/11\/Salgari-biografia.jpg?fit=194%2C300\" data-large-file=\"https:\/\/i0.wp.com\/www.robertosedda.it\/wp-content\/uploads\/2014\/11\/Salgari-biografia.jpg?fit=280%2C431\" decoding=\"async\" loading=\"lazy\" class=\"alignleft size-medium wp-image-8798\" src=\"https:\/\/i0.wp.com\/www.robertosedda.it\/wp-content\/uploads\/2014\/11\/Salgari-biografia.jpg?resize=194%2C300\" alt=\"Salgari biografia\" width=\"194\" height=\"300\" srcset=\"https:\/\/i0.wp.com\/www.robertosedda.it\/wp-content\/uploads\/2014\/11\/Salgari-biografia.jpg?resize=194%2C300 194w, https:\/\/i0.wp.com\/www.robertosedda.it\/wp-content\/uploads\/2014\/11\/Salgari-biografia.jpg?resize=97%2C150 97w, https:\/\/i0.wp.com\/www.robertosedda.it\/wp-content\/uploads\/2014\/11\/Salgari-biografia.jpg?resize=32%2C50 32w, https:\/\/i0.wp.com\/www.robertosedda.it\/wp-content\/uploads\/2014\/11\/Salgari-biografia.jpg?w=280 280w\" sizes=\"(max-width: 194px) 100vw, 194px\" data-recalc-dims=\"1\" \/>Dopo averlo abbondantemente frequentato durante l&#8217;adolescenza ho da tempo una robusta diffidenza nei confronti di Salgari scrittore. Quanto pi\u00f9 \u00e8 cresciuta la simpatia umana per il personaggio e la sua vita tormentata tanto pi\u00f9 ho preso le distanze dallo scrittore e dalle sue realizzazioni, tanto che avevo appositamente evitato di inserire Salgari nel ciclo dedicato all&#8217;avventura durante la prima stagione di\u00a0<em>Oggi parliamo di libri<\/em>.<\/p>\n<p>Ho per\u00f2 deciso che\u00a0<em>Il Corsaro Nero<\/em> si prestava troppo bene alla serie di puntate dedicate alle storie d&#8217;amore perch\u00e9 non lo utilizzassi, e con l&#8217;occasione mi sono dato il tempo di una rilettura non frettolosa.<\/p>\n<p>Devo dire che dopo questa rilettura la mia diffidenza, se possibile, \u00e8 aumentata.<\/p>\n<p><em>Il Corsaro Nero<\/em> \u00e8 sicuramente un brutto romanzo, goffo e pieno di difetti, soprattutto invecchiato male rispetto alle opere di altri romanzieri pi\u00f9 o meno contemporanei, da Verne a Dumas, da Wilkie Collins a Conan Doyle. Mi \u00e8 pesato per esempio il linguaggio: \u00e8 vero che quando leggo Verne o Conan Doyle in lingua originale non essendo di madre lingua qualche sfumatura mi pu\u00f2 sfuggire, mentre con Salgari non pu\u00f2 accadere e quindi il giudizio su di lui pu\u00f2 risultare\u00a0ingiustificatamente pi\u00f9 severo, ma tutto sommato non lo credo, e l&#8217;italiano di Salgari, comunque, francamente non pare granch\u00e9.<\/p>\n<p>Il libro, oltretutto, \u00e8 appesantito da un didascalismo che \u00e8 davvero insopportabile. Indugiare in descrizioni e in informazioni di tipo botanico, geografico o antropologico \u00e8 tipico delle letteratura avventurosa dell&#8217;epoca ed \u00e8 gi\u00e0 in Verne, ma Salgari porta la cosa a livelli sproporzionati anche dal punto di vista del numero di pagine di didascalie rispetto alla narrazione, e fino al punto da interrompere il flusso degli eventi avventurosi.<\/p>\n<p>Anche\u00a0come romanzo puramente d&#8217;avventura abbondano le inverosimiglianze e gli elementi che al lettore moderno sembrano eccessivamente ingenui\u00a0&#8211;\u00a0la\u00a0<em>Folgore<\/em> gira attorno al vascello nemico in dispregio del vento e di ogni credibilit\u00e0 velica, per esempio, e i combattimenti sono descritti in maniera confusa, come potrebbero immaginarseli dei ragazzini nel cortile di casa &#8211; oppure incredibilmente magniloquenti, come quando si avvicina un uragano e Morgan chiede al Corsaro Nero se intende cambiare la rotta: quello risponde, pi\u00f9 o meno, che non intende fuggire nemmeno di fronte agli elementi naturali. Anche qui peraltro l&#8217;impressione \u00e8 che la\u00a0<em>Folgore<\/em> proceda in direzione\u00a0<em>contraria<\/em> all&#8217;uragano, come se fosse dotata di motore, l&#8217;ennesima inverosimiglianza.<\/p>\n<p>Beh, si dir\u00e0, ma i personaggi sono sufficientemente intriganti da far perdonare questi difetti. Sar\u00e0. In realt\u00e0 alcuni sono poco pi\u00f9 che nomi, o manichini animati, ma essendo dei comprimari la cosa pu\u00f2 essere comprensibile. Pi\u00f9 sorprendente \u00e8 che, in qualche misura, sia lo stesso Corsaro Nero a sembrare un manichino: mentre \u00e8 perennemente <i>&#8220;assorto nei suoi pensieri&#8221; <\/i>Salgari lascia tranquillamente che il romanzo vada avanti senza di lui, che segue il vero protagonista\u00a0&#8211;\u00a0Carmaux, direi &#8211; come un obbediente cagnolino. Poi c&#8217;\u00e8 un&#8217;emergenza e allora Carmaux lo sguinzagl&#8230; ehm, lo sveglia: \u00abVai, Corsaro, azzanna\u00bb, e quello, invincibile, prende la spada o il timone della nave e sbaraglia nemici e uragani indifferentemente. Poi prende e torna a cucc&#8230;, ehm, a dormire. Dopo la drammatica notte in cui il Corsaro Rosso \u00e8 sepolto in mare&#8230;<\/p>\n<p>&#8230; parentesi: anche la storia\u00a0di tre tizi che se ne vanno in giro uno tutto verde, uno tutto rosso e uno tutto nero poteva forse solleticare un pubblico facilotto di cent&#8217;anni fa: oggi \u00e8 ridicolo, e il romanzo \u00e8\u00a0<em>tutto<\/em> cos\u00ec. Invecchiato malissimo, appunto.<\/p>\n<p>Dicevo, comunque: dopo la notte nella quale il Corsaro Rosso \u00e8 sepolto in mare il Corsaro Nero passa tre giorni chiuso nella sua cabina a non fare niente, mentre la nave apparentemente potrebbe andarsene alla rovina, e nessuno sembra trovare la cosa minimamente strana. Poi c&#8217;\u00e8 la possibilit\u00e0 di una battaglia e allora al Corsaro gli tirano un oss&#8230;, ehm, segnalano un vascello nemico all&#8217;orizzonte e quello si scuote dal torpore.<\/p>\n<p>Se sembra che esageri secondo me vuol dire che \u00e8 un po&#8217; che non leggete il romanzo. \u00c8 proprio cos\u00ec, ve lo garantisco. Insopportabile.<\/p>\n<p>Eppure, nel romanzo c&#8217;\u00e8 molto di pi\u00f9, inaspettatamente. Ma siamo stati lunghi ed \u00e8 il momento di una pausa musicale, la stessa usata in trasmissione.<\/p>\n<div class=\"jetpack-video-wrapper\"><span class=\"embed-youtube\" style=\"text-align:center; display: block;\"><iframe class=\"youtube-player\" width=\"800\" height=\"450\" src=\"https:\/\/www.youtube.com\/embed\/N2U7z4iRWrI?version=3&#038;rel=1&#038;showsearch=0&#038;showinfo=1&#038;iv_load_policy=1&#038;fs=1&#038;hl=it-IT&#038;autohide=2&#038;wmode=transparent\" allowfullscreen=\"true\" style=\"border:0;\" sandbox=\"allow-scripts allow-same-origin allow-popups allow-presentation\"><\/iframe><\/span><\/div>\n<h2>Il brutto scrittore e il cigno inaspettato<\/h2>\n<p>Beh, prima di tutto c&#8217;\u00e8 nel romanzo tutta una dimensione\u00a0<em>horror<\/em> che non ricordavo e che ho trovato molto interessante, soprattutto per il modo con cui, sia pure un po&#8217; goffamente, Salgari se ne serve per costruire la cornice di fatalit\u00e0 e di tragedia in cui inserisce la sua narrazione avventurosa: il terribile giuramento del Corsaro Nero valica davvero cieli, terra e perfino l&#8217;inferno, per esempio, e ne sono testimoni perfino i morti che risorgono dalle profondit\u00e0 del mare. Mi sono chiesto quanto in queste pennellate &#8211; senz&#8217;altro potenti &#8211; siano proprie di una cifra personale di Salgari e quanto invece corrispondano a un gusto del pubblico dell&#8217;epoca. Per dire: lo stesso pubblico contemporaneamente affollava i teatri lirici in cui assisteva a melodrammi a tinte forti. Non \u00e8 solo una curiosit\u00e0 oziosa: facevo la riflessione che nello stesso momento in cui trovavo il romanzo cos\u00ec penosamente invecchiato male questo manteneva freschissima la capacit\u00e0 di dire qualcosa di inaspettato sull&#8217;epoca e i suoi tempi.<\/p>\n<p>E poi c&#8217;\u00e8 la storia d&#8217;amore, o meglio la storia sentimentale, anch&#8217;essa grondante\u00a0<em>pathos<\/em> e melodramma, per\u00f2 anche questa tutt&#8217;ora efficace e tale da suscitare una serie di riflessioni sulla &#8220;vera&#8221; identit\u00e0 delle storie d&#8217;avventura e sul diritto di cittadinanza, fra loro, delle storie d&#8217;amore. Ma per questo vi rimando all&#8217;ascolto della puntata, dove mi sembra di avere tutto sommato compiutamente spiegato il mio pensiero (e anche avere rivalutato Salgari come scrittore, poveretto).<\/p>\n<div class=\"jetpack-video-wrapper\"><span class=\"embed-youtube\" style=\"text-align:center; display: block;\"><iframe class=\"youtube-player\" width=\"800\" height=\"450\" src=\"https:\/\/www.youtube.com\/embed\/q-Ynt-ad6zI?version=3&#038;rel=1&#038;showsearch=0&#038;showinfo=1&#038;iv_load_policy=1&#038;fs=1&#038;hl=it-IT&#038;autohide=2&#038;wmode=transparent\" allowfullscreen=\"true\" style=\"border:0;\" sandbox=\"allow-scripts allow-same-origin allow-popups allow-presentation\"><\/iframe><\/span><\/div>\n<h2>Precisazione<\/h2>\n<p>Come avrete sentito ho introdotto la puntata con una divagazione cinematografica, in cui ho citato\u00a0<em>The outlaw<\/em> (in italiano\u00a0<a href=\"http:\/\/it.wikipedia.org\/wiki\/Il_mio_corpo_ti_scalder%C3%A0\"><em>Il mio corpo ti scalder\u00e0<\/em><\/a>). Il film \u00e8 di Howard <em>Hughes<\/em>, ma in trasmissione mi sono incasinato con la pronuncia e non ho trovato di meglio che attribuirlo a Howard\u00a0<em>Hawks<\/em>, che invece \u00e8 stato solo un co-regista (non accreditato). Mi scuso, sar\u00e0 il caso che migliori davvero la mia pronuncia dell&#8217;inglese, mannaggia.<\/p>\n","protected":false},"excerpt":{"rendered":"<p>Il brutto scrittore&#8230; Dopo averlo abbondantemente frequentato durante l&#8217;adolescenza ho da tempo una robusta diffidenza nei confronti di Salgari scrittore.<\/p>\n","protected":false},"author":1,"featured_media":0,"comment_status":"open","ping_status":"open","sticky":false,"template":"","format":"video","meta":{"_mi_skip_tracking":false,"_monsterinsights_sitenote_active":false,"_monsterinsights_sitenote_note":"","_monsterinsights_sitenote_category":0,"jetpack_post_was_ever_published":false,"_jetpack_newsletter_access":"","jetpack_publicize_message":"","jetpack_is_tweetstorm":false,"jetpack_publicize_feature_enabled":true,"jetpack_social_post_already_shared":true,"jetpack_social_options":{"image_generator_settings":{"template":"highway","enabled":false}}},"categories":[70,52,56,13,12],"tags":[],"jetpack_publicize_connections":[],"jetpack_featured_media_url":"","jetpack_sharing_enabled":true,"jetpack_shortlink":"https:\/\/wp.me\/p4jV2T-2hS","jetpack_likes_enabled":true,"jetpack-related-posts":[{"id":17681,"url":"http:\/\/www.robertosedda.it\/?p=17681","url_meta":{"origin":8796,"position":0},"title":"Vite e limonate","author":"Rufus","date":"14\/01\/2020","format":false,"excerpt":"Ho letto ieri, fra un autobus e un pomeriggio casalingo, I misteri della giungla nera di Salgari, che credo non avessi mai letto neanche da ragazzo. Ho deciso di ripercorrere tutto il ciclo indo-malese di Salgari, ma per il momento sono all'inizio (adesso ho iniziato Le tigri di Mompracem, che\u2026","rel":"","context":"In &quot;Cappe e spade&quot;","block_context":{"text":"Cappe e spade","link":"http:\/\/www.robertosedda.it\/?cat=70"},"img":{"alt_text":"","src":"https:\/\/i0.wp.com\/www.robertosedda.it\/wp-content\/uploads\/2020\/01\/Giungla-nera.jpg?fit=856%2C1200&resize=350%2C200","width":350,"height":200,"srcset":"https:\/\/i0.wp.com\/www.robertosedda.it\/wp-content\/uploads\/2020\/01\/Giungla-nera.jpg?fit=856%2C1200&resize=350%2C200 1x, https:\/\/i0.wp.com\/www.robertosedda.it\/wp-content\/uploads\/2020\/01\/Giungla-nera.jpg?fit=856%2C1200&resize=700%2C400 2x"},"classes":[]},{"id":8836,"url":"http:\/\/www.robertosedda.it\/?p=8836","url_meta":{"origin":8796,"position":1},"title":"Ne &#8220;L&#8217;ultimo dei Mohicani&#8221; c&#8217;\u00e8 molto, molto di pi\u00f9","author":"Rufus","date":"10\/11\/2014","format":"video","excerpt":"Ho\u00a0messo in linea oggi, dopo molte perplessit\u00e0, la puntata di\u00a0Oggi parliamo di libri dedicata a L'ultimo dei Mohicani. Le perplessit\u00e0 derivavano dal fatto che dopo avere registrato e mandato in onda la puntata mi \u00e8 venuta voglia di una rilettura e mi sono subito\u00a0reso conto che da una parte il\u2026","rel":"","context":"In &quot;Cappe e spade&quot;","block_context":{"text":"Cappe e spade","link":"http:\/\/www.robertosedda.it\/?cat=70"},"img":{"alt_text":"","src":"https:\/\/i0.wp.com\/img.youtube.com\/vi\/TXB5yJakU88\/0.jpg?resize=350%2C200","width":350,"height":200},"classes":[]},{"id":2965,"url":"http:\/\/www.robertosedda.it\/?p=2965","url_meta":{"origin":8796,"position":2},"title":"Kim e il grande gioco a &#8220;Oggi parliamo di libri&#8221;","author":"Rufus","date":"22\/04\/2013","format":"video","excerpt":"Ho appena messo in linea la puntata di Oggi parliamo di libri dedicata a Kim, il capolavoro di Kipling. Ho approfittato della puntata per puntualizzare alcuni temi che mi accompagnano (devo dire: con un senso di sorpresa, perch\u00e9 son cose che ho scoperte rimettendo mano ai libri per preparare le\u2026","rel":"","context":"In &quot;Cappe e spade&quot;","block_context":{"text":"Cappe e spade","link":"http:\/\/www.robertosedda.it\/?cat=70"},"img":{"alt_text":"","src":"https:\/\/i0.wp.com\/www.robertosedda.it\/wp-content\/uploads\/2013\/04\/ilcosaccoGIGANTIAVVEN075-214x300.jpg?resize=350%2C200","width":350,"height":200},"classes":[]},{"id":9309,"url":"http:\/\/www.robertosedda.it\/?p=9309","url_meta":{"origin":8796,"position":3},"title":"I libri che ho letto nel 2014","author":"Rufus","date":"08\/01\/2015","format":false,"excerpt":"Anobii mi informa che nel 2014 ho letto meno libri che nel 2013 ma per pi\u00f9 pagine: non posso proprio dire di averci fatto caso, in realt\u00e0, cos\u00ec come l'anno scorso ero rimasto piuttosto sorpreso nello scoprire che era accaduto l'inverso. Ad ogni modo i libri che ho letto sono\u2026","rel":"","context":"In &quot;Coordinate&quot;","block_context":{"text":"Coordinate","link":"http:\/\/www.robertosedda.it\/?cat=52"},"img":{"alt_text":"","src":"https:\/\/i0.wp.com\/www.robertosedda.it\/wp-content\/uploads\/2013\/10\/Gesrusalemme-liberata.jpg?fit=315%2C420&resize=350%2C200","width":350,"height":200},"classes":[]},{"id":8792,"url":"http:\/\/www.robertosedda.it\/?p=8792","url_meta":{"origin":8796,"position":4},"title":"Storie d&#8217;amore cercansi","author":"Rufus","date":"04\/11\/2014","format":false,"excerpt":"Credo sappiate che quest'anno per\u00a0Oggi parliamo di libri\u00a0tratto libri che raccontano di grandi storie d'amore, cercando di rimanere per quanto possibile nel campo che mi \u00e8 pi\u00f9 congeniale della letteratura di genere. Sinora ho dedicato una puntata\u00a0nell'ordine a\u00a0Orgoglio e pregiudizio,\u00a0Dracula,\u00a0Romeo e Giulietta,\u00a0Il Corsaro Nero,\u00a0L'ultimo dei Mohicani,\u00a0Davide Copperfield, Grandi speranze,\u00a0L'amore ai\u2026","rel":"","context":"In &quot;Coordinate&quot;","block_context":{"text":"Coordinate","link":"http:\/\/www.robertosedda.it\/?cat=52"},"img":{"alt_text":"","src":"https:\/\/i0.wp.com\/www.robertosedda.it\/wp-content\/uploads\/2013\/12\/Peeta-Katniss.jpg?fit=500%2C500&resize=350%2C200","width":350,"height":200},"classes":[]},{"id":9422,"url":"http:\/\/www.robertosedda.it\/?p=9422","url_meta":{"origin":8796,"position":5},"title":"Re e regine che piangono","author":"Rufus","date":"21\/01\/2015","format":"video","excerpt":"Ho messo adesso in linea la puntata di\u00a0Oggi parliamo di libri dedicata al canto XXIII dell'Odissea, quello in cui dopo la strage dei Proci Ulisse e Penelope finalmente si riconoscono (si erano gi\u00e0 visti prima, ma Ulisse non si era svelato). https:\/\/www.youtube.com\/watch?v=d3sPopIJWMM Anche se non l'ho detto in trasmissione la\u2026","rel":"","context":"In &quot;Cappe e spade&quot;","block_context":{"text":"Cappe e spade","link":"http:\/\/www.robertosedda.it\/?cat=70"},"img":{"alt_text":"","src":"https:\/\/i0.wp.com\/www.robertosedda.it\/wp-content\/uploads\/2015\/01\/OPdL-Odissea.png?fit=767%2C569&resize=350%2C200","width":350,"height":200,"srcset":"https:\/\/i0.wp.com\/www.robertosedda.it\/wp-content\/uploads\/2015\/01\/OPdL-Odissea.png?fit=767%2C569&resize=350%2C200 1x, https:\/\/i0.wp.com\/www.robertosedda.it\/wp-content\/uploads\/2015\/01\/OPdL-Odissea.png?fit=767%2C569&resize=700%2C400 2x"},"classes":[]}],"_links":{"self":[{"href":"http:\/\/www.robertosedda.it\/index.php?rest_route=\/wp\/v2\/posts\/8796"}],"collection":[{"href":"http:\/\/www.robertosedda.it\/index.php?rest_route=\/wp\/v2\/posts"}],"about":[{"href":"http:\/\/www.robertosedda.it\/index.php?rest_route=\/wp\/v2\/types\/post"}],"author":[{"embeddable":true,"href":"http:\/\/www.robertosedda.it\/index.php?rest_route=\/wp\/v2\/users\/1"}],"replies":[{"embeddable":true,"href":"http:\/\/www.robertosedda.it\/index.php?rest_route=%2Fwp%2Fv2%2Fcomments&post=8796"}],"version-history":[{"count":11,"href":"http:\/\/www.robertosedda.it\/index.php?rest_route=\/wp\/v2\/posts\/8796\/revisions"}],"predecessor-version":[{"id":17692,"href":"http:\/\/www.robertosedda.it\/index.php?rest_route=\/wp\/v2\/posts\/8796\/revisions\/17692"}],"wp:attachment":[{"href":"http:\/\/www.robertosedda.it\/index.php?rest_route=%2Fwp%2Fv2%2Fmedia&parent=8796"}],"wp:term":[{"taxonomy":"category","embeddable":true,"href":"http:\/\/www.robertosedda.it\/index.php?rest_route=%2Fwp%2Fv2%2Fcategories&post=8796"},{"taxonomy":"post_tag","embeddable":true,"href":"http:\/\/www.robertosedda.it\/index.php?rest_route=%2Fwp%2Fv2%2Ftags&post=8796"}],"curies":[{"name":"wp","href":"https:\/\/api.w.org\/{rel}","templated":true}]}}