{"id":8789,"date":"2014-11-03T16:55:14","date_gmt":"2014-11-03T15:55:14","guid":{"rendered":"http:\/\/www.robertosedda.it\/?p=8789"},"modified":"2014-11-06T12:53:03","modified_gmt":"2014-11-06T11:53:03","slug":"la-concretezza-dellutopia-ricordando-giorgio-la-pira","status":"publish","type":"post","link":"http:\/\/www.robertosedda.it\/?p=8789","title":{"rendered":"La concretezza dell&#8217;utopia. Ricordando Giorgio La Pira"},"content":{"rendered":"<p>Non mi capita spesso, o almeno spesso quanto vorrei, di raccontare cose del gruppo &#8220;Giorgio La Pira&#8221; attraverso il quale faccio parte dell&#8217;Azione Cattolica.<\/p>\n<p>Mi fa perci\u00f2 doppiamente piacere invitarvi, anche qui sul\u00a0<em>blog<\/em>,\u00a0a condividere con noi\u00a0un sobrio momento di riflessione in occasione dell&#8217;anniversario della morte di La Pira, dopodomani 5 novembre.<\/p>\n<p><a href=\"https:\/\/i0.wp.com\/www.robertosedda.it\/wp-content\/uploads\/2014\/11\/La-Pira-2014-3.jpg\"><img data-attachment-id=\"8790\" data-permalink=\"http:\/\/www.robertosedda.it\/?attachment_id=8790\" data-orig-file=\"https:\/\/i0.wp.com\/www.robertosedda.it\/wp-content\/uploads\/2014\/11\/La-Pira-2014-3.jpg?fit=2585%2C1208\" data-orig-size=\"2585,1208\" data-comments-opened=\"1\" data-image-meta=\"{&quot;aperture&quot;:&quot;0&quot;,&quot;credit&quot;:&quot;&quot;,&quot;camera&quot;:&quot;&quot;,&quot;caption&quot;:&quot;&quot;,&quot;created_timestamp&quot;:&quot;0&quot;,&quot;copyright&quot;:&quot;&quot;,&quot;focal_length&quot;:&quot;0&quot;,&quot;iso&quot;:&quot;0&quot;,&quot;shutter_speed&quot;:&quot;0&quot;,&quot;title&quot;:&quot;&quot;,&quot;orientation&quot;:&quot;0&quot;}\" data-image-title=\"La Pira 2014 3\" data-image-description=\"\" data-image-caption=\"\" data-medium-file=\"https:\/\/i0.wp.com\/www.robertosedda.it\/wp-content\/uploads\/2014\/11\/La-Pira-2014-3.jpg?fit=300%2C140\" data-large-file=\"https:\/\/i0.wp.com\/www.robertosedda.it\/wp-content\/uploads\/2014\/11\/La-Pira-2014-3.jpg?fit=510%2C238\" decoding=\"async\" loading=\"lazy\" class=\"aligncenter size-full wp-image-8790\" src=\"https:\/\/i0.wp.com\/www.robertosedda.it\/wp-content\/uploads\/2014\/11\/La-Pira-2014-3.jpg?resize=800%2C374\" alt=\"La Pira 2014 3\" width=\"800\" height=\"374\" srcset=\"https:\/\/i0.wp.com\/www.robertosedda.it\/wp-content\/uploads\/2014\/11\/La-Pira-2014-3.jpg?w=2585 2585w, https:\/\/i0.wp.com\/www.robertosedda.it\/wp-content\/uploads\/2014\/11\/La-Pira-2014-3.jpg?resize=150%2C70 150w, https:\/\/i0.wp.com\/www.robertosedda.it\/wp-content\/uploads\/2014\/11\/La-Pira-2014-3.jpg?resize=300%2C140 300w, https:\/\/i0.wp.com\/www.robertosedda.it\/wp-content\/uploads\/2014\/11\/La-Pira-2014-3.jpg?resize=510%2C238 510w, https:\/\/i0.wp.com\/www.robertosedda.it\/wp-content\/uploads\/2014\/11\/La-Pira-2014-3.jpg?resize=700%2C327 700w, https:\/\/i0.wp.com\/www.robertosedda.it\/wp-content\/uploads\/2014\/11\/La-Pira-2014-3.jpg?resize=50%2C23 50w, https:\/\/i0.wp.com\/www.robertosedda.it\/wp-content\/uploads\/2014\/11\/La-Pira-2014-3.jpg?w=1600 1600w, https:\/\/i0.wp.com\/www.robertosedda.it\/wp-content\/uploads\/2014\/11\/La-Pira-2014-3.jpg?w=2400 2400w\" sizes=\"(max-width: 800px) 100vw, 800px\" data-recalc-dims=\"1\" \/><\/a>Il programma, come vedete, \u00e8 molto semplice. Ma credo che la recita comunitaria dei Vespri possa essere un bel momento di comunione e il documentario \u00e8 davvero interessante perch\u00e9 ripropone in maniera immediata la straordinaria combinazione di carica umana e di provocazione evangelica che \u00e8 stata propria di La Pira.<\/p>\n<p>Su questo vorrei aggiungere una riflessione. Poco fa <a title=\"Radio Days\" href=\"http:\/\/www.robertosedda.it\/?p=1551\">ero a Radio Kalaritana per registrare delle puntate<\/a>\u00a0e Andrea Pala ne ha approfittato per farmi due domande sull&#8217;iniziativa. A spiegare l&#8217;importanza e l&#8217;attualit\u00e0 di La Pira oggi mi sono un attimo trovato in imbarazzo, non perch\u00e9 mancassero le cose da dire ma perch\u00e9 ce n&#8217;erano, paradossalmente, troppe, e la domanda di Andrea invitava a fare una scelta. L\u00ec per l\u00ec ho indicato tre aspetti, ma andando via in macchina mi sono detto che uno \u00e8, oggi, pi\u00f9 sorprendente, e importante degli altri, ed \u00e8 l&#8217;impegno per la pace.<\/p>\n<p>Perch\u00e9 oggi certamente ci sono ancora cristiani con robuste esperienze di fede e feconde radici di spiritualit\u00e0. E ci saranno, probabilmente, politici cristiani che pregano e leggono il Vangelo con costanza. E ci sono, anche se meno di un tempo, cristiani che fanno volontariato e si spendono a favore di mille povert\u00e0. E sindaci a fianco dei poveri e dei lavoratori.<\/p>\n<p>Ma che oggi uno prenda e parta, per immischiarsi in un conflitto in cui il suo paese non \u00e8 coinvolto,\u00a0questo oggi semplicemente non esiste. E quel viaggio di La Pira in Vietnam mantiene, oggi, davvero una forza e una dimensione di profezia persino eversiva.<\/p>\n","protected":false},"excerpt":{"rendered":"<p>Non mi capita spesso, o almeno spesso quanto vorrei, di raccontare cose del gruppo &#8220;Giorgio La Pira&#8221; attraverso il quale<\/p>\n","protected":false},"author":1,"featured_media":8790,"comment_status":"open","ping_status":"open","sticky":false,"template":"","format":"standard","meta":{"_mi_skip_tracking":false,"_monsterinsights_sitenote_active":false,"_monsterinsights_sitenote_note":"","_monsterinsights_sitenote_category":0,"jetpack_post_was_ever_published":false,"_jetpack_newsletter_access":"","jetpack_publicize_message":"La concretezza dell'utopia. Ricordando Giorgio La Pira #LaPiraoggi","jetpack_is_tweetstorm":false,"jetpack_publicize_feature_enabled":true,"jetpack_social_post_already_shared":true,"jetpack_social_options":{"image_generator_settings":{"template":"highway","enabled":false}}},"categories":[52,49,54,12,74],"tags":[],"jetpack_publicize_connections":[],"jetpack_featured_media_url":"https:\/\/i0.wp.com\/www.robertosedda.it\/wp-content\/uploads\/2014\/11\/La-Pira-2014-3.jpg?fit=2585%2C1208","jetpack_sharing_enabled":true,"jetpack_shortlink":"https:\/\/wp.me\/p4jV2T-2hL","jetpack_likes_enabled":true,"jetpack-related-posts":[{"id":15472,"url":"http:\/\/www.robertosedda.it\/?p=15472","url_meta":{"origin":8789,"position":0},"title":"Gli articoli su La Pira del Portico","author":"Rufus","date":"16\/07\/2018","format":false,"excerpt":"Come ho raccontato l'altro giorno ho scritto un articolo per Il Portico, il settimanale diocesano, sull'impegno per la pace di Giorgio La Pira. Lo riporto qui sotto, segnalandovi che sul giornale trovate anche un\u00a0 articolo sul gruppo diocesano Giorgio La Pira, ne quale mi onoro di militare, e un editoriale\u2026","rel":"","context":"In &quot;Coordinate&quot;","block_context":{"text":"Coordinate","link":"http:\/\/www.robertosedda.it\/?cat=52"},"img":{"alt_text":"","src":"https:\/\/i0.wp.com\/www.robertosedda.it\/wp-content\/uploads\/2018\/07\/giorgio-la-pira-uomo-di-pace-dialogo.jpg?resize=350%2C200","width":350,"height":200,"srcset":"https:\/\/i0.wp.com\/www.robertosedda.it\/wp-content\/uploads\/2018\/07\/giorgio-la-pira-uomo-di-pace-dialogo.jpg?resize=350%2C200 1x, https:\/\/i0.wp.com\/www.robertosedda.it\/wp-content\/uploads\/2018\/07\/giorgio-la-pira-uomo-di-pace-dialogo.jpg?resize=700%2C400 2x"},"classes":[]},{"id":16188,"url":"http:\/\/www.robertosedda.it\/?p=16188","url_meta":{"origin":8789,"position":1},"title":"Di buona politica","author":"Rufus","date":"28\/01\/2019","format":false,"excerpt":"Mi \u00e8 arrivato il numero di gennaio di Mosaico di pace, tutto dedicato alla buona politica. Mi sembra molto interessante e ci sono un sacco di articoli davvero buoni che legger\u00f2 con interesse Poi, probabilmente meno buono, ce n'\u00e8 uno mio che parla di La Pira, che avevo preannunciato tempo\u2026","rel":"","context":"In &quot;Coordinate&quot;","block_context":{"text":"Coordinate","link":"http:\/\/www.robertosedda.it\/?cat=52"},"img":{"alt_text":"","src":"https:\/\/i0.wp.com\/www.robertosedda.it\/wp-content\/uploads\/2019\/01\/Mosaico-di-pace-politica.png?fit=560%2C281&resize=350%2C200","width":350,"height":200},"classes":[]},{"id":4602,"url":"http:\/\/www.robertosedda.it\/?p=4602","url_meta":{"origin":8789,"position":2},"title":"Il gruppo La Pira va a Firenze","author":"Rufus","date":"10\/10\/2013","format":false,"excerpt":"Curioso: Primicerio. Come... Credo di avere detto da qualche parte che il gruppo \"La Pira\" dell'AC di Cagliari ha una propria mailing list. Io ne sono il moderatore, quindi spetta\u00a0a me approvare le nuove richieste di iscrizione. Un giorno di un paio di mesi fa mi arriva la richiesta di\u2026","rel":"","context":"In &quot;Coordinate&quot;","block_context":{"text":"Coordinate","link":"http:\/\/www.robertosedda.it\/?cat=52"},"img":{"alt_text":"","src":"https:\/\/i0.wp.com\/www.robertosedda.it\/wp-content\/uploads\/2013\/10\/Alberto-e-Grazia-La-Pira-aereoporto-2.jpg?fit=1200%2C900&resize=350%2C200","width":350,"height":200,"srcset":"https:\/\/i0.wp.com\/www.robertosedda.it\/wp-content\/uploads\/2013\/10\/Alberto-e-Grazia-La-Pira-aereoporto-2.jpg?fit=1200%2C900&resize=350%2C200 1x, https:\/\/i0.wp.com\/www.robertosedda.it\/wp-content\/uploads\/2013\/10\/Alberto-e-Grazia-La-Pira-aereoporto-2.jpg?fit=1200%2C900&resize=700%2C400 2x, https:\/\/i0.wp.com\/www.robertosedda.it\/wp-content\/uploads\/2013\/10\/Alberto-e-Grazia-La-Pira-aereoporto-2.jpg?fit=1200%2C900&resize=1050%2C600 3x"},"classes":[]},{"id":10956,"url":"http:\/\/www.robertosedda.it\/?p=10956","url_meta":{"origin":8789,"position":3},"title":"Esegesi estemporanea della contabilit\u00e0","author":"Rufus","date":"06\/10\/2015","format":false,"excerpt":"Il fatto che in un municipio che fu a suo tempo dedicato a Ges\u00f9 Cristo Re venga esaltato chi ha fatto pratica costante di ateismo ed \u00e8 stato sepolto senza rito religioso, ci sembra una grave contraddizione e un pessimo esempio, esaltando la figura di un nemico di Cristo che,\u2026","rel":"","context":"In &quot;Coordinate&quot;","block_context":{"text":"Coordinate","link":"http:\/\/www.robertosedda.it\/?cat=52"},"img":{"alt_text":"","src":"https:\/\/i0.wp.com\/www.robertosedda.it\/wp-content\/uploads\/2015\/10\/Luigi_Gedda.jpg?resize=350%2C200","width":350,"height":200},"classes":[]},{"id":10173,"url":"http:\/\/www.robertosedda.it\/?p=10173","url_meta":{"origin":8789,"position":4},"title":"REBLOG: Basta con questa carneficina","author":"Rufus","date":"05\/05\/2015","format":false,"excerpt":"Rilancio volentieri, sulla scia della Fondazione \"Giorgio La Pira\", l'appello dei capi religiosi della comunit\u00e0 fiorentina sull'immigrazione.","rel":"","context":"In &quot;Segnalazioni&quot;","block_context":{"text":"Segnalazioni","link":"http:\/\/www.robertosedda.it\/?cat=95"},"img":{"alt_text":"","src":"","width":0,"height":0},"classes":[]},{"id":4605,"url":"http:\/\/www.robertosedda.it\/?p=4605","url_meta":{"origin":8789,"position":5},"title":"Le foto di Firenze","author":"Rufus","date":"10\/10\/2013","format":"gallery","excerpt":"Queste sono tutte le foto che ho fatto a Firenze. Le raccolgo tutte\u00a0qui per comodit\u00e0 della Fondazione e di chi ha partecipato al I ritrovo nazionale di associazioni, gruppi, circoli nel nome di Giorgio La Pira Spes contra spem, oltre che di Grazia e Alberto, che della raccolta sono i\u2026","rel":"","context":"In &quot;Coordinate&quot;","block_context":{"text":"Coordinate","link":"http:\/\/www.robertosedda.it\/?cat=52"},"img":{"alt_text":"","src":"https:\/\/i0.wp.com\/www.robertosedda.it\/wp-content\/uploads\/2013\/10\/Alberto-e-Grazia-La-Pira-aereoporto-2.jpg?resize=350%2C200","width":350,"height":200},"classes":[]}],"_links":{"self":[{"href":"http:\/\/www.robertosedda.it\/index.php?rest_route=\/wp\/v2\/posts\/8789"}],"collection":[{"href":"http:\/\/www.robertosedda.it\/index.php?rest_route=\/wp\/v2\/posts"}],"about":[{"href":"http:\/\/www.robertosedda.it\/index.php?rest_route=\/wp\/v2\/types\/post"}],"author":[{"embeddable":true,"href":"http:\/\/www.robertosedda.it\/index.php?rest_route=\/wp\/v2\/users\/1"}],"replies":[{"embeddable":true,"href":"http:\/\/www.robertosedda.it\/index.php?rest_route=%2Fwp%2Fv2%2Fcomments&post=8789"}],"version-history":[{"count":1,"href":"http:\/\/www.robertosedda.it\/index.php?rest_route=\/wp\/v2\/posts\/8789\/revisions"}],"predecessor-version":[{"id":8791,"href":"http:\/\/www.robertosedda.it\/index.php?rest_route=\/wp\/v2\/posts\/8789\/revisions\/8791"}],"wp:featuredmedia":[{"embeddable":true,"href":"http:\/\/www.robertosedda.it\/index.php?rest_route=\/wp\/v2\/media\/8790"}],"wp:attachment":[{"href":"http:\/\/www.robertosedda.it\/index.php?rest_route=%2Fwp%2Fv2%2Fmedia&parent=8789"}],"wp:term":[{"taxonomy":"category","embeddable":true,"href":"http:\/\/www.robertosedda.it\/index.php?rest_route=%2Fwp%2Fv2%2Fcategories&post=8789"},{"taxonomy":"post_tag","embeddable":true,"href":"http:\/\/www.robertosedda.it\/index.php?rest_route=%2Fwp%2Fv2%2Ftags&post=8789"}],"curies":[{"name":"wp","href":"https:\/\/api.w.org\/{rel}","templated":true}]}}