{"id":877,"date":"2012-10-11T13:17:02","date_gmt":"2012-10-11T11:17:02","guid":{"rendered":"http:\/\/www.robertosedda.it\/?p=877"},"modified":"2012-11-09T09:46:55","modified_gmt":"2012-11-09T08:46:55","slug":"il-bizzarro-concorso","status":"publish","type":"post","link":"http:\/\/www.robertosedda.it\/?p=877","title":{"rendered":"Il bizzarro concorso"},"content":{"rendered":"<p>Ok, dopo una ventina di giorni di attivit\u00e0 forse \u00e8 giunto il momento di conoscermi meglio, e per questo bandisco un grandioso concorso fra tutti i lettori del <em>blog<\/em>.<\/p>\n<h2>Lo ammetto in partenza, \u00e8 una cosa ridicola, ma magari \u00e8 divertente<\/h2>\n<p>Come potete vedere la testata del sito contiene una foto (che varia in maniera casuale) in cui sono raffigurati una serie di oggetti. Sono cose che mi rappresentano e che sono state accuratamente ammonticchiate sul tavolo della cucina per essere fotografate tutte insieme nel periodo di creazione del <em>blog<\/em>.<\/p>\n<p>Il concorso \u00e8 questo: vince chi elenca esattamente <em>tutti<\/em> gli oggetti che erano sul tavolo della cucina quel giorno. Piccola difficolt\u00e0: <em>nessuna<\/em> foto riporta tutti gli oggetti, quindi occorre\u00a0 un minimo di spirito d&#8217;osservazione e di pazienza.<\/p>\n<p>Per partecipare, postate nei commenti a questo articolo il vostro elenco. I punteggi saranno questi:<\/p>\n<ul>\n<li>ogni categoria di oggetti presenti in numero maggiore di uno (esempio: <em>posate):<\/em> +1 punto<\/li>\n<li>ogni oggetto individuale identificato <em>(coltello):<\/em> +3 punti<\/li>\n<li>ogni oggetto individuale esattamente identificato (<em>coltello delle Coltellerie Associate, modello Ninja<\/em>):\u00a0+6 punti<\/li>\n<li>ogni gruppo di oggetti contato esattamente (<em>sette coltelli e tre forchettei<\/em>): +2 punti (cumulabile\u00a0con i precedenti)<\/li>\n<li>per ogni giorno trascorso dall&#8217;inizio del concorso: -1 punto<\/li>\n<\/ul>\n<p>Potete provare pi\u00f9 volte, ma vale solo, ovviamente, l&#8217;ultimo tentativo.<\/p>\n<h2>I premi<\/h2>\n<p>Oh, questo \u00e8 un concorso serio. Dato che immagino parteciperanno gli amici, i premi non hanno valore economico ma affettivo. I primi tre classificati vincono una copia del libro <em>Gioca la storia<\/em> autografato da uno degli autori (cio\u00e8&#8230; io). Chi \u00e8 in un raggio di chilometri da Cagliari che gli permetta di fruirne vince anche un invito a cena. Tutti i concorrenti vincono anche la soddisfazione di averci provato.<\/p>\n<p>Vinca il migliore!!!<\/p>\n","protected":false},"excerpt":{"rendered":"<p>Ok, dopo una ventina di giorni di attivit\u00e0 forse \u00e8 giunto il momento di conoscermi meglio, e per questo bandisco<\/p>\n","protected":false},"author":1,"featured_media":0,"comment_status":"open","ping_status":"open","sticky":false,"template":"","format":"standard","meta":{"_mi_skip_tracking":false,"_monsterinsights_sitenote_active":false,"_monsterinsights_sitenote_note":"","_monsterinsights_sitenote_category":0,"jetpack_post_was_ever_published":false,"_jetpack_newsletter_access":"","jetpack_publicize_message":"","jetpack_is_tweetstorm":false,"jetpack_publicize_feature_enabled":true,"jetpack_social_post_already_shared":false,"jetpack_social_options":{"image_generator_settings":{"template":"highway","enabled":false}}},"categories":[52,9,53],"tags":[],"jetpack_publicize_connections":[],"jetpack_featured_media_url":"","jetpack_sharing_enabled":true,"jetpack_shortlink":"https:\/\/wp.me\/p4jV2T-e9","jetpack_likes_enabled":true,"jetpack-related-posts":[{"id":4396,"url":"http:\/\/www.robertosedda.it\/?p=4396","url_meta":{"origin":877,"position":0},"title":"Primo anniversario","author":"Rufus","date":"04\/09\/2013","format":false,"excerpt":"Il primo articolo del blog rinnovato \u00e8 uscito il 4 settembre 2012. Oggi quindi questo sito compie un anno. Giusto per informazione, in questo periodo ci sono state 15181 visite (10659 persone) con 29616 visualizzazioni di pagina. Non credo che siano numeri significativi, cio\u00e8 non ho la pi\u00f9 pallida idea\u2026","rel":"","context":"In &quot;Coordinate&quot;","block_context":{"text":"Coordinate","link":"http:\/\/www.robertosedda.it\/?cat=52"},"img":{"alt_text":"","src":"","width":0,"height":0},"classes":[]},{"id":14086,"url":"http:\/\/www.robertosedda.it\/?p=14086","url_meta":{"origin":877,"position":1},"title":"Cucine che vorrei provare","author":"Rufus","date":"25\/08\/2017","format":false,"excerpt":"Un amico di origine iraniana ha pubblicato su\u00a0Facebook una foto (in realt\u00e0 scattata dalla sorella) che riporta le vivande preparate per il pranzo di una ricorrenza familiare. A parte l'acquolina in bocca che immediatamente sar\u00e0 nata in ciascuno di voi, come a me, colgo l'occasione per segnalare un buon\u00a0blog di\u2026","rel":"","context":"In &quot;Cibo e cucine&quot;","block_context":{"text":"Cibo e cucine","link":"http:\/\/www.robertosedda.it\/?cat=71"},"img":{"alt_text":"","src":"https:\/\/i0.wp.com\/www.robertosedda.it\/wp-content\/uploads\/2017\/08\/Piatti-persiani.jpg?fit=720%2C960&resize=350%2C200","width":350,"height":200,"srcset":"https:\/\/i0.wp.com\/www.robertosedda.it\/wp-content\/uploads\/2017\/08\/Piatti-persiani.jpg?fit=720%2C960&resize=350%2C200 1x, https:\/\/i0.wp.com\/www.robertosedda.it\/wp-content\/uploads\/2017\/08\/Piatti-persiani.jpg?fit=720%2C960&resize=700%2C400 2x"},"classes":[]},{"id":1744,"url":"http:\/\/www.robertosedda.it\/?p=1744","url_meta":{"origin":877,"position":2},"title":"Liste di fine anno","author":"Rufus","date":"09\/01\/2013","format":false,"excerpt":"L'altro giorno ho postato la mia personalissima sintesi del 2012, cio\u00e8 i libri che ho letto. Nei giorni intorno a Natale, per\u00f2, siamo stati inondati da una marea di liste che provavano a riassumere il 2012 sotto uno o pi\u00f9 punti di vista. Senza troppo pensarci ho cominciato a salvarle\u2026","rel":"","context":"In &quot;Coordinate&quot;","block_context":{"text":"Coordinate","link":"http:\/\/www.robertosedda.it\/?cat=52"},"img":{"alt_text":"","src":"","width":0,"height":0},"classes":[]},{"id":3037,"url":"http:\/\/www.robertosedda.it\/?p=3037","url_meta":{"origin":877,"position":3},"title":"Foto da vedere","author":"Rufus","date":"29\/04\/2013","format":false,"excerpt":"Di solito non parlo di fotografia sul blog (credo di averne parlato solo una volta,\u00a0in nezzo alle \"liste\" del 2012) ma una segnalazione di The Atlantic mi ha portato a esplorare i Sony World Photography Awards per il 2013, dove ho trovato un paio di belle cose. La foto qui\u2026","rel":"","context":"In &quot;Coordinate&quot;","block_context":{"text":"Coordinate","link":"http:\/\/www.robertosedda.it\/?cat=52"},"img":{"alt_text":"","src":"https:\/\/i0.wp.com\/www.robertosedda.it\/wp-content\/uploads\/2013\/04\/s01_gjestva1.jpg?fit=991%2C716&resize=350%2C200","width":350,"height":200,"srcset":"https:\/\/i0.wp.com\/www.robertosedda.it\/wp-content\/uploads\/2013\/04\/s01_gjestva1.jpg?fit=991%2C716&resize=350%2C200 1x, https:\/\/i0.wp.com\/www.robertosedda.it\/wp-content\/uploads\/2013\/04\/s01_gjestva1.jpg?fit=991%2C716&resize=700%2C400 2x"},"classes":[]},{"id":17113,"url":"http:\/\/www.robertosedda.it\/?p=17113","url_meta":{"origin":877,"position":4},"title":"Beati loro","author":"Rufus","date":"31\/08\/2019","format":false,"excerpt":"Ho molta invidia per quelli, come il mio amico Mauro Scalco, che sono esperti di bird watching e fanno bellissime foto di uccelli, cose che io ormai nella vita temo non riuscir\u00f2 mai a fare. Con un senso di invidia ancora pi\u00f9 grande ho letto il servizio di My Modern\u2026","rel":"","context":"In &quot;Coordinate&quot;","block_context":{"text":"Coordinate","link":"http:\/\/www.robertosedda.it\/?cat=52"},"img":{"alt_text":"","src":"https:\/\/i0.wp.com\/www.robertosedda.it\/wp-content\/uploads\/2019\/09\/Pellicano-europeo.jpg?fit=1200%2C750&resize=350%2C200","width":350,"height":200,"srcset":"https:\/\/i0.wp.com\/www.robertosedda.it\/wp-content\/uploads\/2019\/09\/Pellicano-europeo.jpg?fit=1200%2C750&resize=350%2C200 1x, https:\/\/i0.wp.com\/www.robertosedda.it\/wp-content\/uploads\/2019\/09\/Pellicano-europeo.jpg?fit=1200%2C750&resize=700%2C400 2x, https:\/\/i0.wp.com\/www.robertosedda.it\/wp-content\/uploads\/2019\/09\/Pellicano-europeo.jpg?fit=1200%2C750&resize=1050%2C600 3x"},"classes":[]},{"id":17487,"url":"http:\/\/www.robertosedda.it\/?p=17487","url_meta":{"origin":877,"position":5},"title":"Fotogiornalismo da non perdere","author":"Rufus","date":"05\/11\/2019","format":false,"excerpt":"Nel mio recente giro per l'interno della Sardegna, in uno dei momenti nei quali Google Maps non mi portava fuori strada, sono andato a Gavoi. Volevamo vedere la mostra World Press Photo Exhibition 2019, l'esibizione delle foto scattate dai finalisti di uno dei pi\u00f9 importanti concorsi di reportage fotografici al\u2026","rel":"","context":"In &quot;Coordinate&quot;","block_context":{"text":"Coordinate","link":"http:\/\/www.robertosedda.it\/?cat=52"},"img":{"alt_text":"","src":"https:\/\/i0.wp.com\/www.robertosedda.it\/wp-content\/uploads\/2019\/11\/WPF-Gavoi.png?fit=1182%2C857&resize=350%2C200","width":350,"height":200,"srcset":"https:\/\/i0.wp.com\/www.robertosedda.it\/wp-content\/uploads\/2019\/11\/WPF-Gavoi.png?fit=1182%2C857&resize=350%2C200 1x, https:\/\/i0.wp.com\/www.robertosedda.it\/wp-content\/uploads\/2019\/11\/WPF-Gavoi.png?fit=1182%2C857&resize=700%2C400 2x, https:\/\/i0.wp.com\/www.robertosedda.it\/wp-content\/uploads\/2019\/11\/WPF-Gavoi.png?fit=1182%2C857&resize=1050%2C600 3x"},"classes":[]}],"_links":{"self":[{"href":"http:\/\/www.robertosedda.it\/index.php?rest_route=\/wp\/v2\/posts\/877"}],"collection":[{"href":"http:\/\/www.robertosedda.it\/index.php?rest_route=\/wp\/v2\/posts"}],"about":[{"href":"http:\/\/www.robertosedda.it\/index.php?rest_route=\/wp\/v2\/types\/post"}],"author":[{"embeddable":true,"href":"http:\/\/www.robertosedda.it\/index.php?rest_route=\/wp\/v2\/users\/1"}],"replies":[{"embeddable":true,"href":"http:\/\/www.robertosedda.it\/index.php?rest_route=%2Fwp%2Fv2%2Fcomments&post=877"}],"version-history":[{"count":8,"href":"http:\/\/www.robertosedda.it\/index.php?rest_route=\/wp\/v2\/posts\/877\/revisions"}],"predecessor-version":[{"id":1300,"href":"http:\/\/www.robertosedda.it\/index.php?rest_route=\/wp\/v2\/posts\/877\/revisions\/1300"}],"wp:attachment":[{"href":"http:\/\/www.robertosedda.it\/index.php?rest_route=%2Fwp%2Fv2%2Fmedia&parent=877"}],"wp:term":[{"taxonomy":"category","embeddable":true,"href":"http:\/\/www.robertosedda.it\/index.php?rest_route=%2Fwp%2Fv2%2Fcategories&post=877"},{"taxonomy":"post_tag","embeddable":true,"href":"http:\/\/www.robertosedda.it\/index.php?rest_route=%2Fwp%2Fv2%2Ftags&post=877"}],"curies":[{"name":"wp","href":"https:\/\/api.w.org\/{rel}","templated":true}]}}