{"id":8762,"date":"2014-10-27T14:22:27","date_gmt":"2014-10-27T13:22:27","guid":{"rendered":"http:\/\/www.robertosedda.it\/?p=8762"},"modified":"2016-10-25T14:03:02","modified_gmt":"2016-10-25T12:03:02","slug":"breve-nota-su-suor-cristina-teologia-inside","status":"publish","type":"post","link":"http:\/\/www.robertosedda.it\/?p=8762","title":{"rendered":"Breve nota su suor Cristina (teologia inside)"},"content":{"rendered":"<p>All&#8217;epoca di <em>The Voice<\/em> avevo perso l&#8217;occasione di commentare suor Cristina e credevo che, trattandosi di un effimero fenomeno mediatico, l&#8217;occasione non si sarebbe ripresentata.<\/p>\n<p><a href=\"https:\/\/i0.wp.com\/www.robertosedda.it\/wp-content\/uploads\/2014\/10\/Suor-Cristina.jpg\"><img data-attachment-id=\"8767\" data-permalink=\"http:\/\/www.robertosedda.it\/?attachment_id=8767\" data-orig-file=\"https:\/\/i0.wp.com\/www.robertosedda.it\/wp-content\/uploads\/2014\/10\/Suor-Cristina.jpg?fit=800%2C547\" data-orig-size=\"800,547\" data-comments-opened=\"1\" data-image-meta=\"{&quot;aperture&quot;:&quot;0&quot;,&quot;credit&quot;:&quot;AFP\\\/Getty Images&quot;,&quot;camera&quot;:&quot;&quot;,&quot;caption&quot;:&quot;Sister Cristina Scuccia reacts after winning  the Italian State RAI TV program&#039;s final \\&quot;The Voice of Italy\\&quot; in Milan on June 6, 2014. The 25-year-old nun Cristina won the talent show thanks to her habit-clad performances but also by having  on her side the critics, who say her popularity stems from novelty value.  AFP PHOTO\\\/Marco BERTORELLO        (Photo credit should read MARCO BERTORELLO\\\/AFP\\\/Getty Images)&quot;,&quot;created_timestamp&quot;:&quot;0&quot;,&quot;copyright&quot;:&quot;&quot;,&quot;focal_length&quot;:&quot;0&quot;,&quot;iso&quot;:&quot;0&quot;,&quot;shutter_speed&quot;:&quot;0&quot;,&quot;title&quot;:&quot;ITA-MUSIC-TV-VOICE&quot;,&quot;orientation&quot;:&quot;0&quot;}\" data-image-title=\"ITA-MUSIC-TV-VOICE\" data-image-description=\"&lt;p&gt;Sister Cristina Scuccia reacts after winning  the Italian State RAI TV program&#8217;s final &#8220;The Voice of Italy&#8221; in Milan on June 6, 2014. The 25-year-old nun Cristina won the talent show thanks to her habit-clad performances but also by having  on her side the critics, who say her popularity stems from novelty value.  AFP PHOTO\/Marco BERTORELLO        (Photo credit should read MARCO BERTORELLO\/AFP\/Getty Images)&lt;\/p&gt;\n\" data-image-caption=\"\" data-medium-file=\"https:\/\/i0.wp.com\/www.robertosedda.it\/wp-content\/uploads\/2014\/10\/Suor-Cristina.jpg?fit=300%2C205\" data-large-file=\"https:\/\/i0.wp.com\/www.robertosedda.it\/wp-content\/uploads\/2014\/10\/Suor-Cristina.jpg?fit=510%2C348\" decoding=\"async\" loading=\"lazy\" class=\"aligncenter size-full wp-image-8767\" src=\"https:\/\/i0.wp.com\/www.robertosedda.it\/wp-content\/uploads\/2014\/10\/Suor-Cristina.jpg?resize=800%2C547\" alt=\"ITA-MUSIC-TV-VOICE\" width=\"800\" height=\"547\" srcset=\"https:\/\/i0.wp.com\/www.robertosedda.it\/wp-content\/uploads\/2014\/10\/Suor-Cristina.jpg?w=800 800w, https:\/\/i0.wp.com\/www.robertosedda.it\/wp-content\/uploads\/2014\/10\/Suor-Cristina.jpg?resize=150%2C102 150w, https:\/\/i0.wp.com\/www.robertosedda.it\/wp-content\/uploads\/2014\/10\/Suor-Cristina.jpg?resize=300%2C205 300w, https:\/\/i0.wp.com\/www.robertosedda.it\/wp-content\/uploads\/2014\/10\/Suor-Cristina.jpg?resize=510%2C348 510w, https:\/\/i0.wp.com\/www.robertosedda.it\/wp-content\/uploads\/2014\/10\/Suor-Cristina.jpg?resize=700%2C478 700w, https:\/\/i0.wp.com\/www.robertosedda.it\/wp-content\/uploads\/2014\/10\/Suor-Cristina.jpg?resize=50%2C34 50w\" sizes=\"(max-width: 800px) 100vw, 800px\" data-recalc-dims=\"1\" \/><\/a>Invece non bisogna mai dire mai e vedi che la suora Orsolina ricompare sui <em>media<\/em>.<\/p>\n<p>Colgo quindi l&#8217;occasione per annotare qui un pensiero. Sto rileggendo la <a href=\"http:\/\/www.vatican.va\/archive\/hist_councils\/ii_vatican_council\/documents\/vat-ii_const_19651207_gaudium-et-spes_it.html\"><em>Gaudium et Spes<\/em><\/a>, il documento del Concilio Vaticano II sulla Chiesa nel mondo contemporaneo e ho anche iniziato a seguire un ciclo di incontri di presentazione del documento. \u00c8 evidente che con la <em>Gaudium et Spes<\/em> la Chiesa cattolica sceglie di accettare la modernit\u00e0 e di viverla come sfida (il grassetto \u00e8 mio)<\/p>\n<blockquote><p>Il popolo di Dio, mosso dalla fede con cui crede di essere condotto dallo Spirito del Signore che riempie l&#8217;universo, cerca di discernere negli avvenimenti, nelle richieste e nelle aspirazioni, <strong>cui prende parte insieme con gli altri uomini del nostro tempo<\/strong>, quali siano i veri segni della presenza o del disegno di Dio. La fede infatti tutto rischiara di una luce nuova, e svela le intenzioni di Dio sulla vocazione integrale dell&#8217;uomo, orientando cos\u00ec lo spirito verso soluzioni pienamente umane (GS 11).<\/p><\/blockquote>\n<p>una posizione molto differente da altre posizioni cristiane, che vanno dalla acquiescenza passiva alla negazione totale.<\/p>\n<p>Negli ultimi anni, per\u00f2, l&#8217;idea che sia necessario incarnare la fede <em>dentro l<\/em>a modernit\u00e0, in una condizione potenzialmente scomoda e comunque sfidante, ha lasciato sempre pi\u00f9 il posto al rimpianto dei tempi passati, alla tentazione che si possa semplicemente negare le nuove condizioni storiche e al tentativo di ricrearle artificialmente.<\/p>\n<p>\u00c8 una condizione che aveva gi\u00e0 sperimentato il popolo d&#8217;Israele nel deserto, quando si era trovato a rimpiangere la schiavit\u00f9 del Faraone<\/p>\n<blockquote><p>Gli Israeliti ripresero a lamentarsi e a dire: \u00abChi ci potr\u00e0 dare carne da mangiare? Ci ricordiamo dei pesci che mangiavamo in Egitto gratuitamente, dei cocomeri, dei meloni, dei porri, delle cipolle e dell&#8217;aglio. Ora la nostra vita inaridisce; non c&#8217;\u00e8 pi\u00f9 nulla, i nostri occhi non vedono altro che questa manna\u00bb (Num 11, 4-6).<\/p><\/blockquote>\n<p>C&#8217;\u00e8 un filo sottile ma preciso che unisce la benevolenza verso gli atei devoti,\u00a0la difesa dei\u00a0&#8220;valori non negoziabili&#8221; legata solo alle\u00a0alleanze politiche, l&#8217;enfasi con cui sono accolti nelle comunit\u00e0 esempi di &#8220;convertiti&#8221; come Claudia Koll (1) (secondo una logica survivalista tipica del fondamentalismo americano, che \u00e8 antimoderno per definizione) e suor Cristina: vederla in TV rassicura perch\u00e9 dimostra che ci sono ancora suore, per fortuna, e che i simboli della fede (il velo, la recita del Padre Nostro collettiva) non solo hanno ancora diritto di cittadinanza ma possono perfino trionfare.\u00a0<em>Non prevalebunt<\/em>, appunto, come nella Chiesa preconciliare.<\/p>\n<p><a href=\"https:\/\/i0.wp.com\/www.robertosedda.it\/wp-content\/uploads\/2014\/10\/Suor-Cristina-Koll.jpg\"><img data-attachment-id=\"8768\" data-permalink=\"http:\/\/www.robertosedda.it\/?attachment_id=8768\" data-orig-file=\"https:\/\/i0.wp.com\/www.robertosedda.it\/wp-content\/uploads\/2014\/10\/Suor-Cristina-Koll.jpg?fit=1196%2C787\" data-orig-size=\"1196,787\" data-comments-opened=\"1\" data-image-meta=\"{&quot;aperture&quot;:&quot;0&quot;,&quot;credit&quot;:&quot;&quot;,&quot;camera&quot;:&quot;&quot;,&quot;caption&quot;:&quot;&quot;,&quot;created_timestamp&quot;:&quot;0&quot;,&quot;copyright&quot;:&quot;&quot;,&quot;focal_length&quot;:&quot;0&quot;,&quot;iso&quot;:&quot;0&quot;,&quot;shutter_speed&quot;:&quot;0&quot;,&quot;title&quot;:&quot;&quot;,&quot;orientation&quot;:&quot;0&quot;}\" data-image-title=\"Suor Cristina Koll\" data-image-description=\"\" data-image-caption=\"\" data-medium-file=\"https:\/\/i0.wp.com\/www.robertosedda.it\/wp-content\/uploads\/2014\/10\/Suor-Cristina-Koll.jpg?fit=300%2C197\" data-large-file=\"https:\/\/i0.wp.com\/www.robertosedda.it\/wp-content\/uploads\/2014\/10\/Suor-Cristina-Koll.jpg?fit=510%2C335\" decoding=\"async\" loading=\"lazy\" class=\"aligncenter size-full wp-image-8768\" src=\"https:\/\/i0.wp.com\/www.robertosedda.it\/wp-content\/uploads\/2014\/10\/Suor-Cristina-Koll.jpg?resize=800%2C526\" alt=\"Suor Cristina Koll\" width=\"800\" height=\"526\" srcset=\"https:\/\/i0.wp.com\/www.robertosedda.it\/wp-content\/uploads\/2014\/10\/Suor-Cristina-Koll.jpg?w=1196 1196w, https:\/\/i0.wp.com\/www.robertosedda.it\/wp-content\/uploads\/2014\/10\/Suor-Cristina-Koll.jpg?resize=150%2C98 150w, https:\/\/i0.wp.com\/www.robertosedda.it\/wp-content\/uploads\/2014\/10\/Suor-Cristina-Koll.jpg?resize=300%2C197 300w, https:\/\/i0.wp.com\/www.robertosedda.it\/wp-content\/uploads\/2014\/10\/Suor-Cristina-Koll.jpg?resize=510%2C335 510w, https:\/\/i0.wp.com\/www.robertosedda.it\/wp-content\/uploads\/2014\/10\/Suor-Cristina-Koll.jpg?resize=700%2C460 700w, https:\/\/i0.wp.com\/www.robertosedda.it\/wp-content\/uploads\/2014\/10\/Suor-Cristina-Koll.jpg?resize=50%2C32 50w\" sizes=\"(max-width: 800px) 100vw, 800px\" data-recalc-dims=\"1\" \/><\/a>Capito questo, pensavo che Suor Cristina, al pari di altre bizzarrie mediatiche, sarebbe ben presto scomparsa nel grande tritatutto televisivo, salvo magari continuare a essere invitata in qualche sperduto\u00a0<em>meeting<\/em>\u00a0giovanile di provincia. Invece&#8230;<\/p>\n<p>Devo dire che la suor Cristina di <em>Like a virgin<\/em> mi piace di pi\u00f9 di quella di\u00a0<em>The Voice<\/em>, se non altro perch\u00e9\u00a0sembra pi\u00f9 spiritosa; direi quasi pi\u00f9 raffinata, se non fosse che anche l&#8217;operazione di\u00a0<em>The Voice<\/em> era condotta benissimo (del resto presiedeva la Carr\u00e0, che \u00e8 un genio del nazionalpopolare), considerando anche che di questi tempi, come in quelli del\u00a0<em>Johnny Mnemonico<\/em>, non \u00e8 facile capire la differenza fra ingenuit\u00e0 e raffinatezza<\/p>\n<blockquote><p>se ti credono rozzo, fai il raffinato; se ti credono raffinato, mostrati rozzo. Io sono molto raffinato. Perci\u00f2 decisi di sembrare il pi\u00f9 rozzo possibile. Di questi tempi, poi, uno deve essere piuttosto raffinato prima di poter anche aspirare alla grossolanit\u00e0<\/p><\/blockquote>\n<p>e quindi magari la suora era molto pi\u00f9 raffinata allora di adesso.<\/p>\n<figure id=\"attachment_8769\" aria-describedby=\"caption-attachment-8769\" style=\"width: 510px\" class=\"wp-caption alignright\"><a href=\"https:\/\/i0.wp.com\/www.robertosedda.it\/wp-content\/uploads\/2014\/10\/Conchita-suor-Cristina.jpeg\"><img data-attachment-id=\"8769\" data-permalink=\"http:\/\/www.robertosedda.it\/?attachment_id=8769\" data-orig-file=\"https:\/\/i0.wp.com\/www.robertosedda.it\/wp-content\/uploads\/2014\/10\/Conchita-suor-Cristina.jpeg?fit=640%2C480\" data-orig-size=\"640,480\" data-comments-opened=\"1\" data-image-meta=\"{&quot;aperture&quot;:&quot;0&quot;,&quot;credit&quot;:&quot;&quot;,&quot;camera&quot;:&quot;&quot;,&quot;caption&quot;:&quot;&quot;,&quot;created_timestamp&quot;:&quot;0&quot;,&quot;copyright&quot;:&quot;&quot;,&quot;focal_length&quot;:&quot;0&quot;,&quot;iso&quot;:&quot;0&quot;,&quot;shutter_speed&quot;:&quot;0&quot;,&quot;title&quot;:&quot;&quot;,&quot;orientation&quot;:&quot;0&quot;}\" data-image-title=\"Conchita suor Cristina\" data-image-description=\"\" data-image-caption=\"\" data-medium-file=\"https:\/\/i0.wp.com\/www.robertosedda.it\/wp-content\/uploads\/2014\/10\/Conchita-suor-Cristina.jpeg?fit=300%2C225\" data-large-file=\"https:\/\/i0.wp.com\/www.robertosedda.it\/wp-content\/uploads\/2014\/10\/Conchita-suor-Cristina.jpeg?fit=510%2C382\" decoding=\"async\" loading=\"lazy\" class=\"wp-image-8769 size-large\" src=\"https:\/\/i0.wp.com\/www.robertosedda.it\/wp-content\/uploads\/2014\/10\/Conchita-suor-Cristina.jpeg?resize=510%2C382\" alt=\"Conchita suor Cristina\" width=\"510\" height=\"382\" srcset=\"https:\/\/i0.wp.com\/www.robertosedda.it\/wp-content\/uploads\/2014\/10\/Conchita-suor-Cristina.jpeg?resize=510%2C382 510w, https:\/\/i0.wp.com\/www.robertosedda.it\/wp-content\/uploads\/2014\/10\/Conchita-suor-Cristina.jpeg?resize=150%2C112 150w, https:\/\/i0.wp.com\/www.robertosedda.it\/wp-content\/uploads\/2014\/10\/Conchita-suor-Cristina.jpeg?resize=300%2C225 300w, https:\/\/i0.wp.com\/www.robertosedda.it\/wp-content\/uploads\/2014\/10\/Conchita-suor-Cristina.jpeg?resize=268%2C200 268w, https:\/\/i0.wp.com\/www.robertosedda.it\/wp-content\/uploads\/2014\/10\/Conchita-suor-Cristina.jpeg?resize=50%2C37 50w, https:\/\/i0.wp.com\/www.robertosedda.it\/wp-content\/uploads\/2014\/10\/Conchita-suor-Cristina.jpeg?w=640 640w\" sizes=\"(max-width: 510px) 100vw, 510px\" data-recalc-dims=\"1\" \/><\/a><figcaption id=\"caption-attachment-8769\" class=\"wp-caption-text\">C&#8217;\u00e8 Conchita ma anche suor Cristina: possiamo stare tranquilli<\/figcaption><\/figure>\n<p>Il che, a pensarci bene, \u00e8\u00a0<em>esattamente<\/em> il motivo che dimostra perch\u00e9 l&#8217;idea che la suora possa fare evangelizzazione stando\u00a0<em>dentro<\/em> il sistema mediatico non funziona: perch\u00e9 le regole di ingaggio non permettono mai di capire, sostanzialmente, se uno ci fa o c&#8217;\u00e8, e quindi non si pu\u00f2 mai dire se Suor Cristina \u00e8 un fenomeno costruito a tavolino oppure un tentativo autentico, per quanto mal indirizzato.<\/p>\n<p>\u00c8 un tipo di ambiguit\u00e0 che vale anche per lo stile di evangelizzazione scelto,\u00a0considerato che questo \u00e8 l&#8217;obiettivo dichiarato. Dice ancora la\u00a0<em>Gaudium et Spes<\/em><\/p>\n<blockquote><p>Le gioie e le speranze, le tristezze e le angosce degli uomini d&#8217;oggi, dei poveri soprattutto e di tutti coloro che soffrono, sono pure le gioie e le speranze, le tristezze e le angosce dei discepoli di Cristo, e nulla Vi \u00e8 di genuinamente umano che non trovi eco nel loro cuore.<\/p>\n<p>La loro comunit\u00e0, infatti, \u00e8 composta di uomini i quali, riuniti insieme nel Cristo, sono guidati dallo Spirito Santo nel loro pellegrinaggio verso il regno del Padre, ed hanno ricevuto un messaggio di salvezza da proporre a tutti.<\/p>\n<p>Perci\u00f2 la comunit\u00e0 dei cristiani si sente realmente e intimamente solidale con il genere umano e con la sua storia (GS 1).<\/p><\/blockquote>\n<p>La posizione \u00e8 quella di riconoscersi famiglia umana dentro la famiglia umana globale, e perci\u00f2 necessariamente solidali con tutti gli uomini \u00a0e le donne del pianeta. Il che non comporta, necessariamente, essere solidali con tutti gli stili di vita e le cose che gli uomini fanno: Cristo andava a mangiare coi pubblicani, ma non praticava lo strozzinaggio, per dire.<\/p>\n<p>Se uno, poniamo, di mestiere lavora in TV, fa il cantante, eccetera, cercher\u00e0 di farlo rimanendo solidale a coloro che incontra e fedele al Cristo che lo guida alla salvezza: ma da nessuna parte c&#8217;\u00e8 scritto che uno\u00a0<em>deve<\/em> andare in TV a cantare in un programma come <em>The Voice\u00a0<\/em>se il suo mestiere \u00e8 un altro. Altrimenti il rischio \u00e8 quello da cui mette in guardia Paolo VI nella\u00a0<em>Evangelii Nuntiandi <\/em>(i grassetti sono miei)<\/p>\n<blockquote><p>Si potrebbe esprimere tutto ci\u00f2 dicendo cos\u00ec: occorre evangelizzare &#8211; <strong>non in maniera decorativa, a somiglianza di vernice superficiale<\/strong>, ma in modo vitale, in profondit\u00e0 e fino alle radici &#8211; la cultura e le culture dell&#8217;uomo, nel senso ricco ed esteso che questi termini hanno nella Costituzione \u00abGaudium et Spes\u00bb (50), partendo sempre dalla persona e tornando sempre ai rapporti delle persone tra loro e con Dio.<\/p>\n<p>Il Vangelo, e quindi l&#8217;evangelizzazione, non si identificano certo con la cultura, e sono indipendenti rispetto a tutte le culture, Tuttavia il Regno, che il Vangelo annunzia, \u00e8 vissuto da uomini profondamente legati a una cultura, e la costruzione del Regno non pu\u00f2 non avvalersi degli elementi della cultura e delle culture umane. Indipendenti di fronte alle culture, il Vangelo e l&#8217;evangelizzazione non sono necessariamente incompatibili con esse, ma capaci di impregnarle tutte, <strong>senza asservirsi ad alcuna<\/strong>.<\/p><\/blockquote>\n<p>Ognuno valuter\u00e0 a livello personale, naturalmente, ma a me il problema non sembra stabilire se la suora che fa pregare il Padre Nostro sia pi\u00f9 coerente con quella che canta\u00a0<em>Like a virgin<\/em> (sono pronto a \u00a0scommettere che molti che la criticano non hanno minimamente letto il testo), ma piuttosto se\u00a0la sua evangelizzazione vada in profondit\u00e0 o sia \u00aba somiglianza di vernice superficiale\u00bb.<\/p>\n<p>La mia opinione mi pare si intuisca.<\/p>\n<p>(1) Non \u00e8 in questione qui, ovviamente, la profondit\u00e0 e la sincerit\u00e0 della fede personale della signora Koll, che oltretutto mi \u00e8 molto simpatica: \u00e8 il modo con cui la sua testimonianza viene proposta e recepita nelle comunit\u00e0 cristiane che ha un senso marcatamente anti-moderno.<\/p>\n","protected":false},"excerpt":{"rendered":"<p>All&#8217;epoca di The Voice avevo perso l&#8217;occasione di commentare suor Cristina e credevo che, trattandosi di un effimero fenomeno mediatico,<\/p>\n","protected":false},"author":1,"featured_media":8767,"comment_status":"open","ping_status":"open","sticky":false,"template":"","format":"standard","meta":{"_mi_skip_tracking":false,"_monsterinsights_sitenote_active":false,"_monsterinsights_sitenote_note":"","_monsterinsights_sitenote_category":0,"jetpack_post_was_ever_published":false,"_jetpack_newsletter_access":"","jetpack_publicize_message":"","jetpack_is_tweetstorm":false,"jetpack_publicize_feature_enabled":true,"jetpack_social_post_already_shared":true,"jetpack_social_options":{"image_generator_settings":{"template":"highway","enabled":false}}},"categories":[52,54,17,62,16],"tags":[],"jetpack_publicize_connections":[],"jetpack_featured_media_url":"https:\/\/i0.wp.com\/www.robertosedda.it\/wp-content\/uploads\/2014\/10\/Suor-Cristina.jpg?fit=800%2C547","jetpack_sharing_enabled":true,"jetpack_shortlink":"https:\/\/wp.me\/p4jV2T-2hk","jetpack_likes_enabled":true,"jetpack-related-posts":[{"id":587,"url":"http:\/\/www.robertosedda.it\/?p=587","url_meta":{"origin":8762,"position":0},"title":"Per la pace","author":"Rufus","date":"22\/08\/2012","format":false,"excerpt":"Mentre oggi si celebra\u00a0la Giornata\u00a0Internazionale per la Pace indetta dall\u2019ONU, i giovani di AC si preparano per l\u2019incontro di Assisi del 24 settembre \u2013 in contemporanea con altri quattromila giovani che poco lontano, a Bastia Umbra, il 23 e il 24 animeranno un Meeting per la Pace. Nella citt\u00e0 umbra\u2026","rel":"","context":"In &quot;Coordinate&quot;","block_context":{"text":"Coordinate","link":"http:\/\/www.robertosedda.it\/?cat=52"},"img":{"alt_text":"","src":"","width":0,"height":0},"classes":[]},{"id":4605,"url":"http:\/\/www.robertosedda.it\/?p=4605","url_meta":{"origin":8762,"position":1},"title":"Le foto di Firenze","author":"Rufus","date":"10\/10\/2013","format":"gallery","excerpt":"Queste sono tutte le foto che ho fatto a Firenze. Le raccolgo tutte\u00a0qui per comodit\u00e0 della Fondazione e di chi ha partecipato al I ritrovo nazionale di associazioni, gruppi, circoli nel nome di Giorgio La Pira Spes contra spem, oltre che di Grazia e Alberto, che della raccolta sono i\u2026","rel":"","context":"In &quot;Coordinate&quot;","block_context":{"text":"Coordinate","link":"http:\/\/www.robertosedda.it\/?cat=52"},"img":{"alt_text":"","src":"https:\/\/i0.wp.com\/www.robertosedda.it\/wp-content\/uploads\/2013\/10\/Alberto-e-Grazia-La-Pira-aereoporto-2.jpg?resize=350%2C200","width":350,"height":200},"classes":[]},{"id":5008,"url":"http:\/\/www.robertosedda.it\/?p=5008","url_meta":{"origin":8762,"position":2},"title":"Con la stessa passione dei bambini","author":"Rufus","date":"13\/11\/2013","format":false,"excerpt":"Ieri sono andato alla Messa in occasione del diciannovesimo anniversario dell'ordinazione di don Giulio Madeddu. Al momento della colletta (la preghiera che il sacerdote pronuncia fra i riti di ingresso e la liturgia della Parola, per predisporre l'assemblea ormai costituita all'ascolto), Giulio ha letto ad alta voce il testo, rubricato\u2026","rel":"","context":"In &quot;Coordinate&quot;","block_context":{"text":"Coordinate","link":"http:\/\/www.robertosedda.it\/?cat=52"},"img":{"alt_text":"","src":"","width":0,"height":0},"classes":[]},{"id":10956,"url":"http:\/\/www.robertosedda.it\/?p=10956","url_meta":{"origin":8762,"position":3},"title":"Esegesi estemporanea della contabilit\u00e0","author":"Rufus","date":"06\/10\/2015","format":false,"excerpt":"Il fatto che in un municipio che fu a suo tempo dedicato a Ges\u00f9 Cristo Re venga esaltato chi ha fatto pratica costante di ateismo ed \u00e8 stato sepolto senza rito religioso, ci sembra una grave contraddizione e un pessimo esempio, esaltando la figura di un nemico di Cristo che,\u2026","rel":"","context":"In &quot;Coordinate&quot;","block_context":{"text":"Coordinate","link":"http:\/\/www.robertosedda.it\/?cat=52"},"img":{"alt_text":"","src":"https:\/\/i0.wp.com\/www.robertosedda.it\/wp-content\/uploads\/2015\/10\/Luigi_Gedda.jpg?resize=350%2C200","width":350,"height":200},"classes":[]},{"id":16589,"url":"http:\/\/www.robertosedda.it\/?p=16589","url_meta":{"origin":8762,"position":4},"title":"Orgoglio e pregiudizio","author":"Rufus","date":"18\/04\/2019","format":false,"excerpt":"Contrariamente a quel che potete pensare questo articolo non parler\u00e0 del libro di Jane Austen o di caparbie eroine inglesi e di nobiluomini dal temperamento focoso. Parler\u00e0 invece di testi evangelici, di teologia, di tedeschi algidi e di principi della Chiesa piuttosto sviati. Ho letto infatti l'altro giorno il testo\u2026","rel":"","context":"In &quot;Coordinate&quot;","block_context":{"text":"Coordinate","link":"http:\/\/www.robertosedda.it\/?cat=52"},"img":{"alt_text":"","src":"https:\/\/i0.wp.com\/www.robertosedda.it\/wp-content\/uploads\/2019\/04\/Ratzinger-3.jpg?fit=750%2C505&resize=350%2C200","width":350,"height":200,"srcset":"https:\/\/i0.wp.com\/www.robertosedda.it\/wp-content\/uploads\/2019\/04\/Ratzinger-3.jpg?fit=750%2C505&resize=350%2C200 1x, https:\/\/i0.wp.com\/www.robertosedda.it\/wp-content\/uploads\/2019\/04\/Ratzinger-3.jpg?fit=750%2C505&resize=700%2C400 2x"},"classes":[]},{"id":8717,"url":"http:\/\/www.robertosedda.it\/?p=8717","url_meta":{"origin":8762,"position":5},"title":"Quel che succede quando ti capita di sposarti","author":"Rufus","date":"20\/10\/2014","format":false,"excerpt":"Oggi \u00e8 il nostro anniversario di matrimonio (sono tredici anni, di gi\u00e0). E cos\u00ec l'altro giorno mi sono tornate in mente, all'improvviso, un po' di cose capitate all'epoca del matrimonio. Ci avevo perfino elaborato sopra una teoria, ai tempi, detta degli sposi come fornitori di servizi. Mi sembra l'occasione buona\u2026","rel":"","context":"In &quot;Coordinate&quot;","block_context":{"text":"Coordinate","link":"http:\/\/www.robertosedda.it\/?cat=52"},"img":{"alt_text":"","src":"https:\/\/i0.wp.com\/www.robertosedda.it\/wp-content\/uploads\/2014\/10\/Matrimonio001.jpg?fit=373%2C568&resize=350%2C200","width":350,"height":200},"classes":[]}],"_links":{"self":[{"href":"http:\/\/www.robertosedda.it\/index.php?rest_route=\/wp\/v2\/posts\/8762"}],"collection":[{"href":"http:\/\/www.robertosedda.it\/index.php?rest_route=\/wp\/v2\/posts"}],"about":[{"href":"http:\/\/www.robertosedda.it\/index.php?rest_route=\/wp\/v2\/types\/post"}],"author":[{"embeddable":true,"href":"http:\/\/www.robertosedda.it\/index.php?rest_route=\/wp\/v2\/users\/1"}],"replies":[{"embeddable":true,"href":"http:\/\/www.robertosedda.it\/index.php?rest_route=%2Fwp%2Fv2%2Fcomments&post=8762"}],"version-history":[{"count":7,"href":"http:\/\/www.robertosedda.it\/index.php?rest_route=\/wp\/v2\/posts\/8762\/revisions"}],"predecessor-version":[{"id":12714,"href":"http:\/\/www.robertosedda.it\/index.php?rest_route=\/wp\/v2\/posts\/8762\/revisions\/12714"}],"wp:featuredmedia":[{"embeddable":true,"href":"http:\/\/www.robertosedda.it\/index.php?rest_route=\/wp\/v2\/media\/8767"}],"wp:attachment":[{"href":"http:\/\/www.robertosedda.it\/index.php?rest_route=%2Fwp%2Fv2%2Fmedia&parent=8762"}],"wp:term":[{"taxonomy":"category","embeddable":true,"href":"http:\/\/www.robertosedda.it\/index.php?rest_route=%2Fwp%2Fv2%2Fcategories&post=8762"},{"taxonomy":"post_tag","embeddable":true,"href":"http:\/\/www.robertosedda.it\/index.php?rest_route=%2Fwp%2Fv2%2Ftags&post=8762"}],"curies":[{"name":"wp","href":"https:\/\/api.w.org\/{rel}","templated":true}]}}