{"id":8620,"date":"2014-10-10T13:30:09","date_gmt":"2014-10-10T11:30:09","guid":{"rendered":"http:\/\/www.robertosedda.it\/?p=8620"},"modified":"2015-10-13T12:55:18","modified_gmt":"2015-10-13T10:55:18","slug":"linnegabile-fascino-di-dracula-il-vampiro","status":"publish","type":"post","link":"http:\/\/www.robertosedda.it\/?p=8620","title":{"rendered":"L&#8217;innegabile fascino di Dracula il vampiro"},"content":{"rendered":"<p>Ho caricato oggi la puntata di\u00a0<em>Oggi parliamo di libri<\/em> caricata a <em>Dracula<\/em> di Bram Stoker.<\/p>\n<p><a href=\"https:\/\/i0.wp.com\/www.robertosedda.it\/wp-content\/uploads\/2014\/10\/lettori.jpg\"><img data-attachment-id=\"8622\" data-permalink=\"http:\/\/www.robertosedda.it\/?attachment_id=8622\" data-orig-file=\"https:\/\/i0.wp.com\/www.robertosedda.it\/wp-content\/uploads\/2014\/10\/lettori.jpg?fit=1200%2C962\" data-orig-size=\"1200,962\" data-comments-opened=\"1\" data-image-meta=\"{&quot;aperture&quot;:&quot;0&quot;,&quot;credit&quot;:&quot;&quot;,&quot;camera&quot;:&quot;&quot;,&quot;caption&quot;:&quot;&quot;,&quot;created_timestamp&quot;:&quot;0&quot;,&quot;copyright&quot;:&quot;&quot;,&quot;focal_length&quot;:&quot;0&quot;,&quot;iso&quot;:&quot;0&quot;,&quot;shutter_speed&quot;:&quot;0&quot;,&quot;title&quot;:&quot;&quot;,&quot;orientation&quot;:&quot;0&quot;}\" data-image-title=\"lettori\" data-image-description=\"\" data-image-caption=\"\" data-medium-file=\"https:\/\/i0.wp.com\/www.robertosedda.it\/wp-content\/uploads\/2014\/10\/lettori.jpg?fit=300%2C240\" data-large-file=\"https:\/\/i0.wp.com\/www.robertosedda.it\/wp-content\/uploads\/2014\/10\/lettori.jpg?fit=510%2C408\" decoding=\"async\" loading=\"lazy\" class=\"aligncenter size-full wp-image-8622\" src=\"https:\/\/i0.wp.com\/www.robertosedda.it\/wp-content\/uploads\/2014\/10\/lettori.jpg?resize=800%2C641\" alt=\"lettori\" width=\"800\" height=\"641\" srcset=\"https:\/\/i0.wp.com\/www.robertosedda.it\/wp-content\/uploads\/2014\/10\/lettori.jpg?w=1200 1200w, https:\/\/i0.wp.com\/www.robertosedda.it\/wp-content\/uploads\/2014\/10\/lettori.jpg?resize=150%2C120 150w, https:\/\/i0.wp.com\/www.robertosedda.it\/wp-content\/uploads\/2014\/10\/lettori.jpg?resize=300%2C240 300w, https:\/\/i0.wp.com\/www.robertosedda.it\/wp-content\/uploads\/2014\/10\/lettori.jpg?resize=510%2C408 510w, https:\/\/i0.wp.com\/www.robertosedda.it\/wp-content\/uploads\/2014\/10\/lettori.jpg?resize=700%2C561 700w, https:\/\/i0.wp.com\/www.robertosedda.it\/wp-content\/uploads\/2014\/10\/lettori.jpg?resize=50%2C40 50w\" sizes=\"(max-width: 800px) 100vw, 800px\" data-recalc-dims=\"1\" \/><\/a>Avevo deciso da moltissimo tempo che se avessi fatto un ciclo di puntate dedicato alla letteratura\u00a0sentimentale e alle storie d&#8217;amore avrei incluso\u00a0<em>Dracula<\/em>: durante la puntata ho giustificato la scelta, in\u00a0parte, con il collegamento al &#8220;catalogo&#8221; austeniano <a title=\"\u201cOrgoglio e pregiudizio\u201d, finalmente!\" href=\"http:\/\/www.robertosedda.it\/?p=8601\">di cui avevo parlato nella puntata precedente<\/a>:\u00a0anche in <em>Dracula<\/em>\u00a0ci sono pi\u00f9 storie d&#8217;amore e questo sar\u00e0 vero anche per altri romanzi che tratteremo, come l&#8217;<em>Ultimo dei<\/em> <em>Mohicani<\/em>, per esempio. Questa pluralit\u00e0 di storie all&#8217;interno di una sola narrazione mi sembra interessante &#8211; certamente per me \u00e8 stata una scoperta &#8211; e mi sono ripromesso di esplorarla pi\u00f9 a fondo pi\u00f9 avanti.<\/p>\n<p>L&#8217;altro motivo del quale ho parlato nella puntata per l&#8217;inclusione di\u00a0<em>Dracula<\/em> fra le storie d&#8217;amore era la possibilit\u00e0 di accennare alla dimensione palesemente sensuale e travolgente &#8211; metafora\u00a0di una sessualit\u00e0 scatenata &#8211; che la fascinazione per il vampiro comporta, e che ha giustificato anche la scelta del brano musicale, suggeritomi da Maria Bonaria che di nuovo\u00a0ringrazio.<\/p>\n<div class=\"jetpack-video-wrapper\"><span class=\"embed-youtube\" style=\"text-align:center; display: block;\"><iframe class=\"youtube-player\" width=\"800\" height=\"450\" src=\"https:\/\/www.youtube.com\/embed\/qXcNQTa3zgs?version=3&#038;rel=1&#038;showsearch=0&#038;showinfo=1&#038;iv_load_policy=1&#038;fs=1&#038;hl=it-IT&#038;autohide=2&#038;wmode=transparent\" allowfullscreen=\"true\" style=\"border:0;\" sandbox=\"allow-scripts allow-same-origin allow-popups allow-presentation\"><\/iframe><\/span><\/div>\n<p>In Lucy tutta questa sensualit\u00e0 decade, alla fine,\u00a0quasi\u00a0in una sorta di ferinit\u00e0. In Mina,\u00a0il cui spirito nobile \u00e8 sottolineato fin troppe volte, \u00e8 una dimensione pi\u00f9 temperata e alla fine certo pi\u00f9 interessante: non sono riuscito a ritrovare sulla pagina un punto preciso che potessi citare al proposito, ma dalla lettura ho sempre tratto l&#8217;impressione che al fondo Mina sia\u00a0<em>davvero<\/em> innamorata del Conte e che l&#8217;attrazione di questi nei suoi confronti non sia puro spirito di vendetta o desiderio di asservimento, fino all&#8217;idea che in fondo quella fra Mina e il Conte sia la\u00a0<em>terza<\/em>\u00a0storia d&#8217;amore del romanzo e serva a illuminare e chiarire le altre due. Forse nella puntata non sono riuscito a dirlo bene, ecco, qui mi \u00e8 uscito con precisione.<\/p>\n<div class=\"jetpack-video-wrapper\"><span class=\"embed-youtube\" style=\"text-align:center; display: block;\"><iframe class=\"youtube-player\" width=\"800\" height=\"450\" src=\"https:\/\/www.youtube.com\/embed\/01ssceFbKuk?version=3&#038;rel=1&#038;showsearch=0&#038;showinfo=1&#038;iv_load_policy=1&#038;fs=1&#038;hl=it-IT&#038;autohide=2&#038;wmode=transparent\" allowfullscreen=\"true\" style=\"border:0;\" sandbox=\"allow-scripts allow-same-origin allow-popups allow-presentation\"><\/iframe><\/span><\/div>\n<p>Detto tutto questo, naturalmente quella conclusione che avete ascoltato nella puntata, sul fatto che il romanzo &#8220;fa pensare&#8221;, \u00e8 bolsa e moralistica e insomma, davvero non si pu\u00f2 sentire.<\/p>\n<p>Una precisazione va fatta anche sulle frasi immediatamente precedenti: forse mi sono fatto un po&#8217; trasportare perch\u00e9 non \u00e8 proprio perfettamente sostenibile che\u00a0<em>Dracula<\/em>\u00a0non abbia \u00abtab\u00f9 e infingimenti\u00bb, basti pensare\u00a0che per parlare di\u00a0sessualit\u00e0 usa la metafora del vampirismo. E anche a prescindere da quello\u00a0il romanzo rimane comunque impregnato delle convenzioni del tempo, a partire dal fatto che le donne sono per molti aspetti oggetti: la scena in cui cavallerescamente gli amici lasciano che a tagliare la testa a Lucy sia Lord Holmwood (\u00abma prego, Milord, le spetta di diritto, ma che dice! nessun disturbo, si accomodi, ecco la scure\u00bb) \u00e8 narrata per un chiaro effetto drammatico e sentimentale (<em>io ti ho amata, io devo compiere quest&#8217;atto estremo<\/em> e il lettore gi\u00f9 lacrime) ma esprime anche una visione tipica dell&#8217;epoca &#8211; ne avevo accennato a proposito de <em>I figli del capitano Grant<\/em>, ma c&#8217;\u00e8 qualcosa di simile anche nel\u00a0<em>Corsaro Nero<\/em>: ci torneremo\u00a0&#8211; oggi piuttosto debole per non dire indigesta. E rimane il fatto che Mina\u00a0<em>deve<\/em> essere salvata, quindi evidentemente per Stoker le varie opzioni sentimentali, incarnate da Jonathan e Dracula rispettivamente, non sono del tutto sullo stesso piano come ho imprudentemente affermato.<\/p>\n<p>Con tutto questo <em>Dracula<\/em> mantiene una dimensione di freschezza e di imprevedibilit\u00e0, e una capacit\u00e0 di essere\u00a0perturbante rispetto alle sicurezze borghesi, che non possono che raccomandarne la lettura che io, davvero, caldamente consiglio.<\/p>\n","protected":false},"excerpt":{"rendered":"<p>Ho caricato oggi la puntata di\u00a0Oggi parliamo di libri caricata a Dracula di Bram Stoker. Avevo deciso da moltissimo tempo<\/p>\n","protected":false},"author":1,"featured_media":0,"comment_status":"open","ping_status":"open","sticky":false,"template":"","format":"video","meta":{"_mi_skip_tracking":false,"_monsterinsights_sitenote_active":false,"_monsterinsights_sitenote_note":"","_monsterinsights_sitenote_category":0,"jetpack_post_was_ever_published":false,"_jetpack_newsletter_access":"","jetpack_publicize_message":"","jetpack_is_tweetstorm":false,"jetpack_publicize_feature_enabled":true,"jetpack_social_post_already_shared":true,"jetpack_social_options":{"image_generator_settings":{"template":"highway","enabled":false}}},"categories":[52,56,13,68,12],"tags":[],"jetpack_publicize_connections":[],"jetpack_featured_media_url":"","jetpack_sharing_enabled":true,"jetpack_shortlink":"https:\/\/wp.me\/p4jV2T-2f2","jetpack_likes_enabled":true,"jetpack-related-posts":[{"id":8792,"url":"http:\/\/www.robertosedda.it\/?p=8792","url_meta":{"origin":8620,"position":0},"title":"Storie d&#8217;amore cercansi","author":"Rufus","date":"04\/11\/2014","format":false,"excerpt":"Credo sappiate che quest'anno per\u00a0Oggi parliamo di libri\u00a0tratto libri che raccontano di grandi storie d'amore, cercando di rimanere per quanto possibile nel campo che mi \u00e8 pi\u00f9 congeniale della letteratura di genere. Sinora ho dedicato una puntata\u00a0nell'ordine a\u00a0Orgoglio e pregiudizio,\u00a0Dracula,\u00a0Romeo e Giulietta,\u00a0Il Corsaro Nero,\u00a0L'ultimo dei Mohicani,\u00a0Davide Copperfield, Grandi speranze,\u00a0L'amore ai\u2026","rel":"","context":"In &quot;Coordinate&quot;","block_context":{"text":"Coordinate","link":"http:\/\/www.robertosedda.it\/?cat=52"},"img":{"alt_text":"","src":"https:\/\/i0.wp.com\/www.robertosedda.it\/wp-content\/uploads\/2013\/12\/Peeta-Katniss.jpg?fit=500%2C500&resize=350%2C200","width":350,"height":200},"classes":[]},{"id":10175,"url":"http:\/\/www.robertosedda.it\/?p=10175","url_meta":{"origin":8620,"position":1},"title":"Camera con vista &#8211; Il romanzo","author":"Rufus","date":"05\/05\/2015","format":"video","excerpt":"Camera con vista \u00e8 da sempre uno dei film preferiti mio e di Maria Bonaria, l'avremo visto insieme una quantit\u00e0 di volte. Sino alla puntata di Oggi parliamo di libri, invece,\u00a0al contrario di Bonaria avevo frequentato molto meno il romanzo di Forster, e quindi ho affrontato la rilettura che ne\u2026","rel":"","context":"In &quot;Coordinate&quot;","block_context":{"text":"Coordinate","link":"http:\/\/www.robertosedda.it\/?cat=52"},"img":{"alt_text":"","src":"https:\/\/i0.wp.com\/img.youtube.com\/vi\/wqs7sGPV2TU\/0.jpg?resize=350%2C200","width":350,"height":200},"classes":[]},{"id":2209,"url":"http:\/\/www.robertosedda.it\/?p=2209","url_meta":{"origin":8620,"position":2},"title":"La puntata su Harry Potter","author":"Rufus","date":"12\/02\/2013","format":false,"excerpt":"Ho caricato oggi la puntata di Oggi parliamo di libri dedicata ad Harry Potter (andata in onda il 3 gennaio 2013)\u00a0. Non sono io quello pi\u00f9 in grado, ovviamente, di valutare la qualit\u00e0 della puntata, per\u00f2 devo dire che mi sono molto divertito a farla (una della volte che mi\u2026","rel":"","context":"In &quot;Coordinate&quot;","block_context":{"text":"Coordinate","link":"http:\/\/www.robertosedda.it\/?cat=52"},"img":{"alt_text":"","src":"https:\/\/i0.wp.com\/www.robertosedda.it\/wp-content\/uploads\/2018\/03\/Harry-Potter.jpg?fit=1200%2C824&resize=350%2C200","width":350,"height":200,"srcset":"https:\/\/i0.wp.com\/www.robertosedda.it\/wp-content\/uploads\/2018\/03\/Harry-Potter.jpg?fit=1200%2C824&resize=350%2C200 1x, https:\/\/i0.wp.com\/www.robertosedda.it\/wp-content\/uploads\/2018\/03\/Harry-Potter.jpg?fit=1200%2C824&resize=700%2C400 2x, https:\/\/i0.wp.com\/www.robertosedda.it\/wp-content\/uploads\/2018\/03\/Harry-Potter.jpg?fit=1200%2C824&resize=1050%2C600 3x"},"classes":[]},{"id":2512,"url":"http:\/\/www.robertosedda.it\/?p=2512","url_meta":{"origin":8620,"position":3},"title":"La storia infinita a &#8220;Oggi parliamo di libri&#8221;","author":"Rufus","date":"10\/03\/2013","format":"video","excerpt":"Ho pubblicato oggi la puntata di Oggi parliamo di libri dedicata a La storia infinita. Questa era la puntata del 21 febbraio, quindi ho quasi smaltito l'arretrato: presto sar\u00f2 in grado di pubblicare le puntate volta per volta (e voi non sarete pi\u00f9 subissati di post con le registrazioni). Sono\u2026","rel":"","context":"In &quot;Coordinate&quot;","block_context":{"text":"Coordinate","link":"http:\/\/www.robertosedda.it\/?cat=52"},"img":{"alt_text":"","src":"https:\/\/i0.wp.com\/img.youtube.com\/vi\/JBrr-FbFUew\/0.jpg?resize=350%2C200","width":350,"height":200},"classes":[]},{"id":10145,"url":"http:\/\/www.robertosedda.it\/?p=10145","url_meta":{"origin":8620,"position":4},"title":"I libretti d&#8217;opera a Oggi parliamo di libri","author":"Rufus","date":"28\/04\/2015","format":"video","excerpt":"Ho messo oggi in linea la puntata di\u00a0Oggi parliamo di libri dedicata ai libretti d'opera, una puntata un poco anomala perch\u00e9 l'argomento era in fondo abbastanza sfuggente. https:\/\/www.youtube.com\/watch?v=e48viAGu9TY Nella mia tradizione familiare - come credo in tante altre famiglie borghesi solidamente ancorate, ehm, all'Ottocento - si sono\u00a0sempre usati modi di\u2026","rel":"","context":"In &quot;Cappe e spade&quot;","block_context":{"text":"Cappe e spade","link":"http:\/\/www.robertosedda.it\/?cat=70"},"img":{"alt_text":"","src":"https:\/\/i0.wp.com\/img.youtube.com\/vi\/NxqlTQ6lT0U\/0.jpg?resize=350%2C200","width":350,"height":200},"classes":[]},{"id":10443,"url":"http:\/\/www.robertosedda.it\/?p=10443","url_meta":{"origin":8620,"position":5},"title":"Il tenero Peter e la rossa esplosiva","author":"Rufus","date":"24\/06\/2015","format":"video","excerpt":"Non so se l'avete mai intuito, ma le puntate di Oggi parliamo di libri le faccio soprattutto per me stesso. Non mi riferisco solo al fatto che fare la radio mi diverte davvero tanto, moltissimo, ma soprattutto al fatto che mentre preparo le puntate faccio continuamente delle scoperte, mi si\u2026","rel":"","context":"In &quot;Cappe e spade&quot;","block_context":{"text":"Cappe e spade","link":"http:\/\/www.robertosedda.it\/?cat=70"},"img":{"alt_text":"","src":"https:\/\/i0.wp.com\/img.youtube.com\/vi\/GwFwAupZu6Y\/0.jpg?resize=350%2C200","width":350,"height":200},"classes":[]}],"_links":{"self":[{"href":"http:\/\/www.robertosedda.it\/index.php?rest_route=\/wp\/v2\/posts\/8620"}],"collection":[{"href":"http:\/\/www.robertosedda.it\/index.php?rest_route=\/wp\/v2\/posts"}],"about":[{"href":"http:\/\/www.robertosedda.it\/index.php?rest_route=\/wp\/v2\/types\/post"}],"author":[{"embeddable":true,"href":"http:\/\/www.robertosedda.it\/index.php?rest_route=\/wp\/v2\/users\/1"}],"replies":[{"embeddable":true,"href":"http:\/\/www.robertosedda.it\/index.php?rest_route=%2Fwp%2Fv2%2Fcomments&post=8620"}],"version-history":[{"count":5,"href":"http:\/\/www.robertosedda.it\/index.php?rest_route=\/wp\/v2\/posts\/8620\/revisions"}],"predecessor-version":[{"id":11002,"href":"http:\/\/www.robertosedda.it\/index.php?rest_route=\/wp\/v2\/posts\/8620\/revisions\/11002"}],"wp:attachment":[{"href":"http:\/\/www.robertosedda.it\/index.php?rest_route=%2Fwp%2Fv2%2Fmedia&parent=8620"}],"wp:term":[{"taxonomy":"category","embeddable":true,"href":"http:\/\/www.robertosedda.it\/index.php?rest_route=%2Fwp%2Fv2%2Fcategories&post=8620"},{"taxonomy":"post_tag","embeddable":true,"href":"http:\/\/www.robertosedda.it\/index.php?rest_route=%2Fwp%2Fv2%2Ftags&post=8620"}],"curies":[{"name":"wp","href":"https:\/\/api.w.org\/{rel}","templated":true}]}}