{"id":8601,"date":"2014-10-08T17:55:51","date_gmt":"2014-10-08T15:55:51","guid":{"rendered":"http:\/\/www.robertosedda.it\/?p=8601"},"modified":"2014-10-10T13:32:26","modified_gmt":"2014-10-10T11:32:26","slug":"orgoglio-e-pregiudizio-finalmente","status":"publish","type":"post","link":"http:\/\/www.robertosedda.it\/?p=8601","title":{"rendered":"&#8220;Orgoglio e pregiudizio&#8221;, finalmente!"},"content":{"rendered":"<p>Ho cominciato a caricare su\u00a0<em>YouTube<\/em> le puntate di quest&#8217;anno di\u00a0<em>Oggi parliamo di libri<\/em>: la prima \u00e8 dedicata a\u00a0<em>Orgoglio e pregiudizio<\/em>, scelta se si vuole banale considerando che ho deciso di trattare tutti libri che presentano grandi storie d&#8217;amore o che appartengono al genere sentimentale.<\/p>\n<p>D&#8217;altra parte su <em>Oggi parliamo di libri<\/em> non ho mai avuto l&#8217;esigenza di essere originale e inoltre\u00a0anche se avevo gi\u00e0 presentato\u00a0<em>Emma<\/em> l&#8217;idea di ritornare sulla Austen mi solleticava davvero parecchio.<\/p>\n<p>Prima di fare altre considerazioni vi invito all&#8217;ascolto della puntata, della quale come al solito appena terminata la registrazione ero insoddisfattissimo e che invece al riascolto non trovo poi tanto deludente &#8211; con avvertenze.<\/p>\n<div class=\"jetpack-video-wrapper\"><span class=\"embed-youtube\" style=\"text-align:center; display: block;\"><iframe class=\"youtube-player\" width=\"800\" height=\"450\" src=\"https:\/\/www.youtube.com\/embed\/Ho45UJVAl84?version=3&#038;rel=1&#038;showsearch=0&#038;showinfo=1&#038;iv_load_policy=1&#038;fs=1&#038;hl=it-IT&#038;autohide=2&#038;wmode=transparent\" allowfullscreen=\"true\" style=\"border:0;\" sandbox=\"allow-scripts allow-same-origin allow-popups allow-presentation\"><\/iframe><\/span><\/div>\n<h2>Cadute e dimenticanze<\/h2>\n<p>Dopo l&#8217;ascolto una cosa che mi fa mangiare i gomiti dalla frustrazione \u00e8 la solita pessima pronuncia dell&#8217;inglese: se volete \u00e8 perfino divertente notare come introducendo il brano musicale io dica <em>dens<\/em> con una &#8220;e&#8221; che pi\u00f9 aperta e sguaiata non si pu\u00f2 e subito dopo la Melua pronunci la stessa parola in maniera totalmente diversa. Divertente, cio\u00e8, se non siete l&#8217;interessato, ve lo garantisco.<\/p>\n<p>Ho poi dimenticato di dire che la traduzione dell&#8217;<em>incipit<\/em> del romanzo <a href=\"http:\/\/www.jausten.it\/\">\u00e8 quella messa liberamente a disposizione da Giuseppe Ierolli sul suo sito<\/a>, insieme con quella di tutte le altre opere austeniane e con molte altre chicche che gli appassionati troveranno imperdibili. Ringrazio qui Giuseppe e colgo l&#8217;occasione per segnalare nuovamente <a href=\"http:\/\/www.jasit.it\/\">il sito della <em>Societ\u00e0 Austeniana Italiana<\/em><\/a>, della quale \u00e8 uno dei principali animatori (insieme con Gabriella Parisi, alla quale devo l&#8217;aver scoperto la Melua e che ringrazio anch&#8217;essa nuovamente).<\/p>\n<div class=\"jetpack-video-wrapper\"><span class=\"embed-youtube\" style=\"text-align:center; display: block;\"><iframe class=\"youtube-player\" width=\"800\" height=\"450\" src=\"https:\/\/www.youtube.com\/embed\/aERfvEGC3ZI?version=3&#038;rel=1&#038;showsearch=0&#038;showinfo=1&#038;iv_load_policy=1&#038;fs=1&#038;hl=it-IT&#038;autohide=2&#038;wmode=transparent\" allowfullscreen=\"true\" style=\"border:0;\" sandbox=\"allow-scripts allow-same-origin allow-popups allow-presentation\"><\/iframe><\/span><\/div>\n<p>Ma naturalmente il punto di insoddisfazione maggiore, oltre a un certo inciampo ricorrente nella costruzione delle frasi e nel costruire il discorso, dato dal parlare a braccio, \u00e8 quello di non avere detto tutto quel che volevo dire.<\/p>\n<p>Se riguardo i miei appunti per la puntata vedo che ho seguito la scaletta che mi ero prefissato abbastanza fedelmente: l&#8217;introduzione a raccontare <em>Orgoglio e pregiudizio<\/em> come fenomeno di costume, la presenza nel romanzo di pi\u00f9 di una storia d&#8217;amore, il raffronto fra esse, la notazione dell&#8217;importanza dell&#8217;elemento economico-patrimoniale nella dimensione matrimoniale, un elemento caratterizzante il romanzo (serve ovviamente a sottolineare che la storia fra Lizzie e Darcy dipende <em>veramente<\/em> solo dall&#8217;amore, data la disparit\u00e0 di condizioni, ma ha anche altre ricadute meno evidenti),\u00a0 e cos\u00ec via. Quel che restava, in realt\u00e0, era il parlare specificamente della storia centrale, cio\u00e8 quella fra Lizzie e Darcy, e il loro reciproco educarsi vicendevole, il percorso speculare di educazione sentimentale che entrambi compiono, la scoperta l&#8217;uno delle qualit\u00e0 dell&#8217;altro. Tutti temi sui quali mi sarei dovuto soffermare e che invece &#8211; Andrea Pala mi faceva grandi cenni dall&#8217;altra parte del vetro &#8211; ho potuto praticamente solo enunciare.<\/p>\n<p>A quel punto il soffermarsi anche sulla scrittura della Austen la grazia e la cura nel trattare i personaggi, le osservazioni d&#8217;ambiente e cos\u00ec via, che era un&#8217;altra delle cose che mi ero ripromesso di dire e che faceva <em>pendant<\/em> con il tema del &#8220;catalogo&#8221; delle storie d&#8217;amore e lo precisava , diventava fantascienza, anche se avrebbe concluso logicamente il discorso. Citare <a href=\"http:\/\/www.thefreelibrary.com\/Darcy%20and%20Emma:%20Austen%27s%20ironic%20meditation%20on%20gender-a0227364160\">un interessante articolo di Leee Overmann <\/a>che costruisce in chiave femminista un raffronto speculare fra <em>Emma <\/em> ed <em>Orgoglio e pregiudizio<\/em> &#8211; in particolare fra il personaggio di Darcy e quello di Emma, entrambi \u00abbelli, intelligenti, e ricchi\u00bb, e a partire da questo indaga le dinamiche, volta a volta corrispondenti o divergenti, fra le due coppie Darcy-Lizzie e Emma-Knightley &#8211; era direttamente impossibile, anche se avrebbe costruito un ponte fra questa puntata austeniana e <a title=\"Emma di Jane Austen\" href=\"http:\/\/www.robertosedda.it\/?p=7961\">quella dell&#8217;anno scorso su <em>Emma<\/em><\/a>.<\/p>\n<p>Con il peso di tutte queste omissioni, tagli, con le ripetizioni e le frasi un po&#8217; a vuoto ero convinto che la puntata fosse venuta una schifezza. Invece al riascolto, mettendosi nei panni di chi non sa tutto quel che mi \u00e8 saltato, non \u00e8 tutto sommato malaccio. Piuttosto&#8230;<\/p>\n<h2>Non sono pi\u00f9 cos\u00ec convinto&#8230;<\/h2>\n<p>&#8230; del discorso del &#8220;catalogo&#8221;. O meglio: \u00e8 evidente che nel romanzo c&#8217;\u00e8 pi\u00f9 di una storia d&#8217;amore, e occorre supporre la Austen molto meno intelligente di quel che \u00e8 per non pensare che l&#8217;inserimento della storia fra Lizzie e Darcy dentro un quadro di corteggiamenti in un microcosmo pi\u00f9 o meno chiuso non sia intenzionale, cos\u00ec come la scelta di Charlotte a favore di Mr. Collins funge <em>dichiaratamente<\/em> da contraltare al modo di pensare di Lizzie:<\/p>\n<blockquote>\n<p class=\"indbr\">\u00abFidanzata con Mr. Collins! Mia cara Charlotte&#8230; \u00e8 impossibile!\u00bb<\/p>\n<p class=\"indbr\">[&#8230;]<\/p>\n<p>\u00abPerch\u00e9 mai ti sorprendi, mia cara Eliza? Ritieni incredibile che Mr. Collins possa essere capace di procurarsi la stima di una donna solo perch\u00e9 non \u00e8 stato cos\u00ec fortunato da meritarsi la tua? [&#8230;] &#8220;So quello che provi&#8221;, replic\u00f2 Charlotte, &#8220;sei sorpresa, molto sorpresa; \u00e8 passato cos\u00ec poco tempo da quando Mr. Collins voleva sposare te. Ma quando avrai avuto il tempo di rifletterci un po&#8217; su, spero che capirai quello che ho fatto. Non sono romantica, lo sai. Non lo sono mai stata. Voglio solo una casa confortevole, e considerando il carattere, le relazioni sociali e la posizione di Mr. Collins, sono convinta che le possibilit\u00e0 di essere felice con lui siano favorevoli quanto quelle della maggior parte delle persone che iniziano la loro vita matrimoniale\u00bb.<\/p><\/blockquote>\n<p>La traduzione \u00e8 sempre di Giuseppe Ierolli. Dicevo che, mentre queste corrispondenze sono ovviamente costruite apposta dalla Austen non vorrei aver dato l&#8217;impressione che la costruzione di una galleria di diverse relazioni, del modo di diversi personaggi di porsi di fronte all&#8217;amore, sia l&#8217;obiettivo principale del romanzo, perch\u00e9 vuol dire attribuire alla Austen un taglio didascalico che non e appartiene in nessuna occasione: sfilata di tipi umani acutamente colti, senz&#8217;altro, ma non di pi\u00f9. In questo senso perfino il riferimento alla parabola del seminatore, per quanto efficace, rischia di essere appena eccessivo.<\/p>\n<p>Poi, naturalmente, io sono un semplice appassionato austeniano, leggo pochissimo di analisi critica in materia e quindi non o (e forse non lo voglio sapere) se sto scoprendo l&#8217;acqua\u00a0 calda o al contrario vado contro consolidate analisi letterarie da parte di accademici esperti: quel che mi preoccupa \u00e8 non dare l&#8217;idea che il tema del &#8220;catalogo&#8221; sia troppo secco e troppo definito. Come direbbe Jack Sparrow: \u00abNon \u00e8 una regola, \u00e8 pi\u00f9&#8230; una sfumatura\u00bb.<\/p>\n","protected":false},"excerpt":{"rendered":"<p>Ho cominciato a caricare su\u00a0YouTube le puntate di quest&#8217;anno di\u00a0Oggi parliamo di libri: la prima \u00e8 dedicata a\u00a0Orgoglio e pregiudizio,<\/p>\n","protected":false},"author":1,"featured_media":0,"comment_status":"open","ping_status":"open","sticky":false,"template":"","format":"video","meta":{"_mi_skip_tracking":false,"_monsterinsights_sitenote_active":false,"_monsterinsights_sitenote_note":"","_monsterinsights_sitenote_category":0,"jetpack_post_was_ever_published":false,"_jetpack_newsletter_access":"","jetpack_publicize_message":"","jetpack_is_tweetstorm":false,"jetpack_publicize_feature_enabled":true,"jetpack_social_post_already_shared":true,"jetpack_social_options":{"image_generator_settings":{"template":"highway","enabled":false}}},"categories":[56,13,12,67],"tags":[],"jetpack_publicize_connections":[],"jetpack_featured_media_url":"","jetpack_sharing_enabled":true,"jetpack_shortlink":"https:\/\/wp.me\/p4jV2T-2eJ","jetpack_likes_enabled":true,"jetpack-related-posts":[{"id":8315,"url":"http:\/\/www.robertosedda.it\/?p=8315","url_meta":{"origin":8601,"position":0},"title":"Riparte &#8220;Oggi parliamo di libri&#8221;","author":"Rufus","date":"03\/09\/2014","format":false,"excerpt":"EDIT: scopro dalla redazione che ho fatto casino e che ripartiamo l'11 settembre. Ehm. Aggiorno. Domani gioved\u00ec 4 settembre\u00a0L'11 settembre torno in onda con Oggi parliamo di libri, la trasmissione di Radio Kalaritana nella quale, immagina un po'?, parlo di libri. Volete sapere: l'orario? Ogni gioved\u00ec alle 19.10 e in\u2026","rel":"","context":"In &quot;Coordinate&quot;","block_context":{"text":"Coordinate","link":"http:\/\/www.robertosedda.it\/?cat=52"},"img":{"alt_text":"","src":"https:\/\/i0.wp.com\/www.robertosedda.it\/wp-content\/uploads\/2014\/09\/Diapositiva10.jpg?fit=960%2C720&resize=350%2C200","width":350,"height":200,"srcset":"https:\/\/i0.wp.com\/www.robertosedda.it\/wp-content\/uploads\/2014\/09\/Diapositiva10.jpg?fit=960%2C720&resize=350%2C200 1x, https:\/\/i0.wp.com\/www.robertosedda.it\/wp-content\/uploads\/2014\/09\/Diapositiva10.jpg?fit=960%2C720&resize=700%2C400 2x"},"classes":[]},{"id":8792,"url":"http:\/\/www.robertosedda.it\/?p=8792","url_meta":{"origin":8601,"position":1},"title":"Storie d&#8217;amore cercansi","author":"Rufus","date":"04\/11\/2014","format":false,"excerpt":"Credo sappiate che quest'anno per\u00a0Oggi parliamo di libri\u00a0tratto libri che raccontano di grandi storie d'amore, cercando di rimanere per quanto possibile nel campo che mi \u00e8 pi\u00f9 congeniale della letteratura di genere. Sinora ho dedicato una puntata\u00a0nell'ordine a\u00a0Orgoglio e pregiudizio,\u00a0Dracula,\u00a0Romeo e Giulietta,\u00a0Il Corsaro Nero,\u00a0L'ultimo dei Mohicani,\u00a0Davide Copperfield, Grandi speranze,\u00a0L'amore ai\u2026","rel":"","context":"In &quot;Coordinate&quot;","block_context":{"text":"Coordinate","link":"http:\/\/www.robertosedda.it\/?cat=52"},"img":{"alt_text":"","src":"https:\/\/i0.wp.com\/www.robertosedda.it\/wp-content\/uploads\/2013\/12\/Peeta-Katniss.jpg?fit=500%2C500&resize=350%2C200","width":350,"height":200},"classes":[]},{"id":9879,"url":"http:\/\/www.robertosedda.it\/?p=9879","url_meta":{"origin":8601,"position":2},"title":"URGENTE!!1!!1! FATE GIRARE!!1!1!!","author":"Rufus","date":"01\/04\/2015","format":false,"excerpt":"Ok, adesso che ho la vostra attenzione, il mio problema \u00e8 questo: ... ... pronti? Insomma: sono quasi tre anni che faccio Oggi parliamo di libri e non ho mai nessuna reazione. Non so manco se qualcuno mi ascolta (a parte mia mamma, santa donna, e un paio di amici\u2026","rel":"","context":"In &quot;Coordinate&quot;","block_context":{"text":"Coordinate","link":"http:\/\/www.robertosedda.it\/?cat=52"},"img":{"alt_text":"","src":"https:\/\/i0.wp.com\/www.robertosedda.it\/wp-content\/uploads\/2012\/12\/197882_4997567705416_1682811050_n.jpg?fit=750%2C865&resize=350%2C200","width":350,"height":200,"srcset":"https:\/\/i0.wp.com\/www.robertosedda.it\/wp-content\/uploads\/2012\/12\/197882_4997567705416_1682811050_n.jpg?fit=750%2C865&resize=350%2C200 1x, https:\/\/i0.wp.com\/www.robertosedda.it\/wp-content\/uploads\/2012\/12\/197882_4997567705416_1682811050_n.jpg?fit=750%2C865&resize=700%2C400 2x"},"classes":[]},{"id":10009,"url":"http:\/\/www.robertosedda.it\/?p=10009","url_meta":{"origin":8601,"position":3},"title":"Di nuovo sulla &#8220;Gerusalemme liberata&#8221;","author":"Rufus","date":"21\/04\/2015","format":"video","excerpt":"Della\u00a0Gerusalemme liberata ho gi\u00e0 parlato pi\u00f9 o meno un anno e mezzo fa, quindi oggi mi limito a segnalare che ho messo in linea la puntata che ho dedicato al poema su\u00a0Oggi parliamo di libri e a invitarvi all'ascolto, oltre che della puntata, della pausa musicale con la strepitosa Mahalia\u2026","rel":"","context":"In &quot;Coordinate&quot;","block_context":{"text":"Coordinate","link":"http:\/\/www.robertosedda.it\/?cat=52"},"img":{"alt_text":"","src":"https:\/\/i0.wp.com\/img.youtube.com\/vi\/gPZuWzZvoYQ\/0.jpg?resize=350%2C200","width":350,"height":200},"classes":[]},{"id":2153,"url":"http:\/\/www.robertosedda.it\/?p=2153","url_meta":{"origin":8601,"position":4},"title":"Sono su Youtube!","author":"Rufus","date":"01\/02\/2013","format":"video","excerpt":"Bella gente, grandi novit\u00e0! L'impegno che mi ero preso, di trascrivere volta per volta le puntate di Oggi parliamo di libri, si sta rivelando troppo oneroso: sono rimasto alla quarta puntata e ne sono state trasmesse gi\u00e0 nove, ogni \"sbobinatura\" prende tempo e non sembra probabile che possa facilmente recuperare\u2026","rel":"","context":"In &quot;Coordinate&quot;","block_context":{"text":"Coordinate","link":"http:\/\/www.robertosedda.it\/?cat=52"},"img":{"alt_text":"","src":"https:\/\/i0.wp.com\/img.youtube.com\/vi\/mN9gq-HwVBA\/0.jpg?resize=350%2C200","width":350,"height":200},"classes":[]},{"id":7961,"url":"http:\/\/www.robertosedda.it\/?p=7961","url_meta":{"origin":8601,"position":5},"title":"Emma di Jane Austen","author":"Rufus","date":"16\/07\/2014","format":"video","excerpt":"Puntata di\u00a0Oggi parliamo di libri del Primo Maggio 2014 Prima di tutto cominciamo con la pausa musicale, che presenta un Franco Battiato davvero giovanissimo: Come ho\u00a0spiegato nel corso della puntata mi sembrava un commento adeguato a un libro tutto giocato sull'educazione sentimentale e sull'ingresso nell'et\u00e0 adulta come Emma: non ricordo\u2026","rel":"","context":"In &quot;Coordinate&quot;","block_context":{"text":"Coordinate","link":"http:\/\/www.robertosedda.it\/?cat=52"},"img":{"alt_text":"","src":"https:\/\/i0.wp.com\/img.youtube.com\/vi\/J1IT9WqI7zA\/0.jpg?resize=350%2C200","width":350,"height":200},"classes":[]}],"_links":{"self":[{"href":"http:\/\/www.robertosedda.it\/index.php?rest_route=\/wp\/v2\/posts\/8601"}],"collection":[{"href":"http:\/\/www.robertosedda.it\/index.php?rest_route=\/wp\/v2\/posts"}],"about":[{"href":"http:\/\/www.robertosedda.it\/index.php?rest_route=\/wp\/v2\/types\/post"}],"author":[{"embeddable":true,"href":"http:\/\/www.robertosedda.it\/index.php?rest_route=\/wp\/v2\/users\/1"}],"replies":[{"embeddable":true,"href":"http:\/\/www.robertosedda.it\/index.php?rest_route=%2Fwp%2Fv2%2Fcomments&post=8601"}],"version-history":[{"count":5,"href":"http:\/\/www.robertosedda.it\/index.php?rest_route=\/wp\/v2\/posts\/8601\/revisions"}],"predecessor-version":[{"id":8610,"href":"http:\/\/www.robertosedda.it\/index.php?rest_route=\/wp\/v2\/posts\/8601\/revisions\/8610"}],"wp:attachment":[{"href":"http:\/\/www.robertosedda.it\/index.php?rest_route=%2Fwp%2Fv2%2Fmedia&parent=8601"}],"wp:term":[{"taxonomy":"category","embeddable":true,"href":"http:\/\/www.robertosedda.it\/index.php?rest_route=%2Fwp%2Fv2%2Fcategories&post=8601"},{"taxonomy":"post_tag","embeddable":true,"href":"http:\/\/www.robertosedda.it\/index.php?rest_route=%2Fwp%2Fv2%2Ftags&post=8601"}],"curies":[{"name":"wp","href":"https:\/\/api.w.org\/{rel}","templated":true}]}}