{"id":854,"date":"2012-09-12T12:25:10","date_gmt":"2012-09-12T10:25:10","guid":{"rendered":"http:\/\/www.robertosedda.it\/?p=854"},"modified":"2013-02-22T12:46:33","modified_gmt":"2013-02-22T11:46:33","slug":"camminiamo","status":"publish","type":"post","link":"http:\/\/www.robertosedda.it\/?p=854","title":{"rendered":"\u00abCamminiamo\u00bb"},"content":{"rendered":"<p>Ieri arrivo a Cagliari dall&#8217;aereoporto veramente tardi.<\/p>\n<p>Alla fermata dell&#8217;autobus c&#8217;\u00e8 un gruppo di ragazzini, et\u00e0\u00a0da scuola superiore, cinque maschi e due femmine.<\/p>\n<p>Con delusione scopriamo che l&#8217;ultimo autobus \u00e8 gi\u00e0 andato via. Le due ragazzine sclerano: \u00abCapperi, capperi! Questa \u00e8 la notte che mia mamma commette atti contronatura su di me!\u00bb (va bene, in realt\u00e0 sono pi\u00f9 esplicite).<\/p>\n<p>I ragazzi provano a calmarle. \u00abTu non capisci! Dovevo tornare entro le 23 e io gli ho detto che la mamma di Claudia mi accompagnava. Non sar\u00f2 a casa prima delle 23.30. Mia mamma \u00e8 gi\u00e0 arrabbiata con me. Sono finita\u00bb.<\/p>\n<p>Con molta calma i ragazzi hanno chiamato un <em>taxi<\/em> col cellulare, si sono assicurati che le ragazze avessero abbastanza soldi per pagarlo, ce le hanno caricate e le hanno guardate partire.<\/p>\n<p>Poi si guardano e uno fa: \u00abE noi a casa come ci torniamo?\u00bb. \u00abCamminiamo\u00bb. E partono.<\/p>\n<p>Poi si fermano, parlottano un po&#8217;, poi vengono verso di me e mi fanno: \u00abSignore, guardi che l&#8217;autobus non passa pi\u00f9. Non\u00a0stia qui ad aspettare\u00a0per nulla, mi raccomando\u00bb.<\/p>\n<p>Sono andato via. Ho avuto paura che si offrissero di scortarmi a casa perch\u00e9 anziano.<\/p>\n","protected":false},"excerpt":{"rendered":"<p>Ieri arrivo a Cagliari dall&#8217;aereoporto veramente tardi. Alla fermata dell&#8217;autobus c&#8217;\u00e8 un gruppo di ragazzini, et\u00e0\u00a0da scuola superiore, cinque maschi<\/p>\n","protected":false},"author":1,"featured_media":0,"comment_status":"open","ping_status":"open","sticky":false,"template":"","format":"standard","meta":{"_mi_skip_tracking":false,"_monsterinsights_sitenote_active":false,"_monsterinsights_sitenote_note":"","_monsterinsights_sitenote_category":0,"jetpack_post_was_ever_published":false,"_jetpack_newsletter_access":"","jetpack_publicize_message":"","jetpack_is_tweetstorm":false,"jetpack_publicize_feature_enabled":true,"jetpack_social_post_already_shared":false,"jetpack_social_options":{"image_generator_settings":{"template":"highway","enabled":false}}},"categories":[52,56,18,61,16],"tags":[],"jetpack_publicize_connections":[],"jetpack_featured_media_url":"","jetpack_sharing_enabled":true,"jetpack_shortlink":"https:\/\/wp.me\/p4jV2T-dM","jetpack_likes_enabled":true,"jetpack-related-posts":[{"id":11702,"url":"http:\/\/www.robertosedda.it\/?p=11702","url_meta":{"origin":854,"position":0},"title":"Fare i propri errori","author":"Rufus","date":"18\/03\/2016","format":false,"excerpt":"Sono su un autobus della linea 8 e dietro di me, proprio sul fondo, sono sedute due ragazzine: avranno al massimo quattordici anni, quindi vuol dire che si sentono estremamente mature. Infatti una fa all'altra: \u00ab... e capito, siamo adolescenti, \u00e8 anche normale\u00bb. \u00abEh si, cio\u00e8 non siamo pi\u00f9 bambine\u00bb.\u2026","rel":"","context":"In &quot;Coordinate&quot;","block_context":{"text":"Coordinate","link":"http:\/\/www.robertosedda.it\/?cat=52"},"img":{"alt_text":"","src":"https:\/\/i0.wp.com\/www.robertosedda.it\/wp-content\/uploads\/2016\/03\/Due-ragazze.jpg?fit=354%2C500&resize=350%2C200","width":350,"height":200},"classes":[]},{"id":4051,"url":"http:\/\/www.robertosedda.it\/?p=4051","url_meta":{"origin":854,"position":1},"title":"Educazione sentimentale sulla linea 30","author":"Rufus","date":"18\/07\/2013","format":false,"excerpt":"Ieri sull'autobus si siedono dietro di me quattro ragazzini, massimo diciassette anni, due maschi e due femmine. Li chiameremo lo Svelto, la Ragazza , l'Amica e il Mediatore. Sono ragazzini un po' grezzi, un po' da quartiere popolare, e parlano a voce alta in modo tale che tutto il pullman\u2026","rel":"","context":"In &quot;Coordinate&quot;","block_context":{"text":"Coordinate","link":"http:\/\/www.robertosedda.it\/?cat=52"},"img":{"alt_text":"","src":"https:\/\/i0.wp.com\/www.robertosedda.it\/wp-content\/uploads\/2019\/04\/Bus-CTM.jpg?fit=1200%2C674&resize=350%2C200","width":350,"height":200,"srcset":"https:\/\/i0.wp.com\/www.robertosedda.it\/wp-content\/uploads\/2019\/04\/Bus-CTM.jpg?fit=1200%2C674&resize=350%2C200 1x, https:\/\/i0.wp.com\/www.robertosedda.it\/wp-content\/uploads\/2019\/04\/Bus-CTM.jpg?fit=1200%2C674&resize=700%2C400 2x, https:\/\/i0.wp.com\/www.robertosedda.it\/wp-content\/uploads\/2019\/04\/Bus-CTM.jpg?fit=1200%2C674&resize=1050%2C600 3x"},"classes":[]},{"id":15056,"url":"http:\/\/www.robertosedda.it\/?p=15056","url_meta":{"origin":854,"position":2},"title":"Facile moralismo","author":"Rufus","date":"23\/04\/2018","format":false,"excerpt":"Stamattina mi sono visto passare il\u00a06 sotto il naso, per una volta che ero riuscito a uscire di casa puntuale. Per fortuna un attimo dopo passa il\u00a031, scarica l'abituale orda di ragazzini diretti alle scuole della zona e prosegue, con a bordo un'altra orda di altri ragazzini, sei immigrati africani,\u2026","rel":"","context":"In &quot;Coordinate&quot;","block_context":{"text":"Coordinate","link":"http:\/\/www.robertosedda.it\/?cat=52"},"img":{"alt_text":"","src":"https:\/\/i0.wp.com\/www.robertosedda.it\/wp-content\/uploads\/2018\/04\/189095_1008070813927_9322_n.jpg?fit=604%2C453&resize=350%2C200","width":350,"height":200},"classes":[]},{"id":2880,"url":"http:\/\/www.robertosedda.it\/?p=2880","url_meta":{"origin":854,"position":3},"title":"Tre conversazioni flash","author":"Rufus","date":"16\/04\/2013","format":false,"excerpt":"\u00abEhia!!\u00bb Salgo sul 31 e noto un ragazzino seduto. Ha una mohicana appiattita sulla cima della testa, una carnagione scurissima, un'aria complessiva da ragazzino di quartieri popolari. Se lo noto \u00e8 perch\u00e9 in spregio alle leggi della fisica riesce nell'impresa di apparire comodamente sdraiato sui sedili degli autobus del CTM,\u2026","rel":"","context":"In &quot;Coordinate&quot;","block_context":{"text":"Coordinate","link":"http:\/\/www.robertosedda.it\/?cat=52"},"img":{"alt_text":"","src":"","width":0,"height":0},"classes":[]},{"id":971,"url":"http:\/\/www.robertosedda.it\/?p=971","url_meta":{"origin":854,"position":4},"title":"Prendi il CTM, conoscerai il mondo","author":"Rufus","date":"05\/10\/2012","format":false,"excerpt":"Due o tre casi capitati questa estate, fra il 6 e le varie linee che portano al Poetto. Homo virgini lupus, soprattutto se lo zio Una\u00a0signora anziana arringa una ragazzina\u00a0che porta una\u00a0enorme borsa della spesa sul 6: devi fare cos\u00ec, devi fare cos\u00e0, e quando sei in giro m\u00ec di\u2026","rel":"","context":"In &quot;Coordinate&quot;","block_context":{"text":"Coordinate","link":"http:\/\/www.robertosedda.it\/?cat=52"},"img":{"alt_text":"","src":"","width":0,"height":0},"classes":[]},{"id":8174,"url":"http:\/\/www.robertosedda.it\/?p=8174","url_meta":{"origin":854,"position":5},"title":"Terapie familiari alla fermata dell&#8217;autobus (dolcemaro)","author":"Rufus","date":"08\/08\/2014","format":false,"excerpt":"Capita con frequenza che la gente non si renda conto che quando parla al telefono, tanto pi\u00f9 in un ambiente ristretto come l'autobus, tutto il mondo viene messo a parte della conversazione e dei loro affari personali, cosa che magari non vorrebbe. Non so perch\u00e9, ma in questo periodo sembra\u2026","rel":"","context":"In &quot;Coordinate&quot;","block_context":{"text":"Coordinate","link":"http:\/\/www.robertosedda.it\/?cat=52"},"img":{"alt_text":"","src":"https:\/\/i0.wp.com\/www.robertosedda.it\/wp-content\/uploads\/2014\/07\/Funicolare-Angels-Flight.jpg?fit=654%2C560&resize=350%2C200","width":350,"height":200},"classes":[]}],"_links":{"self":[{"href":"http:\/\/www.robertosedda.it\/index.php?rest_route=\/wp\/v2\/posts\/854"}],"collection":[{"href":"http:\/\/www.robertosedda.it\/index.php?rest_route=\/wp\/v2\/posts"}],"about":[{"href":"http:\/\/www.robertosedda.it\/index.php?rest_route=\/wp\/v2\/types\/post"}],"author":[{"embeddable":true,"href":"http:\/\/www.robertosedda.it\/index.php?rest_route=\/wp\/v2\/users\/1"}],"replies":[{"embeddable":true,"href":"http:\/\/www.robertosedda.it\/index.php?rest_route=%2Fwp%2Fv2%2Fcomments&post=854"}],"version-history":[{"count":8,"href":"http:\/\/www.robertosedda.it\/index.php?rest_route=\/wp\/v2\/posts\/854\/revisions"}],"predecessor-version":[{"id":2303,"href":"http:\/\/www.robertosedda.it\/index.php?rest_route=\/wp\/v2\/posts\/854\/revisions\/2303"}],"wp:attachment":[{"href":"http:\/\/www.robertosedda.it\/index.php?rest_route=%2Fwp%2Fv2%2Fmedia&parent=854"}],"wp:term":[{"taxonomy":"category","embeddable":true,"href":"http:\/\/www.robertosedda.it\/index.php?rest_route=%2Fwp%2Fv2%2Fcategories&post=854"},{"taxonomy":"post_tag","embeddable":true,"href":"http:\/\/www.robertosedda.it\/index.php?rest_route=%2Fwp%2Fv2%2Ftags&post=854"}],"curies":[{"name":"wp","href":"https:\/\/api.w.org\/{rel}","templated":true}]}}