{"id":8492,"date":"2014-09-24T11:21:11","date_gmt":"2014-09-24T09:21:11","guid":{"rendered":"http:\/\/www.robertosedda.it\/?p=8492"},"modified":"2014-10-27T14:22:54","modified_gmt":"2014-10-27T13:22:54","slug":"venite-a-pregare-per-la-pace-in-terra-santa","status":"publish","type":"post","link":"http:\/\/www.robertosedda.it\/?p=8492","title":{"rendered":"Venite a pregare per la pace in Terra Santa?"},"content":{"rendered":"<h2>Cagliari, venerd\u00ec 26 settembre, ore 20.00, Chiesa di San Lorenzo, viale Buoncammino<\/h2>\n<p><img data-attachment-id=\"7978\" data-permalink=\"http:\/\/www.robertosedda.it\/?attachment_id=7978\" data-orig-file=\"https:\/\/i0.wp.com\/www.robertosedda.it\/wp-content\/uploads\/2014\/07\/World-week-for-peace-in-Palestine.jpg?fit=600%2C180\" data-orig-size=\"600,180\" data-comments-opened=\"1\" data-image-meta=\"{&quot;aperture&quot;:&quot;0&quot;,&quot;credit&quot;:&quot;&quot;,&quot;camera&quot;:&quot;&quot;,&quot;caption&quot;:&quot;&quot;,&quot;created_timestamp&quot;:&quot;0&quot;,&quot;copyright&quot;:&quot;&quot;,&quot;focal_length&quot;:&quot;0&quot;,&quot;iso&quot;:&quot;0&quot;,&quot;shutter_speed&quot;:&quot;0&quot;,&quot;title&quot;:&quot;&quot;}\" data-image-title=\"World week for peace in Palestine\" data-image-description=\"\" data-image-caption=\"\" data-medium-file=\"https:\/\/i0.wp.com\/www.robertosedda.it\/wp-content\/uploads\/2014\/07\/World-week-for-peace-in-Palestine.jpg?fit=300%2C90\" data-large-file=\"https:\/\/i0.wp.com\/www.robertosedda.it\/wp-content\/uploads\/2014\/07\/World-week-for-peace-in-Palestine.jpg?fit=510%2C153\" decoding=\"async\" loading=\"lazy\" class=\"aligncenter size-full wp-image-7978\" src=\"https:\/\/i0.wp.com\/www.robertosedda.it\/wp-content\/uploads\/2014\/07\/World-week-for-peace-in-Palestine.jpg?resize=600%2C180\" alt=\"World week for peace in Palestine\" width=\"600\" height=\"180\" srcset=\"https:\/\/i0.wp.com\/www.robertosedda.it\/wp-content\/uploads\/2014\/07\/World-week-for-peace-in-Palestine.jpg?w=600 600w, https:\/\/i0.wp.com\/www.robertosedda.it\/wp-content\/uploads\/2014\/07\/World-week-for-peace-in-Palestine.jpg?resize=150%2C45 150w, https:\/\/i0.wp.com\/www.robertosedda.it\/wp-content\/uploads\/2014\/07\/World-week-for-peace-in-Palestine.jpg?resize=300%2C90 300w, https:\/\/i0.wp.com\/www.robertosedda.it\/wp-content\/uploads\/2014\/07\/World-week-for-peace-in-Palestine.jpg?resize=510%2C153 510w\" sizes=\"(max-width: 600px) 100vw, 600px\" data-recalc-dims=\"1\" \/>Come <a title=\"Ho ucciso un uomo per una mia scalfittura e un ragazzo per un mio livido\" href=\"http:\/\/www.robertosedda.it\/?p=7965\">avevo\u00a0scritto\u00a0nel momento pi\u00f9 acuto della guerra di Gaza<\/a> ho proposto al gruppo &#8220;La Pira&#8221; di farci carico di organizzare anche a Cagliari il momento di preghiera proposto dal\u00a0<a href=\"http:\/\/pief.oikoumene.org\/en\"><em>Forum ecumenico Palestina Israele <\/em><\/a>&#8211;\u00a0espressione del <a href=\"http:\/\/www.oikoumene.org\/\"><em>Consiglio Mondiale delle Chiese <\/em><\/a>&#8211;\u00a0all&#8217;interno della <a href=\"https:\/\/pief.oikoumene.org\/en\/world-week-for-peace\">settimana mondiale di preghiera per la pace in Palestina Israele<\/a>.<\/p>\n<p>A\u00a0Cagliari ogni\u00a0ultimo venerd\u00ec del mese si prega ecumenicamente secondo lo stile di Taiz\u00e9 nella chiesetta di San Lorenzo, i due appuntamenti coincidevano e\u00a0quindi abbiamo avuto la possibilit\u00e0, grazie alla generosa ospitalit\u00e0 del gruppo che segue questo appuntamento mensile, di unire le due occasioni.<\/p>\n<h4>L&#8217;appuntamento \u00e8 quindi per\u00a0venerd\u00ec 26 settembre, alle ore 20.00, nella chiesetta di San Lorenzo\u00a0in\u00a0viale Buoncammino<\/h4>\n<p>Gaza, Gerusalemme, Israele, i bambini, i carcerati, le famiglie in fuga o terrorizzate, le sirene d&#8217;allarme, le bombe, i missili e i razzi sembrano un po&#8217; sparite dai riflettori e dall&#8217;attenzione pubblica: la settimana internazionale di preghiera \u00e8 l&#8217;occasione per mantenere desta l&#8217;attenzione e continuare a esprimere solidariet\u00e0 a tutti quelli che, ingiustamente, soffrono di questa situazione: pregando imploriamo dal Signore il dono della pace, ma esprimiamo anche un impegno e una compromissione personale.<\/p>\n<p>Venite a pregare per la pace!<\/p>\n","protected":false},"excerpt":{"rendered":"<p>Cagliari, venerd\u00ec 26 settembre, ore 20.00, Chiesa di San Lorenzo, viale Buoncammino Come avevo\u00a0scritto\u00a0nel momento pi\u00f9 acuto della guerra di<\/p>\n","protected":false},"author":1,"featured_media":7978,"comment_status":"open","ping_status":"open","sticky":false,"template":"","format":"standard","meta":{"_mi_skip_tracking":false,"_monsterinsights_sitenote_active":false,"_monsterinsights_sitenote_note":"","_monsterinsights_sitenote_category":0,"jetpack_post_was_ever_published":false,"_jetpack_newsletter_access":"","jetpack_publicize_message":"","jetpack_is_tweetstorm":false,"jetpack_publicize_feature_enabled":true,"jetpack_social_post_already_shared":true,"jetpack_social_options":{"image_generator_settings":{"template":"highway","enabled":false}}},"categories":[52,54,17,62,16],"tags":[],"jetpack_publicize_connections":[],"jetpack_featured_media_url":"https:\/\/i0.wp.com\/www.robertosedda.it\/wp-content\/uploads\/2014\/07\/World-week-for-peace-in-Palestine.jpg?fit=600%2C180","jetpack_sharing_enabled":true,"jetpack_shortlink":"https:\/\/wp.me\/p4jV2T-2cY","jetpack_likes_enabled":true,"jetpack-related-posts":[{"id":7965,"url":"http:\/\/www.robertosedda.it\/?p=7965","url_meta":{"origin":8492,"position":0},"title":"Ho ucciso un uomo per una mia scalfittura e un ragazzo per un mio livido","author":"Rufus","date":"17\/07\/2014","format":false,"excerpt":"Mi sono accuratamente guardato, sinora, dal parlare di guerra in Palestina. Un po' dipende dal fatto\u00a0che non sempre si ha qualcosa da dire e bisogna saper stare zitti, un po' (molto) per la sensazione di impotenza rispetto agli eventi, e infine un po' perch\u00e9 disgustato dalla canaia dei tifosi ad\u2026","rel":"","context":"In &quot;Coordinate&quot;","block_context":{"text":"Coordinate","link":"http:\/\/www.robertosedda.it\/?cat=52"},"img":{"alt_text":"","src":"https:\/\/i0.wp.com\/www.robertosedda.it\/wp-content\/uploads\/2014\/07\/PIEF-Preghiera-pace-2014.jpeg?resize=350%2C200","width":350,"height":200,"srcset":"https:\/\/i0.wp.com\/www.robertosedda.it\/wp-content\/uploads\/2014\/07\/PIEF-Preghiera-pace-2014.jpeg?resize=350%2C200 1x, https:\/\/i0.wp.com\/www.robertosedda.it\/wp-content\/uploads\/2014\/07\/PIEF-Preghiera-pace-2014.jpeg?resize=700%2C400 2x"},"classes":[]},{"id":9407,"url":"http:\/\/www.robertosedda.it\/?p=9407","url_meta":{"origin":8492,"position":1},"title":"L&#8217;ecumenismo in citt\u00e0 nel segno dell&#8217;incontro","author":"Rufus","date":"19\/01\/2015","format":false,"excerpt":"Ieri l'inserto mensile di\u00a0Avvenire dedicato alla diocesi di Cagliari aveva un'intera pagina dedicata all'Ottavario di Preghiera per l'Unit\u00e0 dei Cristiani che conteneva anche un mio articolo. Si tratta di un testo davvero breve e tutto sommato poco importante, ma considerato il fatto che non mi era mai capitato di essere\u2026","rel":"","context":"In &quot;Coordinate&quot;","block_context":{"text":"Coordinate","link":"http:\/\/www.robertosedda.it\/?cat=52"},"img":{"alt_text":"","src":"https:\/\/i0.wp.com\/www.robertosedda.it\/wp-content\/uploads\/2015\/01\/Settimana-di-preghiera-unit\u00e0-cristiani.jpg?fit=826%2C314&resize=350%2C200","width":350,"height":200,"srcset":"https:\/\/i0.wp.com\/www.robertosedda.it\/wp-content\/uploads\/2015\/01\/Settimana-di-preghiera-unit\u00e0-cristiani.jpg?fit=826%2C314&resize=350%2C200 1x, https:\/\/i0.wp.com\/www.robertosedda.it\/wp-content\/uploads\/2015\/01\/Settimana-di-preghiera-unit\u00e0-cristiani.jpg?fit=826%2C314&resize=700%2C400 2x"},"classes":[]},{"id":7997,"url":"http:\/\/www.robertosedda.it\/?p=7997","url_meta":{"origin":8492,"position":2},"title":"Appello per un cambiamento coraggioso","author":"Rufus","date":"23\/07\/2014","format":false,"excerpt":"Come avevo accennato alcuni giorni fa la commissione Iustitia et pax della Conferenza episcopale dei Vescovi della Terra Santa ha pubblicato un documento sulla situazione bellica di Gaza, che si intitola Appello per un cambiamento coraggioso. L'ho tradotto, nella speranza che possa essere utile: l'originale, in francese, \u00e8 pubblicato sul\u2026","rel":"","context":"In &quot;Coordinate&quot;","block_context":{"text":"Coordinate","link":"http:\/\/www.robertosedda.it\/?cat=52"},"img":{"alt_text":"","src":"https:\/\/i0.wp.com\/www.robertosedda.it\/wp-content\/uploads\/2014\/07\/iustitia-et-pax-holy-land.jpeg?fit=960%2C720&resize=350%2C200","width":350,"height":200,"srcset":"https:\/\/i0.wp.com\/www.robertosedda.it\/wp-content\/uploads\/2014\/07\/iustitia-et-pax-holy-land.jpeg?fit=960%2C720&resize=350%2C200 1x, https:\/\/i0.wp.com\/www.robertosedda.it\/wp-content\/uploads\/2014\/07\/iustitia-et-pax-holy-land.jpeg?fit=960%2C720&resize=700%2C400 2x"},"classes":[]},{"id":15453,"url":"http:\/\/www.robertosedda.it\/?p=15453","url_meta":{"origin":8492,"position":3},"title":"La strada di Firenze","author":"Rufus","date":"11\/07\/2018","format":false,"excerpt":"L'altro giorno mi \u00e8 stato commissionato un breve articolo a commento della proclamazione della venerabilit\u00e0 di Giorgio La Pira; per scriverlo sono andato a rivedermi, fra le altre cose, la Premessa di Cagliari, cio\u00e8 il discorso che La Pira tenne a Cagliari nel 1973 per introdurre il convegno dell'IPALMO, l'Istituto\u2026","rel":"","context":"In &quot;Coordinate&quot;","block_context":{"text":"Coordinate","link":"http:\/\/www.robertosedda.it\/?cat=52"},"img":{"alt_text":"","src":"https:\/\/i0.wp.com\/www.robertosedda.it\/wp-content\/uploads\/2018\/07\/La-Pira-2.jpg?fit=720%2C625&resize=350%2C200","width":350,"height":200,"srcset":"https:\/\/i0.wp.com\/www.robertosedda.it\/wp-content\/uploads\/2018\/07\/La-Pira-2.jpg?fit=720%2C625&resize=350%2C200 1x, https:\/\/i0.wp.com\/www.robertosedda.it\/wp-content\/uploads\/2018\/07\/La-Pira-2.jpg?fit=720%2C625&resize=700%2C400 2x"},"classes":[]},{"id":15472,"url":"http:\/\/www.robertosedda.it\/?p=15472","url_meta":{"origin":8492,"position":4},"title":"Gli articoli su La Pira del Portico","author":"Rufus","date":"16\/07\/2018","format":false,"excerpt":"Come ho raccontato l'altro giorno ho scritto un articolo per Il Portico, il settimanale diocesano, sull'impegno per la pace di Giorgio La Pira. Lo riporto qui sotto, segnalandovi che sul giornale trovate anche un\u00a0 articolo sul gruppo diocesano Giorgio La Pira, ne quale mi onoro di militare, e un editoriale\u2026","rel":"","context":"In &quot;Coordinate&quot;","block_context":{"text":"Coordinate","link":"http:\/\/www.robertosedda.it\/?cat=52"},"img":{"alt_text":"","src":"https:\/\/i0.wp.com\/www.robertosedda.it\/wp-content\/uploads\/2018\/07\/giorgio-la-pira-uomo-di-pace-dialogo.jpg?resize=350%2C200","width":350,"height":200,"srcset":"https:\/\/i0.wp.com\/www.robertosedda.it\/wp-content\/uploads\/2018\/07\/giorgio-la-pira-uomo-di-pace-dialogo.jpg?resize=350%2C200 1x, https:\/\/i0.wp.com\/www.robertosedda.it\/wp-content\/uploads\/2018\/07\/giorgio-la-pira-uomo-di-pace-dialogo.jpg?resize=700%2C400 2x"},"classes":[]},{"id":7516,"url":"http:\/\/www.robertosedda.it\/?p=7516","url_meta":{"origin":8492,"position":5},"title":"Pubblicato il resoconto del seminario su Cagliari","author":"Rufus","date":"25\/05\/2014","format":false,"excerpt":"Il gruppo La Pira ha finalmente completato il report del seminario di studio sulla situazione della citt\u00e0 di Cagliari che si \u00e8 tenuto ormai pi\u00f9 di due mesi fa, l'8 marzo. Per il momento il gruppo non ha un proprio sito e il report \u00e8 stato inviato direttamente ai partecipanti:\u2026","rel":"","context":"In &quot;Coordinate&quot;","block_context":{"text":"Coordinate","link":"http:\/\/www.robertosedda.it\/?cat=52"},"img":{"alt_text":"","src":"https:\/\/i0.wp.com\/www.robertosedda.it\/wp-content\/uploads\/2014\/05\/Report-otto-marzo-2014-Cagliari.jpg?fit=849%2C1200&resize=350%2C200","width":350,"height":200,"srcset":"https:\/\/i0.wp.com\/www.robertosedda.it\/wp-content\/uploads\/2014\/05\/Report-otto-marzo-2014-Cagliari.jpg?fit=849%2C1200&resize=350%2C200 1x, https:\/\/i0.wp.com\/www.robertosedda.it\/wp-content\/uploads\/2014\/05\/Report-otto-marzo-2014-Cagliari.jpg?fit=849%2C1200&resize=700%2C400 2x"},"classes":[]}],"_links":{"self":[{"href":"http:\/\/www.robertosedda.it\/index.php?rest_route=\/wp\/v2\/posts\/8492"}],"collection":[{"href":"http:\/\/www.robertosedda.it\/index.php?rest_route=\/wp\/v2\/posts"}],"about":[{"href":"http:\/\/www.robertosedda.it\/index.php?rest_route=\/wp\/v2\/types\/post"}],"author":[{"embeddable":true,"href":"http:\/\/www.robertosedda.it\/index.php?rest_route=\/wp\/v2\/users\/1"}],"replies":[{"embeddable":true,"href":"http:\/\/www.robertosedda.it\/index.php?rest_route=%2Fwp%2Fv2%2Fcomments&post=8492"}],"version-history":[{"count":6,"href":"http:\/\/www.robertosedda.it\/index.php?rest_route=\/wp\/v2\/posts\/8492\/revisions"}],"predecessor-version":[{"id":8499,"href":"http:\/\/www.robertosedda.it\/index.php?rest_route=\/wp\/v2\/posts\/8492\/revisions\/8499"}],"wp:featuredmedia":[{"embeddable":true,"href":"http:\/\/www.robertosedda.it\/index.php?rest_route=\/wp\/v2\/media\/7978"}],"wp:attachment":[{"href":"http:\/\/www.robertosedda.it\/index.php?rest_route=%2Fwp%2Fv2%2Fmedia&parent=8492"}],"wp:term":[{"taxonomy":"category","embeddable":true,"href":"http:\/\/www.robertosedda.it\/index.php?rest_route=%2Fwp%2Fv2%2Fcategories&post=8492"},{"taxonomy":"post_tag","embeddable":true,"href":"http:\/\/www.robertosedda.it\/index.php?rest_route=%2Fwp%2Fv2%2Ftags&post=8492"}],"curies":[{"name":"wp","href":"https:\/\/api.w.org\/{rel}","templated":true}]}}