{"id":8456,"date":"2014-09-18T12:23:25","date_gmt":"2014-09-18T10:23:25","guid":{"rendered":"http:\/\/www.robertosedda.it\/?p=8456"},"modified":"2014-09-24T11:28:51","modified_gmt":"2014-09-24T09:28:51","slug":"un-pensiero-volante-sul-convegno-pastorale-della-diocesi-di-cagliari","status":"publish","type":"post","link":"http:\/\/www.robertosedda.it\/?p=8456","title":{"rendered":"Un pensiero volante sul Convegno pastorale della diocesi di Cagliari"},"content":{"rendered":"<p>Sono andato ieri alla prima sessione di lavori del Convegno pastorale annuale della diocesi di Cagliari. Impegnato in altre cose ho fatto in tempo solo a sentire un bell&#8217;intervento di una coppia di trentini che sono venuti in Sardegna a gestire <a href=\"http:\/\/www.pocopocosardegna.it\/\">una cooperativa sociale che fa biologico<\/a>, il dibattito e le conclusioni.<\/p>\n<p><a href=\"https:\/\/i0.wp.com\/www.robertosedda.it\/wp-content\/uploads\/2014\/09\/Convegno-pastorale-diocesano.jpg\"><img data-attachment-id=\"8457\" data-permalink=\"http:\/\/www.robertosedda.it\/?attachment_id=8457\" data-orig-file=\"https:\/\/i0.wp.com\/www.robertosedda.it\/wp-content\/uploads\/2014\/09\/Convegno-pastorale-diocesano.jpg?fit=907%2C680\" data-orig-size=\"907,680\" data-comments-opened=\"1\" data-image-meta=\"{&quot;aperture&quot;:&quot;0&quot;,&quot;credit&quot;:&quot;&quot;,&quot;camera&quot;:&quot;&quot;,&quot;caption&quot;:&quot;&quot;,&quot;created_timestamp&quot;:&quot;0&quot;,&quot;copyright&quot;:&quot;&quot;,&quot;focal_length&quot;:&quot;0&quot;,&quot;iso&quot;:&quot;0&quot;,&quot;shutter_speed&quot;:&quot;0&quot;,&quot;title&quot;:&quot;&quot;,&quot;orientation&quot;:&quot;0&quot;}\" data-image-title=\"Convegno pastorale diocesano\" data-image-description=\"\" data-image-caption=\"\" data-medium-file=\"https:\/\/i0.wp.com\/www.robertosedda.it\/wp-content\/uploads\/2014\/09\/Convegno-pastorale-diocesano.jpg?fit=300%2C224\" data-large-file=\"https:\/\/i0.wp.com\/www.robertosedda.it\/wp-content\/uploads\/2014\/09\/Convegno-pastorale-diocesano.jpg?fit=510%2C382\" decoding=\"async\" loading=\"lazy\" class=\"aligncenter wp-image-8457 size-full\" src=\"https:\/\/i0.wp.com\/www.robertosedda.it\/wp-content\/uploads\/2014\/09\/Convegno-pastorale-diocesano.jpg?resize=800%2C600\" alt=\"Convegno pastorale diocesano\" width=\"800\" height=\"600\" srcset=\"https:\/\/i0.wp.com\/www.robertosedda.it\/wp-content\/uploads\/2014\/09\/Convegno-pastorale-diocesano.jpg?w=907 907w, https:\/\/i0.wp.com\/www.robertosedda.it\/wp-content\/uploads\/2014\/09\/Convegno-pastorale-diocesano.jpg?resize=150%2C112 150w, https:\/\/i0.wp.com\/www.robertosedda.it\/wp-content\/uploads\/2014\/09\/Convegno-pastorale-diocesano.jpg?resize=300%2C224 300w, https:\/\/i0.wp.com\/www.robertosedda.it\/wp-content\/uploads\/2014\/09\/Convegno-pastorale-diocesano.jpg?resize=510%2C382 510w, https:\/\/i0.wp.com\/www.robertosedda.it\/wp-content\/uploads\/2014\/09\/Convegno-pastorale-diocesano.jpg?resize=268%2C200 268w, https:\/\/i0.wp.com\/www.robertosedda.it\/wp-content\/uploads\/2014\/09\/Convegno-pastorale-diocesano.jpg?resize=700%2C524 700w, https:\/\/i0.wp.com\/www.robertosedda.it\/wp-content\/uploads\/2014\/09\/Convegno-pastorale-diocesano.jpg?resize=50%2C37 50w\" sizes=\"(max-width: 800px) 100vw, 800px\" data-recalc-dims=\"1\" \/><\/a>Il dibattito, come l&#8217;affluenza, non era entusiasmante, ma l&#8217;intervento era molto buono, come solo pu\u00f2 esserlo la storia di due che per i propri ideali e per il Vangelo prendono e \u00a0mollano tutto e se ne vanno in un&#8217;altra regione, a fare cose diverse, a guadagnare molto di meno, a essere molto meno sicuri e garantiti ma pi\u00f9 felici, probabilmente.<\/p>\n<p>In realt\u00e0 non \u00e8 tanto dell&#8217;intervento, per\u00f2, che voglio parlare, quanto condividere un pensiero che mi \u00e8 venuto spontaneo mentre ascoltavo.<\/p>\n<p>Biologico, cooperazione sociale ma un po&#8217; tutti i temi &#8220;sociali&#8221; dell&#8217;intervento sono, rispetto al linguaggio abituale di tanti convegni diocesani del passato, un cambiamento culturale non da poco e forse non \u00e8 un caso che se ne siano fatte portatrici delle persone che si sono formate dentro un contesto diverso, in cui\u00a0il legame di queste realt\u00e0 con la dimensione ecclesiale \u00e8 sempre stato molto pi\u00f9 forte (il che non vuol dire che, in particolare dentro l&#8217;economia di comunione dei Focolarini, non siano nate anche qui esperienze di questo genere, per\u00f2 non hanno mai realmente innervato il tessuto ecclesiale). Sentirne parlare con grandissima naturalezza dal palco, come cose scontate, mi ha fatto davvero impressione.<\/p>\n<p>Il problema, per\u00f2, \u00e8 che complessivamente si tratta di movimenti sociali e culturali ormai maturi che esistono da trenta o quarant&#8217;anni e che, a giudizio stesso dei fondatori e delle maggiori personalit\u00e0 che se ne sono fatte interpreti, necessitano di un profondo ripensamento, che tenga conto del fatto naturale che la storia nel frattempo \u00e8 andata avanti.<\/p>\n<p>Voglio dire cio\u00e8 che \u00e8 senz&#8217;altro positivo che la diocesi pi\u00f9 importante della Sardegna dia spazio a queste sensibilit\u00e0 che, lo dico per chiarezza, sono anche le mie, altrimenti non farei Banca Etica. Per\u00f2 esiste contemporaneamente\u00a0una necessit\u00e0 grande di progettare il futuro, di pensare a ci\u00f2 che verr\u00e0 dopo la cooperazione sociale, <em>questa<\/em> cooperazione sociale, e dopo il biologico, almeno <em>questo<\/em> biologico. \u00c8 chiaro che non \u00e8 compito esclusivo della diocesi di Cagliari e della comunit\u00e0 ecclesiale che rappresenta, forse non \u00e8 anche un compito specifico della Chiesa, per\u00f2 la necessit\u00e0 c&#8217;\u00e8. In qualche modo mi pare che oltre a presentare buone prassi un convegno pastorale (il prossimo?) si potrebbe occupare di presentare scenari e di chiedersi, dentro di questi, quale potrebbe essere il ruolo delle comunit\u00e0 ecclesiali, compresa la nostra. C&#8217;\u00e8 un bisogno disperato di elaborazione in vista del futuro per tutti coloro che hanno a cuore vite e societ\u00e0 pi\u00f9 eque, pi\u00f9 giuste, pi\u00f9 umane, pi\u00f9 corrispondenti al Vangelo, di fronte a modelli sociali disumani che incombono: di questo bisogno qualcuno si deve far carico, o forse tanti collettivamente, compresa la nostra diocesi.<\/p>\n<p>Mannaggia, gli esami non finiscono mai. Sei appena arrivato ad avere buone prassi in mano da presentare e gi\u00e0 il futuro si avanza a grandi passi.<\/p>\n<p>Non credo sia un problema. In realt\u00e0 la parte migliore dell&#8217;intervento di ieri non era tanto nelle\u00a0soluzioni tecniche adottate, ma nel valore della testimonianza: la capacit\u00e0 di leggere sapienzialmente la propria situazione familiare e personale, di affidarsi alla Provvidenza, di aprirsi generosamente alle necessit\u00e0\u00a0altrui. Perenne novit\u00e0 del Vangelo, infatti, anche rispetto ai passi incalzanti del futuro.<\/p>\n","protected":false},"excerpt":{"rendered":"<p>Sono andato ieri alla prima sessione di lavori del Convegno pastorale annuale della diocesi di Cagliari. Impegnato in altre cose<\/p>\n","protected":false},"author":1,"featured_media":8457,"comment_status":"open","ping_status":"open","sticky":false,"template":"","format":"standard","meta":{"_mi_skip_tracking":false,"_monsterinsights_sitenote_active":false,"_monsterinsights_sitenote_note":"","_monsterinsights_sitenote_category":0,"jetpack_post_was_ever_published":false,"_jetpack_newsletter_access":"","jetpack_publicize_message":"","jetpack_is_tweetstorm":false,"jetpack_publicize_feature_enabled":true,"jetpack_social_post_already_shared":true,"jetpack_social_options":{"image_generator_settings":{"template":"highway","enabled":false}}},"categories":[52,49,54,62,12],"tags":[],"jetpack_publicize_connections":[],"jetpack_featured_media_url":"https:\/\/i0.wp.com\/www.robertosedda.it\/wp-content\/uploads\/2014\/09\/Convegno-pastorale-diocesano.jpg?fit=907%2C680","jetpack_sharing_enabled":true,"jetpack_shortlink":"https:\/\/wp.me\/p4jV2T-2co","jetpack_likes_enabled":true,"jetpack-related-posts":[{"id":8776,"url":"http:\/\/www.robertosedda.it\/?p=8776","url_meta":{"origin":8456,"position":0},"title":"Quel che ho detto al Convegno pastorale regionale","author":"Rufus","date":"28\/10\/2014","format":false,"excerpt":"Non ho molti commenti da fare sul Convegno pastorale regionale al quale ho partecipato sabato insieme col gruppo \"La Pira\" praticamente al completo e a un paio di centinaia di altri giunti da (quasi) tutte le diocesi della Sardegna (a questo indirizzo trovate le registrazioni di buona parte delle relazioni\u2026","rel":"","context":"In &quot;Coordinate&quot;","block_context":{"text":"Coordinate","link":"http:\/\/www.robertosedda.it\/?cat=52"},"img":{"alt_text":"","src":"https:\/\/i0.wp.com\/www.robertosedda.it\/wp-content\/uploads\/2014\/10\/cropped-testata-sito.jpg?fit=980%2C320&resize=350%2C200","width":350,"height":200,"srcset":"https:\/\/i0.wp.com\/www.robertosedda.it\/wp-content\/uploads\/2014\/10\/cropped-testata-sito.jpg?fit=980%2C320&resize=350%2C200 1x, https:\/\/i0.wp.com\/www.robertosedda.it\/wp-content\/uploads\/2014\/10\/cropped-testata-sito.jpg?fit=980%2C320&resize=700%2C400 2x"},"classes":[]},{"id":13874,"url":"http:\/\/www.robertosedda.it\/?p=13874","url_meta":{"origin":8456,"position":1},"title":"Don Milani, scappa veloce","author":"Rufus","date":"21\/06\/2017","format":false,"excerpt":"Sono andato ieri al convegno che una serie di realt\u00e0 della diocesi di Cagliari hanno dedicato alla figura di don Milani, intitolato La sfida di don Milani. Ora, la mia opinione su un convegno del genere \u00e8 riassunta in una battuta fulminante di Silvio Orlando in\u00a0Sud di Salvatores. https:\/\/www.youtube.com\/watch?v=0ltlncYqWwo Ciro\u2026","rel":"","context":"In &quot;Coordinate&quot;","block_context":{"text":"Coordinate","link":"http:\/\/www.robertosedda.it\/?cat=52"},"img":{"alt_text":"","src":"https:\/\/i0.wp.com\/www.robertosedda.it\/wp-content\/uploads\/2017\/06\/Don-Milani.jpg?fit=849%2C1200&resize=350%2C200","width":350,"height":200,"srcset":"https:\/\/i0.wp.com\/www.robertosedda.it\/wp-content\/uploads\/2017\/06\/Don-Milani.jpg?fit=849%2C1200&resize=350%2C200 1x, https:\/\/i0.wp.com\/www.robertosedda.it\/wp-content\/uploads\/2017\/06\/Don-Milani.jpg?fit=849%2C1200&resize=700%2C400 2x"},"classes":[]},{"id":556,"url":"http:\/\/www.robertosedda.it\/?p=556","url_meta":{"origin":8456,"position":2},"title":"Camminando si apre cammino","author":"Rufus","date":"22\/08\/2012","format":false,"excerpt":"Per una strana\u00a0 fortunata coincidenza, la Nuova Sardegna di ieri ha pubblicato in due pagine successive sia la notizia dell\u2019inaugurazione del\u00a0sentiero Frassati della Sardegna sia la notizia di\u00a0Caminantes, un convegno di studi che da oggi fino a domenica, a Sedilo, mette a confronto sul tema del pellegrinaggio religioso in Sardegna\u2026","rel":"","context":"In &quot;Coordinate&quot;","block_context":{"text":"Coordinate","link":"http:\/\/www.robertosedda.it\/?cat=52"},"img":{"alt_text":"","src":"","width":0,"height":0},"classes":[]},{"id":6777,"url":"http:\/\/www.robertosedda.it\/?p=6777","url_meta":{"origin":8456,"position":3},"title":"\u00abFai un intervento politico&#8230;\u00bb","author":"Rufus","date":"18\/03\/2014","format":false,"excerpt":"\u00abFai un intervento politico...\u00bb \u00e8 la raccomandazione che sto facendo a tutti quelli che mi chiedono: \u00abChe devo dire?\u00bb. Stasera modero il dibattito (che spero succoso, interessante e partecipato) durante La finanza non \u00e8 un gioco, l'appuntamento cagliaritano della festa della finanza etica\u00a0che in tutta Italia\u00a0celebra i quindici anni di\u2026","rel":"","context":"In &quot;Banche e finanza&quot;","block_context":{"text":"Banche e finanza","link":"http:\/\/www.robertosedda.it\/?cat=72"},"img":{"alt_text":"","src":"https:\/\/i0.wp.com\/www.robertosedda.it\/wp-content\/uploads\/2014\/03\/Locandina.jpg?fit=664%2C960&resize=350%2C200","width":350,"height":200},"classes":[]},{"id":905,"url":"http:\/\/www.robertosedda.it\/?p=905","url_meta":{"origin":8456,"position":4},"title":"Aggiornamenti e segnalazioni","author":"Rufus","date":"21\/09\/2012","format":false,"excerpt":"Nel mondo Nei giorni scorsi ho segnalato in giro\u00a0un articolo di Internazionale che aiuta a farsi un'idea della situazione in Libia, smistandovi verso ulteriori approfondimenti. Lo trovate qui.\u00a0Collegato al tema un articolo di Luca Sofri sul modo con cui viene\u00a0raccontata la violenza e su ci\u00f2 che pu\u00f2 e deve essere\u2026","rel":"","context":"In &quot;Coordinate&quot;","block_context":{"text":"Coordinate","link":"http:\/\/www.robertosedda.it\/?cat=52"},"img":{"alt_text":"","src":"","width":0,"height":0},"classes":[]},{"id":6672,"url":"http:\/\/www.robertosedda.it\/?p=6672","url_meta":{"origin":8456,"position":5},"title":"Una mattina di sabato, sotto un magnifico retablo, a discutere di Cagliari","author":"Rufus","date":"10\/03\/2014","format":false,"excerpt":"Domande di politica e quel gruppo a cui non viene mai detto di no Non so se ricordate un articolo di un po' di tempo fa in cui mi facevo, e facevo a tutti, delle domande su Cagliari. Erano domande politiche, ma nella discussione successiva, sia sulla rete che di\u2026","rel":"","context":"In &quot;Coordinate&quot;","block_context":{"text":"Coordinate","link":"http:\/\/www.robertosedda.it\/?cat=52"},"img":{"alt_text":"","src":"https:\/\/i0.wp.com\/www.robertosedda.it\/wp-content\/uploads\/2013\/11\/SantEfisio.jpg?fit=640%2C428&resize=350%2C200","width":350,"height":200},"classes":[]}],"_links":{"self":[{"href":"http:\/\/www.robertosedda.it\/index.php?rest_route=\/wp\/v2\/posts\/8456"}],"collection":[{"href":"http:\/\/www.robertosedda.it\/index.php?rest_route=\/wp\/v2\/posts"}],"about":[{"href":"http:\/\/www.robertosedda.it\/index.php?rest_route=\/wp\/v2\/types\/post"}],"author":[{"embeddable":true,"href":"http:\/\/www.robertosedda.it\/index.php?rest_route=\/wp\/v2\/users\/1"}],"replies":[{"embeddable":true,"href":"http:\/\/www.robertosedda.it\/index.php?rest_route=%2Fwp%2Fv2%2Fcomments&post=8456"}],"version-history":[{"count":2,"href":"http:\/\/www.robertosedda.it\/index.php?rest_route=\/wp\/v2\/posts\/8456\/revisions"}],"predecessor-version":[{"id":8459,"href":"http:\/\/www.robertosedda.it\/index.php?rest_route=\/wp\/v2\/posts\/8456\/revisions\/8459"}],"wp:featuredmedia":[{"embeddable":true,"href":"http:\/\/www.robertosedda.it\/index.php?rest_route=\/wp\/v2\/media\/8457"}],"wp:attachment":[{"href":"http:\/\/www.robertosedda.it\/index.php?rest_route=%2Fwp%2Fv2%2Fmedia&parent=8456"}],"wp:term":[{"taxonomy":"category","embeddable":true,"href":"http:\/\/www.robertosedda.it\/index.php?rest_route=%2Fwp%2Fv2%2Fcategories&post=8456"},{"taxonomy":"post_tag","embeddable":true,"href":"http:\/\/www.robertosedda.it\/index.php?rest_route=%2Fwp%2Fv2%2Ftags&post=8456"}],"curies":[{"name":"wp","href":"https:\/\/api.w.org\/{rel}","templated":true}]}}