{"id":8445,"date":"2014-09-16T15:55:01","date_gmt":"2014-09-16T13:55:01","guid":{"rendered":"http:\/\/www.robertosedda.it\/?p=8445"},"modified":"2014-11-13T12:45:13","modified_gmt":"2014-11-13T11:45:13","slug":"modi-eleganti-per-sottrarsi-alle-catene-e-i-miei-dieci-libri-preferiti","status":"publish","type":"post","link":"http:\/\/www.robertosedda.it\/?p=8445","title":{"rendered":"Modi eleganti per sottrarsi alle catene e i miei dieci libri preferiti"},"content":{"rendered":"<p>Ho deciso da un po&#8217; di fare il possibile per non partecipare alle catene su <em>Facebook<\/em>: non \u00e8 proprio una regola fissa, ma se posso lascio cadere le chiamate per quanto possa sentirmi solleticato nell&#8217;orgoglio dal fatto che c&#8217;\u00e8 gente che mi pensa. Lo faccio perch\u00e9 penso che le catene siano un po&#8217; troppe e riempiano la rete con un po&#8217; troppo rumore, quindi se posso non partecipo, magari con un po&#8217; di imbarazzo.<\/p>\n<p>La catena sui dieci libri preferiti che gira attualmente \u00e8 un buon esempio: ho fatto finta di niente rispetto alla chiamata di Vincenzo Soddu e di Alberto Menoncin ma quando anche Matteo Venturelli mi ha tirato in ballo mi sono sentito un po&#8217; scortese a continuare a rifiutare. Tanto pi\u00f9 essendo il lettore accanito che sono.<\/p>\n<p><a href=\"https:\/\/i0.wp.com\/www.robertosedda.it\/wp-content\/uploads\/2014\/05\/Io-e-mamma-2.jpg\"><img data-attachment-id=\"7270\" data-permalink=\"http:\/\/www.robertosedda.it\/?attachment_id=7270\" data-orig-file=\"https:\/\/i0.wp.com\/www.robertosedda.it\/wp-content\/uploads\/2014\/05\/Io-e-mamma-2.jpg?fit=2816%2C2112\" data-orig-size=\"2816,2112\" data-comments-opened=\"1\" data-image-meta=\"{&quot;aperture&quot;:&quot;4.4&quot;,&quot;credit&quot;:&quot;&quot;,&quot;camera&quot;:&quot;COOLPIX S6&quot;,&quot;caption&quot;:&quot;&quot;,&quot;created_timestamp&quot;:&quot;1198671026&quot;,&quot;copyright&quot;:&quot;&quot;,&quot;focal_length&quot;:&quot;12.2&quot;,&quot;iso&quot;:&quot;200&quot;,&quot;shutter_speed&quot;:&quot;0.76923076923077&quot;,&quot;title&quot;:&quot;&quot;}\" data-image-title=\"Io e mamma 2\" data-image-description=\"\" data-image-caption=\"\" data-medium-file=\"https:\/\/i0.wp.com\/www.robertosedda.it\/wp-content\/uploads\/2014\/05\/Io-e-mamma-2.jpg?fit=300%2C225\" data-large-file=\"https:\/\/i0.wp.com\/www.robertosedda.it\/wp-content\/uploads\/2014\/05\/Io-e-mamma-2.jpg?fit=510%2C382\" decoding=\"async\" loading=\"lazy\" class=\"aligncenter size-full wp-image-7270\" src=\"https:\/\/i0.wp.com\/www.robertosedda.it\/wp-content\/uploads\/2014\/05\/Io-e-mamma-2.jpg?resize=800%2C600\" alt=\"Io e mamma 2\" width=\"800\" height=\"600\" srcset=\"https:\/\/i0.wp.com\/www.robertosedda.it\/wp-content\/uploads\/2014\/05\/Io-e-mamma-2.jpg?w=2816 2816w, https:\/\/i0.wp.com\/www.robertosedda.it\/wp-content\/uploads\/2014\/05\/Io-e-mamma-2.jpg?resize=150%2C112 150w, https:\/\/i0.wp.com\/www.robertosedda.it\/wp-content\/uploads\/2014\/05\/Io-e-mamma-2.jpg?resize=300%2C225 300w, https:\/\/i0.wp.com\/www.robertosedda.it\/wp-content\/uploads\/2014\/05\/Io-e-mamma-2.jpg?resize=510%2C382 510w, https:\/\/i0.wp.com\/www.robertosedda.it\/wp-content\/uploads\/2014\/05\/Io-e-mamma-2.jpg?resize=268%2C200 268w, https:\/\/i0.wp.com\/www.robertosedda.it\/wp-content\/uploads\/2014\/05\/Io-e-mamma-2.jpg?resize=700%2C525 700w, https:\/\/i0.wp.com\/www.robertosedda.it\/wp-content\/uploads\/2014\/05\/Io-e-mamma-2.jpg?w=1600 1600w, https:\/\/i0.wp.com\/www.robertosedda.it\/wp-content\/uploads\/2014\/05\/Io-e-mamma-2.jpg?w=2400 2400w\" sizes=\"(max-width: 800px) 100vw, 800px\" data-recalc-dims=\"1\" \/><\/a>Poi mi \u00e8 venuto in mente che posso in qualche modo salvare capra e cavoli usando qui il\u00a0<em>blog<\/em> e tirandone fuori un articolo in tema. Quindi ecco a voi<\/p>\n<h2>I dieci libri preferiti dello zio Rufus<\/h2>\n<p>Avrei potuto metterne molti di pi\u00f9, ovviamente. Ho seguito come criterio quello di mettere libri sui quali sono tornato pi\u00f9 volte e che non mi hanno mai deluso, in momenti diversi della vita, con interessi e modi di pensare diversi. Come vedrete ci sono un paio di <em>ex aequo<\/em>, o meglio libri che sono in un certo senso intercambiabili. L&#8217;ordine \u00e8 del tutto casuale.<\/p>\n<p>Per quei libri di cui ho gi\u00e0 parlato, per esempio su <em>Oggi parliamo di libri<\/em>,\u00a0ho aggiunto il\u00a0<em>link<\/em> al vecchio articolo. Ah, e grazie a Vincenzo e Alberto e Matteo per avermi pensato!<\/p>\n<p><a href=\"https:\/\/i0.wp.com\/www.robertosedda.it\/wp-content\/uploads\/2014\/09\/Corto-Maltese.jpg\"><img data-attachment-id=\"8446\" data-permalink=\"http:\/\/www.robertosedda.it\/?attachment_id=8446\" data-orig-file=\"https:\/\/i0.wp.com\/www.robertosedda.it\/wp-content\/uploads\/2014\/09\/Corto-Maltese.jpg?fit=215%2C300\" data-orig-size=\"215,300\" data-comments-opened=\"1\" data-image-meta=\"{&quot;aperture&quot;:&quot;0&quot;,&quot;credit&quot;:&quot;&quot;,&quot;camera&quot;:&quot;&quot;,&quot;caption&quot;:&quot;&quot;,&quot;created_timestamp&quot;:&quot;0&quot;,&quot;copyright&quot;:&quot;&quot;,&quot;focal_length&quot;:&quot;0&quot;,&quot;iso&quot;:&quot;0&quot;,&quot;shutter_speed&quot;:&quot;0&quot;,&quot;title&quot;:&quot;&quot;,&quot;orientation&quot;:&quot;0&quot;}\" data-image-title=\"Corto Maltese\" data-image-description=\"\" data-image-caption=\"\" data-medium-file=\"https:\/\/i0.wp.com\/www.robertosedda.it\/wp-content\/uploads\/2014\/09\/Corto-Maltese.jpg?fit=215%2C300\" data-large-file=\"https:\/\/i0.wp.com\/www.robertosedda.it\/wp-content\/uploads\/2014\/09\/Corto-Maltese.jpg?fit=215%2C300\" decoding=\"async\" loading=\"lazy\" class=\"alignright wp-image-8446 size-full\" src=\"https:\/\/i0.wp.com\/www.robertosedda.it\/wp-content\/uploads\/2014\/09\/Corto-Maltese.jpg?resize=215%2C300\" alt=\"Corto Maltese\" width=\"215\" height=\"300\" srcset=\"https:\/\/i0.wp.com\/www.robertosedda.it\/wp-content\/uploads\/2014\/09\/Corto-Maltese.jpg?w=215 215w, https:\/\/i0.wp.com\/www.robertosedda.it\/wp-content\/uploads\/2014\/09\/Corto-Maltese.jpg?resize=107%2C150 107w, https:\/\/i0.wp.com\/www.robertosedda.it\/wp-content\/uploads\/2014\/09\/Corto-Maltese.jpg?resize=35%2C50 35w\" sizes=\"(max-width: 215px) 100vw, 215px\" data-recalc-dims=\"1\" \/><\/a><\/p>\n<ol>\n<li><a title=\"Corto Maltese e i suoi valori\" href=\"http:\/\/www.robertosedda.it\/?p=4046\">Hugo Pratt,\u00a0<\/a><em><a title=\"Corto Maltese e i suoi valori\" href=\"http:\/\/www.robertosedda.it\/?p=4046\">Corto Maltese<\/a>.\u00a0<\/em>Iniziamo con un fumetto; questa edizione raccoglie le prime storie di Corto Maltese dopo <em>Una ballata del mare salato<\/em>.\u00a0Uno dei primi libri a fumetti che ho letto. Un libro fondamentale che mi ha aperto lo sguardo all&#8217;avventura, al fantastico e a mille altre cose. Il primo contatto con un grande narratore, la scoperta dei\u00a0<em>canga\u00e7eiros<\/em>, l&#8217;anelito ai grandi spazi e alla libert\u00e0. Ho ancora il volume originario. Un altro libro dell&#8217;infanzia che ho ancora \u00e8\u00a0<em>La trib\u00f9 dell&#8217;aquila<\/em> di Luciana Mancusi, un libro per ragazzi bellissimo con la storia del farsi adulti di alcuni giovanissimi\u00a0pellirossa. Non entra fra i dieci perch\u00e9 c&#8217;\u00e8 gi\u00e0 Corto, \u00a0ma \u00e8 l\u00ec nei pressi.<\/li>\n<li><em>Il libro dei Salmi<\/em>. Qui un po&#8217; sto barando: avrei voluto mettere sia la Bibbia che il libro della Liturgia delle Ore. Alla fine ho deciso di mettere i Salmi perch\u00e9 rappresentano\u00a0entrambi (il che obbliga, purtroppo, a non mettere nell&#8217;elenco il Vangelo secondo Matteo).<\/li>\n<li>J.R.R. Tolkien,\u00a0<em>Il signore degli anelli<\/em>. Non\u00a0<a title=\"Quel che ho detto de Lo Hobbit\" href=\"http:\/\/www.robertosedda.it\/?p=1598\"><em>Lo Hobbit<\/em><\/a>, che pure \u00e8 molto pi\u00f9 fresco e immediato.\u00a0<em>Il signore degli anelli<\/em>\u00a0ha tutta un&#8217;altra profondit\u00e0 che lo rende incomparabile. \u00c8\u00a0come l&#8217;enciclopedia: su quello che cerchi una parola te la dice. Sempre.<\/li>\n<li><a href=\"https:\/\/i0.wp.com\/www.robertosedda.it\/wp-content\/uploads\/2013\/04\/complete-stalky-co-rudyard-kipling-paperback-cover-art.jpg\"><img data-attachment-id=\"2977\" data-permalink=\"http:\/\/www.robertosedda.it\/?attachment_id=2977\" data-orig-file=\"https:\/\/i0.wp.com\/www.robertosedda.it\/wp-content\/uploads\/2013\/04\/complete-stalky-co-rudyard-kipling-paperback-cover-art.jpg?fit=200%2C303\" data-orig-size=\"200,303\" data-comments-opened=\"1\" data-image-meta=\"{&quot;aperture&quot;:&quot;0&quot;,&quot;credit&quot;:&quot;&quot;,&quot;camera&quot;:&quot;&quot;,&quot;caption&quot;:&quot;&quot;,&quot;created_timestamp&quot;:&quot;0&quot;,&quot;copyright&quot;:&quot;&quot;,&quot;focal_length&quot;:&quot;0&quot;,&quot;iso&quot;:&quot;0&quot;,&quot;shutter_speed&quot;:&quot;0&quot;,&quot;title&quot;:&quot;&quot;}\" data-image-title=\"complete-stalky-co-rudyard-kipling-paperback-cover-art\" data-image-description=\"\" data-image-caption=\"\" data-medium-file=\"https:\/\/i0.wp.com\/www.robertosedda.it\/wp-content\/uploads\/2013\/04\/complete-stalky-co-rudyard-kipling-paperback-cover-art.jpg?fit=198%2C300\" data-large-file=\"https:\/\/i0.wp.com\/www.robertosedda.it\/wp-content\/uploads\/2013\/04\/complete-stalky-co-rudyard-kipling-paperback-cover-art.jpg?fit=200%2C303\" decoding=\"async\" loading=\"lazy\" class=\"alignright wp-image-2977 size-full\" src=\"https:\/\/i0.wp.com\/www.robertosedda.it\/wp-content\/uploads\/2013\/04\/complete-stalky-co-rudyard-kipling-paperback-cover-art.jpg?resize=200%2C303\" alt=\"complete-stalky-co-rudyard-kipling-paperback-cover-art\" width=\"200\" height=\"303\" srcset=\"https:\/\/i0.wp.com\/www.robertosedda.it\/wp-content\/uploads\/2013\/04\/complete-stalky-co-rudyard-kipling-paperback-cover-art.jpg?w=200 200w, https:\/\/i0.wp.com\/www.robertosedda.it\/wp-content\/uploads\/2013\/04\/complete-stalky-co-rudyard-kipling-paperback-cover-art.jpg?resize=198%2C300 198w\" sizes=\"(max-width: 200px) 100vw, 200px\" data-recalc-dims=\"1\" \/><\/a><a title=\"Raymond Chandler e Philip Marlowe\" href=\"http:\/\/www.robertosedda.it\/?p=5506\">Raymond Chandler<\/a>,\u00a0<em>La dama del lago<\/em>. Avrei potuto mettere tutto Chandler e un bel pezzo di <a title=\"Dashiell Hammett e i suoi eroi fragili\" href=\"http:\/\/www.robertosedda.it\/?p=6018\">Dashiell Hammett<\/a>, ma scelgo questo libro (che casualmente ho finito di rileggere oggi), nella sua cristallina perfezione.<\/li>\n<li>Charles Dickens,\u00a0<em>David Copperfield<\/em>. A sorpresa (?) non la Austen. <em>David Copperfield<\/em>\u00a0non racconta un corteggiamento ma un amore che dura tutta una vita e gi\u00e0 solo per questo mi piace di pi\u00f9. E poi c&#8217;\u00e8 una galleria di personaggi e situazioni impressionante e un&#8217;intera epoca in un solo romanzo.<\/li>\n<li><a title=\"Stalky &amp; C.\" href=\"http:\/\/www.robertosedda.it\/?p=2972\">Rudyard Kipling,\u00a0<em>Stalky &amp; C<\/em><\/a>. Lo so che \u00e8 considerato un libro minore di Kipling, ma a me piaceva da ragazzo\u00a0per come parlava degli adolescenti e da adulto&#8230; per come parla degli adolescenti. Siccome due volte Kipling non pu\u00f2 comparire nell&#8217;elenco, questo mi impedisce di mettere\u00a0<em>Storie proprio cos\u00ec<\/em>, un altro libro meraviglioso.<\/li>\n<li>Stefano Benni,\u00a0<em>Ba\u00f2l<\/em>. Quasi a pari merito con\u00a0<em>La compagnia dei celestini<\/em>. Lo so che al mondo c&#8217;\u00e8 tanto di meglio del realismo magico e dell&#8217;umorismo, ma\u00a0<em>Ba\u00f2l<\/em> raccontava l&#8217;Italia dell&#8217;epoca con una straordinaria immediatezza ed \u00e8 l\u00ec che ho imparato che si pu\u00f2 raccontare il presente con le favole e come si possono costruire mondi. Ed al contrario di altre cose di Benni non l&#8217;ho mai trovato invecchiato.<\/li>\n<li><img data-attachment-id=\"4852\" data-permalink=\"http:\/\/www.robertosedda.it\/?attachment_id=4852\" data-orig-file=\"https:\/\/i0.wp.com\/www.robertosedda.it\/wp-content\/uploads\/2013\/10\/Carr-lezioni-storia.jpg?fit=200%2C345\" data-orig-size=\"200,345\" data-comments-opened=\"1\" data-image-meta=\"{&quot;aperture&quot;:&quot;0&quot;,&quot;credit&quot;:&quot;&quot;,&quot;camera&quot;:&quot;&quot;,&quot;caption&quot;:&quot;&quot;,&quot;created_timestamp&quot;:&quot;0&quot;,&quot;copyright&quot;:&quot;&quot;,&quot;focal_length&quot;:&quot;0&quot;,&quot;iso&quot;:&quot;0&quot;,&quot;shutter_speed&quot;:&quot;0&quot;,&quot;title&quot;:&quot;&quot;}\" data-image-title=\"Carr lezioni storia\" data-image-description=\"\" data-image-caption=\"\" data-medium-file=\"https:\/\/i0.wp.com\/www.robertosedda.it\/wp-content\/uploads\/2013\/10\/Carr-lezioni-storia.jpg?fit=173%2C300\" data-large-file=\"https:\/\/i0.wp.com\/www.robertosedda.it\/wp-content\/uploads\/2013\/10\/Carr-lezioni-storia.jpg?fit=200%2C345\" decoding=\"async\" loading=\"lazy\" class=\"alignright wp-image-4852 size-medium\" src=\"https:\/\/i0.wp.com\/www.robertosedda.it\/wp-content\/uploads\/2013\/10\/Carr-lezioni-storia.jpg?resize=173%2C300\" alt=\"Carr lezioni storia\" width=\"173\" height=\"300\" srcset=\"https:\/\/i0.wp.com\/www.robertosedda.it\/wp-content\/uploads\/2013\/10\/Carr-lezioni-storia.jpg?resize=173%2C300 173w, https:\/\/i0.wp.com\/www.robertosedda.it\/wp-content\/uploads\/2013\/10\/Carr-lezioni-storia.jpg?resize=86%2C150 86w\" sizes=\"(max-width: 173px) 100vw, 173px\" data-recalc-dims=\"1\" \/>Bertolt Brecht,\u00a0<em>Io Bertolt Brecht<\/em>. Una raccolta degli anni &#8217;60 degli\u00a0<em>Editori Riuniti<\/em>. Potrei mettere qualunque altra compilazione delle\u00a0poesie di Brecht: l&#8217;importante \u00e8 ricordare che il vecchio Bertolt non tradisce mai.<\/li>\n<li><a title=\"Sei lezioni sulla storia\" href=\"http:\/\/www.robertosedda.it\/?p=4575\">Edward H. Carr,\u00a0<em>Sei lezioni sulla storia<\/em><\/a>. Per i motivi rimando all&#8217;articolo scritto a suo tempo. Sono pochi, purtroppo, i libri che leggi appena arrivato all&#8217;universit\u00e0 e che ti accompagnano tutta la vita: questo \u00e8 stato uno di quelli.<\/li>\n<li><a title=\"Il gioco di Ender\" href=\"http:\/\/www.robertosedda.it\/?p=1791\">Orson Scott Card,\u00a0<em>Il gioco di Ender<\/em><\/a>, oppure <a title=\"La puntata peggiore\" href=\"http:\/\/www.robertosedda.it\/?p=2555\">William Gibson,\u00a0<em>L<\/em><em>a notte che bruciammo Chrome<\/em><\/a>. Se\u00a0<em>Il signore degli anelli<\/em> rappresenta tutto il <em>fantasy<\/em> e il modo con cui questo genere ha influenzato il mio immaginario, questi due rappresentano la\u00a0fantascienza. E non solo:\u00a0anche inconsciamente confronto con questi due romanzi le narrazioni urbane &#8211; e non solo &#8211; contemporanee: e sono un metro di paragone che fornisce sempre informazioni interessanti.<\/li>\n<li>William Shakespeare,\u00a0<em>Enrico V<\/em>. Lo so che sono undici, ma questo ci deve stare per forza!<\/li>\n<\/ol>\n<h2><em>Nomination<\/em><\/h2>\n<p><img data-attachment-id=\"8448\" data-permalink=\"http:\/\/www.robertosedda.it\/?attachment_id=8448\" data-orig-file=\"https:\/\/i0.wp.com\/www.robertosedda.it\/wp-content\/uploads\/2014\/09\/Il-signore-degli-anelli.jpg?fit=393%2C620\" data-orig-size=\"393,620\" data-comments-opened=\"1\" data-image-meta=\"{&quot;aperture&quot;:&quot;0&quot;,&quot;credit&quot;:&quot;&quot;,&quot;camera&quot;:&quot;&quot;,&quot;caption&quot;:&quot;&quot;,&quot;created_timestamp&quot;:&quot;0&quot;,&quot;copyright&quot;:&quot;&quot;,&quot;focal_length&quot;:&quot;0&quot;,&quot;iso&quot;:&quot;0&quot;,&quot;shutter_speed&quot;:&quot;0&quot;,&quot;title&quot;:&quot;&quot;,&quot;orientation&quot;:&quot;0&quot;}\" data-image-title=\"Il signore degli anelli\" data-image-description=\"\" data-image-caption=\"\" data-medium-file=\"https:\/\/i0.wp.com\/www.robertosedda.it\/wp-content\/uploads\/2014\/09\/Il-signore-degli-anelli.jpg?fit=190%2C300\" data-large-file=\"https:\/\/i0.wp.com\/www.robertosedda.it\/wp-content\/uploads\/2014\/09\/Il-signore-degli-anelli.jpg?fit=393%2C620\" decoding=\"async\" loading=\"lazy\" class=\"alignright size-medium wp-image-8448\" src=\"https:\/\/i0.wp.com\/www.robertosedda.it\/wp-content\/uploads\/2014\/09\/Il-signore-degli-anelli.jpg?resize=190%2C300\" alt=\"Il signore degli anelli\" width=\"190\" height=\"300\" srcset=\"https:\/\/i0.wp.com\/www.robertosedda.it\/wp-content\/uploads\/2014\/09\/Il-signore-degli-anelli.jpg?resize=190%2C300 190w, https:\/\/i0.wp.com\/www.robertosedda.it\/wp-content\/uploads\/2014\/09\/Il-signore-degli-anelli.jpg?resize=95%2C150 95w, https:\/\/i0.wp.com\/www.robertosedda.it\/wp-content\/uploads\/2014\/09\/Il-signore-degli-anelli.jpg?resize=31%2C50 31w, https:\/\/i0.wp.com\/www.robertosedda.it\/wp-content\/uploads\/2014\/09\/Il-signore-degli-anelli.jpg?w=393 393w\" sizes=\"(max-width: 190px) 100vw, 190px\" data-recalc-dims=\"1\" \/>Il gioco, in quanto catena, richiederebbe di nominare qualcun altro. Qui non siamo su\u00a0<em>Facebook\u00a0<\/em> e non si pu\u00f2 fare, ma ieri sotto l&#8217;ombrellone mi sono fatto dire da due persone a me molto care i loro dieci libri preferiti, cos\u00ec anche questo problema \u00e8 stato risolto.<\/p>\n<h3>Uno&#8230;<\/h3>\n<ol>\n<li>Daniel Pennac,\u00a0<em>Il paradiso degli orchi<\/em><\/li>\n<li><span dir=\"auto\">Wis\u0142awa Szymborska,\u00a0<em><i>La gioia di scrivere. Tutte le poesie (1945-2009)<\/i>\u00a0<\/em>(questa \u00e8 la raccolta pi\u00f9 completa, ma in generale qualunque libro di poesie della\u00a0Szymborska)<\/span><\/li>\n<li>Tracy Chevalier,\u00a0<em>La ragazza con l&#8217;orecchino di perla<\/em><\/li>\n<li>F. R. La Gioia,\u00a0<em>L&#8217;ultimo viaggio della Walt Whitman<\/em><\/li>\n<li>William Shakespeare,\u00a0<em>Giulietta e Romeo<\/em><\/li>\n<li>Bertolt Brecht,\u00a0<em>Poesie<\/em> (anche qui come per la\u00a0Szymborska, la raccolta pi\u00f9 completa possibile)<\/li>\n<li>Ian McEwan,\u00a0<em>Espiazione<\/em><\/li>\n<li>J.R.R. Tolkien,<em> Lo Hobbit<\/em><\/li>\n<li>Italo Calvino,\u00a0<em>I racconti<\/em><\/li>\n<li><img data-attachment-id=\"8449\" data-permalink=\"http:\/\/www.robertosedda.it\/?attachment_id=8449\" data-orig-file=\"https:\/\/i0.wp.com\/www.robertosedda.it\/wp-content\/uploads\/2014\/09\/La-notte-che-bruciammo-Chrome.jpg?fit=430%2C630\" data-orig-size=\"430,630\" data-comments-opened=\"1\" data-image-meta=\"{&quot;aperture&quot;:&quot;0&quot;,&quot;credit&quot;:&quot;&quot;,&quot;camera&quot;:&quot;&quot;,&quot;caption&quot;:&quot;&quot;,&quot;created_timestamp&quot;:&quot;0&quot;,&quot;copyright&quot;:&quot;&quot;,&quot;focal_length&quot;:&quot;0&quot;,&quot;iso&quot;:&quot;0&quot;,&quot;shutter_speed&quot;:&quot;0&quot;,&quot;title&quot;:&quot;&quot;,&quot;orientation&quot;:&quot;0&quot;}\" data-image-title=\"La notte che bruciammo Chrome\" data-image-description=\"\" data-image-caption=\"\" data-medium-file=\"https:\/\/i0.wp.com\/www.robertosedda.it\/wp-content\/uploads\/2014\/09\/La-notte-che-bruciammo-Chrome.jpg?fit=204%2C300\" data-large-file=\"https:\/\/i0.wp.com\/www.robertosedda.it\/wp-content\/uploads\/2014\/09\/La-notte-che-bruciammo-Chrome.jpg?fit=430%2C630\" decoding=\"async\" loading=\"lazy\" class=\"alignright size-medium wp-image-8449\" src=\"https:\/\/i0.wp.com\/www.robertosedda.it\/wp-content\/uploads\/2014\/09\/La-notte-che-bruciammo-Chrome.jpg?resize=204%2C300\" alt=\"La notte che bruciammo Chrome\" width=\"204\" height=\"300\" srcset=\"https:\/\/i0.wp.com\/www.robertosedda.it\/wp-content\/uploads\/2014\/09\/La-notte-che-bruciammo-Chrome.jpg?resize=204%2C300 204w, https:\/\/i0.wp.com\/www.robertosedda.it\/wp-content\/uploads\/2014\/09\/La-notte-che-bruciammo-Chrome.jpg?resize=102%2C150 102w, https:\/\/i0.wp.com\/www.robertosedda.it\/wp-content\/uploads\/2014\/09\/La-notte-che-bruciammo-Chrome.jpg?resize=34%2C50 34w, https:\/\/i0.wp.com\/www.robertosedda.it\/wp-content\/uploads\/2014\/09\/La-notte-che-bruciammo-Chrome.jpg?w=430 430w\" sizes=\"(max-width: 204px) 100vw, 204px\" data-recalc-dims=\"1\" \/>Andrea Camilleri,\u00a0<em>La concessione del telefono<\/em><\/li>\n<\/ol>\n<h3>&#8230; e due<\/h3>\n<ol>\n<li><span dir=\"auto\">Gabriel Garc\u00eda M\u00e1rquez,\u00a0<em>Cent&#8217;anni di solitudine<\/em><\/span><\/li>\n<li>Daniel Pennac,\u00a0<em>Il\u00a0paradiso degli orchi<\/em><\/li>\n<li>Natalia Ginzburg, <em>Lessico familiare<\/em><\/li>\n<li>Tracy Chevalier,\u00a0<em>La ragazza con l&#8217;orecchino di perla<\/em><\/li>\n<li>Ian McEwan,\u00a0<em>Sabato<\/em><\/li>\n<li>Nick Hornby, <em>Un ragazzo<\/em><\/li>\n<li>Brendan O&#8217;Carroll, <em>Agnes Browne mamma<\/em><\/li>\n<li>Gabriel Garc\u00eda M\u00e1rquez,\u00a0<em>L&#8217;amore ai tempi del colera<\/em><\/li>\n<li>Helen Fielding, <em>Il diario di Bridget Jones<\/em><\/li>\n<li>Arundhati Roy,\u00a0<em>Il dio delle piccole cose<\/em><\/li>\n<\/ol>\n","protected":false},"excerpt":{"rendered":"<p>Ho deciso da un po&#8217; di fare il possibile per non partecipare alle catene su Facebook: non \u00e8 proprio una<\/p>\n","protected":false},"author":1,"featured_media":8448,"comment_status":"open","ping_status":"open","sticky":false,"template":"","format":"standard","meta":{"_mi_skip_tracking":false,"_monsterinsights_sitenote_active":false,"_monsterinsights_sitenote_note":"","_monsterinsights_sitenote_category":0,"jetpack_post_was_ever_published":false,"_jetpack_newsletter_access":"","jetpack_publicize_message":"","jetpack_is_tweetstorm":false,"jetpack_publicize_feature_enabled":true,"jetpack_social_post_already_shared":true,"jetpack_social_options":{"image_generator_settings":{"template":"highway","enabled":false}}},"categories":[52,55,13,77,12],"tags":[],"jetpack_publicize_connections":[],"jetpack_featured_media_url":"https:\/\/i0.wp.com\/www.robertosedda.it\/wp-content\/uploads\/2014\/09\/Il-signore-degli-anelli.jpg?fit=393%2C620","jetpack_sharing_enabled":true,"jetpack_shortlink":"https:\/\/wp.me\/p4jV2T-2cd","jetpack_likes_enabled":true,"jetpack-related-posts":[{"id":1744,"url":"http:\/\/www.robertosedda.it\/?p=1744","url_meta":{"origin":8445,"position":0},"title":"Liste di fine anno","author":"Rufus","date":"09\/01\/2013","format":false,"excerpt":"L'altro giorno ho postato la mia personalissima sintesi del 2012, cio\u00e8 i libri che ho letto. Nei giorni intorno a Natale, per\u00f2, siamo stati inondati da una marea di liste che provavano a riassumere il 2012 sotto uno o pi\u00f9 punti di vista. Senza troppo pensarci ho cominciato a salvarle\u2026","rel":"","context":"In &quot;Coordinate&quot;","block_context":{"text":"Coordinate","link":"http:\/\/www.robertosedda.it\/?cat=52"},"img":{"alt_text":"","src":"","width":0,"height":0},"classes":[]},{"id":9414,"url":"http:\/\/www.robertosedda.it\/?p=9414","url_meta":{"origin":8445,"position":1},"title":"Sono un booktuber!! (ma non ditelo al Grande Capo&#8230;)","author":"Rufus","date":"20\/01\/2015","format":"video","excerpt":"L'altro giorno, mentre ero ad Orani e quindi lontano da casa e in condizioni di accesso al\u00a0web precario,\u00a0YouTube mi ha informato che\u00a0LaRepubblicaDeiLettori\u00a0si era scritta al mio canale. Ah, beh. Il mio canale\u00a0YouTube serve per poggiarci sopra le puntate di\u00a0Oggi parliamo di libri\u00a0e ha una dozzina di iscritti, principalmente amici, quindi\u2026","rel":"","context":"In &quot;Coordinate&quot;","block_context":{"text":"Coordinate","link":"http:\/\/www.robertosedda.it\/?cat=52"},"img":{"alt_text":"","src":"https:\/\/i0.wp.com\/www.robertosedda.it\/wp-content\/uploads\/2018\/12\/Rufus-back-on-air.jpg?fit=1200%2C675&resize=350%2C200","width":350,"height":200,"srcset":"https:\/\/i0.wp.com\/www.robertosedda.it\/wp-content\/uploads\/2018\/12\/Rufus-back-on-air.jpg?fit=1200%2C675&resize=350%2C200 1x, https:\/\/i0.wp.com\/www.robertosedda.it\/wp-content\/uploads\/2018\/12\/Rufus-back-on-air.jpg?fit=1200%2C675&resize=700%2C400 2x, https:\/\/i0.wp.com\/www.robertosedda.it\/wp-content\/uploads\/2018\/12\/Rufus-back-on-air.jpg?fit=1200%2C675&resize=1050%2C600 3x"},"classes":[]},{"id":7791,"url":"http:\/\/www.robertosedda.it\/?p=7791","url_meta":{"origin":8445,"position":2},"title":"Volte che sono contento di me","author":"Rufus","date":"16\/06\/2014","format":"video","excerpt":"La fine \u00e8 il mio inizio (Tiziano Terzani,\u00a0Longanesi 2006) Ho affrontato la puntata su\u00a0La fine \u00e8 il mio inizio\u00a0di Oggi parliamo di libri\u00a0con alcune perplessit\u00e0. A fronte di tante cose interessanti (in particolare quelle di cui ho poi parlato in trasmissione, il Vietnam, il percorso di crescita e di riflessione\u2026","rel":"","context":"In &quot;Biografie&quot;","block_context":{"text":"Biografie","link":"http:\/\/www.robertosedda.it\/?cat=83"},"img":{"alt_text":"","src":"https:\/\/i0.wp.com\/www.robertosedda.it\/wp-content\/uploads\/2014\/06\/Terzani.png?fit=757%2C425&resize=350%2C200","width":350,"height":200,"srcset":"https:\/\/i0.wp.com\/www.robertosedda.it\/wp-content\/uploads\/2014\/06\/Terzani.png?fit=757%2C425&resize=350%2C200 1x, https:\/\/i0.wp.com\/www.robertosedda.it\/wp-content\/uploads\/2014\/06\/Terzani.png?fit=757%2C425&resize=700%2C400 2x"},"classes":[]},{"id":9047,"url":"http:\/\/www.robertosedda.it\/?p=9047","url_meta":{"origin":8445,"position":3},"title":"Il mondo in un libro","author":"Rufus","date":"10\/12\/2014","format":"video","excerpt":"Ho messo in linea oggi la puntata di Oggi parliamo di libri dedicata al David Copperfield di Charles Dickens. \u00c8 passato un po' di tempo dall'ultima puntata caricata su YouTube e il motivo del ritardo \u00e8 del tutto colpa, se posso usare questa termine, di questo libro: o meglio, della\u2026","rel":"","context":"In &quot;Coordinate&quot;","block_context":{"text":"Coordinate","link":"http:\/\/www.robertosedda.it\/?cat=52"},"img":{"alt_text":"","src":"https:\/\/i0.wp.com\/img.youtube.com\/vi\/S-ysQ-wpfZ4\/0.jpg?resize=350%2C200","width":350,"height":200},"classes":[]},{"id":14891,"url":"http:\/\/www.robertosedda.it\/?p=14891","url_meta":{"origin":8445,"position":4},"title":"Dieci dischi fondamentali&#8230; pi\u00f9 uno","author":"Rufus","date":"28\/03\/2018","format":"video","excerpt":"Nei giorni scorsi ho partecipato a una delle classiche catene su Facebook: si trattava di elencare in dieci giorni dieci dischi fondamentali della propria vita. La cosa si sommava a qualche discussione familiare successiva alla visione di una successione di puntate de\u00a0I miei vinili. E insomma, mi sono lasciato convincere\u2026","rel":"","context":"In &quot;Coordinate&quot;","block_context":{"text":"Coordinate","link":"http:\/\/www.robertosedda.it\/?cat=52"},"img":{"alt_text":"","src":"https:\/\/i0.wp.com\/www.robertosedda.it\/wp-content\/uploads\/2018\/03\/3.jpg?fit=498%2C500&resize=350%2C200","width":350,"height":200},"classes":[]},{"id":5636,"url":"http:\/\/www.robertosedda.it\/?p=5636","url_meta":{"origin":8445,"position":5},"title":"I bisticci di Nero Wolfe e del suo tirapiedi","author":"Rufus","date":"29\/12\/2013","format":"video","excerpt":"Sulla puntata di Oggi parliamo di libri dedicata a Nero Wolfe non ho molto da dire. Le storie di Rex Stout dedicate all'investigatore ciccione e al suo caustico assistente sono state sicuramente fra i gialli preferiti della mia adolescenza; ne ho poi fatto una rilettura estensiva due anni fa, trovandole\u2026","rel":"","context":"In &quot;Coordinate&quot;","block_context":{"text":"Coordinate","link":"http:\/\/www.robertosedda.it\/?cat=52"},"img":{"alt_text":"","src":"https:\/\/i0.wp.com\/img.youtube.com\/vi\/Ab3GfykqhFY\/0.jpg?resize=350%2C200","width":350,"height":200},"classes":[]}],"_links":{"self":[{"href":"http:\/\/www.robertosedda.it\/index.php?rest_route=\/wp\/v2\/posts\/8445"}],"collection":[{"href":"http:\/\/www.robertosedda.it\/index.php?rest_route=\/wp\/v2\/posts"}],"about":[{"href":"http:\/\/www.robertosedda.it\/index.php?rest_route=\/wp\/v2\/types\/post"}],"author":[{"embeddable":true,"href":"http:\/\/www.robertosedda.it\/index.php?rest_route=\/wp\/v2\/users\/1"}],"replies":[{"embeddable":true,"href":"http:\/\/www.robertosedda.it\/index.php?rest_route=%2Fwp%2Fv2%2Fcomments&post=8445"}],"version-history":[{"count":5,"href":"http:\/\/www.robertosedda.it\/index.php?rest_route=\/wp\/v2\/posts\/8445\/revisions"}],"predecessor-version":[{"id":8857,"href":"http:\/\/www.robertosedda.it\/index.php?rest_route=\/wp\/v2\/posts\/8445\/revisions\/8857"}],"wp:featuredmedia":[{"embeddable":true,"href":"http:\/\/www.robertosedda.it\/index.php?rest_route=\/wp\/v2\/media\/8448"}],"wp:attachment":[{"href":"http:\/\/www.robertosedda.it\/index.php?rest_route=%2Fwp%2Fv2%2Fmedia&parent=8445"}],"wp:term":[{"taxonomy":"category","embeddable":true,"href":"http:\/\/www.robertosedda.it\/index.php?rest_route=%2Fwp%2Fv2%2Fcategories&post=8445"},{"taxonomy":"post_tag","embeddable":true,"href":"http:\/\/www.robertosedda.it\/index.php?rest_route=%2Fwp%2Fv2%2Ftags&post=8445"}],"curies":[{"name":"wp","href":"https:\/\/api.w.org\/{rel}","templated":true}]}}