{"id":8414,"date":"2014-09-15T11:56:45","date_gmt":"2014-09-15T09:56:45","guid":{"rendered":"http:\/\/www.robertosedda.it\/?p=8414"},"modified":"2014-09-19T14:24:30","modified_gmt":"2014-09-19T12:24:30","slug":"i-consigli-del-venerdi-2","status":"publish","type":"post","link":"http:\/\/www.robertosedda.it\/?p=8414","title":{"rendered":"I consigli del venerd\u00ec &#8211; 2"},"content":{"rendered":"<p>Seconda puntata della rassegna settimanale delle mie letture, pagine visitate e <em>link<\/em> condivisi. In fondo trovate un po&#8217; di cose goderecce, ma prima ancora uno sguardo sui massimi sistemi e i problemi del mondo.<\/p>\n<h2>E l&#8217;economia? Bene (?!), grazie<\/h2>\n<p>Su\u00a0<em><a href=\"http:\/\/www.nonconimieisoldi.org\">nonconimieisoldi<\/a><\/em>\u00a0Andrea Baranes ha scritto <a href=\"http:\/\/www.nonconimieisoldi.org\/blog\/va-tutto-molto-molto-bene-anche-troppo\/\">un articolo che sostanzialmente argomenta che siamo alla vigilia dell&#8217;esplosione di una nuova bolla finanziaria<\/a>. Ci sono dei grafici effettivamente preoccupanti e in generale \u00e8 un articolo che mi ha messo profondamente di malumore. So che altri che l&#8217;hanno letto hanno avuto la stessa sensazione (Andrea Salidu mi ha telefonato apposta), ma naturalmente non \u00e8 un motivo per nascondere la testa sotto la sabbia.<\/p>\n<p>E certo sarebbe il caso di sostenere la finanza etica, prima, durante e dopo la prossima crisi. In argomento mi fa piacere segnalare <a href=\"http:\/\/www.proeis.org\/pubblicazioni\/articoli\/88-microcredito-e-microfinanza-presentazione-di-una-ricerca.html\">una ricerca su microcredito e microfinanza<\/a> curata dai cagliaritani di <em>Proeis<\/em> (in realt\u00e0 pi\u00f9 esattamente individualmente dal ricercatore Marco Desogus, che collabora con loro). Ammetto volentieri il conflitto d&#8217;interesse: sono abbastanza amico di diversi componenti dello\u00a0<em>staff<\/em> di\u00a0<em>Proeis<\/em>, e non posso che pensare che anche quelli che non conosco\u00a0meritino fiducia implicita essendo praticamente tutti ex-studenti di Scienze Politiche\u00a0&#8211;\u00a0si sa che ho un atteggiamento paterno verso gli ex studenti che magari ho conosciuto dall&#8217;altra parte dello sportello. Conflitto d&#8217;interessi a parte, anche in questo caso consiglio di leggere con attenzione.<\/p>\n<h2>Scioperi che non ti aspetteresti, politica internazionale&#8230; cose cos\u00ec<\/h2>\n<p>Credo che sarebbe il caso di seguire con una certa attenzione <a href=\"http:\/\/www.aljazeera.com\/news\/americas\/2014\/09\/hundreds-held-as-us-fast-food-workers-strike-201494215236740840.html\">lo sciopero che negli Stati Uniti interessa tutto il settore della\u00a0ristorazione\u00a0<em>fast food<\/em><\/a> (si parla\u00a0infatti comunemente di\u00a0sciopero dei lavoratori di\u00a0<em>McDonald&#8217;s<\/em>, ma in realt\u00e0 vale per tutte le altre catene simili). La richiesta \u00e8 quella dell&#8217;aumento del\u00a0salario minimo e, essendo i lavoratori interessati quelli normalmente pi\u00f9 in basso nella catena alimentare (il gioco di parole \u00e8 intenzionale) e nel senso comune ritenuti i meno garantiti\u00a0la cosa mi pare interessante. Lo sciopero (della fame) pi\u00f9 interessante del mese per\u00f2 \u00e8 quello dei toreri colombiani, <a href=\"http:\/\/www.vice.com\/read\/a-court-ruling-has-overturned-bogotas-bullfighting-ban\">che protestano contro l&#8217;ordinanza che mette al bando le corride<\/a>: uno dei primi casi che conosca di reazione &#8220;di piazza&#8221; e proletaria contro l&#8217;animalismo (sono rozzo, ma le coordinate sono quelle).\u00a0La lotta va avanti nelle piazze e nei tribunali e comprende cose piuttosto estreme: il ragazzo qui sotto, per esempio, si \u00e8 cucito le labbra per protesta. So che fra i miei amici almeno Marco Zurru ama le corride, quindi la segnalazione \u00e8 d&#8217;obbligo.<\/p>\n<p><a href=\"https:\/\/i0.wp.com\/www.robertosedda.it\/wp-content\/uploads\/2014\/09\/Torero-colombiano-protesta1.jpg\"><img data-attachment-id=\"8424\" data-permalink=\"http:\/\/www.robertosedda.it\/?attachment_id=8424\" data-orig-file=\"https:\/\/i0.wp.com\/www.robertosedda.it\/wp-content\/uploads\/2014\/09\/Torero-colombiano-protesta1.jpg?fit=640%2C390\" data-orig-size=\"640,390\" data-comments-opened=\"1\" data-image-meta=\"{&quot;aperture&quot;:&quot;0&quot;,&quot;credit&quot;:&quot;&quot;,&quot;camera&quot;:&quot;&quot;,&quot;caption&quot;:&quot;&quot;,&quot;created_timestamp&quot;:&quot;0&quot;,&quot;copyright&quot;:&quot;&quot;,&quot;focal_length&quot;:&quot;0&quot;,&quot;iso&quot;:&quot;0&quot;,&quot;shutter_speed&quot;:&quot;0&quot;,&quot;title&quot;:&quot;&quot;,&quot;orientation&quot;:&quot;0&quot;}\" data-image-title=\"Torero colombiano protesta\" data-image-description=\"\" data-image-caption=\"\" data-medium-file=\"https:\/\/i0.wp.com\/www.robertosedda.it\/wp-content\/uploads\/2014\/09\/Torero-colombiano-protesta1.jpg?fit=300%2C182\" data-large-file=\"https:\/\/i0.wp.com\/www.robertosedda.it\/wp-content\/uploads\/2014\/09\/Torero-colombiano-protesta1.jpg?fit=510%2C310\" decoding=\"async\" loading=\"lazy\" class=\"aligncenter size-full wp-image-8424\" src=\"https:\/\/i0.wp.com\/www.robertosedda.it\/wp-content\/uploads\/2014\/09\/Torero-colombiano-protesta1.jpg?resize=640%2C390\" alt=\"Torero colombiano protesta\" width=\"640\" height=\"390\" srcset=\"https:\/\/i0.wp.com\/www.robertosedda.it\/wp-content\/uploads\/2014\/09\/Torero-colombiano-protesta1.jpg?w=640 640w, https:\/\/i0.wp.com\/www.robertosedda.it\/wp-content\/uploads\/2014\/09\/Torero-colombiano-protesta1.jpg?resize=150%2C91 150w, https:\/\/i0.wp.com\/www.robertosedda.it\/wp-content\/uploads\/2014\/09\/Torero-colombiano-protesta1.jpg?resize=300%2C182 300w, https:\/\/i0.wp.com\/www.robertosedda.it\/wp-content\/uploads\/2014\/09\/Torero-colombiano-protesta1.jpg?resize=510%2C310 510w, https:\/\/i0.wp.com\/www.robertosedda.it\/wp-content\/uploads\/2014\/09\/Torero-colombiano-protesta1.jpg?resize=310%2C190 310w, https:\/\/i0.wp.com\/www.robertosedda.it\/wp-content\/uploads\/2014\/09\/Torero-colombiano-protesta1.jpg?resize=50%2C30 50w\" sizes=\"(max-width: 640px) 100vw, 640px\" data-recalc-dims=\"1\" \/><\/a>Un bell&#8217;<a href=\"http:\/\/www.theatlantic.com\/international\/archive\/2014\/09\/why-americas-pursuing-isis-to-the-gates-of-hell\/379622\/\">articolo sulla politica internazionale degli Stati Uniti<\/a>, che tratta il tema dell&#8217;<em>ISIS<\/em> ma nel quadro delle varie tradizioni politiche americane, \u00e8 stato pubblicato su\u00a0<em>The Atlantic<\/em>. All&#8217;interno un paio di preziosi consigli bibliografici. Fra i miei amici piacer\u00e0 a Alessandro Celoni, penso.<\/p>\n<p>Altre due letture\u00a0riguardano la salute globale, un tema che non mi aveva mai appassionato molto finch\u00e9 non ho conosciuto Nicoletta Dentico. Il primo, che viene sempre da\u00a0<em>The Atlantic<\/em>, <a href=\"http:\/\/www.theatlantic.com\/health\/archive\/2014\/09\/where-are-all-the-female-test-subjects\/379641\/\">riguarda il fatto che i <em>test<\/em> clinici sperimentali coinvolgono in grande prevalenza soggetti maschi<\/a>\u00a0nonostante le linee guida internazionali prevedano diversamente. Essendo la fisiologia di uomini e donne significativamente differente riguardo al funzionamento di diversi farmaci, il problema non \u00e8 da poco in termini di diritto alla salute: vuol dire cure meno efficaci, detto in due parole.\u00a0\u00a0L&#8217;altra cosa interessante \u00e8 <a href=\"http:\/\/www.vice.com\/correspondent-confidential\/uncovering-a-mysterious-cholera-outbreak-in-haiti-815\">un articolo agghiacciante<\/a> su un\u00a0<em>blog<\/em> di\u00a0<em><a href=\"http:\/\/www.vice.com\">Vice<\/a><\/em>\u00a0che passa dal colera ad Haiti agli aiuti internazionali. \u00c8 una corrispondenza in video, quindi la riporto qui sotto, col consiglio di seguire anche gli altri articoli del\u00a0<em>blog<\/em>.<\/p>\n<div class=\"jetpack-video-wrapper\"><span class=\"embed-youtube\" style=\"text-align:center; display: block;\"><iframe class=\"youtube-player\" width=\"800\" height=\"450\" src=\"https:\/\/www.youtube.com\/embed\/Xx4sQ0oeU9Q?version=3&#038;rel=1&#038;showsearch=0&#038;showinfo=1&#038;iv_load_policy=1&#038;fs=1&#038;hl=it-IT&#038;autohide=2&#038;wmode=transparent\" allowfullscreen=\"true\" style=\"border:0;\" sandbox=\"allow-scripts allow-same-origin allow-popups allow-presentation\"><\/iframe><\/span><\/div>\n<p>Fate un respirone: si cambia argomento.<\/p>\n<p>Per chiudere la rassegna su una chiave minore, anche se non meno interessante, un bel reportage fotografico sugli\u00a0<em>One direction\u00a0<\/em>(di cui come sapete <a title=\"Se non sapete chi sono gli One Direction, non leggete neppure\" href=\"http:\/\/www.robertosedda.it\/?p=2982\">ho gi\u00e0 parlato<\/a>). Anzi sui concerti degli\u00a0<em>One direction<\/em>. Anzi sugli spettatori dei concerti degli\u00a0<em>One direction<\/em>. Gli spettatori <em>involontari<\/em>: <a href=\"http:\/\/www.dailybest.it\/2014\/09\/08\/foto-di-padri-tristi-ai-concerti-degli-one-direction\/\">i padri delle adolescenti<\/a>, presumibilmente presenti per dovere o trascinati a forza. Formidabile.<\/p>\n<h2>\u00a0Cinema<\/h2>\n<p><a href=\"http:\/\/www.50giornidicinema2014.it\/\">A Firenze dal 29 ottobre una bella rassegna di cinema<\/a>, che segnalo volentieri anche qui. Per gli amanti invece delle visioni casalinghe, <a href=\"http:\/\/www.openculture.com\/2010\/07\/tarkovksy.html\">un archivio con tutti i film di Tarkovskij<\/a>\u00a0insieme con altre centinaia, liberamente (e legalmente) scaricabili e visionabili.<\/p>\n<p>Martin Scorsese <a href=\"http:\/\/blogs.indiewire.com\/theplaylist\/watch-trailers-for-martin-scorseses-list-of-the-39-foreign-films-you-should-see-before-you-die-20140820\">ha prodotto la sua lista di film imperdibili non statunitensi<\/a>: a parte la curiosit\u00e0 di conoscere l&#8217;opinione di un maestro pu\u00f2 essere un buon punto di partenza, credo, per chi avesse voglia di costruirsi percorsi di esplorazione cinematografici magari diversi dal solito e allargare i suoi orizzonti. Al\u00a0<em>link<\/em> ci sono anche tutti i\u00a0<em>trailer<\/em>, quindi ci si pu\u00f2 fare un&#8217;idea preventiva.<\/p>\n<h2>Password e altre calamit\u00e0<\/h2>\n<p>Da un punto di vista internettaro le due settimane scorse sono state accomunate dal clamore globale su furti di identit\u00e0, furti di foto, furti di <em>password<\/em> e furti e basta. Sulla materia ho delle opinioni che sto elaborando: nel frattempo rimando al famoso <a title=\"Mamma, \u00e8 successo un casino\" href=\"http:\/\/www.robertosedda.it\/?p=5126\">articolo sul\u00a0<em>revenge porn<\/em><\/a> che mi sembra comunque sufficiente.<\/p>\n<p>A latere segnalo per\u00f2, ringraziando Grazia Sanna che mi ci ha fatto arrivare, <a href=\"https:\/\/medium.com\/@manicho\/how-a-password-changed-my-life-7af5d5f28038\">un bell&#8217;articolo su come le\u00a0<em>password<\/em> possano cambiare la vita<\/a>: in meglio, e quindi un articolo in controtendenza rispetto agli eventi.<\/p>\n<p>Nel frattempo\u00a0<em>Zerocalcare<\/em> ha prodotto <a href=\"http:\/\/www.zerocalcare.it\/2014\/09\/08\/i-litigi-su-internet\/\">il solito pezzo di maestria<\/a>, che tutti devono leggersi se vogliono continuare a vivere serenamente sulla rete: vi si svela infatti la formula magica per i litigi via\u00a0<em>web<\/em>.<\/p>\n<p><a href=\"https:\/\/i0.wp.com\/www.robertosedda.it\/wp-content\/uploads\/2014\/09\/Zerocalcare-litigi-web.jpg\"><img data-attachment-id=\"8427\" data-permalink=\"http:\/\/www.robertosedda.it\/?attachment_id=8427\" data-orig-file=\"https:\/\/i0.wp.com\/www.robertosedda.it\/wp-content\/uploads\/2014\/09\/Zerocalcare-litigi-web.jpg?fit=692%2C526\" data-orig-size=\"692,526\" data-comments-opened=\"1\" data-image-meta=\"{&quot;aperture&quot;:&quot;0&quot;,&quot;credit&quot;:&quot;Roberto Sedda&quot;,&quot;camera&quot;:&quot;&quot;,&quot;caption&quot;:&quot;&quot;,&quot;created_timestamp&quot;:&quot;1410778816&quot;,&quot;copyright&quot;:&quot;&quot;,&quot;focal_length&quot;:&quot;0&quot;,&quot;iso&quot;:&quot;0&quot;,&quot;shutter_speed&quot;:&quot;0&quot;,&quot;title&quot;:&quot;&quot;,&quot;orientation&quot;:&quot;0&quot;}\" data-image-title=\"Zerocalcare litigi web\" data-image-description=\"\" data-image-caption=\"\" data-medium-file=\"https:\/\/i0.wp.com\/www.robertosedda.it\/wp-content\/uploads\/2014\/09\/Zerocalcare-litigi-web.jpg?fit=300%2C228\" data-large-file=\"https:\/\/i0.wp.com\/www.robertosedda.it\/wp-content\/uploads\/2014\/09\/Zerocalcare-litigi-web.jpg?fit=510%2C387\" decoding=\"async\" loading=\"lazy\" class=\"aligncenter size-full wp-image-8427\" src=\"https:\/\/i0.wp.com\/www.robertosedda.it\/wp-content\/uploads\/2014\/09\/Zerocalcare-litigi-web.jpg?resize=692%2C526\" alt=\"Zerocalcare litigi web\" width=\"692\" height=\"526\" srcset=\"https:\/\/i0.wp.com\/www.robertosedda.it\/wp-content\/uploads\/2014\/09\/Zerocalcare-litigi-web.jpg?w=692 692w, https:\/\/i0.wp.com\/www.robertosedda.it\/wp-content\/uploads\/2014\/09\/Zerocalcare-litigi-web.jpg?resize=150%2C114 150w, https:\/\/i0.wp.com\/www.robertosedda.it\/wp-content\/uploads\/2014\/09\/Zerocalcare-litigi-web.jpg?resize=300%2C228 300w, https:\/\/i0.wp.com\/www.robertosedda.it\/wp-content\/uploads\/2014\/09\/Zerocalcare-litigi-web.jpg?resize=510%2C387 510w, https:\/\/i0.wp.com\/www.robertosedda.it\/wp-content\/uploads\/2014\/09\/Zerocalcare-litigi-web.jpg?resize=50%2C38 50w\" sizes=\"(max-width: 692px) 100vw, 692px\" data-recalc-dims=\"1\" \/><\/a>Rivelazioni sconvolgenti all&#8217;interno.<\/p>\n<p>L&#8217;autore di <em>Dampyr<\/em> Diego Cajelli, nel frattempo, <a href=\"http:\/\/www.diegozilla.com\/2014\/09\/ti-piace-come-e-diventato-il-web\/\">fornisce nuovo materiale al dibattito su chi popola il <em>web<\/em> e come<\/a>. Un articolo interessante a proposito del quale mi trovo d&#8217;accordo con le reazioni che ho avuto quando l&#8217;ho postato su\u00a0<em>Facebook<\/em>:\u00a0<em>e quindi?!<\/em> Vale la pena di leggerlo, comunque, e lo metto anche come segnalazione in generale del\u00a0<em>blog<\/em> di Cajelli, che \u00e8 spesso meritevole di lettura.<\/p>\n<h2>Vita godereccia<\/h2>\n<p>A \u00a0casa mi abbiamo avuto sia cani che gatti, ma certamente le mi preferenze vanno ai simpatici quattrozampe non a caso\u00a0definiti i migliori amici dell&#8217;uomo. All&#8217;altra met\u00e0 del cielo tuttavia segnalo <a href=\"http:\/\/www.boredpanda.com\/cat-furniture\/\">venticinque imperdibili soluzioni di arredamento per amanti dei gatti<\/a>\u00a0che renderanno al vostra casa un paradiso per felini\u00a0(una rassegna comunque molto divertente, anche se un po&#8217; ti chiedi: <em>ma non avete nulla di meglio da fare?!<\/em>).<\/p>\n<p>Il mio\u00a0<em>post<\/em>\u00a0che di gran lunga ha avuto le migliori reazioni su <em>Facebook<\/em> in questo periodo \u00e8 stata la ricetta delle <a href=\"http:\/\/www.kikakitchen.com\/recipe\/patate-hasselback\/\">patate farcite al forno<\/a>. Ci dev&#8217;essere qualcosa di primigenio nell&#8217;accoppiamento di patate e pancetta (con anche un po&#8217; di formaggio): in effetti mentre scrivo ho iniziato a salivare. Mi dicono che anche nel resto del sito ci sono altre ricette molto golose.<a href=\"https:\/\/i0.wp.com\/www.robertosedda.it\/wp-content\/uploads\/2014\/09\/patate-hasselback-575x262.jpg\"><img data-attachment-id=\"8429\" data-permalink=\"http:\/\/www.robertosedda.it\/?attachment_id=8429\" data-orig-file=\"https:\/\/i0.wp.com\/www.robertosedda.it\/wp-content\/uploads\/2014\/09\/patate-hasselback-575x262.jpg?fit=575%2C262\" data-orig-size=\"575,262\" data-comments-opened=\"1\" data-image-meta=\"{&quot;aperture&quot;:&quot;0&quot;,&quot;credit&quot;:&quot;&quot;,&quot;camera&quot;:&quot;&quot;,&quot;caption&quot;:&quot;&quot;,&quot;created_timestamp&quot;:&quot;0&quot;,&quot;copyright&quot;:&quot;&quot;,&quot;focal_length&quot;:&quot;0&quot;,&quot;iso&quot;:&quot;0&quot;,&quot;shutter_speed&quot;:&quot;0&quot;,&quot;title&quot;:&quot;&quot;,&quot;orientation&quot;:&quot;0&quot;}\" data-image-title=\"patate-hasselback-575&#215;262\" data-image-description=\"\" data-image-caption=\"\" data-medium-file=\"https:\/\/i0.wp.com\/www.robertosedda.it\/wp-content\/uploads\/2014\/09\/patate-hasselback-575x262.jpg?fit=300%2C136\" data-large-file=\"https:\/\/i0.wp.com\/www.robertosedda.it\/wp-content\/uploads\/2014\/09\/patate-hasselback-575x262.jpg?fit=510%2C232\" decoding=\"async\" loading=\"lazy\" class=\"aligncenter size-full wp-image-8429\" src=\"https:\/\/i0.wp.com\/www.robertosedda.it\/wp-content\/uploads\/2014\/09\/patate-hasselback-575x262.jpg?resize=575%2C262\" alt=\"patate-hasselback-575x262\" width=\"575\" height=\"262\" srcset=\"https:\/\/i0.wp.com\/www.robertosedda.it\/wp-content\/uploads\/2014\/09\/patate-hasselback-575x262.jpg?resize=575%2C262 575w, https:\/\/i0.wp.com\/www.robertosedda.it\/wp-content\/uploads\/2014\/09\/patate-hasselback-575x262.jpg?resize=150%2C68 150w, https:\/\/i0.wp.com\/www.robertosedda.it\/wp-content\/uploads\/2014\/09\/patate-hasselback-575x262.jpg?resize=300%2C136 300w, https:\/\/i0.wp.com\/www.robertosedda.it\/wp-content\/uploads\/2014\/09\/patate-hasselback-575x262.jpg?resize=510%2C232 510w, https:\/\/i0.wp.com\/www.robertosedda.it\/wp-content\/uploads\/2014\/09\/patate-hasselback-575x262.jpg?resize=50%2C22 50w\" sizes=\"(max-width: 575px) 100vw, 575px\" data-recalc-dims=\"1\" \/><\/a><\/p>\n<h2>Dal mondo dei giochi<\/h2>\n<p>Il mio cuore va, per molti motivi, con grande affetto ai simpatici signori\u00a0di <a href=\"http:\/\/www.facebook.com\/video.php?v=363133973756461\">questo video<\/a>. Non ho capito bene le regole ma sono fantastici, e il vincitore \u00e8 un genio.<\/p>\n<p>Una lettura pi\u00f9 seria, che poteva tranquillamente andare nella rassegna generale pi\u00f9 sopra ma che metto qui per attinenza, \u00e8<a href=\"http:\/\/spartacoalbertarelli.blogspot.it\/2014\/08\/diritto-dautore-o-diritto-deditore.html\"> il nuovo intervento di Spartaco Albertarelli sulla annosa questione del\u00a0<em>copyright<\/em> nel mondo del gioco<\/a>.<\/p>\n<h2>Per rinfrancar lo spirito<\/h2>\n<p>Io ho riso molto, e preferisco affrontare l&#8217;argomento in questo modo tangenziale che entrare nel dibattito\u00a0<em>ice bucket<\/em> pro e contro (perch\u00e9 ci sono sia pro che contro, eh!). <a href=\"http:\/\/www.blogdicultura.it\/ice-bucket-challenge-patrick-stewart-sta-facendo-nel-modo-giusto-12138.html\">La fonte \u00e8 questa<\/a>\u00a0e s\u00ec, Patrick Stewart lo fa nel modo giusto!<a href=\"https:\/\/i0.wp.com\/www.robertosedda.it\/wp-content\/uploads\/2014\/09\/Patrick-Stewart-ice-bucket.jpg\"><img data-attachment-id=\"8434\" data-permalink=\"http:\/\/www.robertosedda.it\/?attachment_id=8434\" data-orig-file=\"https:\/\/i0.wp.com\/www.robertosedda.it\/wp-content\/uploads\/2014\/09\/Patrick-Stewart-ice-bucket.jpg?fit=700%2C357\" data-orig-size=\"700,357\" data-comments-opened=\"1\" data-image-meta=\"{&quot;aperture&quot;:&quot;0&quot;,&quot;credit&quot;:&quot;&quot;,&quot;camera&quot;:&quot;&quot;,&quot;caption&quot;:&quot;&quot;,&quot;created_timestamp&quot;:&quot;0&quot;,&quot;copyright&quot;:&quot;&quot;,&quot;focal_length&quot;:&quot;0&quot;,&quot;iso&quot;:&quot;0&quot;,&quot;shutter_speed&quot;:&quot;0&quot;,&quot;title&quot;:&quot;&quot;,&quot;orientation&quot;:&quot;0&quot;}\" data-image-title=\"Patrick Stewart ice bucket\" data-image-description=\"\" data-image-caption=\"\" data-medium-file=\"https:\/\/i0.wp.com\/www.robertosedda.it\/wp-content\/uploads\/2014\/09\/Patrick-Stewart-ice-bucket.jpg?fit=300%2C153\" data-large-file=\"https:\/\/i0.wp.com\/www.robertosedda.it\/wp-content\/uploads\/2014\/09\/Patrick-Stewart-ice-bucket.jpg?fit=510%2C260\" decoding=\"async\" loading=\"lazy\" class=\"aligncenter size-full wp-image-8434\" src=\"https:\/\/i0.wp.com\/www.robertosedda.it\/wp-content\/uploads\/2014\/09\/Patrick-Stewart-ice-bucket.jpg?resize=700%2C357\" alt=\"Patrick Stewart ice bucket\" width=\"700\" height=\"357\" srcset=\"https:\/\/i0.wp.com\/www.robertosedda.it\/wp-content\/uploads\/2014\/09\/Patrick-Stewart-ice-bucket.jpg?w=700 700w, https:\/\/i0.wp.com\/www.robertosedda.it\/wp-content\/uploads\/2014\/09\/Patrick-Stewart-ice-bucket.jpg?resize=150%2C76 150w, https:\/\/i0.wp.com\/www.robertosedda.it\/wp-content\/uploads\/2014\/09\/Patrick-Stewart-ice-bucket.jpg?resize=300%2C153 300w, https:\/\/i0.wp.com\/www.robertosedda.it\/wp-content\/uploads\/2014\/09\/Patrick-Stewart-ice-bucket.jpg?resize=510%2C260 510w, https:\/\/i0.wp.com\/www.robertosedda.it\/wp-content\/uploads\/2014\/09\/Patrick-Stewart-ice-bucket.jpg?resize=50%2C25 50w\" sizes=\"(max-width: 700px) 100vw, 700px\" data-recalc-dims=\"1\" \/><\/a><\/p>\n","protected":false},"excerpt":{"rendered":"<p>Seconda puntata della rassegna settimanale delle mie letture, pagine visitate e link condivisi. In fondo trovate un po&#8217; di cose<\/p>\n","protected":false},"author":1,"featured_media":8427,"comment_status":"open","ping_status":"open","sticky":false,"template":"","format":"standard","meta":{"_mi_skip_tracking":false,"_monsterinsights_sitenote_active":false,"_monsterinsights_sitenote_note":"","_monsterinsights_sitenote_category":0,"jetpack_post_was_ever_published":false,"_jetpack_newsletter_access":"","jetpack_publicize_message":"","jetpack_is_tweetstorm":false,"jetpack_publicize_feature_enabled":true,"jetpack_social_post_already_shared":true,"jetpack_social_options":{"image_generator_settings":{"template":"highway","enabled":false}}},"categories":[52,64,55,17,16],"tags":[],"jetpack_publicize_connections":[],"jetpack_featured_media_url":"https:\/\/i0.wp.com\/www.robertosedda.it\/wp-content\/uploads\/2014\/09\/Zerocalcare-litigi-web.jpg?fit=692%2C526","jetpack_sharing_enabled":true,"jetpack_shortlink":"https:\/\/wp.me\/p4jV2T-2bI","jetpack_likes_enabled":true,"jetpack-related-posts":[{"id":7934,"url":"http:\/\/www.robertosedda.it\/?p=7934","url_meta":{"origin":8414,"position":0},"title":"L&#8217;uomo di paglia e altri trucchi per avere ragione quando si ha torto","author":"Rufus","date":"09\/07\/2014","format":false,"excerpt":"L'altro giorno il mio amico Andrea Assorgia, durante una delle nostre nuotate fino alla boa mi ha chiesto la mia opinione a proposito dell'argomento dell'uomo di paglia\u00a0(quello che in inglese si chiama\u00a0straw man argument, che insomma vuol dire prendersela con un manichino costruito ad hoc, praticamente, invece che con l'interlocutore\u2026","rel":"","context":"In &quot;Coordinate&quot;","block_context":{"text":"Coordinate","link":"http:\/\/www.robertosedda.it\/?cat=52"},"img":{"alt_text":"","src":"https:\/\/i0.wp.com\/www.robertosedda.it\/wp-content\/uploads\/2014\/07\/fallacie-logiche-1-2.jpg?fit=980%2C653&resize=350%2C200","width":350,"height":200,"srcset":"https:\/\/i0.wp.com\/www.robertosedda.it\/wp-content\/uploads\/2014\/07\/fallacie-logiche-1-2.jpg?fit=980%2C653&resize=350%2C200 1x, https:\/\/i0.wp.com\/www.robertosedda.it\/wp-content\/uploads\/2014\/07\/fallacie-logiche-1-2.jpg?fit=980%2C653&resize=700%2C400 2x"},"classes":[]},{"id":4317,"url":"http:\/\/www.robertosedda.it\/?p=4317","url_meta":{"origin":8414,"position":1},"title":"Cuori (e bilanci) sociali","author":"Rufus","date":"20\/08\/2013","format":false,"excerpt":"Ho raccontato un'altra volta che spesso do una sbirciatina su CSS Design Awards, un sito che segnala realizzazioni particolarmente ben fatte sul web. Oggi ci ho trovato il sito della Fondazione che in Inghilterra promuove la consapevolezza e la ricerca sui rischi cardiaci, o meglio il sito che promuove il\u2026","rel":"","context":"In &quot;Coordinate&quot;","block_context":{"text":"Coordinate","link":"http:\/\/www.robertosedda.it\/?cat=52"},"img":{"alt_text":"","src":"https:\/\/i0.wp.com\/www.robertosedda.it\/wp-content\/uploads\/2013\/08\/20130805004942.jpg?fit=647%2C391&resize=350%2C200","width":350,"height":200},"classes":[]},{"id":823,"url":"http:\/\/www.robertosedda.it\/?p=823","url_meta":{"origin":8414,"position":2},"title":"On the road again","author":"Rufus","date":"04\/09\/2012","format":false,"excerpt":"Pubblicare un sito o un blog comporta una buona dose di presunzione: vuol dire supporre che quello che si scrive o si fa sia interessante per gli altri, di solito molti altri. \u00c8 con un certo imbarazzo, quindi, che ho deciso di rimettere su il mio sito, che da un\u2026","rel":"","context":"In &quot;Coordinate&quot;","block_context":{"text":"Coordinate","link":"http:\/\/www.robertosedda.it\/?cat=52"},"img":{"alt_text":"","src":"","width":0,"height":0},"classes":[]},{"id":12108,"url":"http:\/\/www.robertosedda.it\/?p=12108","url_meta":{"origin":8414,"position":3},"title":"Veniteci a cercare a Sant&#8217;Antioco","author":"Rufus","date":"16\/06\/2016","format":false,"excerpt":"Venerd\u00ec 17 giugno i\u00a0Fabbricastorie faranno giocare la gente in piazza a Sant'Antioco, nell'ambito della manifestazione poliglotta\u00a0Limbas. Intanto spendo due parole per segnalare il sito della manifestazione, che \u00e8 per la precisione un\u00a0seminario poliglotta: l'argomento \u00e8 per noi\u00a0del tutto sconosciuto, ma ci siamo prestati volentieri a metterci in gioco. Non posso\u2026","rel":"","context":"In &quot;Coordinate&quot;","block_context":{"text":"Coordinate","link":"http:\/\/www.robertosedda.it\/?cat=52"},"img":{"alt_text":"","src":"https:\/\/i0.wp.com\/www.robertosedda.it\/wp-content\/uploads\/2016\/06\/SantAntioco.jpg?fit=800%2C533&resize=350%2C200","width":350,"height":200,"srcset":"https:\/\/i0.wp.com\/www.robertosedda.it\/wp-content\/uploads\/2016\/06\/SantAntioco.jpg?fit=800%2C533&resize=350%2C200 1x, https:\/\/i0.wp.com\/www.robertosedda.it\/wp-content\/uploads\/2016\/06\/SantAntioco.jpg?fit=800%2C533&resize=700%2C400 2x"},"classes":[]},{"id":8467,"url":"http:\/\/www.robertosedda.it\/?p=8467","url_meta":{"origin":8414,"position":4},"title":"I consigli del venerd\u00ec: no profit, donne che giocano e discoteche cadenti","author":"Rufus","date":"19\/09\/2014","format":false,"excerpt":"Di varia economia Questa settimana ho consigliato un\u00a0articolo su\u00a0Vita che recensisce\u00a0Wikieconomia. Manifesto dell\u2019economia civile, un libro di Leonardo Becchetti, che \u00e8 stato a lungo anche Presidente del Comitato Etico di Banca Etica. \u00c8 chiaro che si tratta di un libro che non posso non consigliare, ma la recensione mi sembra\u2026","rel":"","context":"In &quot;Coordinate&quot;","block_context":{"text":"Coordinate","link":"http:\/\/www.robertosedda.it\/?cat=52"},"img":{"alt_text":"","src":"https:\/\/i0.wp.com\/www.robertosedda.it\/wp-content\/uploads\/2014\/09\/Discoteca-abbandonata.jpg?fit=1065%2C710&resize=350%2C200","width":350,"height":200,"srcset":"https:\/\/i0.wp.com\/www.robertosedda.it\/wp-content\/uploads\/2014\/09\/Discoteca-abbandonata.jpg?fit=1065%2C710&resize=350%2C200 1x, https:\/\/i0.wp.com\/www.robertosedda.it\/wp-content\/uploads\/2014\/09\/Discoteca-abbandonata.jpg?fit=1065%2C710&resize=700%2C400 2x, https:\/\/i0.wp.com\/www.robertosedda.it\/wp-content\/uploads\/2014\/09\/Discoteca-abbandonata.jpg?fit=1065%2C710&resize=1050%2C600 3x"},"classes":[]},{"id":17042,"url":"http:\/\/www.robertosedda.it\/?p=17042","url_meta":{"origin":8414,"position":5},"title":"Tutti al mare fascista","author":"Rufus","date":"23\/08\/2019","format":false,"excerpt":"Trovo in giro un link a un interessante articolo su Domus di Alessandro Benetti a proposito di uno dei campi preferiti di sperimentazione degli architetti razionalisti di epoca fascista: i luoghi deputati a ospitare i bagnanti, i lidi e simili (il tema dovrebbe interessare gli abitanti di una citt\u00e0 che\u2026","rel":"","context":"In &quot;Coordinate&quot;","block_context":{"text":"Coordinate","link":"http:\/\/www.robertosedda.it\/?cat=52"},"img":{"alt_text":"","src":"https:\/\/i0.wp.com\/www.robertosedda.it\/wp-content\/uploads\/2019\/08\/20150621_132343.jpg?fit=1200%2C720&resize=350%2C200","width":350,"height":200,"srcset":"https:\/\/i0.wp.com\/www.robertosedda.it\/wp-content\/uploads\/2019\/08\/20150621_132343.jpg?fit=1200%2C720&resize=350%2C200 1x, https:\/\/i0.wp.com\/www.robertosedda.it\/wp-content\/uploads\/2019\/08\/20150621_132343.jpg?fit=1200%2C720&resize=700%2C400 2x, https:\/\/i0.wp.com\/www.robertosedda.it\/wp-content\/uploads\/2019\/08\/20150621_132343.jpg?fit=1200%2C720&resize=1050%2C600 3x"},"classes":[]}],"_links":{"self":[{"href":"http:\/\/www.robertosedda.it\/index.php?rest_route=\/wp\/v2\/posts\/8414"}],"collection":[{"href":"http:\/\/www.robertosedda.it\/index.php?rest_route=\/wp\/v2\/posts"}],"about":[{"href":"http:\/\/www.robertosedda.it\/index.php?rest_route=\/wp\/v2\/types\/post"}],"author":[{"embeddable":true,"href":"http:\/\/www.robertosedda.it\/index.php?rest_route=\/wp\/v2\/users\/1"}],"replies":[{"embeddable":true,"href":"http:\/\/www.robertosedda.it\/index.php?rest_route=%2Fwp%2Fv2%2Fcomments&post=8414"}],"version-history":[{"count":16,"href":"http:\/\/www.robertosedda.it\/index.php?rest_route=\/wp\/v2\/posts\/8414\/revisions"}],"predecessor-version":[{"id":8436,"href":"http:\/\/www.robertosedda.it\/index.php?rest_route=\/wp\/v2\/posts\/8414\/revisions\/8436"}],"wp:featuredmedia":[{"embeddable":true,"href":"http:\/\/www.robertosedda.it\/index.php?rest_route=\/wp\/v2\/media\/8427"}],"wp:attachment":[{"href":"http:\/\/www.robertosedda.it\/index.php?rest_route=%2Fwp%2Fv2%2Fmedia&parent=8414"}],"wp:term":[{"taxonomy":"category","embeddable":true,"href":"http:\/\/www.robertosedda.it\/index.php?rest_route=%2Fwp%2Fv2%2Fcategories&post=8414"},{"taxonomy":"post_tag","embeddable":true,"href":"http:\/\/www.robertosedda.it\/index.php?rest_route=%2Fwp%2Fv2%2Ftags&post=8414"}],"curies":[{"name":"wp","href":"https:\/\/api.w.org\/{rel}","templated":true}]}}