{"id":8404,"date":"2014-09-12T15:56:42","date_gmt":"2014-09-12T13:56:42","guid":{"rendered":"http:\/\/www.robertosedda.it\/?p=8404"},"modified":"2014-09-16T16:02:36","modified_gmt":"2014-09-16T14:02:36","slug":"i-consigli-del-venerdi-1","status":"publish","type":"post","link":"http:\/\/www.robertosedda.it\/?p=8404","title":{"rendered":"I consigli del venerd\u00ec &#8211; 1"},"content":{"rendered":"<h2>Quasi <em>#FF<\/em> ma senza\u00a0<em>Twitter<\/em><\/h2>\n<p>Negli ultimi tempi ho cominciato ad appuntarmi qui e l\u00e0 i\u00a0<em>link<\/em> che condivido sui <em>social<\/em> o le pagine <em>web<\/em>\u00a0che mi segno a futura memoria, per tenerli sotto controllo e poterli ritrovare. Poi mi sono reso conto che il posto corretto dove raccogliere tutta questa roba \u00e8 il\u00a0<em>blog<\/em>, sia perch\u00e9\u00a0<a title=\"On the road again\" href=\"http:\/\/www.robertosedda.it\/?p=823\">avevo deciso fin dall&#8217;inizio di dargli questo compito<\/a>, sia perch\u00e9 cos\u00ec lo posso condividere anche con chi non mi segue sui vari <em>social network<\/em>.<\/p>\n<p>E quindi ho deciso di inaugurare una specie di rubrica del venerd\u00ec, in modo da avere\u00a0una specie di\u00a0mio personale <a href=\"http:\/\/www.ilpost.it\/2011\/11\/25\/storia-follow-friday\/\">#FF<\/a>. Questa prima settimana ho un po&#8217; di roba arretrata, in futuro sar\u00f2 spero pi\u00f9 agile. MI spiace solo che molti consigli di lettura siano in inglese, mi rendo conto che i miei interessi e canali di informazione prescindono spesso dai siti in italiano (ma, per fortuna, non sempre).<\/p>\n<h2>Ma prima, una pausa musicale.<\/h2>\n<div class=\"jetpack-video-wrapper\"><span class=\"embed-youtube\" style=\"text-align:center; display: block;\"><iframe class=\"youtube-player\" width=\"800\" height=\"450\" src=\"https:\/\/www.youtube.com\/embed\/I5JQ1m3mxKw?version=3&#038;rel=1&#038;showsearch=0&#038;showinfo=1&#038;iv_load_policy=1&#038;fs=1&#038;hl=it-IT&#038;autohide=2&#038;wmode=transparent\" allowfullscreen=\"true\" style=\"border:0;\" sandbox=\"allow-scripts allow-same-origin allow-popups allow-presentation\"><\/iframe><\/span><\/div>\n<p>A Cagliari \u00e8 di gran moda il tango. Immagino anche altrove ma a me diverte molto, quando vado a fare una passeggiata alla Marina, vedere quelli che ballano per strada. E quindi in questo periodo ho postato su <em>Facebook\u00a0<\/em>alcune cose del sommo Gardel, e qui mi dichiaro: mi piace il tango e se volete farmi felice mettete su, in qualunque momento, un disco di Gardel.<\/p>\n<h2>Cose di varia\u00a0letteratura<\/h2>\n<p>Mi ha fatto molto ridere, in questo periodo, un articolo di Leonardo (il suo sito \u00e8 anche linkato nel\u00a0mio\u00a0<em>blogroll<\/em>) un po&#8217; dissacratorio: <a href=\"http:\/\/leonardo.blogspot.it\/2014\/08\/5-pagine-di-letteratura-che-il-tuo-prof.html\"><em>5 pagine di letteratura che il tuo prof non vuole che tu legga<\/em><\/a>. \u00c8 un po&#8217; sullo stile delle cose di Pennac in\u00a0<em>Come un romanzo<\/em>, ed \u00e8 una buona provocazione per insegnanti e genitori (e per tutti).<\/p>\n<p>In realt\u00e0 il punto \u00e8 trovare sempre qualcosa di\u00a0<em>personale<\/em> che ti leghi a un autore e un libro. Se questo scatta, allora non c&#8217;\u00e8 problema e ne vengono fuori cose interessanti. Per esempio mi colpisce sempre vedere studenti che si trovano una passione, come quella che emerge in <a href=\"http:\/\/www.jasit.it\/giovani-studiosi-dialogano-jasit-intervista-ad-alice-zardo\/\">Alice Zardo intervistata dalla <em>Societ\u00e0 Austeniana Italiana<\/em><\/a>. La segnalazione \u00e8 pi\u00f9per questo e per segnalare l&#8217;ottimo lavoro della <em>Societ\u00e0<\/em> pi\u00f9 che per il contenuto specifico, che comunque \u00e8 interessante per tutti gli appassionati austeniani.<\/p>\n<h3>Nuove uscite nel\u00a0<em>fantasy<\/em><\/h3>\n<p>Un altro gruppo di lettori che frequento \u00e8, ovviamente, quellod egli appassionati di\u00a0<em>fantasy<\/em>. La mia amica Valentina Imeroni mi ha segnalato che Robin Hobb ha rimesso mano alle sue storie dell&#8217;Assassino di Corte: <a href=\"http:\/\/www.theguardian.com\/books\/2014\/sep\/10\/fools-assassin-robin-hobb-review-fantasy-novel?CMP=twt_gu\">il\u00a0<em>Guardian<\/em> ne fa una lusinghiera recensione<\/a>, io ho da tempo qualche dubbio in pi\u00f9 sulla serie ma la notizia penso render\u00e0 felice il mio amico Agostino Dess\u00ec.<\/p>\n<p>Neil Gaiman (ricordate <a title=\"Neil Gaiman e le biblioteche\" href=\"http:\/\/www.robertosedda.it\/?p=4724\">il discorso sulle bibilioteche<\/a>?) invece sembra avere messo a segno l&#8217;ennesimo successo: vedo <a href=\"http:\/\/www.facebook.com\/neilgaiman\/photos\/a.306989681015.155613.300224781015\/10152294284011016\/?type=1\">pareri entusiastici sul suo <em>L&#8217;oceano in fondo al sentiero<\/em><\/a>, quindi meriter\u00e0 di dargli un&#8217;occhiata, in originale\u00a0o nella traduzione italiana.<\/p>\n<h2>Dalle biblioteche alle politiche dell&#8217;istruzione<\/h2>\n<p>Visto che ho citato Gaiman e le biblioteche mi sembra opportuno segnalare un articolo di Paolo di Stefano,\u00a0<a href=\"http:\/\/rassegnastampa.unipi.it\/rassegna\/archivio\/2014\/04\/15SIQ2049.PDF\"><em>Biblioteche pubbliche nuove piazze del sapere<\/em><\/a>. Esempi illuminati, a cui non fanno sempre seguito le politiche pubbliche in materia culturale e dell&#8217;istruzione: non \u00e8 solo che <a href=\"http:\/\/www.redattoresociale.it\/Notiziario\/Articolo\/467410\/L-Aquila-il-grido-dei-presidi-Ricostruite-le-scuole-i-fondi-ci-sono\">all&#8217;Aquila non vengono ricostruite le scuole anche se i soldi ci sono<\/a>, ma \u00e8 che spesso non sembra che i decisori politici e amministrativi usino i dati corretti per fondare le loro scelte. A Rimini il Direttore del\u00a0consorzio\u00a0<em>AlmaLaurea<\/em>, che raccolgie i datid ei laureati italiani, ha fatto un relazione con informazioni abbastanza sorprendenti e diverse da ci\u00f2 che normalmente sembra essere l&#8217;opinione prevalente: <a href=\"http:\/\/www.roars.it\/online\/i-falsi-miti-italiani-sullistruzione-universitaria-sotto-la-lente-di-almalaurea\/\">ne fa una sintesi discreta\u00a0<em>Roars<\/em><\/a>, ma naturalmente vale la pena di andare alla fonte:<\/p>\n<div class=\"jetpack-video-wrapper\"><span class=\"embed-youtube\" style=\"text-align:center; display: block;\"><iframe class=\"youtube-player\" width=\"800\" height=\"450\" src=\"https:\/\/www.youtube.com\/embed\/i2tXKxRezqw?version=3&#038;rel=1&#038;showsearch=0&#038;showinfo=1&#038;iv_load_policy=1&#038;fs=1&#038;hl=it-IT&#038;autohide=2&#038;wmode=transparent\" allowfullscreen=\"true\" style=\"border:0;\" sandbox=\"allow-scripts allow-same-origin allow-popups allow-presentation\"><\/iframe><\/span><\/div>\n<object style=\"margin:0px\" width=\"425\" height=\"355\"><param name=\"movie\" value=\"http:\/\/static.slidesharecdn.com\/swf\/ssplayer2.swf?doc=id=38362954&amp;doc=cammellial25agosto2014-140826054017-phpapp01\" \/><param name=\"allowFullScreen\" value=\"true\"\/><param name=\"allowScriptAccess\" value=\"always\"\/><param name=\"wmode\" value=\"transparent\" \/><embed src=\"http:\/\/static.slidesharecdn.com\/swf\/ssplayer2.swf?doc=id=38362954&amp;doc=cammellial25agosto2014-140826054017-phpapp01\" type=\"application\/x-shockwave-flash\" allowscriptaccess=\"always\" allowfullscreen=\"true\" width=\"425\" height=\"355\" wmode=\"transparent\"><\/embed><\/object>\n<p>Poi naturalmente perfino\u00a0<a href=\"http:\/\/www.repubblica.it\/scuola\/2014\/09\/08\/news\/scuola_studio_inglese_rivela_meno_alunni_per_classe_e_pi_soldi_ai_prof_per_migliorarla-95276262\/\"><em>Repubblica<\/em> riporta che, a quanto pare, una ricerca \u00a0in area\u00a0<em>OCSE<\/em> rivela che per fare una buona scuola si dovrebbero fare esattamente il contrario di quel che si fa in Italia<\/a> (avviso: non ho letto la ricerca, quindi pare, si dice, ma mi sembra attendible).<\/p>\n<p>Vedo a questo punto che gi\u00e0 sono stato un po&#8217; lungo: intanto mi fermo qui e\u00a0magari riprendo dopo; oppure riprendo domani, nel qual caso li intitoler\u00f2\u00a0<em>I consigli del sabato<\/em>: non \u00e8 difficile cambiare&#8230;<\/p>\n","protected":false},"excerpt":{"rendered":"<p>Quasi #FF ma senza\u00a0Twitter Negli ultimi tempi ho cominciato ad appuntarmi qui e l\u00e0 i\u00a0link che condivido sui social o<\/p>\n","protected":false},"author":1,"featured_media":0,"comment_status":"open","ping_status":"open","sticky":false,"template":"","format":"video","meta":{"_mi_skip_tracking":false,"_monsterinsights_sitenote_active":false,"_monsterinsights_sitenote_note":"","_monsterinsights_sitenote_category":0,"jetpack_post_was_ever_published":false,"_jetpack_newsletter_access":"","jetpack_publicize_message":"","jetpack_is_tweetstorm":false,"jetpack_publicize_feature_enabled":true,"jetpack_social_post_already_shared":true,"jetpack_social_options":{"image_generator_settings":{"template":"highway","enabled":false}}},"categories":[52,64,55,17,16],"tags":[],"jetpack_publicize_connections":[],"jetpack_featured_media_url":"","jetpack_sharing_enabled":true,"jetpack_shortlink":"https:\/\/wp.me\/p4jV2T-2by","jetpack_likes_enabled":true,"jetpack-related-posts":[{"id":15043,"url":"http:\/\/www.robertosedda.it\/?p=15043","url_meta":{"origin":8404,"position":0},"title":"Metriche ed altre trappole","author":"Rufus","date":"18\/04\/2018","format":false,"excerpt":"Ho raccontato la settimana scorsa che per la prima volta in vita mia, per sostenere il giochillo della selezione dei cento brani jazz da ascoltare, ho fatto una promozione a pagamento su Facebook e ho promesso di raccontare come fosse andata. Ora, ho speso 13 euro e rotti in tutto\u2026","rel":"","context":"In &quot;Coordinate&quot;","block_context":{"text":"Coordinate","link":"http:\/\/www.robertosedda.it\/?cat=52"},"img":{"alt_text":"","src":"https:\/\/i0.wp.com\/www.robertosedda.it\/wp-content\/uploads\/2018\/04\/Promozione-Facebook.jpg?resize=350%2C200","width":350,"height":200},"classes":[]},{"id":19393,"url":"http:\/\/www.robertosedda.it\/?p=19393","url_meta":{"origin":8404,"position":1},"title":"Il frullato di Jane Austen","author":"Rufus","date":"31\/03\/2022","format":false,"excerpt":"Ho visto l'altro giorno, con Maria Bonaria, I misteri di Pemberley, tratto da Death comes to Pemberley della giallista PD James. https:\/\/www.youtube.com\/watch?v=fxg3lTri0NY Non ho letto il romanzo originale: James \u00e8 un'autrice rispettabile e un paio di recensioni che ho visto in giro riferiscono di un omaggio affettuoso alla Austen. Pu\u00f2\u2026","rel":"","context":"In &quot;Coordinate&quot;","block_context":{"text":"Coordinate","link":"http:\/\/www.robertosedda.it\/?cat=52"},"img":{"alt_text":"","src":"https:\/\/i0.wp.com\/www.robertosedda.it\/wp-content\/uploads\/2022\/03\/Pemberley.jpg?fit=960%2C485&resize=350%2C200","width":350,"height":200,"srcset":"https:\/\/i0.wp.com\/www.robertosedda.it\/wp-content\/uploads\/2022\/03\/Pemberley.jpg?fit=960%2C485&resize=350%2C200 1x, https:\/\/i0.wp.com\/www.robertosedda.it\/wp-content\/uploads\/2022\/03\/Pemberley.jpg?fit=960%2C485&resize=700%2C400 2x"},"classes":[]},{"id":17590,"url":"http:\/\/www.robertosedda.it\/?p=17590","url_meta":{"origin":8404,"position":2},"title":"Recupero politico di categorie popolari","author":"Rufus","date":"02\/12\/2019","format":false,"excerpt":"Forse qualcuno di voi ricorder\u00e0 che tempo fa avevo suggerito il recupero, come linea di azione nel delirio dei tempi contemporanei, dell'intraducibile atteggiamento cagliaritano che si traduce nell'espressione Ma ri pozzu toccai? Che al confronto ok, boomer \u00e8 roba per pischelli (infatti, \u00e8 effettivamente roba per pischelli. Pischelli scemi, oltretutto).\u2026","rel":"","context":"In &quot;Coordinate&quot;","block_context":{"text":"Coordinate","link":"http:\/\/www.robertosedda.it\/?cat=52"},"img":{"alt_text":"","src":"https:\/\/i0.wp.com\/www.robertosedda.it\/wp-content\/uploads\/2019\/12\/Pagu-bessiu.jpg?fit=800%2C597&resize=350%2C200","width":350,"height":200,"srcset":"https:\/\/i0.wp.com\/www.robertosedda.it\/wp-content\/uploads\/2019\/12\/Pagu-bessiu.jpg?fit=800%2C597&resize=350%2C200 1x, https:\/\/i0.wp.com\/www.robertosedda.it\/wp-content\/uploads\/2019\/12\/Pagu-bessiu.jpg?fit=800%2C597&resize=700%2C400 2x"},"classes":[]},{"id":18338,"url":"http:\/\/www.robertosedda.it\/?p=18338","url_meta":{"origin":8404,"position":3},"title":"Sorprese sgradite","author":"Rufus","date":"13\/10\/2020","format":false,"excerpt":"Mi sono iscritto a Spotify all'epoca in cui ho deciso di fare l'elenco dei cento brani jazz da scoprire, perch\u00e9 dopo che me li avevano suggeriti da qualche parte dovevo pure ascoltarli. https:\/\/open.spotify.com\/playlist\/173F8p14ZtBMu0eSuNsPa2?si=ndAyHwe-Rua_PHrBZdliBA All'epoca ho memorizzato l\u00e0 dentro anche la lista di brani rock di Lucas Davenport che qualcun altro\u2026","rel":"","context":"In &quot;Coordinate&quot;","block_context":{"text":"Coordinate","link":"http:\/\/www.robertosedda.it\/?cat=52"},"img":{"alt_text":"","src":"https:\/\/i0.wp.com\/www.robertosedda.it\/wp-content\/uploads\/2020\/10\/Spotify.png?fit=1024%2C1024&resize=350%2C200","width":350,"height":200,"srcset":"https:\/\/i0.wp.com\/www.robertosedda.it\/wp-content\/uploads\/2020\/10\/Spotify.png?fit=1024%2C1024&resize=350%2C200 1x, https:\/\/i0.wp.com\/www.robertosedda.it\/wp-content\/uploads\/2020\/10\/Spotify.png?fit=1024%2C1024&resize=700%2C400 2x"},"classes":[]},{"id":845,"url":"http:\/\/www.robertosedda.it\/?p=845","url_meta":{"origin":8404,"position":4},"title":"I link della settimana","author":"Rufus","date":"10\/09\/2012","format":false,"excerpt":"Credo che questo sar\u00e0 il primo e unico articolo di questo genere sul sito. Dapprima avevo l'idea di pubblicare, ogni fine settimana, il riassunto dei link e segnalazioni che faccio sulla rete, su Facebook principalmente. Scrivendo l'articolo mi sono reso conto che \u00e8 una roba di una noia mortale e,\u2026","rel":"","context":"In &quot;Coordinate&quot;","block_context":{"text":"Coordinate","link":"http:\/\/www.robertosedda.it\/?cat=52"},"img":{"alt_text":"","src":"","width":0,"height":0},"classes":[]},{"id":6151,"url":"http:\/\/www.robertosedda.it\/?p=6151","url_meta":{"origin":8404,"position":5},"title":"Ricchezza, imprenditorialit\u00e0 sociale, politiche di sviluppo","author":"Rufus","date":"05\/02\/2014","format":false,"excerpt":"Fra il 2006 e il 2008 Banca Etica condusse in Sardegna un progetto chiamato Nuove Officine (per i tecnici: era un PIC Equal finanziato dal Fondo Sociale Europeo e codificato come IT-G2-SAR-026 - a distanza di tanto tempo ricordo ancora l'identificativo, perch\u00e9 per anni \u00e8 stato il mio pane e\u2026","rel":"","context":"In &quot;Banche e finanza&quot;","block_context":{"text":"Banche e finanza","link":"http:\/\/www.robertosedda.it\/?cat=72"},"img":{"alt_text":"","src":"https:\/\/i0.wp.com\/www.robertosedda.it\/wp-content\/uploads\/2014\/02\/A.jpg?fit=425%2C423&resize=350%2C200","width":350,"height":200},"classes":[]}],"_links":{"self":[{"href":"http:\/\/www.robertosedda.it\/index.php?rest_route=\/wp\/v2\/posts\/8404"}],"collection":[{"href":"http:\/\/www.robertosedda.it\/index.php?rest_route=\/wp\/v2\/posts"}],"about":[{"href":"http:\/\/www.robertosedda.it\/index.php?rest_route=\/wp\/v2\/types\/post"}],"author":[{"embeddable":true,"href":"http:\/\/www.robertosedda.it\/index.php?rest_route=\/wp\/v2\/users\/1"}],"replies":[{"embeddable":true,"href":"http:\/\/www.robertosedda.it\/index.php?rest_route=%2Fwp%2Fv2%2Fcomments&post=8404"}],"version-history":[{"count":10,"href":"http:\/\/www.robertosedda.it\/index.php?rest_route=\/wp\/v2\/posts\/8404\/revisions"}],"predecessor-version":[{"id":8416,"href":"http:\/\/www.robertosedda.it\/index.php?rest_route=\/wp\/v2\/posts\/8404\/revisions\/8416"}],"wp:attachment":[{"href":"http:\/\/www.robertosedda.it\/index.php?rest_route=%2Fwp%2Fv2%2Fmedia&parent=8404"}],"wp:term":[{"taxonomy":"category","embeddable":true,"href":"http:\/\/www.robertosedda.it\/index.php?rest_route=%2Fwp%2Fv2%2Fcategories&post=8404"},{"taxonomy":"post_tag","embeddable":true,"href":"http:\/\/www.robertosedda.it\/index.php?rest_route=%2Fwp%2Fv2%2Ftags&post=8404"}],"curies":[{"name":"wp","href":"https:\/\/api.w.org\/{rel}","templated":true}]}}