{"id":8372,"date":"2014-09-10T16:59:41","date_gmt":"2014-09-10T14:59:41","guid":{"rendered":"http:\/\/www.robertosedda.it\/?p=8372"},"modified":"2015-09-10T09:55:34","modified_gmt":"2015-09-10T07:55:34","slug":"fumetti-che-ho-fatto-bene-a-continuare-a-comprare","status":"publish","type":"post","link":"http:\/\/www.robertosedda.it\/?p=8372","title":{"rendered":"Fumetti che ho fatto bene a continuare a comprare"},"content":{"rendered":"<h2><em>Dragonero Speciale <\/em>(Enoch\/Vietti e Cucina\/Morrone e Francescutti e Alberti, <em>Sergio Bonelli Editore<\/em> luglio 2014)<\/h2>\n<p><em><a href=\"https:\/\/i0.wp.com\/www.robertosedda.it\/wp-content\/uploads\/2014\/09\/Copertina-Dragonero-speciale-estivo.jpg\"><img data-attachment-id=\"8373\" data-permalink=\"http:\/\/www.robertosedda.it\/?attachment_id=8373\" data-orig-file=\"https:\/\/i0.wp.com\/www.robertosedda.it\/wp-content\/uploads\/2014\/09\/Copertina-Dragonero-speciale-estivo.jpg?fit=303%2C400\" data-orig-size=\"303,400\" data-comments-opened=\"1\" data-image-meta=\"{&quot;aperture&quot;:&quot;0&quot;,&quot;credit&quot;:&quot;&quot;,&quot;camera&quot;:&quot;&quot;,&quot;caption&quot;:&quot;&quot;,&quot;created_timestamp&quot;:&quot;0&quot;,&quot;copyright&quot;:&quot;&quot;,&quot;focal_length&quot;:&quot;0&quot;,&quot;iso&quot;:&quot;0&quot;,&quot;shutter_speed&quot;:&quot;0&quot;,&quot;title&quot;:&quot;&quot;,&quot;orientation&quot;:&quot;0&quot;}\" data-image-title=\"Copertina Dragonero speciale estivo\" data-image-description=\"\" data-image-caption=\"\" data-medium-file=\"https:\/\/i0.wp.com\/www.robertosedda.it\/wp-content\/uploads\/2014\/09\/Copertina-Dragonero-speciale-estivo.jpg?fit=227%2C300\" data-large-file=\"https:\/\/i0.wp.com\/www.robertosedda.it\/wp-content\/uploads\/2014\/09\/Copertina-Dragonero-speciale-estivo.jpg?fit=303%2C400\" decoding=\"async\" loading=\"lazy\" class=\"alignleft wp-image-8373 size-full\" src=\"https:\/\/i0.wp.com\/www.robertosedda.it\/wp-content\/uploads\/2014\/09\/Copertina-Dragonero-speciale-estivo.jpg?resize=303%2C400\" alt=\"Copertina Dragonero speciale estivo\" width=\"303\" height=\"400\" srcset=\"https:\/\/i0.wp.com\/www.robertosedda.it\/wp-content\/uploads\/2014\/09\/Copertina-Dragonero-speciale-estivo.jpg?w=303 303w, https:\/\/i0.wp.com\/www.robertosedda.it\/wp-content\/uploads\/2014\/09\/Copertina-Dragonero-speciale-estivo.jpg?resize=113%2C150 113w, https:\/\/i0.wp.com\/www.robertosedda.it\/wp-content\/uploads\/2014\/09\/Copertina-Dragonero-speciale-estivo.jpg?resize=227%2C300 227w, https:\/\/i0.wp.com\/www.robertosedda.it\/wp-content\/uploads\/2014\/09\/Copertina-Dragonero-speciale-estivo.jpg?resize=37%2C50 37w\" sizes=\"(max-width: 303px) 100vw, 303px\" data-recalc-dims=\"1\" \/><\/a><\/em>Ho visto che l&#8217;ultima volta che ho parlato di <em>Dragonero<\/em> (dopo <a href=\"http:\/\/www.robertosedda.it\/?p=4751\">il numero con la riunione di condominio<\/a> del sindacato lavoratori del <em>fantasy<\/em>) sono stato piuttosto urticante.<\/p>\n<p>Mi sembra corretto notare, a distanza di un anno, che la serie \u00e8 progressivamente decollata, forse anche perch\u00e9 nel frattempo la maggior parte delle storie sono state firmate da Enoch (vedo che Vietti torna a ottobre, sar\u00e0 interessante rifare il confronto).<\/p>\n<p>Certo, rimane sempre una specie di rigidit\u00e0 di fondo nell&#8217;approccio al genere (<em>Guarda mamma! Sto scrivendo <\/em>fantasy<em>! E senza mani!!<\/em>) come se gli autori si fossero dati in fase di progettazione della serie delle linee guida eccessivamente stringenti o come se in fondo non si sentissero del tutto a loro agio con l&#8217;ambientazione, ma il miglioramento \u00e8 innegabile.<\/p>\n<p>Mi ha fatto anche molto pensare il fatto che <em>Dragonero<\/em> ha passato da poco una verifica importantissima, che potemmo chiamare la <em>prova nipoti<\/em>: mi \u00e8 capitato di ospitare da poco per un paio di giorni una cugina (ciao Marcella!) con figli fra gli otto e i tredici anni e nei giorni precedenti avevo avuto per casa altri ragazzini. In casa non c&#8217;\u00e8 la televisione e ovviamente ho aperto l&#8217;armadio dei fumetti: sono stato immediatamente rapinato di <em>Dragonero<\/em>. N\u00e9 pirati, n\u00e9 <em>cowboy<\/em> n\u00e9 astronavi n\u00e9 pliziotti hanno potuto competere: i ragazzini tornavano continuamente alle avventure di Ian, con un effetto ipnotico. Quando al momento del congedo gli ho regalato tutti i numeri sinora usciti ci ho fatto un figurone. E quindi mi sono chiesto se sia io che sono fuori <em>target<\/em>, e se pensando a <em>Dragonero<\/em> come a un fumetto rivolto a preadolescenti qualcuno dei difetti che noto non sparisca.<\/p>\n<p>Ad ogni modo questo <em>Speciale<\/em>, scritto a quattro mani da Enoch e Vietti e disegnato con altrettante quattro mani da Cucina e Morrone \u00e8 senz&#8217;altro molto buono, anche se per costruire la tensione degli eventi finali gli autori prendono pi\u00f9 di una scorciatoia discutibile (cerco di evitare gli <em>spoiler<\/em>) e strapazzano allegramente il profilo psicologico dei personaggi che loro stesso hanno creato. Per\u00f2 \u00e8 senz&#8217;altro buono e merita l&#8217;acquisto: almeno qui a Cagliari ho visto che in varie edicole si trova ancora e ne consiglio l&#8217;acquisto.<\/p>\n<p>Soprattutto se avete nipoti maschi.<\/p>\n<p><a href=\"https:\/\/i0.wp.com\/www.robertosedda.it\/wp-content\/uploads\/2014\/09\/Pagina-Speciale-estivo-Dragonero.jpg\"><img data-attachment-id=\"8377\" data-permalink=\"http:\/\/www.robertosedda.it\/?attachment_id=8377\" data-orig-file=\"https:\/\/i0.wp.com\/www.robertosedda.it\/wp-content\/uploads\/2014\/09\/Pagina-Speciale-estivo-Dragonero.jpg?fit=600%2C828\" data-orig-size=\"600,828\" data-comments-opened=\"1\" data-image-meta=\"{&quot;aperture&quot;:&quot;0&quot;,&quot;credit&quot;:&quot;&quot;,&quot;camera&quot;:&quot;&quot;,&quot;caption&quot;:&quot;&quot;,&quot;created_timestamp&quot;:&quot;0&quot;,&quot;copyright&quot;:&quot;&quot;,&quot;focal_length&quot;:&quot;0&quot;,&quot;iso&quot;:&quot;0&quot;,&quot;shutter_speed&quot;:&quot;0&quot;,&quot;title&quot;:&quot;dragonero speciale 1.indd&quot;,&quot;orientation&quot;:&quot;1&quot;}\" data-image-title=\"dragonero speciale 1.indd\" data-image-description=\"\" data-image-caption=\"\" data-medium-file=\"https:\/\/i0.wp.com\/www.robertosedda.it\/wp-content\/uploads\/2014\/09\/Pagina-Speciale-estivo-Dragonero.jpg?fit=217%2C300\" data-large-file=\"https:\/\/i0.wp.com\/www.robertosedda.it\/wp-content\/uploads\/2014\/09\/Pagina-Speciale-estivo-Dragonero.jpg?fit=510%2C703\" decoding=\"async\" loading=\"lazy\" class=\"aligncenter wp-image-8377 size-full\" src=\"https:\/\/i0.wp.com\/www.robertosedda.it\/wp-content\/uploads\/2014\/09\/Pagina-Speciale-estivo-Dragonero.jpg?resize=600%2C828\" alt=\"dragonero speciale 1.indd\" width=\"600\" height=\"828\" srcset=\"https:\/\/i0.wp.com\/www.robertosedda.it\/wp-content\/uploads\/2014\/09\/Pagina-Speciale-estivo-Dragonero.jpg?w=600 600w, https:\/\/i0.wp.com\/www.robertosedda.it\/wp-content\/uploads\/2014\/09\/Pagina-Speciale-estivo-Dragonero.jpg?resize=108%2C150 108w, https:\/\/i0.wp.com\/www.robertosedda.it\/wp-content\/uploads\/2014\/09\/Pagina-Speciale-estivo-Dragonero.jpg?resize=217%2C300 217w, https:\/\/i0.wp.com\/www.robertosedda.it\/wp-content\/uploads\/2014\/09\/Pagina-Speciale-estivo-Dragonero.jpg?resize=510%2C703 510w, https:\/\/i0.wp.com\/www.robertosedda.it\/wp-content\/uploads\/2014\/09\/Pagina-Speciale-estivo-Dragonero.jpg?resize=36%2C50 36w\" sizes=\"(max-width: 600px) 100vw, 600px\" data-recalc-dims=\"1\" \/><\/a>A me \u00e8 piaciuto molto anche il colore, di Francescutti per lo <em>Studio Gotem<\/em> &#8211; anche se ormai dovrei essermi abituato rimango sempre stupito dagli <a href=\"http:\/\/www.robertosedda.it\/?p=4971\">ottimi risultati che nell&#8217;ultimo paio di anni in <em>Bonelli<\/em><\/a><a href=\"http:\/\/www.robertosedda.it\/?p=4971\"> si ottengono col colore<\/a> &#8211; e mi \u00e8 piaciuta pure la copertina, che non \u00e8 del solito Matteoni ma di Mario Alberti.<\/p>\n<p><a href=\"https:\/\/i0.wp.com\/www.robertosedda.it\/wp-content\/uploads\/2014\/09\/Dragonero-intrighi-a-corte.jpg\"><img data-attachment-id=\"8378\" data-permalink=\"http:\/\/www.robertosedda.it\/?attachment_id=8378\" data-orig-file=\"https:\/\/i0.wp.com\/www.robertosedda.it\/wp-content\/uploads\/2014\/09\/Dragonero-intrighi-a-corte.jpg?fit=381%2C502\" data-orig-size=\"381,502\" data-comments-opened=\"1\" data-image-meta=\"{&quot;aperture&quot;:&quot;0&quot;,&quot;credit&quot;:&quot;&quot;,&quot;camera&quot;:&quot;&quot;,&quot;caption&quot;:&quot;&quot;,&quot;created_timestamp&quot;:&quot;0&quot;,&quot;copyright&quot;:&quot;&quot;,&quot;focal_length&quot;:&quot;0&quot;,&quot;iso&quot;:&quot;0&quot;,&quot;shutter_speed&quot;:&quot;0&quot;,&quot;title&quot;:&quot;&quot;,&quot;orientation&quot;:&quot;0&quot;}\" data-image-title=\"Dragonero intrighi a corte\" data-image-description=\"\" data-image-caption=\"\" data-medium-file=\"https:\/\/i0.wp.com\/www.robertosedda.it\/wp-content\/uploads\/2014\/09\/Dragonero-intrighi-a-corte.jpg?fit=227%2C300\" data-large-file=\"https:\/\/i0.wp.com\/www.robertosedda.it\/wp-content\/uploads\/2014\/09\/Dragonero-intrighi-a-corte.jpg?fit=381%2C502\" decoding=\"async\" loading=\"lazy\" class=\"alignleft size-medium wp-image-8378\" src=\"https:\/\/i0.wp.com\/www.robertosedda.it\/wp-content\/uploads\/2014\/09\/Dragonero-intrighi-a-corte.jpg?resize=227%2C300\" alt=\"Dragonero intrighi a corte\" width=\"227\" height=\"300\" srcset=\"https:\/\/i0.wp.com\/www.robertosedda.it\/wp-content\/uploads\/2014\/09\/Dragonero-intrighi-a-corte.jpg?resize=227%2C300 227w, https:\/\/i0.wp.com\/www.robertosedda.it\/wp-content\/uploads\/2014\/09\/Dragonero-intrighi-a-corte.jpg?resize=113%2C150 113w, https:\/\/i0.wp.com\/www.robertosedda.it\/wp-content\/uploads\/2014\/09\/Dragonero-intrighi-a-corte.jpg?resize=37%2C50 37w, https:\/\/i0.wp.com\/www.robertosedda.it\/wp-content\/uploads\/2014\/09\/Dragonero-intrighi-a-corte.jpg?w=381 381w\" sizes=\"(max-width: 227px) 100vw, 227px\" data-recalc-dims=\"1\" \/><\/a>Chiudo segnalando che mi sembra molto buono anche il numero 15 che si dovrebbe ancora trovare in edicola,\u00a0 con il quale inizia una storia in due parti ambientata nella capitale e che propone tutta una trama di assassini nell&#8217;ombra, cospirazioni imperiali e investigazioni vincolate al rigido rispetto dell&#8217;etichetta di corte.<\/p>\n<p>Sospetto peraltro che questa storia doppia possa rappresentare anche un qualche balzo in avanti della trama, che si \u00e8 caratterizzata sinora per una <em>continuity<\/em> abbastanza stretta nella quale sono stati suggeriti, ogni tanto, degli indizi di grandi eventi a venire. Lo dico perch\u00e9 se ho ragione magari per chi non ha sinora acquistato questo fumetto potrebbe essere questo un buon punto per iniziare a seguire la storia.<\/p>\n<h2>La collana delle <em>Storie<\/em><\/h2>\n<p><a href=\"https:\/\/i0.wp.com\/www.robertosedda.it\/wp-content\/uploads\/2014\/09\/Copertina-Principe-di-Persia.jpg\"><img data-attachment-id=\"8382\" data-permalink=\"http:\/\/www.robertosedda.it\/?attachment_id=8382\" data-orig-file=\"https:\/\/i0.wp.com\/www.robertosedda.it\/wp-content\/uploads\/2014\/09\/Copertina-Principe-di-Persia.jpg?fit=381%2C502\" data-orig-size=\"381,502\" data-comments-opened=\"1\" data-image-meta=\"{&quot;aperture&quot;:&quot;0&quot;,&quot;credit&quot;:&quot;&quot;,&quot;camera&quot;:&quot;&quot;,&quot;caption&quot;:&quot;&quot;,&quot;created_timestamp&quot;:&quot;0&quot;,&quot;copyright&quot;:&quot;&quot;,&quot;focal_length&quot;:&quot;0&quot;,&quot;iso&quot;:&quot;0&quot;,&quot;shutter_speed&quot;:&quot;0&quot;,&quot;title&quot;:&quot;&quot;,&quot;orientation&quot;:&quot;0&quot;}\" data-image-title=\"Copertina Principe di Persia\" data-image-description=\"\" data-image-caption=\"\" data-medium-file=\"https:\/\/i0.wp.com\/www.robertosedda.it\/wp-content\/uploads\/2014\/09\/Copertina-Principe-di-Persia.jpg?fit=227%2C300\" data-large-file=\"https:\/\/i0.wp.com\/www.robertosedda.it\/wp-content\/uploads\/2014\/09\/Copertina-Principe-di-Persia.jpg?fit=381%2C502\" decoding=\"async\" loading=\"lazy\" class=\"alignright size-medium wp-image-8382\" src=\"https:\/\/i0.wp.com\/www.robertosedda.it\/wp-content\/uploads\/2014\/09\/Copertina-Principe-di-Persia.jpg?resize=227%2C300\" alt=\"Copertina Principe di Persia\" width=\"227\" height=\"300\" srcset=\"https:\/\/i0.wp.com\/www.robertosedda.it\/wp-content\/uploads\/2014\/09\/Copertina-Principe-di-Persia.jpg?resize=227%2C300 227w, https:\/\/i0.wp.com\/www.robertosedda.it\/wp-content\/uploads\/2014\/09\/Copertina-Principe-di-Persia.jpg?resize=113%2C150 113w, https:\/\/i0.wp.com\/www.robertosedda.it\/wp-content\/uploads\/2014\/09\/Copertina-Principe-di-Persia.jpg?resize=37%2C50 37w, https:\/\/i0.wp.com\/www.robertosedda.it\/wp-content\/uploads\/2014\/09\/Copertina-Principe-di-Persia.jpg?w=381 381w\" sizes=\"(max-width: 227px) 100vw, 227px\" data-recalc-dims=\"1\" \/><\/a>Ho parlato molto bene, recentemente, anche del <a title=\"Duelli e pennelli\" href=\"http:\/\/www.robertosedda.it\/?p=8002\">numero speciale delle<\/a> <em>Storie<\/em>, quello dedicata a Caravaggio. In realt\u00e0 \u00e8 tutta la collana che anche se con meno decisione di <em>Dragonero<\/em> progressivamente ha preso slancio e l&#8217;ultimo numero, <em>Il principe di Persia<\/em>, pur senza colore si mantiene sugli ottimi livelli dello speciale. A me Paola Barbato in generale \u00e8 sempre piaciuta, ma sinora sulle<em> Storie<\/em> non mi aveva mai convinto del tutto mentre qui firma una sceneggiatura contemporaneamente poetica e orrenda in un gran bel <em>mix<\/em> che alla fine \u00e8 semplicemente straziante, molto ben assecondata, mi pare, dal disegnatore Nicola Mari. Sono molto belli anche i comprimari &#8211; o forse sarebbe pi\u00f9 giusto dire coprotagonisti &#8211; e il modo con il quale, tramite loro, cambia spesso l&#8217;angolo visuale della narrazione. Aspetto con ansia la storia di guerra del prossimo numero della collana per avere la conferma definitiva che ho fatto bene a mantenermi tutti i mesi fedele a questo appuntamento in edicola.<\/p>\n","protected":false},"excerpt":{"rendered":"<p>Dragonero Speciale (Enoch\/Vietti e Cucina\/Morrone e Francescutti e Alberti, Sergio Bonelli Editore luglio 2014) Ho visto che l&#8217;ultima volta che<\/p>\n","protected":false},"author":1,"featured_media":8373,"comment_status":"open","ping_status":"open","sticky":false,"template":"","format":"standard","meta":{"_mi_skip_tracking":false,"_monsterinsights_sitenote_active":false,"_monsterinsights_sitenote_note":"","_monsterinsights_sitenote_category":0,"jetpack_post_was_ever_published":false,"_jetpack_newsletter_access":"","jetpack_publicize_message":"","jetpack_is_tweetstorm":false,"jetpack_publicize_feature_enabled":true,"jetpack_social_post_already_shared":true,"jetpack_social_options":{"image_generator_settings":{"template":"highway","enabled":false}}},"categories":[52,63,20,56,12],"tags":[],"jetpack_publicize_connections":[],"jetpack_featured_media_url":"https:\/\/i0.wp.com\/www.robertosedda.it\/wp-content\/uploads\/2014\/09\/Copertina-Dragonero-speciale-estivo.jpg?fit=303%2C400","jetpack_sharing_enabled":true,"jetpack_shortlink":"https:\/\/wp.me\/p4jV2T-2b2","jetpack_likes_enabled":true,"jetpack-related-posts":[{"id":17124,"url":"http:\/\/www.robertosedda.it\/?p=17124","url_meta":{"origin":8372,"position":0},"title":"Spazzare Dragonero sotto il tappeto","author":"Rufus","date":"02\/09\/2019","format":false,"excerpt":"Domenica pomeriggio ho recuperato gli ultimi tre numeri di Dragonero, che avevo lasciato da parte, nonch\u00e9 lo speciale estivo. Al termine della lettura, per quanto piacevole, non sono riuscito a trattenere un moto di perplessit\u00e0. In parte dipendeva dal fatto che avevo iniziato la lettura con lo speciale (Le ali\u2026","rel":"","context":"In &quot;Coordinate&quot;","block_context":{"text":"Coordinate","link":"http:\/\/www.robertosedda.it\/?cat=52"},"img":{"alt_text":"","src":"https:\/\/i0.wp.com\/www.robertosedda.it\/wp-content\/uploads\/2019\/09\/Dragonero-giugno-2019.png?fit=910%2C1200&resize=350%2C200","width":350,"height":200,"srcset":"https:\/\/i0.wp.com\/www.robertosedda.it\/wp-content\/uploads\/2019\/09\/Dragonero-giugno-2019.png?fit=910%2C1200&resize=350%2C200 1x, https:\/\/i0.wp.com\/www.robertosedda.it\/wp-content\/uploads\/2019\/09\/Dragonero-giugno-2019.png?fit=910%2C1200&resize=700%2C400 2x"},"classes":[]},{"id":3524,"url":"http:\/\/www.robertosedda.it\/?p=3524","url_meta":{"origin":8372,"position":1},"title":"Ian &#8220;Nathan Never&#8221; Aranill, fantasy Bonelli in edicola","author":"Rufus","date":"14\/06\/2013","format":false,"excerpt":"Dragonero: una novit\u00e0? Dragonero, la nuova serie a fumetti mensile della Bonelli, scritta da Luca Enoch e Stefano Vietti e che vede un ottimo Giuseppe Matteoni come disegnatore principale, \u00e8 unanimemente considerata una novit\u00e0. Lo\u00a0fa intendere\u00a0anche Davide Bonelli nella sua presentazione Il fantasy, negli ultimi anni, \u00e8 passato da essere\u2026","rel":"","context":"In &quot;Coordinate&quot;","block_context":{"text":"Coordinate","link":"http:\/\/www.robertosedda.it\/?cat=52"},"img":{"alt_text":"","src":"https:\/\/i0.wp.com\/www.robertosedda.it\/wp-content\/uploads\/2013\/06\/dragonero-illustrazione-ian-copy-620x350.jpg?fit=620%2C350&resize=350%2C200","width":350,"height":200},"classes":[]},{"id":4751,"url":"http:\/\/www.robertosedda.it\/?p=4751","url_meta":{"origin":8372,"position":2},"title":"Fumetti da non perdere (e no)","author":"Rufus","date":"22\/10\/2013","format":false,"excerpt":"Una segnalazione su un'uscita in edicola imperdibile per tutti gli appassionati di fumetti e un paio di altri aggiornamenti. Ma andiamo con ordine: Almanacco dell'Avventura Bonelli 2014 L'Almanacco \u00e8 dedicato a due artisti scomparsi relativamente di recente: Sergio Toppi, uno dei pi\u00f9 grandi illustratori, disegnatori e sceneggiatori italiani, e Decio\u2026","rel":"","context":"In &quot;Cappe e spade&quot;","block_context":{"text":"Cappe e spade","link":"http:\/\/www.robertosedda.it\/?cat=70"},"img":{"alt_text":"","src":"https:\/\/i0.wp.com\/www.robertosedda.it\/wp-content\/uploads\/2013\/10\/Almanacco-avventura-Bonelli-2014.jpg?fit=381%2C502&resize=350%2C200","width":350,"height":200},"classes":[]},{"id":4971,"url":"http:\/\/www.robertosedda.it\/?p=4971","url_meta":{"origin":8372,"position":3},"title":"Due rangers del Texas","author":"Rufus","date":"08\/11\/2013","format":false,"excerpt":"Saguaro numero 18,\u00a0La trib\u00f9 del cielo (Sergio Bonelli Editore ottobre 2013, Mignacco\/Foder\u00e0) Ho l'impressione che molti lettori di fumetti, pubblicati dalla Bonelli e no, snobbino un pochino Saguaro, ma devo dire che a me piace, anche abbastanza. Sono sicuramente di parte perch\u00e9 amo molto i gialli di Tony Hillerman ambientati\u2026","rel":"","context":"In &quot;Cappe e spade&quot;","block_context":{"text":"Cappe e spade","link":"http:\/\/www.robertosedda.it\/?cat=70"},"img":{"alt_text":"","src":"https:\/\/i0.wp.com\/www.robertosedda.it\/wp-content\/uploads\/2013\/11\/Saguaro-18-ottobre-2013.jpg?fit=227%2C300&resize=350%2C200","width":350,"height":200},"classes":[]},{"id":1056,"url":"http:\/\/www.robertosedda.it\/?p=1056","url_meta":{"origin":8372,"position":4},"title":"Storie di varia letteratura","author":"Rufus","date":"18\/10\/2012","format":false,"excerpt":"Ieri e avantieri mi sono ritrovato dentro una lunga discussione politico-letteraria su Liberos con niente po' po' di meno che Michela Murgia e Omar Onnis (fra gli altri) su un argomento che spaziava dalla letteratura al femminile alle quote rosa letterarie al fascismo, passando per Grazia Deledda. Non \u00e8 una\u2026","rel":"","context":"In &quot;Coordinate&quot;","block_context":{"text":"Coordinate","link":"http:\/\/www.robertosedda.it\/?cat=52"},"img":{"alt_text":"","src":"","width":0,"height":0},"classes":[]},{"id":2853,"url":"http:\/\/www.robertosedda.it\/?p=2853","url_meta":{"origin":8372,"position":5},"title":"Una puntata conclusiva","author":"Rufus","date":"12\/04\/2013","format":"video","excerpt":"Ho messo oggi on line la puntata di Oggi parliamo di libri che concludeva il ciclo dedicatato a fantasy e fantascienza. Durante\u00a0le trasmissioni\u00a0ho presentato, nell'ordine: Lo Hobbit, L'eternauta, Il gioco di Ender, il ciclo di Conan il Barbaro, il ciclo di Harry Potter, La mano sinistra delle tenebre, i libri\u2026","rel":"","context":"In &quot;Coordinate&quot;","block_context":{"text":"Coordinate","link":"http:\/\/www.robertosedda.it\/?cat=52"},"img":{"alt_text":"","src":"https:\/\/i0.wp.com\/www.robertosedda.it\/wp-content\/uploads\/2013\/04\/Fine-fantasy.jpg?fit=1009%2C691&resize=350%2C200","width":350,"height":200,"srcset":"https:\/\/i0.wp.com\/www.robertosedda.it\/wp-content\/uploads\/2013\/04\/Fine-fantasy.jpg?fit=1009%2C691&resize=350%2C200 1x, https:\/\/i0.wp.com\/www.robertosedda.it\/wp-content\/uploads\/2013\/04\/Fine-fantasy.jpg?fit=1009%2C691&resize=700%2C400 2x"},"classes":[]}],"_links":{"self":[{"href":"http:\/\/www.robertosedda.it\/index.php?rest_route=\/wp\/v2\/posts\/8372"}],"collection":[{"href":"http:\/\/www.robertosedda.it\/index.php?rest_route=\/wp\/v2\/posts"}],"about":[{"href":"http:\/\/www.robertosedda.it\/index.php?rest_route=\/wp\/v2\/types\/post"}],"author":[{"embeddable":true,"href":"http:\/\/www.robertosedda.it\/index.php?rest_route=\/wp\/v2\/users\/1"}],"replies":[{"embeddable":true,"href":"http:\/\/www.robertosedda.it\/index.php?rest_route=%2Fwp%2Fv2%2Fcomments&post=8372"}],"version-history":[{"count":4,"href":"http:\/\/www.robertosedda.it\/index.php?rest_route=\/wp\/v2\/posts\/8372\/revisions"}],"predecessor-version":[{"id":10804,"href":"http:\/\/www.robertosedda.it\/index.php?rest_route=\/wp\/v2\/posts\/8372\/revisions\/10804"}],"wp:featuredmedia":[{"embeddable":true,"href":"http:\/\/www.robertosedda.it\/index.php?rest_route=\/wp\/v2\/media\/8373"}],"wp:attachment":[{"href":"http:\/\/www.robertosedda.it\/index.php?rest_route=%2Fwp%2Fv2%2Fmedia&parent=8372"}],"wp:term":[{"taxonomy":"category","embeddable":true,"href":"http:\/\/www.robertosedda.it\/index.php?rest_route=%2Fwp%2Fv2%2Fcategories&post=8372"},{"taxonomy":"post_tag","embeddable":true,"href":"http:\/\/www.robertosedda.it\/index.php?rest_route=%2Fwp%2Fv2%2Ftags&post=8372"}],"curies":[{"name":"wp","href":"https:\/\/api.w.org\/{rel}","templated":true}]}}