{"id":833,"date":"2012-09-06T14:28:07","date_gmt":"2012-09-06T12:28:07","guid":{"rendered":"http:\/\/www.robertosedda.it\/?p=833"},"modified":"2014-09-05T12:57:52","modified_gmt":"2014-09-05T10:57:52","slug":"the-social-klm-network","status":"publish","type":"post","link":"http:\/\/www.robertosedda.it\/?p=833","title":{"rendered":"The social (KLM) network"},"content":{"rendered":"<p>Mi ha molto incuriosito la campagna di pubblicit\u00e0 radiofonica con cui KLM lancia la possibilit\u00e0 di scegliersi i vicini di posto controllando i profili <em>Facebook<\/em> e <em>LinkedIn<\/em> degli altri passeggeri prenotati per il proprio volo. In realt\u00e0 ho scoperto che la notizia \u00e8 vecchia: ne aveva gi\u00e0 parlato a dicembre 2011<em>\u00a0<a href=\"http:\/\/www.foxnews.com\/travel\/2011\/12\/15\/klm-offers-seatmate-selection-using-social-media\/\">FoxNews<\/a><\/em>\u00a0e di nuovo a febbraio <a href=\"http:\/\/travel.usatoday.com\/digitaltraveler\/story\/2012-02-27\/Is-this-seat-taken-Airlines-add-social-seating-programs\/53270826\/1\"><em>USAToday<\/em><\/a>, periodo in cui anche i media italiani hanno ripreso la notizia; evidentemente solo ora per\u00f2 \u00e8 iniziata la fase di pubblicit\u00e0 sulle principali radio nazionali. Ho anche scoperto che non si tratta di una idea particolarmente innovativa: gi\u00e0 nel 2006 c&#8217;era una compagnia che offriva un servizio simile e le linee aeree malesi permettono di scoprire quali dei propri contatti \u00e8 imbarcato sullo stesso volo, per fare il viaggio assieme.<\/p>\n<p>Comunque \u00e8 una notizia molto <em>cyberpunk<\/em>, ed \u00e8 in realt\u00e0 espandibile: forse in futuro\u00a0un algoritmo\u00a0profiler\u00e0 i passeggeri secondo le informazioni da loro disseminate per la rete e li metter\u00e0 pi\u00f9 o meno vicini o lontani a seconda di gusti e interessi in comune, oppure i viaggiatori con <em>Klout<\/em> maggiore di 80 saranno spaziati uniformemente nella cabina con attorno\u00a0cerchie di passeggeri adoranti a cui spiegheranno come bisogna vivere. Pu\u00f2 darsi: queste profezie tendono a autovalidarsi e a non avverarsi mai, e per esempio il sondaggio condotto da <em>FoxNews<\/em> rivela che il 43% dei passeggeri preferisce piuttosto non sapere niente dei propri compagni di viaggio (la sfida dell&#8217;intimit\u00e0 non \u00e8 proprio facile da vincere) e il 22% lo vede solo come un buon modo per abbordare compagnia femminile (non \u00e8 noto il parere femminile; adesso che ci penso, se la tendenza prosegue forse le compagnie aeree metteranno a disposizione interi nuovi servizi, per esempio voli riservati garantiti abbordaggio-<em>free<\/em>, come per i non fumatori, o forse si potrebbe sviluppare un servizio di appuntamenti alla cieca volanti &#8211;\u00a0in senso letterale -,\u00a0chiss\u00e0).<\/p>\n<p>Resta il fatto che KLM \u00e8 una compagnia che punta modo sulla comunicazione via <em>social network<\/em>, come rivela anche un <em><a href=\"http:\/\/www.airlinetrends.com\/wp-content\/uploads\/2012\/06\/Innovative_Airlines_2012-airlinetrends.pdf\">dossier<\/a><\/em>\u00a0di<a href=\"http:\/\/www.airlinetrends.com\/about\/\"><em> AirlineTrends<\/em><\/a>, una societ\u00e0 specializzata nello studiare le strategie commerciali pi\u00f9 innovative delle compagnie aeronautiche. Del resto, lo dichiara anche una serie di articoli del <em>blog<\/em> della stessa KLM (sono <a href=\"http:\/\/blog.klm.com\/klm%E2%80%99s-social-media-strategy-part-1\/4670\/?WT.tsrc=socialmedia&amp;WT.mc_id=15859616250097762688332521596141083640\">uno<\/a>, <a href=\"http:\/\/blog.klm.com\/klm%E2%80%99s-social-media-strategy-part-2\/4700\/?WT.tsrc=socialmedia&amp;WT.mc_id=15859616250097762688332521596141083640\">due<\/a>, <a href=\"http:\/\/blog.klm.com\/klm%E2%80%99s-social-media-strategy-part-3\/4720\/?WT.tsrc=socialmedia&amp;WT.mc_id=15859616250097762688332521596141083640\">tre<\/a> e <a href=\"http:\/\/blog.klm.com\/klm%E2%80%99s-social-media-strategy-part-4\/4722\/\">quattro<\/a> articoli) che descrivono la filosofia e la strategia della presenza della compagnia su <em>web<\/em> e <em>social newtork<\/em>. A quanto pare nel 2012, capito come funziona il tutto, puntano a realizzare il guadagno<\/p>\n<blockquote><p>2012 is dedicated to turning our growth and the lessons we\u2019ve learned into business, knowing that the expectations we created are now the new standard. This year, we aim to strengthen our leading position in social media and set an example for the airline industry. We plan to further integrate social media into our business model<\/p><\/blockquote>\n<p>Non \u00e8 che il campo della comunicazione delle compagnie aeree sia proprio il mio specifico, ma adesso sono curioso, anche se scettico sulla possibilit\u00e0 di generare guadagni <em>diretti<\/em> dai social media. Su quelli indiretti ho meno dubbi, e per esempio la campagna virale di KLM mi convince di pi\u00f9: la trovate <a href=\"http:\/\/www.spotanatomy.it\/2011\/klm-surprise\/\">qui<\/a>.<\/p>\n","protected":false},"excerpt":{"rendered":"<p>Mi ha molto incuriosito la campagna di pubblicit\u00e0 radiofonica con cui KLM lancia la possibilit\u00e0 di scegliersi i vicini di<\/p>\n","protected":false},"author":1,"featured_media":0,"comment_status":"open","ping_status":"open","sticky":false,"template":"","format":"standard","meta":{"_mi_skip_tracking":false,"_monsterinsights_sitenote_active":false,"_monsterinsights_sitenote_note":"","_monsterinsights_sitenote_category":0,"jetpack_post_was_ever_published":false,"_jetpack_newsletter_access":"","jetpack_publicize_message":"","jetpack_is_tweetstorm":false,"jetpack_publicize_feature_enabled":true,"jetpack_social_post_already_shared":false,"jetpack_social_options":{"image_generator_settings":{"template":"highway","enabled":false}}},"categories":[52,55,77,19],"tags":[],"jetpack_publicize_connections":[],"jetpack_featured_media_url":"","jetpack_sharing_enabled":true,"jetpack_shortlink":"https:\/\/wp.me\/p4jV2T-dr","jetpack_likes_enabled":true,"jetpack-related-posts":[{"id":5356,"url":"http:\/\/www.robertosedda.it\/?p=5356","url_meta":{"origin":833,"position":0},"title":"Cosa c&#8217;\u00e8 nel bagagliaio della Ford Figo?","author":"Rufus","date":"10\/12\/2013","format":false,"excerpt":"Damigelle in pericolo?! Sta girando di nuovo sul web e in particolare su Facebook una notizia che risale in realt\u00e0 a marzo 2013 e che aveva suscitato parecchie perplessit\u00e0. La notizia riguarda una campagna pubblicitaria, ideata ma mai concretamente utilizzata, per la Ford Figo. La Figo \u00e8 un modello sviluppato\u2026","rel":"","context":"In &quot;Coordinate&quot;","block_context":{"text":"Coordinate","link":"http:\/\/www.robertosedda.it\/?cat=52"},"img":{"alt_text":"","src":"https:\/\/i0.wp.com\/www.robertosedda.it\/wp-content\/uploads\/2013\/12\/Pulp-magazine-cover.jpg?fit=600%2C844&resize=350%2C200","width":350,"height":200},"classes":[]},{"id":14003,"url":"http:\/\/www.robertosedda.it\/?p=14003","url_meta":{"origin":833,"position":1},"title":"Buon ultimo","author":"Rufus","date":"27\/07\/2017","format":false,"excerpt":"Ho scoperto da pochissimo il sito di Celeste Barber, una comica australiana che riproduce le foto delle stelline di\u00a0Instagram... con un tocco di ironia. Sono rimasto un po' male nello scoprire che in realt\u00e0 di lei hanno gi\u00f9 parlato sulla rete in decine, in Italia (saranno migliaia nel mondo), ma\u2026","rel":"","context":"In &quot;Coordinate&quot;","block_context":{"text":"Coordinate","link":"http:\/\/www.robertosedda.it\/?cat=52"},"img":{"alt_text":"","src":"https:\/\/i0.wp.com\/www.robertosedda.it\/wp-content\/uploads\/2017\/07\/Barber-2.jpg?fit=901%2C901&resize=350%2C200","width":350,"height":200,"srcset":"https:\/\/i0.wp.com\/www.robertosedda.it\/wp-content\/uploads\/2017\/07\/Barber-2.jpg?fit=901%2C901&resize=350%2C200 1x, https:\/\/i0.wp.com\/www.robertosedda.it\/wp-content\/uploads\/2017\/07\/Barber-2.jpg?fit=901%2C901&resize=700%2C400 2x"},"classes":[]},{"id":10947,"url":"http:\/\/www.robertosedda.it\/?p=10947","url_meta":{"origin":833,"position":2},"title":"&#8216;na tragedia","author":"Rufus","date":"01\/10\/2015","format":"audio","excerpt":"Per fare pubblicit\u00e0 al fatto che stasera alle 19.10 va in onda la nuova puntata di\u00a0Oggi parliamo di libri (dedicata alla\u00a0Medea di Euripide, non perdetela!), vi invito all'ascolto della puntata precedente, in cui ho parlato della tragedia greca in generale. La tragedia greca (Oggi parliamo di libri, 29\/09\/2015) La puntata\u2026","rel":"","context":"In &quot;Coordinate&quot;","block_context":{"text":"Coordinate","link":"http:\/\/www.robertosedda.it\/?cat=52"},"img":{"alt_text":"","src":"","width":0,"height":0},"classes":[]},{"id":5078,"url":"http:\/\/www.robertosedda.it\/?p=5078","url_meta":{"origin":833,"position":3},"title":"C&#8217;\u00e8 flashmob e flashmob","author":"Rufus","date":"22\/11\/2013","format":"video","excerpt":"Da un po' di tempo gir\u00e0 su Facebook un filmato che \u00e8 introdotto pi\u00f9 o meno da frasi come queste: \u00abGuardate cosa fa questa bambina e che sorpresa riceve in cambio di una monetina a\u00a0un musicista di strada. La moneta meglio spesa della storia\u00bb. Ora, a me c'era qualcosa che\u2026","rel":"","context":"In &quot;Coordinate&quot;","block_context":{"text":"Coordinate","link":"http:\/\/www.robertosedda.it\/?cat=52"},"img":{"alt_text":"","src":"https:\/\/i0.wp.com\/img.youtube.com\/vi\/GBaHPND2QJg\/0.jpg?resize=350%2C200","width":350,"height":200},"classes":[]},{"id":15965,"url":"http:\/\/www.robertosedda.it\/?p=15965","url_meta":{"origin":833,"position":4},"title":"Ringhiano come cani","author":"Rufus","date":"11\/12\/2018","format":false,"excerpt":"Quando vado a Roma con Maria Bonaria vado spesso a dormire da Maritti\u00a0al rione Monti, che gi\u00e0 sono bravi di loro e poi trattano i soci di Banca Etica con un occhio di riguardo. Il rione Monti \u00e8 un posto fantastico, pieno di cose, di scoperte e di... trattorie. Non\u2026","rel":"","context":"In &quot;Coordinate&quot;","block_context":{"text":"Coordinate","link":"http:\/\/www.robertosedda.it\/?cat=52"},"img":{"alt_text":"","src":"https:\/\/i0.wp.com\/www.robertosedda.it\/wp-content\/uploads\/2018\/12\/Rabid-dog.png?fit=1200%2C1198&resize=350%2C200","width":350,"height":200,"srcset":"https:\/\/i0.wp.com\/www.robertosedda.it\/wp-content\/uploads\/2018\/12\/Rabid-dog.png?fit=1200%2C1198&resize=350%2C200 1x, https:\/\/i0.wp.com\/www.robertosedda.it\/wp-content\/uploads\/2018\/12\/Rabid-dog.png?fit=1200%2C1198&resize=700%2C400 2x, https:\/\/i0.wp.com\/www.robertosedda.it\/wp-content\/uploads\/2018\/12\/Rabid-dog.png?fit=1200%2C1198&resize=1050%2C600 3x"},"classes":[]},{"id":13595,"url":"http:\/\/www.robertosedda.it\/?p=13595","url_meta":{"origin":833,"position":5},"title":"Leggete Il Sismografo","author":"Rufus","date":"21\/04\/2017","format":false,"excerpt":"Su suggerimento di Nicoletta Dentico seguo ormai da diverso tempo Il Sismografo, un sito di notizie ecclesiali sia elaborate in proprio che riprese da diversi altri centri di informazione, in italiano, inglese, francese, spagnolo e portoghese. Non trovo particolarmente utile Il Sismografo per le notizie o la formazione specificamente ecclesiale,\u2026","rel":"","context":"In &quot;Coordinate&quot;","block_context":{"text":"Coordinate","link":"http:\/\/www.robertosedda.it\/?cat=52"},"img":{"alt_text":"","src":"","width":0,"height":0},"classes":[]}],"_links":{"self":[{"href":"http:\/\/www.robertosedda.it\/index.php?rest_route=\/wp\/v2\/posts\/833"}],"collection":[{"href":"http:\/\/www.robertosedda.it\/index.php?rest_route=\/wp\/v2\/posts"}],"about":[{"href":"http:\/\/www.robertosedda.it\/index.php?rest_route=\/wp\/v2\/types\/post"}],"author":[{"embeddable":true,"href":"http:\/\/www.robertosedda.it\/index.php?rest_route=\/wp\/v2\/users\/1"}],"replies":[{"embeddable":true,"href":"http:\/\/www.robertosedda.it\/index.php?rest_route=%2Fwp%2Fv2%2Fcomments&post=833"}],"version-history":[{"count":8,"href":"http:\/\/www.robertosedda.it\/index.php?rest_route=\/wp\/v2\/posts\/833\/revisions"}],"predecessor-version":[{"id":8333,"href":"http:\/\/www.robertosedda.it\/index.php?rest_route=\/wp\/v2\/posts\/833\/revisions\/8333"}],"wp:attachment":[{"href":"http:\/\/www.robertosedda.it\/index.php?rest_route=%2Fwp%2Fv2%2Fmedia&parent=833"}],"wp:term":[{"taxonomy":"category","embeddable":true,"href":"http:\/\/www.robertosedda.it\/index.php?rest_route=%2Fwp%2Fv2%2Fcategories&post=833"},{"taxonomy":"post_tag","embeddable":true,"href":"http:\/\/www.robertosedda.it\/index.php?rest_route=%2Fwp%2Fv2%2Ftags&post=833"}],"curies":[{"name":"wp","href":"https:\/\/api.w.org\/{rel}","templated":true}]}}