{"id":8278,"date":"2014-09-01T11:50:29","date_gmt":"2014-09-01T09:50:29","guid":{"rendered":"http:\/\/www.robertosedda.it\/?p=8278"},"modified":"2016-08-31T13:18:52","modified_gmt":"2016-08-31T11:18:52","slug":"ho-salvato-due-turisti-in-viale-cimitero-e-per-questo-che-il-turismo-cosi-tanto-sviluppo","status":"publish","type":"post","link":"http:\/\/www.robertosedda.it\/?p=8278","title":{"rendered":"Ho salvato due turisti in viale Cimitero (\u00e8 per questo che il turismo cos\u00ec tanto svilupp\u00f2)"},"content":{"rendered":"<p>Anni fa sono stato a Genova con Maria Bonaria, per un seminario formativo del\u00a0<em>CPPP<\/em> (che sarebbe il\u00a0<em>Centro psicopedagogico per la pace\u00a0<\/em>di Daniele Novara) e un po&#8217; di turismo.<\/p>\n<p>Una cosa che ci aveva colpito \u00e8 che appena tiravamo fuori la cartina c&#8217;era subito qualcuno, gentilissimo, che ci diceva: \u00abVi servono indicazioni?\u00bb. A Genova, dove gli abitanti non hanno, ammettiamolo, tutta questa fama di cortesia: e invece io ne ho un ricordo <em>fantastico<\/em>.<\/p>\n<p><a href=\"https:\/\/i0.wp.com\/www.robertosedda.it\/wp-content\/uploads\/2014\/09\/2011-137.jpg\"><img data-attachment-id=\"8282\" data-permalink=\"http:\/\/www.robertosedda.it\/?attachment_id=8282\" data-orig-file=\"https:\/\/i0.wp.com\/www.robertosedda.it\/wp-content\/uploads\/2014\/09\/2011-137.jpg?fit=1600%2C1200\" data-orig-size=\"1600,1200\" data-comments-opened=\"1\" data-image-meta=\"{&quot;aperture&quot;:&quot;4.8&quot;,&quot;credit&quot;:&quot;&quot;,&quot;camera&quot;:&quot;E3700&quot;,&quot;caption&quot;:&quot;&quot;,&quot;created_timestamp&quot;:&quot;1300618225&quot;,&quot;copyright&quot;:&quot;&quot;,&quot;focal_length&quot;:&quot;5.4&quot;,&quot;iso&quot;:&quot;50&quot;,&quot;shutter_speed&quot;:&quot;0.0019642506383815&quot;,&quot;title&quot;:&quot;&quot;}\" data-image-title=\"2011 137\" data-image-description=\"\" data-image-caption=\"\" data-medium-file=\"https:\/\/i0.wp.com\/www.robertosedda.it\/wp-content\/uploads\/2014\/09\/2011-137.jpg?fit=300%2C225\" data-large-file=\"https:\/\/i0.wp.com\/www.robertosedda.it\/wp-content\/uploads\/2014\/09\/2011-137.jpg?fit=510%2C382\" decoding=\"async\" loading=\"lazy\" class=\"aligncenter wp-image-8282 size-full\" src=\"https:\/\/i0.wp.com\/www.robertosedda.it\/wp-content\/uploads\/2014\/09\/2011-137.jpg?resize=800%2C600\" alt=\"Panorama Cagliari \" width=\"800\" height=\"600\" srcset=\"https:\/\/i0.wp.com\/www.robertosedda.it\/wp-content\/uploads\/2014\/09\/2011-137.jpg?w=1600 1600w, https:\/\/i0.wp.com\/www.robertosedda.it\/wp-content\/uploads\/2014\/09\/2011-137.jpg?resize=150%2C112 150w, https:\/\/i0.wp.com\/www.robertosedda.it\/wp-content\/uploads\/2014\/09\/2011-137.jpg?resize=300%2C225 300w, https:\/\/i0.wp.com\/www.robertosedda.it\/wp-content\/uploads\/2014\/09\/2011-137.jpg?resize=510%2C382 510w, https:\/\/i0.wp.com\/www.robertosedda.it\/wp-content\/uploads\/2014\/09\/2011-137.jpg?resize=268%2C200 268w, https:\/\/i0.wp.com\/www.robertosedda.it\/wp-content\/uploads\/2014\/09\/2011-137.jpg?resize=700%2C525 700w\" sizes=\"(max-width: 800px) 100vw, 800px\" data-recalc-dims=\"1\" \/><\/a>\u00c8 in onore loro\u00a0che a Cagliari, ogni volta che vedo dei turisti appena appena perplessi, con la cartina girata al rovescio, fermi a un angolo della strada a dibattere o che si guardano ansiosamente intorno alla ricerca di un segnale stradale, li vado a salvare. \u00abAvete bisogno di aiuto? <em>Do you need help? Directions?<\/em>\u00bb, dico.<\/p>\n<p>C&#8217;\u00e8 un certo numero che fa segno\u00a0<em>non abbiamo bisogno di niente<\/em> con lo stesso gesto\u00a0con cui ci si libererebbe di un venditore di tappeti turco. Probabilmente\u00a0<em>pensano<\/em> che io sia un venditore di tappeti turco.<\/p>\n<p>La maggior parte, per\u00f2, fa un sorriso, una risatina di autocompatimento e poi dice cose tipo: \u00ab<em>Well<\/em>,<em> actually we&#8230;<\/em>\u00bb e poi spiega che vuol fare: andare alla spiaggia, trovare un ristorante (\u00ab<em>Yeah, what kind? Fish? Meat? Typical?<\/em>\u00bb, \u00abPizza!!!\u00bb), andare in centro, esplorare negozi. Quelli di ieri volevano vedere i fenicotteri.<\/p>\n<p>In viale Cimitero.<\/p>\n<p>A piedi.<\/p>\n<p>Ottimisti, peraltro. Gli ho detto che era lontano, e loro mi hanno chiesto quanti chilometri, con diffidenza nordica per i mediterranei posapiano. Lontano, adesso, che sar\u00e0 mai? Uno, due chilometri?Una coppia di anglosassoni sportivi, che non temono niente. I migliori candidati per una bella marcia di dieci chilometri sotto il sole d&#8217;agosto da concludere con un coccolone.<\/p>\n<p>Hanno rifiutato sdegnosi la mia proposta di andare a Monte Urpinu a guardare da lontano. Farli entrare nella pista ciclabile di Su Siccu era troppo difficile da spiegare, alla fine li ho mandati al Mediterraneo a prendere l&#8217;autobus per la spiaggia (<em>any &#8220;P&#8221; line, P ef, P en, nine P<\/em>) col suggerimento di scendere all&#8217;ottava fermata.<\/p>\n<p>Spiegare il concetto cagliaritano di &#8220;numero delle fermate della spiaggia&#8221; non \u00e8 semplicissimo, cos\u00ec gli ho anche spiegato che l&#8217;ottava fermata \u00e8 quella dell&#8217;Ospedale Marino.<\/p>\n<p>Anche spiegare il concetto di &#8220;Ospedale Marino&#8221; non \u00e8 semplicissimo. Forse potevo trovare qualcosa di meglio di <em>hospital-by-the-sea<\/em>, ma l&#8217;importante \u00e8 capirsi. <em>Opposite the beach, you&#8217;ll find the gateway to the park. And you can also take a coffee on the beach, in the meantime. Lots of kiosks.<\/em><\/p>\n<p>Speriamo non siano finiti a Quartu.<\/p>\n<p><a href=\"https:\/\/i0.wp.com\/www.robertosedda.it\/wp-content\/uploads\/2014\/09\/DSCN0873.jpg\"><img data-attachment-id=\"8283\" data-permalink=\"http:\/\/www.robertosedda.it\/?attachment_id=8283\" data-orig-file=\"https:\/\/i0.wp.com\/www.robertosedda.it\/wp-content\/uploads\/2014\/09\/DSCN0873.jpg?fit=1600%2C1200\" data-orig-size=\"1600,1200\" data-comments-opened=\"1\" data-image-meta=\"{&quot;aperture&quot;:&quot;4.8&quot;,&quot;credit&quot;:&quot;&quot;,&quot;camera&quot;:&quot;E3700&quot;,&quot;caption&quot;:&quot;&quot;,&quot;created_timestamp&quot;:&quot;1317492512&quot;,&quot;copyright&quot;:&quot;&quot;,&quot;focal_length&quot;:&quot;5.4&quot;,&quot;iso&quot;:&quot;50&quot;,&quot;shutter_speed&quot;:&quot;0.0040453074433657&quot;,&quot;title&quot;:&quot;&quot;}\" data-image-title=\"Panorama Cagliari 2\" data-image-description=\"\" data-image-caption=\"\" data-medium-file=\"https:\/\/i0.wp.com\/www.robertosedda.it\/wp-content\/uploads\/2014\/09\/DSCN0873.jpg?fit=300%2C225\" data-large-file=\"https:\/\/i0.wp.com\/www.robertosedda.it\/wp-content\/uploads\/2014\/09\/DSCN0873.jpg?fit=510%2C382\" decoding=\"async\" loading=\"lazy\" class=\"aligncenter size-full wp-image-8283\" src=\"https:\/\/i0.wp.com\/www.robertosedda.it\/wp-content\/uploads\/2014\/09\/DSCN0873.jpg?resize=800%2C600\" alt=\"Panorama Cagliari 2\" width=\"800\" height=\"600\" srcset=\"https:\/\/i0.wp.com\/www.robertosedda.it\/wp-content\/uploads\/2014\/09\/DSCN0873.jpg?w=1600 1600w, https:\/\/i0.wp.com\/www.robertosedda.it\/wp-content\/uploads\/2014\/09\/DSCN0873.jpg?resize=150%2C112 150w, https:\/\/i0.wp.com\/www.robertosedda.it\/wp-content\/uploads\/2014\/09\/DSCN0873.jpg?resize=300%2C225 300w, https:\/\/i0.wp.com\/www.robertosedda.it\/wp-content\/uploads\/2014\/09\/DSCN0873.jpg?resize=510%2C382 510w, https:\/\/i0.wp.com\/www.robertosedda.it\/wp-content\/uploads\/2014\/09\/DSCN0873.jpg?resize=268%2C200 268w, https:\/\/i0.wp.com\/www.robertosedda.it\/wp-content\/uploads\/2014\/09\/DSCN0873.jpg?resize=700%2C525 700w\" sizes=\"(max-width: 800px) 100vw, 800px\" data-recalc-dims=\"1\" \/><\/a>Insomma, quando posso salvo turisti smarriti. Gli amici lo sanno. Dopo di me ha cominciato a farlo anche Maria Bonaria, e anche lei si diverte molto.<\/p>\n<p>E ieri pensavo: mentre i locali e i ristoranti della Marina sembrano avviati definitivamente verso il predatorio (non oggi, non domani, ma prima o poi&#8230;) bisognerebbe farne di pi\u00f9 di queste cose.<\/p>\n<p>Perch\u00e9 quello che salva Cagliari, oltre il mare, il sole, i panorami, i fenicotteri \u00e8 che, <a title=\"Una breve nota sul dibattito sul turismo cagliaritano\" href=\"http:\/\/www.robertosedda.it\/?p=6993\">come dicono gli studenti <em>Erasmus<\/em><\/a>, i cagliaritani sono &#8220;gentili&#8221; e &#8220;simpatici&#8221;. E un po&#8217; di simpatia potrebbe compensare la bottiglietta d&#8217;acqua da mezzo litro a un euro e venti.<\/p>\n<p>E quindi io non ho tempo perch\u00e9 impegnato a salvare il mondo altrimenti, ma se io fossi una organizzazione di volontariato, gli <em>Scout<\/em>, un gruppo di amanti di Cagliari, un&#8217;associazione locale, rilascerei a un gruppo di miei soci opportunamente formati un\u00a0<em>badge<\/em> con scritto: \u00ab<em>Do you need directions? Ask me!<\/em>\u00bb. Dopotutto per gli\u00a0<em>scout<\/em> sarebbe quasi come aiutare le vecchine ad attraversare la strada.<\/p>\n<p>Anzi, ancora meglio: chiederei al Comune, dando garanzie sulla formazione dei miei associati, di poter mettere lo stemma del Comune sul <em>badge<\/em>, cos\u00ec la cosa \u00e8 pi\u00f9 ufficiale e i turisti non pensano che gli vuoi vendere tappeti. Turchi.<\/p>\n<p>E se fossi la\u00a0<em>Cagliari Unofficial Guide<\/em>, o qualcosa di simile, regalerei agli\u00a0<em>scout<\/em> suddetti un po&#8217; di copie della mia\u00a0guida, da regalare ai turisti dopo averli instradati, per avere\u00a0qualcosa in pi\u00f9 da vedere.<\/p>\n<p>Che poi se metti insieme Comune, un&#8217;associazione e la\u00a0<em>Cagliari Unofficial Guide<\/em> hai gi\u00e0 una <em>rete<\/em>. Anzi una rete pubblico-privato con la partecipazione del\u00a0<em>no profit<\/em>. Il massimo. E l&#8217;unico costo sarebbe quello dei\u00a0<em>badge<\/em>, perch\u00e9 qui parliamo di volontariato.<\/p>\n<p>Secondo me non sarebbe male.<\/p>\n<p>Ah, gi\u00e0 che ci siamo: ieri ero in piazza Galilei a mangiare un <em>hamburger<\/em>\u00a0da <a href=\"http:\/\/www.facebook.com\/iquattro.morsi\">una simpatica signora artigiana<\/a> (non buono come <a href=\"http:\/\/www.facebook.com\/tramezzineria.squisito\"><em>Lo<\/em>\u00a0<em>Squisito<\/em><\/a>, ma pi\u00f9 che rispettabile) e sono entrati due spagnoli a chiedere informazioni. Quelli parlavano un italiano passabile (o un discreto esperanto latino) e penso che saranno arrivati al Bastione come desideravano, ma ci sarebbe un&#8217;altra cosa facile da fare. Il Comune o la Camera di Commercio potrebbe rilasciare ai\u00a0negozianti che ne facciano richiesta e che dimostrino il possesso di una lingua straniera, un cartello, con timbro ufficiale per i motivi suddetti, con scritto: <em>Here we speak English\u00a0<\/em>oppure<em>\u00a0Ici, nous parlons fran\u00e7ais<\/em>\u00a0eccetera (come si dir\u00e0 in russo?). Nei suddetti locali ci potrebbero essere anche le cartine stradali\u00a0che il Comune distribuisce, o la\u00a0<em>Cagliari Unofficial Guide<\/em>.<\/p>\n<p>Anzi, la cosa pi\u00f9 figa sarebbe combinare questa roba con quei tizi\u00a0degli abbracci gratis:\u00a0<em>Here free hugs and directions for English speaking travellers<\/em>.<\/p>\n<p>Sarebbe fighissimo. Anzi, di pi\u00f9: <em>simpatico<\/em>. Come i cagliaritani.<\/p>\n","protected":false},"excerpt":{"rendered":"<p>Anni fa sono stato a Genova con Maria Bonaria, per un seminario formativo del\u00a0CPPP (che sarebbe il\u00a0Centro psicopedagogico per la<\/p>\n","protected":false},"author":1,"featured_media":8283,"comment_status":"open","ping_status":"open","sticky":false,"template":"","format":"standard","meta":{"_mi_skip_tracking":false,"_monsterinsights_sitenote_active":false,"_monsterinsights_sitenote_note":"","_monsterinsights_sitenote_category":0,"jetpack_post_was_ever_published":false,"_jetpack_newsletter_access":"","jetpack_publicize_message":"Ho salvato due turisti in viale Cimitero (\u00e8 per questo che il turismo cos\u00ec tanto svilupp\u00f2) http:\/\/wp.me\/p4jV2T-29w","jetpack_is_tweetstorm":false,"jetpack_publicize_feature_enabled":true,"jetpack_social_post_already_shared":true,"jetpack_social_options":{"image_generator_settings":{"template":"highway","enabled":false}}},"categories":[52,55,77,17,16],"tags":[],"jetpack_publicize_connections":[],"jetpack_featured_media_url":"https:\/\/i0.wp.com\/www.robertosedda.it\/wp-content\/uploads\/2014\/09\/DSCN0873.jpg?fit=1600%2C1200","jetpack_sharing_enabled":true,"jetpack_shortlink":"https:\/\/wp.me\/p4jV2T-29w","jetpack_likes_enabled":true,"jetpack-related-posts":[{"id":17315,"url":"http:\/\/www.robertosedda.it\/?p=17315","url_meta":{"origin":8278,"position":0},"title":"Gente che viene da dappertutto","author":"Rufus","date":"23\/09\/2019","format":false,"excerpt":"Nello scorso fine settimana, come avevo annunciato, sono stato a Cortes Apertas di Orani per aprire casa e accogliere i visitatori. Quiete prima della festa Essendo di corv\u00e9e non mi sono goduto il paese e la festa quasi per niente, a parte un consumo spropositato di proteine di origine animale,\u2026","rel":"","context":"In &quot;Coordinate&quot;","block_context":{"text":"Coordinate","link":"http:\/\/www.robertosedda.it\/?cat=52"},"img":{"alt_text":"","src":"https:\/\/i0.wp.com\/www.robertosedda.it\/wp-content\/uploads\/2019\/09\/Su-Postu.jpg?fit=1200%2C900&resize=350%2C200","width":350,"height":200,"srcset":"https:\/\/i0.wp.com\/www.robertosedda.it\/wp-content\/uploads\/2019\/09\/Su-Postu.jpg?fit=1200%2C900&resize=350%2C200 1x, https:\/\/i0.wp.com\/www.robertosedda.it\/wp-content\/uploads\/2019\/09\/Su-Postu.jpg?fit=1200%2C900&resize=700%2C400 2x, https:\/\/i0.wp.com\/www.robertosedda.it\/wp-content\/uploads\/2019\/09\/Su-Postu.jpg?fit=1200%2C900&resize=1050%2C600 3x"},"classes":[]},{"id":10615,"url":"http:\/\/www.robertosedda.it\/?p=10615","url_meta":{"origin":8278,"position":1},"title":"Turismo catastrofico","author":"Rufus","date":"10\/08\/2015","format":false,"excerpt":"Sul numero di\u00a0Internazionale\u00a0attualmente in edicola c'\u00e8 un interessante\u00a0reportage fotografico sui luoghi teatro di catastrofi di vario tipo (terremoti, stragi, massacri, campi di battaglia) e che sono ora meta di varie forme di \"turismo del macabro\". Il lavoro \u00e8 opera del fotografo francese Ambroise T\u00e9zenas, sul cui sito potete trovare fra\u2026","rel":"","context":"In &quot;Coordinate&quot;","block_context":{"text":"Coordinate","link":"http:\/\/www.robertosedda.it\/?cat=52"},"img":{"alt_text":"","src":"https:\/\/i0.wp.com\/www.robertosedda.it\/wp-content\/uploads\/2015\/08\/T\u00e9zenas-Chernobyl.jpg?fit=1200%2C960&resize=350%2C200","width":350,"height":200,"srcset":"https:\/\/i0.wp.com\/www.robertosedda.it\/wp-content\/uploads\/2015\/08\/T\u00e9zenas-Chernobyl.jpg?fit=1200%2C960&resize=350%2C200 1x, https:\/\/i0.wp.com\/www.robertosedda.it\/wp-content\/uploads\/2015\/08\/T\u00e9zenas-Chernobyl.jpg?fit=1200%2C960&resize=700%2C400 2x, https:\/\/i0.wp.com\/www.robertosedda.it\/wp-content\/uploads\/2015\/08\/T\u00e9zenas-Chernobyl.jpg?fit=1200%2C960&resize=1050%2C600 3x"},"classes":[]},{"id":13703,"url":"http:\/\/www.robertosedda.it\/?p=13703","url_meta":{"origin":8278,"position":2},"title":"Assalti alla carrozza","author":"Rufus","date":"16\/05\/2017","format":false,"excerpt":"Sono a Torino e devo dire che sinora quello che mi ha colpito di pi\u00f9 non \u00e8 la signorilit\u00e0 un po' ag\u00e9e degli scorci urbani, n\u00e9 la variet\u00e0, qualit\u00e0 e abbondanza dell'offerta culturale, n\u00e9 l'eccellenza gastronomica e nemmeno l'imponenza delle realizzazioni dell'economia sociale e solidale. No: a costo di dare\u2026","rel":"","context":"In &quot;Coordinate&quot;","block_context":{"text":"Coordinate","link":"http:\/\/www.robertosedda.it\/?cat=52"},"img":{"alt_text":"","src":"https:\/\/i0.wp.com\/www.robertosedda.it\/wp-content\/uploads\/2017\/05\/20170515_142126.jpg?fit=1200%2C720&resize=350%2C200","width":350,"height":200,"srcset":"https:\/\/i0.wp.com\/www.robertosedda.it\/wp-content\/uploads\/2017\/05\/20170515_142126.jpg?fit=1200%2C720&resize=350%2C200 1x, https:\/\/i0.wp.com\/www.robertosedda.it\/wp-content\/uploads\/2017\/05\/20170515_142126.jpg?fit=1200%2C720&resize=700%2C400 2x, https:\/\/i0.wp.com\/www.robertosedda.it\/wp-content\/uploads\/2017\/05\/20170515_142126.jpg?fit=1200%2C720&resize=1050%2C600 3x"},"classes":[]},{"id":15397,"url":"http:\/\/www.robertosedda.it\/?p=15397","url_meta":{"origin":8278,"position":3},"title":"Piccola storia torbida","author":"Rufus","date":"25\/06\/2018","format":false,"excerpt":"Ieri a un certo punto del pomeriggio pioveva fortissimo. Piazza del Cimitero era allagata, l'acqua scendeva a fiumi dalla salita di Bonaria e poi si scaricava all'incrocio con via Bottego, sotto casa. C'erano le le ragazzine a casa e ci siamo messi alla finestra a guardare. Proprio sotto di noi\u2026","rel":"","context":"In &quot;Coordinate&quot;","block_context":{"text":"Coordinate","link":"http:\/\/www.robertosedda.it\/?cat=52"},"img":{"alt_text":"","src":"https:\/\/i0.wp.com\/www.robertosedda.it\/wp-content\/uploads\/2014\/06\/Basilica-Bonaria-2.jpg?fit=960%2C540&resize=350%2C200","width":350,"height":200,"srcset":"https:\/\/i0.wp.com\/www.robertosedda.it\/wp-content\/uploads\/2014\/06\/Basilica-Bonaria-2.jpg?fit=960%2C540&resize=350%2C200 1x, https:\/\/i0.wp.com\/www.robertosedda.it\/wp-content\/uploads\/2014\/06\/Basilica-Bonaria-2.jpg?fit=960%2C540&resize=700%2C400 2x"},"classes":[]},{"id":15599,"url":"http:\/\/www.robertosedda.it\/?p=15599","url_meta":{"origin":8278,"position":4},"title":"La bolla giapponese","author":"Rufus","date":"21\/08\/2018","format":false,"excerpt":"Tornando dalle vacanze in montagna ci siamo fermati a Verona. L'idea ci \u00e8 venuta perch\u00e9 in Val Venosta ci sono diverse chiese o opere intitolate a santi di tradizione veronese, come san Zeno, san Fermo, san Procolo e san Rustico, chiunque egli fosse, e ci \u00e8 venuta voglia di vedere\u2026","rel":"","context":"In &quot;Coordinate&quot;","block_context":{"text":"Coordinate","link":"http:\/\/www.robertosedda.it\/?cat=52"},"img":{"alt_text":"","src":"https:\/\/i0.wp.com\/www.robertosedda.it\/wp-content\/uploads\/2018\/08\/Cappello.jpg?fit=1200%2C800&resize=350%2C200","width":350,"height":200,"srcset":"https:\/\/i0.wp.com\/www.robertosedda.it\/wp-content\/uploads\/2018\/08\/Cappello.jpg?fit=1200%2C800&resize=350%2C200 1x, https:\/\/i0.wp.com\/www.robertosedda.it\/wp-content\/uploads\/2018\/08\/Cappello.jpg?fit=1200%2C800&resize=700%2C400 2x, https:\/\/i0.wp.com\/www.robertosedda.it\/wp-content\/uploads\/2018\/08\/Cappello.jpg?fit=1200%2C800&resize=1050%2C600 3x"},"classes":[]},{"id":15093,"url":"http:\/\/www.robertosedda.it\/?p=15093","url_meta":{"origin":8278,"position":5},"title":"Esemplare","author":"Rufus","date":"27\/04\/2018","format":false,"excerpt":"Mi mandano da Orgosolo la foto del monumento ai Caduti. Questo: Il monumento \u00e8 del 2011 ma evidentemente nelle varie occasioni nelle quali nel frattempo sono passato per il paese non l'ho mai visto, e quindi sono stato preso completamente di sorpresa. Sto ancora cercando di riprendermi, diciamo. Devo dire\u2026","rel":"","context":"In &quot;Coordinate&quot;","block_context":{"text":"Coordinate","link":"http:\/\/www.robertosedda.it\/?cat=52"},"img":{"alt_text":"","src":"https:\/\/i0.wp.com\/www.robertosedda.it\/wp-content\/uploads\/2018\/04\/Orgosolo-caduti.jpg?fit=899%2C896&resize=350%2C200","width":350,"height":200,"srcset":"https:\/\/i0.wp.com\/www.robertosedda.it\/wp-content\/uploads\/2018\/04\/Orgosolo-caduti.jpg?fit=899%2C896&resize=350%2C200 1x, https:\/\/i0.wp.com\/www.robertosedda.it\/wp-content\/uploads\/2018\/04\/Orgosolo-caduti.jpg?fit=899%2C896&resize=700%2C400 2x"},"classes":[]}],"_links":{"self":[{"href":"http:\/\/www.robertosedda.it\/index.php?rest_route=\/wp\/v2\/posts\/8278"}],"collection":[{"href":"http:\/\/www.robertosedda.it\/index.php?rest_route=\/wp\/v2\/posts"}],"about":[{"href":"http:\/\/www.robertosedda.it\/index.php?rest_route=\/wp\/v2\/types\/post"}],"author":[{"embeddable":true,"href":"http:\/\/www.robertosedda.it\/index.php?rest_route=\/wp\/v2\/users\/1"}],"replies":[{"embeddable":true,"href":"http:\/\/www.robertosedda.it\/index.php?rest_route=%2Fwp%2Fv2%2Fcomments&post=8278"}],"version-history":[{"count":5,"href":"http:\/\/www.robertosedda.it\/index.php?rest_route=\/wp\/v2\/posts\/8278\/revisions"}],"predecessor-version":[{"id":12386,"href":"http:\/\/www.robertosedda.it\/index.php?rest_route=\/wp\/v2\/posts\/8278\/revisions\/12386"}],"wp:featuredmedia":[{"embeddable":true,"href":"http:\/\/www.robertosedda.it\/index.php?rest_route=\/wp\/v2\/media\/8283"}],"wp:attachment":[{"href":"http:\/\/www.robertosedda.it\/index.php?rest_route=%2Fwp%2Fv2%2Fmedia&parent=8278"}],"wp:term":[{"taxonomy":"category","embeddable":true,"href":"http:\/\/www.robertosedda.it\/index.php?rest_route=%2Fwp%2Fv2%2Fcategories&post=8278"},{"taxonomy":"post_tag","embeddable":true,"href":"http:\/\/www.robertosedda.it\/index.php?rest_route=%2Fwp%2Fv2%2Ftags&post=8278"}],"curies":[{"name":"wp","href":"https:\/\/api.w.org\/{rel}","templated":true}]}}