{"id":8267,"date":"2014-08-28T12:16:18","date_gmt":"2014-08-28T10:16:18","guid":{"rendered":"http:\/\/www.robertosedda.it\/?p=8267"},"modified":"2015-08-27T10:26:48","modified_gmt":"2015-08-27T08:26:48","slug":"fenomenologia-della-distribuzione-dei-posti-a-sedere-lavvoltoio-del-ctm","status":"publish","type":"post","link":"http:\/\/www.robertosedda.it\/?p=8267","title":{"rendered":"Fenomenologia della distribuzione dei posti a sedere: l&#8217;Avvoltoio del CTM"},"content":{"rendered":"<p><a href=\"https:\/\/i0.wp.com\/www.robertosedda.it\/wp-content\/uploads\/2014\/08\/Avvoltoio.jpg\"><img data-attachment-id=\"8270\" data-permalink=\"http:\/\/www.robertosedda.it\/?attachment_id=8270\" data-orig-file=\"https:\/\/i0.wp.com\/www.robertosedda.it\/wp-content\/uploads\/2014\/08\/Avvoltoio.jpg?fit=252%2C333\" data-orig-size=\"252,333\" data-comments-opened=\"1\" data-image-meta=\"{&quot;aperture&quot;:&quot;0&quot;,&quot;credit&quot;:&quot;&quot;,&quot;camera&quot;:&quot;&quot;,&quot;caption&quot;:&quot;&quot;,&quot;created_timestamp&quot;:&quot;0&quot;,&quot;copyright&quot;:&quot;&quot;,&quot;focal_length&quot;:&quot;0&quot;,&quot;iso&quot;:&quot;0&quot;,&quot;shutter_speed&quot;:&quot;0&quot;,&quot;title&quot;:&quot;&quot;}\" data-image-title=\"Avvoltoio\" data-image-description=\"\" data-image-caption=\"\" data-medium-file=\"https:\/\/i0.wp.com\/www.robertosedda.it\/wp-content\/uploads\/2014\/08\/Avvoltoio.jpg?fit=227%2C300\" data-large-file=\"https:\/\/i0.wp.com\/www.robertosedda.it\/wp-content\/uploads\/2014\/08\/Avvoltoio.jpg?fit=252%2C333\" decoding=\"async\" loading=\"lazy\" class=\"alignright wp-image-8270 size-full\" src=\"https:\/\/i0.wp.com\/www.robertosedda.it\/wp-content\/uploads\/2014\/08\/Avvoltoio.jpg?resize=252%2C333\" alt=\"Avvoltoio\" width=\"252\" height=\"333\" srcset=\"https:\/\/i0.wp.com\/www.robertosedda.it\/wp-content\/uploads\/2014\/08\/Avvoltoio.jpg?w=252 252w, https:\/\/i0.wp.com\/www.robertosedda.it\/wp-content\/uploads\/2014\/08\/Avvoltoio.jpg?resize=113%2C150 113w, https:\/\/i0.wp.com\/www.robertosedda.it\/wp-content\/uploads\/2014\/08\/Avvoltoio.jpg?resize=227%2C300 227w\" sizes=\"(max-width: 252px) 100vw, 252px\" data-recalc-dims=\"1\" \/><\/a>Oggi sull&#8217;autobus ho incontrato l&#8217;Avvoltoio.<\/p>\n<p>Ma andiamo con ordine.<\/p>\n<p>Le persone che sull&#8217;autobus desiderano sedersi e trovano i posti occupati tendono a comportarsi in maniera diversa.<\/p>\n<p>A un estremo ci sono quelli che sopportano, e restano in piedi. O quelli giovani, che non hanno diritto. O quelli\u00a0della mia et\u00e0,\u00a0che se una ragazzetta giovane si alza per cedergli il posto il giorno dopo decidono di tingersi barba e capelli e iscriversi in palestra (che \u00e8 lo stesso motivo per cui alle ragazzette giovani noi <em>non<\/em>\u00a0cediamo pi\u00f9 il posto, per non correre il rischio che ci dicano: \u00abStia pure seduto lei,\u00a0<em>signore<\/em>, che \u00e8\u00a0<em>anziano<\/em>\u00bb).<\/p>\n<p>All&#8217;altro estremo c&#8217;\u00e8 mia madre, che punta il giovanotto seduto nel posto riservato agli anziani e, forte del suo buon diritto e dei suoi ottanta e passa anni, gli dice: \u00abLe dispiacerebbe farmi sedere, PER FAVORE?\u00bb, pi\u00f9 o meno con lo stesso tono di voce con cui Hitler chiedeva, <em>per favore<\/em>, alla Polonia di liberare il corridoio di Danzica.<\/p>\n<p>Non sempre funziona: di solito bisogna essere mia madre. L&#8217;altro giorno Maria Bonaria ci ha provato e ha chiesto a una signora: \u00abLe dispiace togliere quella sedia a sdraio\u00a0cos\u00ec mi siedo?\u00bb.<\/p>\n<p>Ma\u00a0ha usato pi\u00f9 il tono di voce di Neville Chamberlain che difende l&#8217;integrit\u00e0 della Slovacchia e la signora (una turista), le ha risposto: \u00ab&#8217;nvedi questa, ah\u00f2, che pretese, li mortacci sua\u00bb e ha lasciato il bagaglio dov&#8217;era.<\/p>\n<p>Che poi al momento di scendere e dovendosi disincagliare, lei e la sedia, ha saltato la fermata e s&#8217;\u00e8 messa a urlare: \u00abAh\u00f2,\u00a0autista, ah\u00f2! &#8216;ndo cazzo vai?! Ferma, ah\u00f2\u00bb, ma quello, che essendo un autista del <em>CTM<\/em> come si sa \u00e8 dotato dell&#8217;intangibilit\u00e0\u00a0del compagno Mao durante la Grande Marcia, se l&#8217;\u00e8 portata da viale Bonaria fin quasi al capolinea, e le \u00e8 andata anche bene che secondo come la faceva scendere direttamente nei campi di rieducazione dello Yunnan.<\/p>\n<p>Maria Bonaria si \u00e8 sentita vendicata.<\/p>\n<p>Poi naturalmente ci sono le signore anziane che usano il\u00a0metodo passivo-aggressivo: ti si mettono a \u00a0fianco e sospirano.<\/p>\n<p>\u00abOhi mommia\u00bb.<\/p>\n<p>\u00abOhi, i piedi\u00bb.<\/p>\n<p>\u00abAh, come sono stanca\u00bb.<\/p>\n<p>Alla terza volta anche il pi\u00f9 cuore di pietra (o forse culo di pietra, nel caso specifico) \u00a0desiste, si alza e le fa sedere. Di solito \u00e8 ricompensato con un dettagliato racconto dei malanni della signora: \u00abGrazie, eh. Con la mia broncoartrosi bilaterale destra con interessamento diuretico del calcagno superiore&#8230; me l&#8217;ha detto anche\u00a0il primario l&#8217;altro giorno: per me stare in piedi in autobus \u00e8\u00a0<em>veleno<\/em>\u00bb.<\/p>\n<p>In casi pi\u00f9 rari invece le signore\u00a0intavolano una discussione sui massimi sistemi\u00a0col signore anziano seduto di fronte. \u00a0\u00abEh! Insomma! Siamo anziani noi, abbiamo diritto a sederci, non trova? Che poi la giovent\u00f9 d&#8217;oggi, l&#8217;educazione, i costumi, il governo, le tasse&#8230;\u00bb. Il signore anziano fa cenno di s\u00ec con la testa e nel frattempo guarda con rimpianto la ragazzina in pantaloncini molto corti e maglietta molto scollata che prima gli sedeva di fronte e che ha ceduto il posto all&#8217;arzilla megera attuale: \u00abEh, signora mia,\u00a0<em>sapesse<\/em>&#8230;\u00bb.<\/p>\n<p>La variante sono le Mamme Eroiche: \u00abSiediti tu, fanciullo Braian Putzu, ch\u00e9 mamma sta qui in piedi. Siediti, siediti, non pensare a me: io star\u00f2 qui e piano piano mi accascer\u00f2 dalla stanchezza e morr\u00f2 qui, ai piedi di questo signore che, ne sono certa, ha un buon motivo per rimanere seduto mentre una povera madre soffre cos\u00ec crudelmente. Come dice: se mi voglio sedere?! Oh, non vorrei disturbare, ma se insiste&#8230; Fa bene al cuore vedere che ci sono ancora persone educate che <em>spontaneamente<\/em> cedono il posto alle madri con bambini\u00bb.<\/p>\n<p>Naturalmente c&#8217;\u00e8 una vasta casistica intermedia e molti casi particolari. Per esempio Maria Bonaria si \u00e8 specializzata nel trucco: <em>l\u00e0 ti ci siedi te, casomai<\/em>.<\/p>\n<p>Funziona cos\u00ec: ti dirigi verso un posto libero. Il ragazzino che \u00e8 sparapanzato di fronte, col cappellino con la visiera all&#8217;indietro e scarpe numero 48 poggiate sul sedile che ti interessa, prontamente ritira i piedi\u00a0e ti accoglie con un sorriso.<\/p>\n<p>Ingenuo.<\/p>\n<p>A quel punto tu gli dici: \u00abScusa, casomai dove hai messo i piedi ti ci siedi te e <em>io<\/em> mi siedo dove sei <em>tu<\/em> adesso\u00bb.<\/p>\n<p>Funziona sempre: \u00e8 l&#8217;effetto sorpresa. Il sorriso gli si congela e,\u00a0<em>automaticamente<\/em>, cambia posto. Poi si darebbe dei pugni in testa per non averti raggelato con una risposta sarcastica, ma ormai \u00e8 fatta: il sarcasmo gli viene sempre in mente\u00a0<em>dopo<\/em>.<\/p>\n<p>E poi, anche se non riguarda esattamente il discorso dei posti occupati, c&#8217;\u00e8 tutto l&#8217;argomento degli infiniti\u00a0modi con cui la frase: \u00abScusi, deve scendere?\u00bb, pu\u00f2 essere pronunciata. Informativa. Complice. \u00a0Educata. Consapevole. Seccata. Ansiosa. Rituale. E soprattutto:\u00a0<em>minacciosa<\/em>, come se fossi alla guida di un <em>Caterpillar<\/em> e chiedessi strada ad una <em>500<\/em>. Ma ci vorrebbe un articolo a parte.<\/p>\n<p>Invece torniamo alla questione dei posti occupati. Parliamo dell&#8217;Avvoltoio.<\/p>\n<p>L&#8217;Avvoltoio \u00e8 una signora (una signora <em>vera<\/em>, realmente esistente, non una categoria generica)\u00a0fra la mezza et\u00e0 e l&#8217;anzianit\u00e0. La sua particolarit\u00e0 \u00e8 che non vuole semplicemente sedersi, vuole sedersi su\u00a0<em>quel<\/em> particolare sedile. Nella zona riservata agli anziani e ai disabili, dietro l&#8217;autista, nel senso di marcia, lato finestrino.<\/p>\n<p>Nessun altro posto fa per lei.<\/p>\n<p>Ora, trascurando il fatto che come sanno tutti coloro che sono esperti di <em>pullman<\/em>\u00a0\u00e8 il posto pi\u00f9 scomodo nel caso si debba cedere il posto a\u00a0qualcuno, perch\u00e9 per uscirne tocca sempre scavalcare quello seduto a fianco a te, pestare i piedi di quello di fronte, accartocciarsi intorno alla sbarra per reggersi e infilarsi in un\u00a0pertugio in mezzo ai passeggeri, il fatto \u00e8 che l&#8217;Avvoltoio non te lo dice, che vuole sedersi l\u00ec.<\/p>\n<p>Altrimenti non sarebbe l&#8217;Avvoltoio.<\/p>\n<p>Si limita a fissarti con desiderio.<\/p>\n<p>Tutto il suo corpo dice che si vuole sedere. Onde telepatiche avvolgono il suo bersaglio. Se stai l\u00ec ti senti a disagio sotto l&#8217;assalto mentale. Anche se sei distratto prima o poi sollevi lo sguardo e vedi questa che ti guata come il leone la gazzella. Dapprima ti guardi la maglietta perch\u00e9 pensi che c&#8217;hai una patacca e lei se n&#8217;\u00e8 accorta. Poi ti guardi la faccia nel cellulare per vedere se ti \u00e8 spuntato un terzo occhio.<\/p>\n<p>Poi capisci.\u00a0E ti alzi.<\/p>\n<p>Talvolta il posto di fronte, quello largo il doppio e comodo, \u00e8 occupato. Per come l&#8217;Avvoltoio si mette gli occupanti di quel posto si accorgono sempre\u00a0<em>prima<\/em>\u00a0della sua presenza. Spesso la ragazza che lo occupa fa il gesto di offrire il\u00a0<em>suo<\/em>, di sedile:\u00a0l&#8217;Avvoltoio rifiuta con un gesto sdegnato del polso e un minimo alzare il mento. Se il suo obiettivo la sta guardando proprio in quel momento \u00e8 fatta:\u00a0nessuno pu\u00f2 resistere al mento imperioso dell&#8217;Avvoltoio. Pi\u00f9 spesso l&#8217;Avvoltoio deve moltiplicare le energie mentali che indirizza al suo bersaglio e prima o poi chi occupa il suo posto soccomber\u00e0 all&#8217;assedio,\u00a0talvolta innescando un effetto a catena, se la ragazza educata di fronte a sua volta si alza per far sedere quello che si \u00e8 appena alzato e cos\u00ec via: in un <em>pullman<\/em> affollato\u00a0l&#8217;Avvoltoio \u00e8 in grado di creare onde sismiche che interessano decine di passeggeri.<\/p>\n<p>Fino a stamattina credevo che l&#8217;unica nemesi dell&#8217;Avvoltoio fosse la Barbona Tetragona:\u00a0ce ne sono due o tre &#8211; una notissima &#8211; che viaggiano spesso sul <em>CTM<\/em>.<\/p>\n<p>La Barbona Tetragona proietta un&#8217;aura tangibile del sentimento noto ai pi\u00f9 come:\u00a0<em>me ne infischio<\/em>. Quando il mento imperioso dell&#8217;Avvoltoio si alza, sta guardando in una delle buste della spazzatura che si porta dietro. Le onde mentali scivolano su di lei senza colpirla, perch\u00e9 \u00e8 impegnata in una conversazione col suo amico immaginario. Quando c&#8217;\u00e8 la Barbona Tetragona, l&#8217;Avvoltoio resta in piedi, schiumando rabbia.<\/p>\n<p>Oggi per\u00f2 ho scoperto che esiste un altro predatore naturale dell&#8217;Avvoltoio: il Tedesco Ligio.<\/p>\n<p>Il Tedesco Ligio, in realt\u00e0, stava per soccombere all&#8217;Avvoltoio: era l\u00ec l\u00ec per alzarsi. Ma una frazione di secondo prima di lui la ragazza educata di fronte ha fatto anche lei il cenno di cedere il posto. L&#8217;Avvoltoio, ovviamente, ha fatto il suo solito gesto di rifiuto. Solo che il Tedesco, inopinatamente, ha resistito al colpo di mento: ha deciso, secondo logica, che se l&#8217;Avvoltoio si voleva sedere avrebbe preso quell&#8217;altro posto. Per il Tedesco Ligio tutti i posti sono uguali, le regole sono regole, la volont\u00e0 si manifesta una volta sola e non \u00e8 che si pu\u00f2 cambiare idea ogni minuto: se ti vuoi sedere ti siedi, se non ti vuoi sedere pazienza, questione chiusa.<\/p>\n<p>Il Tedesco Ligio \u00e8 efficiente: risolta la pratica si \u00e8 dedicato a guardare il panorama e a cercare di capire dove dovesse scendere. L&#8217;Avvoltoio \u00e8 sparito dal suo mondo, sebbene schiumasse di rabbia a dieci centimetri da lui.<\/p>\n<p>Maledetti stranieri.<\/p>\n","protected":false},"excerpt":{"rendered":"<p>Oggi sull&#8217;autobus ho incontrato l&#8217;Avvoltoio. Ma andiamo con ordine. Le persone che sull&#8217;autobus desiderano sedersi e trovano i posti occupati<\/p>\n","protected":false},"author":1,"featured_media":8270,"comment_status":"open","ping_status":"open","sticky":false,"template":"","format":"standard","meta":{"_mi_skip_tracking":false,"_monsterinsights_sitenote_active":false,"_monsterinsights_sitenote_note":"","_monsterinsights_sitenote_category":0,"jetpack_post_was_ever_published":false,"_jetpack_newsletter_access":"","jetpack_publicize_message":"","jetpack_is_tweetstorm":false,"jetpack_publicize_feature_enabled":true,"jetpack_social_post_already_shared":true,"jetpack_social_options":{"image_generator_settings":{"template":"highway","enabled":false}}},"categories":[52,56,18,61,16],"tags":[],"jetpack_publicize_connections":[],"jetpack_featured_media_url":"https:\/\/i0.wp.com\/www.robertosedda.it\/wp-content\/uploads\/2014\/08\/Avvoltoio.jpg?fit=252%2C333","jetpack_sharing_enabled":true,"jetpack_shortlink":"https:\/\/wp.me\/p4jV2T-29l","jetpack_likes_enabled":true,"jetpack-related-posts":[{"id":2294,"url":"http:\/\/www.robertosedda.it\/?p=2294","url_meta":{"origin":8267,"position":0},"title":"Io non voto (storia triste)","author":"Rufus","date":"21\/02\/2013","format":false,"excerpt":"L'altro giorno ero alla fermata dell'autobus. Seduti sulla panchina, due signori anziani discutevano. Cio\u00e8: uno parlava, l'altro ascoltava. In sardo, ma ve lo traduco (anche perch\u00e9 non sono sicuro dell'ortografia). \u00abIo non voto. Tutti ladroni, devo votare a loro? Ladroni. Mia moglie \u00e8 morta un anno fa\u00bb. Effettivamente non colgo\u2026","rel":"","context":"In &quot;Coordinate&quot;","block_context":{"text":"Coordinate","link":"http:\/\/www.robertosedda.it\/?cat=52"},"img":{"alt_text":"","src":"","width":0,"height":0},"classes":[]},{"id":16637,"url":"http:\/\/www.robertosedda.it\/?p=16637","url_meta":{"origin":8267,"position":1},"title":"Di recente sul CTM","author":"Rufus","date":"30\/04\/2019","format":false,"excerpt":"Sordit\u00e0 L'altro giorno sull'autobus mi sono seduto sul primo posto che si trova appena saliti, dall'altro lato dell'autista, una specie di nicchia che considero confortevolissima e perfino dotata di una specie di piano laterale nel quale si pu\u00f2 poggiare la borsa. Quando sono salito l'autobus era mezzo vuoto ma subito\u2026","rel":"","context":"In &quot;Coordinate&quot;","block_context":{"text":"Coordinate","link":"http:\/\/www.robertosedda.it\/?cat=52"},"img":{"alt_text":"","src":"https:\/\/i0.wp.com\/www.robertosedda.it\/wp-content\/uploads\/2019\/04\/Bus-CTM.jpg?fit=1200%2C674&resize=350%2C200","width":350,"height":200,"srcset":"https:\/\/i0.wp.com\/www.robertosedda.it\/wp-content\/uploads\/2019\/04\/Bus-CTM.jpg?fit=1200%2C674&resize=350%2C200 1x, https:\/\/i0.wp.com\/www.robertosedda.it\/wp-content\/uploads\/2019\/04\/Bus-CTM.jpg?fit=1200%2C674&resize=700%2C400 2x, https:\/\/i0.wp.com\/www.robertosedda.it\/wp-content\/uploads\/2019\/04\/Bus-CTM.jpg?fit=1200%2C674&resize=1050%2C600 3x"},"classes":[]},{"id":7815,"url":"http:\/\/www.robertosedda.it\/?p=7815","url_meta":{"origin":8267,"position":2},"title":"Autisti in cerca d&#8217;autore","author":"Rufus","date":"23\/06\/2014","format":false,"excerpt":"L'altro giorno ero a Roma e sono emerso dalla metropolitana a Termini. Dovevo andare in via Toscana per una riunione di Banca Etica: da Termini sono dieci minuti\u00a0e di solito vado a piedi, ma questa volta avevo una sacca pi\u00f9 pesante e ho deciso di prendere l'autobus. Mi indicano il\u2026","rel":"","context":"In &quot;Coordinate&quot;","block_context":{"text":"Coordinate","link":"http:\/\/www.robertosedda.it\/?cat=52"},"img":{"alt_text":"","src":"https:\/\/i0.wp.com\/www.robertosedda.it\/wp-content\/uploads\/2014\/06\/2014-03-15-14.48.36.jpg?fit=1200%2C900&resize=350%2C200","width":350,"height":200,"srcset":"https:\/\/i0.wp.com\/www.robertosedda.it\/wp-content\/uploads\/2014\/06\/2014-03-15-14.48.36.jpg?fit=1200%2C900&resize=350%2C200 1x, https:\/\/i0.wp.com\/www.robertosedda.it\/wp-content\/uploads\/2014\/06\/2014-03-15-14.48.36.jpg?fit=1200%2C900&resize=700%2C400 2x, https:\/\/i0.wp.com\/www.robertosedda.it\/wp-content\/uploads\/2014\/06\/2014-03-15-14.48.36.jpg?fit=1200%2C900&resize=1050%2C600 3x"},"classes":[]},{"id":13870,"url":"http:\/\/www.robertosedda.it\/?p=13870","url_meta":{"origin":8267,"position":3},"title":"Nuove regole di galateo per gli appuntamenti amorosi","author":"Rufus","date":"20\/06\/2017","format":false,"excerpt":"Qualche sera fa ero a una pizzata familiare in un locale piuttosto\u00a0trendy e quindi con una clientela molto\u00a0gggiovane, compreso un buon numero di abbienti sessantenni impegnatissimi a non perdere l'abitudine. Eravamo seduti non lontani dall'ingresso, con una visuale perfetta su tutti quelli che entravano e uscivano. Mentre consideravo il men\u00f9\u2026","rel":"","context":"In &quot;Coordinate&quot;","block_context":{"text":"Coordinate","link":"http:\/\/www.robertosedda.it\/?cat=52"},"img":{"alt_text":"","src":"https:\/\/i0.wp.com\/www.robertosedda.it\/wp-content\/uploads\/2017\/06\/Easley-with-this-ring.jpg?fit=1024%2C768&resize=350%2C200","width":350,"height":200,"srcset":"https:\/\/i0.wp.com\/www.robertosedda.it\/wp-content\/uploads\/2017\/06\/Easley-with-this-ring.jpg?fit=1024%2C768&resize=350%2C200 1x, https:\/\/i0.wp.com\/www.robertosedda.it\/wp-content\/uploads\/2017\/06\/Easley-with-this-ring.jpg?fit=1024%2C768&resize=700%2C400 2x"},"classes":[]},{"id":2880,"url":"http:\/\/www.robertosedda.it\/?p=2880","url_meta":{"origin":8267,"position":4},"title":"Tre conversazioni flash","author":"Rufus","date":"16\/04\/2013","format":false,"excerpt":"\u00abEhia!!\u00bb Salgo sul 31 e noto un ragazzino seduto. Ha una mohicana appiattita sulla cima della testa, una carnagione scurissima, un'aria complessiva da ragazzino di quartieri popolari. Se lo noto \u00e8 perch\u00e9 in spregio alle leggi della fisica riesce nell'impresa di apparire comodamente sdraiato sui sedili degli autobus del CTM,\u2026","rel":"","context":"In &quot;Coordinate&quot;","block_context":{"text":"Coordinate","link":"http:\/\/www.robertosedda.it\/?cat=52"},"img":{"alt_text":"","src":"","width":0,"height":0},"classes":[]},{"id":15533,"url":"http:\/\/www.robertosedda.it\/?p=15533","url_meta":{"origin":8267,"position":5},"title":"Carico di vita notturna","author":"Rufus","date":"31\/07\/2018","format":false,"excerpt":"L'altra sera io e Bonaria siamo andati a passeggiare e poi a mangiarci una pizza veloce. Tornando siamo passati da piazza Repubblica, per prenderci un autobus. Erano pi\u00f9 o meno le dieci e all'angolo della piazza con via Grazia Deledda c'era una ragazza con un trolley piccolissimo e un cellulare\u2026","rel":"","context":"In &quot;Coordinate&quot;","block_context":{"text":"Coordinate","link":"http:\/\/www.robertosedda.it\/?cat=52"},"img":{"alt_text":"","src":"https:\/\/i0.wp.com\/www.robertosedda.it\/wp-content\/uploads\/2018\/07\/NIght-bus.jpg?fit=640%2C394&resize=350%2C200","width":350,"height":200},"classes":[]}],"_links":{"self":[{"href":"http:\/\/www.robertosedda.it\/index.php?rest_route=\/wp\/v2\/posts\/8267"}],"collection":[{"href":"http:\/\/www.robertosedda.it\/index.php?rest_route=\/wp\/v2\/posts"}],"about":[{"href":"http:\/\/www.robertosedda.it\/index.php?rest_route=\/wp\/v2\/types\/post"}],"author":[{"embeddable":true,"href":"http:\/\/www.robertosedda.it\/index.php?rest_route=\/wp\/v2\/users\/1"}],"replies":[{"embeddable":true,"href":"http:\/\/www.robertosedda.it\/index.php?rest_route=%2Fwp%2Fv2%2Fcomments&post=8267"}],"version-history":[{"count":10,"href":"http:\/\/www.robertosedda.it\/index.php?rest_route=\/wp\/v2\/posts\/8267\/revisions"}],"predecessor-version":[{"id":10752,"href":"http:\/\/www.robertosedda.it\/index.php?rest_route=\/wp\/v2\/posts\/8267\/revisions\/10752"}],"wp:featuredmedia":[{"embeddable":true,"href":"http:\/\/www.robertosedda.it\/index.php?rest_route=\/wp\/v2\/media\/8270"}],"wp:attachment":[{"href":"http:\/\/www.robertosedda.it\/index.php?rest_route=%2Fwp%2Fv2%2Fmedia&parent=8267"}],"wp:term":[{"taxonomy":"category","embeddable":true,"href":"http:\/\/www.robertosedda.it\/index.php?rest_route=%2Fwp%2Fv2%2Fcategories&post=8267"},{"taxonomy":"post_tag","embeddable":true,"href":"http:\/\/www.robertosedda.it\/index.php?rest_route=%2Fwp%2Fv2%2Ftags&post=8267"}],"curies":[{"name":"wp","href":"https:\/\/api.w.org\/{rel}","templated":true}]}}