{"id":8222,"date":"2014-08-14T15:44:40","date_gmt":"2014-08-14T13:44:40","guid":{"rendered":"http:\/\/www.robertosedda.it\/?p=8222"},"modified":"2015-04-07T09:08:30","modified_gmt":"2015-04-07T07:08:30","slug":"il-nuovo-che-avanza","status":"publish","type":"post","link":"http:\/\/www.robertosedda.it\/?p=8222","title":{"rendered":"Il nuovo che avanza"},"content":{"rendered":"<p>La prima volta ho avuto un piccolo senso di spaesamento.<\/p>\n<p>Ero appena uscito da Messa e tornavo a casa.<\/p>\n<p>Sulla discesa di Bonaria davanti a me tre signore fra i sessanta e i settanta, minutine, eleganti nei loro abiti della domenica allacciati dietro con l&#8217;orlo decorosamente oltre il ginocchio e i motivi floreali colorati stampati su decorosissimi sfondi scuri.<\/p>\n<p>Una si gira verso le altre e gli fa: \u00abComunque lo <em>spam<\/em> \u00e8 una seccatura\u00bb.<\/p>\n<p>\u00abEeeeh\u00bb, fa l&#8217;altra, \u00abma tu non glieli hai messi i filtri antispam?\u00bb.<\/p>\n<p>\u00abNo, gliel&#8217;ho detto a mio nipote che servivano, e lui no, tanto cosa vuoi che sia. E adesso c&#8217;ho la casella piena\u00bb.<\/p>\n<p>La seconda e la terza, all&#8217;unisono: \u00abEh! Ma cosa ti lamenti, allora!? Si sa che l&#8217;antispam lo devi mettere!\u00bb.<\/p>\n<p>Giuro, mi sono guardato intorno. Cercavo la telecamera nascosta. Pensavo di essere su <em>Scherzi a parte<\/em>. Invece era vero.<\/p>\n<p>In realt\u00e0 non mi sarei dovuto stupire. Il Mitico Pino, per esempio, ha novantaquattro anni e sta su <em>Facebook<\/em>. Per\u00f2 il Mitico Pino \u00e8 appunto, beh, <em>mitico<\/em>.<\/p>\n<p>Un buon numero di parenti anche di una certa et\u00e0 usa la <em>mail<\/em>, in realt\u00e0. Per\u00f2 pensi che abbiano imparato per motivi di lavoro, e quindi non conta.<\/p>\n<p>Che poi, diciamo la verit\u00e0: io ho cinquant&#8217;anni, non sono mica un ragazzino smanettone, e uso il <em>PC<\/em> da vent&#8217;anni. Anche altri un po&#8217; pi\u00f9 grandi di me potrebbero benissimo aver seguito il mio percorso.<\/p>\n<p>Invece abbiamo tutti, credo, un po&#8217; l&#8217;idea &#8211; e anche un pochino l&#8217;esperienza &#8211; che il rapporto delle persone adulte col <em>computer<\/em> sia quello di <a href=\"http:\/\/www.zerocalcare.it\/2013\/02\/18\/i-vecchi-che-usano-il-pc\/\">una fantastica tavola di <em>Zerocalcare<\/em><\/a> di cui vi metto un estratto qui sotto ma che dovreste leggervi tutta intera<\/p>\n<p><a href=\"https:\/\/i0.wp.com\/www.robertosedda.it\/wp-content\/uploads\/2014\/08\/I-vecchi-che-usano-il-computer-.jpg\"><img data-attachment-id=\"8224\" data-permalink=\"http:\/\/www.robertosedda.it\/?attachment_id=8224\" data-orig-file=\"https:\/\/i0.wp.com\/www.robertosedda.it\/wp-content\/uploads\/2014\/08\/I-vecchi-che-usano-il-computer-.jpg?fit=730%2C388\" data-orig-size=\"730,388\" data-comments-opened=\"1\" data-image-meta=\"{&quot;aperture&quot;:&quot;0&quot;,&quot;credit&quot;:&quot;&quot;,&quot;camera&quot;:&quot;&quot;,&quot;caption&quot;:&quot;&quot;,&quot;created_timestamp&quot;:&quot;0&quot;,&quot;copyright&quot;:&quot;&quot;,&quot;focal_length&quot;:&quot;0&quot;,&quot;iso&quot;:&quot;0&quot;,&quot;shutter_speed&quot;:&quot;0&quot;,&quot;title&quot;:&quot;&quot;}\" data-image-title=\"I vecchi che usano il computer\" data-image-description=\"\" data-image-caption=\"\" data-medium-file=\"https:\/\/i0.wp.com\/www.robertosedda.it\/wp-content\/uploads\/2014\/08\/I-vecchi-che-usano-il-computer-.jpg?fit=300%2C159\" data-large-file=\"https:\/\/i0.wp.com\/www.robertosedda.it\/wp-content\/uploads\/2014\/08\/I-vecchi-che-usano-il-computer-.jpg?fit=510%2C271\" decoding=\"async\" loading=\"lazy\" class=\"aligncenter size-full wp-image-8224\" src=\"https:\/\/i0.wp.com\/www.robertosedda.it\/wp-content\/uploads\/2014\/08\/I-vecchi-che-usano-il-computer-.jpg?resize=730%2C388\" alt=\"I vecchi che usano il computer\" width=\"730\" height=\"388\" srcset=\"https:\/\/i0.wp.com\/www.robertosedda.it\/wp-content\/uploads\/2014\/08\/I-vecchi-che-usano-il-computer-.jpg?w=730 730w, https:\/\/i0.wp.com\/www.robertosedda.it\/wp-content\/uploads\/2014\/08\/I-vecchi-che-usano-il-computer-.jpg?resize=150%2C79 150w, https:\/\/i0.wp.com\/www.robertosedda.it\/wp-content\/uploads\/2014\/08\/I-vecchi-che-usano-il-computer-.jpg?resize=300%2C159 300w, https:\/\/i0.wp.com\/www.robertosedda.it\/wp-content\/uploads\/2014\/08\/I-vecchi-che-usano-il-computer-.jpg?resize=510%2C271 510w, https:\/\/i0.wp.com\/www.robertosedda.it\/wp-content\/uploads\/2014\/08\/I-vecchi-che-usano-il-computer-.jpg?resize=700%2C372 700w\" sizes=\"(max-width: 730px) 100vw, 730px\" data-recalc-dims=\"1\" \/><\/a>Invece ricevo continuamente segnali inaspettati di competenza.<\/p>\n<p>Esco dal mercato, carico di buste, e mentre riempio il bagagliaio un&#8217;auto parcheggia a fianco a me. Ne scendono tre donne che sembrano rappresentare tre generazioni della stessa famiglia: una ragazzina adolescente, quella che \u00e8 evidentemente la mamma e una terza signora pi\u00f9 grande, forse una nonna giovanile, forse una zia o una sorella della mamma molto pi\u00f9 grande. Quest&#8217;ultima \u00e8 infogata nel racconto: \u00abE Jessica, e non si arrabbia se <em>chatto<\/em> con Lorena?! Cio\u00e8 io la notte mi metto l\u00ec come al solito e subito vedo la notifica che lei mi cerca, con chi stai <em>chattando<\/em>? Oh, ma saranno affari miei, ma vi rendete conto?\u00bb.<\/p>\n<p>E la suorina anziana che mi dice che ha sentito suo nipote che sta in continente, e io educato chiedo: \u00abAh, le ha telefonato?\u00bb. E lei, serafica: \u00abNo, abbiamo parlato su <em>scaipi<\/em> (sic)\u00bb.<\/p>\n<p>Ora, pu\u00f2 darsi che sia io che sono l&#8217;ultimo dei fessi ad essermene accorto e invece \u00e8 una cosa di cui tutti si sono gi\u00e0 resi conto da molto, ma la rivoluzione digitale ha ormai invaso ambienti e generazioni inaspettate. Magari si tratta di persone che non &#8220;usano il <em>computer<\/em>&#8221; (o, pi\u00f9 facilmente, il supporto mobile), ma si servono solo di alcune funzioni specifiche la cui utilit\u00e0 appare pi\u00f9 immediata: soprattutto\u00a0<em>chat<\/em>, appunto, servizi di comunicazione in voce e immagini&#8230; probabilmente non entreranno nella <em>sharing economy<\/em>, ma non mi pare un elemento significativo. Forse saranno anziani che avranno imparato a &#8220;fare qualcosa&#8221;, senza sapere come funziona esattamente la tecnologia che gli permette di fare quel qualcosa e senza sapere esattamente cosa ci sia &#8220;sotto il cofano&#8221;: non mi pare un problema &#8211; in fondo neanche io so esattamente come funziona l&#8217;auto che guido (non parliamo della lampadina sul comodino).<\/p>\n<p>L&#8217;elemento interessante invece mi pare l&#8217;ingresso di tutte queste persone nel mondo digitale. Prima o poi tutta questa modificazione demografica finir\u00e0 per modificare per forza anche il <em>web<\/em>, immagino, anche se non immagino bene come.<\/p>\n<p>Io per il momento mi sto abituando. L&#8217;altro giorno ho detto alla mamma di un&#8217;amica che pensavo di fare una cena in terrazzo. \u00abNon fa\u00bb, mi ha detto subito. \u00abSul <em>meteo.it<\/em> c&#8217;\u00e8 scritto che si alza il maestrale, sul terrazzo non potete stare\u00bb. E io, come un campione, sono rimasto impassibile: non ho guardato nemmeno se c&#8217;era la telecamera.<\/p>\n","protected":false},"excerpt":{"rendered":"<p>La prima volta ho avuto un piccolo senso di spaesamento. Ero appena uscito da Messa e tornavo a casa. Sulla<\/p>\n","protected":false},"author":1,"featured_media":8224,"comment_status":"open","ping_status":"open","sticky":false,"template":"","format":"standard","meta":{"_mi_skip_tracking":false,"_monsterinsights_sitenote_active":false,"_monsterinsights_sitenote_note":"","_monsterinsights_sitenote_category":0,"jetpack_post_was_ever_published":false,"_jetpack_newsletter_access":"","jetpack_publicize_message":"","jetpack_is_tweetstorm":false,"jetpack_publicize_feature_enabled":true,"jetpack_social_post_already_shared":true,"jetpack_social_options":{"image_generator_settings":{"template":"highway","enabled":false}}},"categories":[52,64,55,19],"tags":[],"jetpack_publicize_connections":[],"jetpack_featured_media_url":"https:\/\/i0.wp.com\/www.robertosedda.it\/wp-content\/uploads\/2014\/08\/I-vecchi-che-usano-il-computer-.jpg?fit=730%2C388","jetpack_sharing_enabled":true,"jetpack_shortlink":"https:\/\/wp.me\/p4jV2T-28C","jetpack_likes_enabled":true,"jetpack-related-posts":[{"id":13299,"url":"http:\/\/www.robertosedda.it\/?p=13299","url_meta":{"origin":8222,"position":0},"title":"Comunicazione non ostile e altra roba forse buona e forse no","author":"Rufus","date":"22\/02\/2017","format":false,"excerpt":"Mi sembra utile segnalare un articolo di Annamaria Testa che riferisce di un convegno,\u00a0Parole O_stili svoltosi a Trieste e dedicato, sostanzialmente, alla comunicazione in rete. \u00c8 lo stesso convegno dal quale \u00e8 uscito un Manifesto della comunicazione non ostile, un elenco di dieci regole che diversi di voi immagino abbiano\u2026","rel":"","context":"In &quot;Coordinate&quot;","block_context":{"text":"Coordinate","link":"http:\/\/www.robertosedda.it\/?cat=52"},"img":{"alt_text":"","src":"https:\/\/i0.wp.com\/www.robertosedda.it\/wp-content\/uploads\/2017\/02\/Comunicazione-non-ostile.jpg?fit=1200%2C950&resize=350%2C200","width":350,"height":200,"srcset":"https:\/\/i0.wp.com\/www.robertosedda.it\/wp-content\/uploads\/2017\/02\/Comunicazione-non-ostile.jpg?fit=1200%2C950&resize=350%2C200 1x, https:\/\/i0.wp.com\/www.robertosedda.it\/wp-content\/uploads\/2017\/02\/Comunicazione-non-ostile.jpg?fit=1200%2C950&resize=700%2C400 2x, https:\/\/i0.wp.com\/www.robertosedda.it\/wp-content\/uploads\/2017\/02\/Comunicazione-non-ostile.jpg?fit=1200%2C950&resize=1050%2C600 3x"},"classes":[]},{"id":7947,"url":"http:\/\/www.robertosedda.it\/?p=7947","url_meta":{"origin":8222,"position":1},"title":"Nel parlato le virgolette non si vedono","author":"Rufus","date":"14\/07\/2014","format":false,"excerpt":"L'altro giorno, a pranzo, dico a mia mamma: \u00abScusa mamma, non se ti ricordi che molti anni fa, per una cosa che riguardava l'Azione Cattolica\u00bb, che cosa esattamente \u00e8 un'altra storia e sar\u00e0 raccontata un'altra volta, \u00abti ho chiesto secondo te cosa volesse dire \"colto\", e tu mi hai risposto\u2026","rel":"","context":"In &quot;Coordinate&quot;","block_context":{"text":"Coordinate","link":"http:\/\/www.robertosedda.it\/?cat=52"},"img":{"alt_text":"","src":"https:\/\/i0.wp.com\/www.robertosedda.it\/wp-content\/uploads\/2014\/07\/Mamma-Enrica-Bonaria.jpg?fit=1200%2C900&resize=350%2C200","width":350,"height":200,"srcset":"https:\/\/i0.wp.com\/www.robertosedda.it\/wp-content\/uploads\/2014\/07\/Mamma-Enrica-Bonaria.jpg?fit=1200%2C900&resize=350%2C200 1x, https:\/\/i0.wp.com\/www.robertosedda.it\/wp-content\/uploads\/2014\/07\/Mamma-Enrica-Bonaria.jpg?fit=1200%2C900&resize=700%2C400 2x, https:\/\/i0.wp.com\/www.robertosedda.it\/wp-content\/uploads\/2014\/07\/Mamma-Enrica-Bonaria.jpg?fit=1200%2C900&resize=1050%2C600 3x"},"classes":[]},{"id":1162,"url":"http:\/\/www.robertosedda.it\/?p=1162","url_meta":{"origin":8222,"position":2},"title":"Bastasci casteddai","author":"Rufus","date":"26\/10\/2012","format":false,"excerpt":"Avevo promesso che avrei smesso di raccogliere storie sull'autobus: ma sono loro che vengono da me... \u00abDeu seu sardu\u00bb Alla fermata dell'8 un vecchietto attacca bottone con un signore senegalese. Ha studiato il francese all'Universit\u00e0, \u00abJ'aime votre Pr\u00e9sident, Senghor\u00bb. Quello gli risponde in sardo; il vecchietto \u00e8 stupito. \u00abSeu innoi\u2026","rel":"","context":"In &quot;Coordinate&quot;","block_context":{"text":"Coordinate","link":"http:\/\/www.robertosedda.it\/?cat=52"},"img":{"alt_text":"","src":"","width":0,"height":0},"classes":[]},{"id":10602,"url":"http:\/\/www.robertosedda.it\/?p=10602","url_meta":{"origin":8222,"position":3},"title":"Cose che valgono","author":"Rufus","date":"02\/08\/2015","format":false,"excerpt":"Pochi giorni fa abbiamo fatto un riunione del Coordinamento dei soci di Banca Etica del Centro Italia a Perugia (stiamo cercando di fare le riunioni in giro per l'Area e non solo a Roma). Abbiamo fatto in modo di arrivare pi\u00f9 presto del necessario e una socia del luogo che\u2026","rel":"","context":"In &quot;Coordinate&quot;","block_context":{"text":"Coordinate","link":"http:\/\/www.robertosedda.it\/?cat=52"},"img":{"alt_text":"","src":"https:\/\/i0.wp.com\/www.robertosedda.it\/wp-content\/uploads\/2015\/08\/DSCI2629-2.jpg?fit=1024%2C768&resize=350%2C200","width":350,"height":200,"srcset":"https:\/\/i0.wp.com\/www.robertosedda.it\/wp-content\/uploads\/2015\/08\/DSCI2629-2.jpg?fit=1024%2C768&resize=350%2C200 1x, https:\/\/i0.wp.com\/www.robertosedda.it\/wp-content\/uploads\/2015\/08\/DSCI2629-2.jpg?fit=1024%2C768&resize=700%2C400 2x"},"classes":[]},{"id":862,"url":"http:\/\/www.robertosedda.it\/?p=862","url_meta":{"origin":8222,"position":4},"title":"Bastian contrari alternativi","author":"Rufus","date":"12\/10\/2012","format":false,"excerpt":"Colgo al volo una discussione fra impiegate dell'universit\u00e0 e studentesse collaboratrici. \u00abNooo, ma devo uscire con uno che \u00e8 pi\u00f9 depilato di me? Noo, non \u00e8 cosa\u00bb. \u00abGuarda ormai non si trova pi\u00f9 nessuno: dicono tutti che sono ciclisti, o fanno surf, o sono calciatori e si depilano perch\u00e9 se\u2026","rel":"","context":"In &quot;Coordinate&quot;","block_context":{"text":"Coordinate","link":"http:\/\/www.robertosedda.it\/?cat=52"},"img":{"alt_text":"","src":"","width":0,"height":0},"classes":[]},{"id":11389,"url":"http:\/\/www.robertosedda.it\/?p=11389","url_meta":{"origin":8222,"position":5},"title":"Come parlare al muro","author":"Rufus","date":"11\/01\/2016","format":false,"excerpt":"(ho cambiato i nomi per proteggere gli innocenti) Sono all'aeroporto, seduto mentre si esaurisce la coda dell'imbarco. A fianco a me un tizio, seduto, e due in piedi che parlano. Uno dei due in piedi si gira verso quello seduto e fa: \u00ab\u00c8 Paolo, te lo ricordi?!\u00bb. Quello seduto abbozza.\u2026","rel":"","context":"In &quot;Coordinate&quot;","block_context":{"text":"Coordinate","link":"http:\/\/www.robertosedda.it\/?cat=52"},"img":{"alt_text":"","src":"","width":0,"height":0},"classes":[]}],"_links":{"self":[{"href":"http:\/\/www.robertosedda.it\/index.php?rest_route=\/wp\/v2\/posts\/8222"}],"collection":[{"href":"http:\/\/www.robertosedda.it\/index.php?rest_route=\/wp\/v2\/posts"}],"about":[{"href":"http:\/\/www.robertosedda.it\/index.php?rest_route=\/wp\/v2\/types\/post"}],"author":[{"embeddable":true,"href":"http:\/\/www.robertosedda.it\/index.php?rest_route=\/wp\/v2\/users\/1"}],"replies":[{"embeddable":true,"href":"http:\/\/www.robertosedda.it\/index.php?rest_route=%2Fwp%2Fv2%2Fcomments&post=8222"}],"version-history":[{"count":5,"href":"http:\/\/www.robertosedda.it\/index.php?rest_route=\/wp\/v2\/posts\/8222\/revisions"}],"predecessor-version":[{"id":9915,"href":"http:\/\/www.robertosedda.it\/index.php?rest_route=\/wp\/v2\/posts\/8222\/revisions\/9915"}],"wp:featuredmedia":[{"embeddable":true,"href":"http:\/\/www.robertosedda.it\/index.php?rest_route=\/wp\/v2\/media\/8224"}],"wp:attachment":[{"href":"http:\/\/www.robertosedda.it\/index.php?rest_route=%2Fwp%2Fv2%2Fmedia&parent=8222"}],"wp:term":[{"taxonomy":"category","embeddable":true,"href":"http:\/\/www.robertosedda.it\/index.php?rest_route=%2Fwp%2Fv2%2Fcategories&post=8222"},{"taxonomy":"post_tag","embeddable":true,"href":"http:\/\/www.robertosedda.it\/index.php?rest_route=%2Fwp%2Fv2%2Ftags&post=8222"}],"curies":[{"name":"wp","href":"https:\/\/api.w.org\/{rel}","templated":true}]}}