{"id":8174,"date":"2014-08-08T14:31:35","date_gmt":"2014-08-08T12:31:35","guid":{"rendered":"http:\/\/www.robertosedda.it\/?p=8174"},"modified":"2016-08-29T12:47:50","modified_gmt":"2016-08-29T10:47:50","slug":"terapie-familiari-alla-fermata-dellautobus-dolcemaro","status":"publish","type":"post","link":"http:\/\/www.robertosedda.it\/?p=8174","title":{"rendered":"Terapie familiari alla fermata dell&#8217;autobus (dolcemaro)"},"content":{"rendered":"<p><a href=\"https:\/\/i0.wp.com\/www.robertosedda.it\/wp-content\/uploads\/2014\/07\/Funicolare-Angels-Flight.jpg\"><img data-attachment-id=\"8073\" data-permalink=\"http:\/\/www.robertosedda.it\/?attachment_id=8073\" data-orig-file=\"https:\/\/i0.wp.com\/www.robertosedda.it\/wp-content\/uploads\/2014\/07\/Funicolare-Angels-Flight.jpg?fit=654%2C560\" data-orig-size=\"654,560\" data-comments-opened=\"1\" data-image-meta=\"{&quot;aperture&quot;:&quot;0&quot;,&quot;credit&quot;:&quot;&quot;,&quot;camera&quot;:&quot;&quot;,&quot;caption&quot;:&quot;&quot;,&quot;created_timestamp&quot;:&quot;0&quot;,&quot;copyright&quot;:&quot;&quot;,&quot;focal_length&quot;:&quot;0&quot;,&quot;iso&quot;:&quot;0&quot;,&quot;shutter_speed&quot;:&quot;0&quot;,&quot;title&quot;:&quot;&quot;}\" data-image-title=\"Funicolare Angels Flight\" data-image-description=\"\" data-image-caption=\"\" data-medium-file=\"https:\/\/i0.wp.com\/www.robertosedda.it\/wp-content\/uploads\/2014\/07\/Funicolare-Angels-Flight.jpg?fit=300%2C256\" data-large-file=\"https:\/\/i0.wp.com\/www.robertosedda.it\/wp-content\/uploads\/2014\/07\/Funicolare-Angels-Flight.jpg?fit=510%2C436\" decoding=\"async\" loading=\"lazy\" class=\"alignleft wp-image-8073 size-medium\" src=\"https:\/\/i0.wp.com\/www.robertosedda.it\/wp-content\/uploads\/2014\/07\/Funicolare-Angels-Flight.jpg?resize=300%2C256\" alt=\"Funicolare Angels Flight\" width=\"300\" height=\"256\" srcset=\"https:\/\/i0.wp.com\/www.robertosedda.it\/wp-content\/uploads\/2014\/07\/Funicolare-Angels-Flight.jpg?resize=300%2C256 300w, https:\/\/i0.wp.com\/www.robertosedda.it\/wp-content\/uploads\/2014\/07\/Funicolare-Angels-Flight.jpg?resize=150%2C128 150w, https:\/\/i0.wp.com\/www.robertosedda.it\/wp-content\/uploads\/2014\/07\/Funicolare-Angels-Flight.jpg?resize=510%2C436 510w, https:\/\/i0.wp.com\/www.robertosedda.it\/wp-content\/uploads\/2014\/07\/Funicolare-Angels-Flight.jpg?w=654 654w\" sizes=\"(max-width: 300px) 100vw, 300px\" data-recalc-dims=\"1\" \/><\/a>Capita con frequenza che la gente non si renda conto che quando parla al telefono, tanto pi\u00f9 in un ambiente ristretto come l&#8217;autobus, tutto il mondo viene messo a parte della conversazione e dei loro affari personali, cosa che magari non vorrebbe.<\/p>\n<p>Non so perch\u00e9, ma in questo periodo sembra che queste conversazioni abbiano sempre per tema la famiglia, e spesso si \u00e8 messi a contatto con sentimenti e situazioni che, insomma, sarebbero intimi e che la gente espone in pubblico, qualche volta senza accorgersi e qualche volta, sembrerebbe, senza minimamente porsi il problema.<\/p>\n<h2>Nel cuore e nel&#8230;<\/h2>\n<p>Talvolta l&#8217;effetto \u00e8 involontariamente buffo in situazioni serissime e magari in s\u00e9 strazianti, come la signora che parla con l&#8217;ex compagno e gli spiega che non deve temere che il suo nuovo compagno possa sostituirlo nel cuore dei figli: \u00abTu per loro resterai sempre il padre, capito?!\u00bb.<\/p>\n<p>Quello non \u00e8 convinto, passano le fermate e lei ripete il concetto pi\u00f9 e pi\u00f9 volte: \u00abNon ti devi preoccupare, capito? Tu adesso temi che loro ti possano dimenticare, ma nel loro cuore cuore resterai sempre tu!\u00bb.<\/p>\n<p>E quello ancora non \u00e8 convinto, finch\u00e9 la signora adotta la frase (secondo lei) risolutiva: \u00abTu resterai sempre il padre nel loro cuore, ficcatelo nell&#8217;<em>anticamera<\/em> del cervello!!\u00bb.<\/p>\n<h2>A saperlo&#8230; ah! saperlo&#8230;<\/h2>\n<p>Talvolta, al contrario della signora precedente, non ce la fai a prenderli sul serio, come la signora che a telefono racconta di aver raggiunto il compagno in Sardegna per le vacanze e di essersi trovata piuttosto disillusa: \u00abMa insomma?! Proprio ad agosto doveva farmi le carognate? Io vengo qui in Sardegna per lui e lui mi tratta cos\u00ec? Se lo avessi saputo me ne sarei restata a Milano, guarda&#8230; almeno l\u00ec la domenica potevo andare a <em>Gardaland<\/em>!!\u00bb.<\/p>\n<h2>Il dilemma<\/h2>\n<p>Altre volte non sai se le persone vorresti abbracciarle o prenderle a schiaffi, o chiamare il <em>CTM<\/em> e proporgli di dislocare con urgenza uno psicologo ad ogni fermata dell&#8217;autobus, altro che controllori.<\/p>\n<p>Sabato mattina. Alla fermata solo io e Maria Bonaria e una signora sui quarantanni, ovviamente al telefono. Parla con una certa signora Letizia: non sembra proprio un&#8217;amica perch\u00e9 le d\u00e0 de lei, sembra piuttosto una datrice di lavoro, una per la quale fa delle commissioni, o gestisce un negozio o fa lavori in casa, qualcosa del genere.<\/p>\n<p>Si mettono d&#8217;accordo, ripetutamente, insistentemente, minutamente, per vedersi il giorno dopo, o per sbrigare delle incombenze, non tutto \u00e8 chiaro. Per noi \u00e8 impossibile non ascoltare: la signora ha un tono un po&#8217; lamentoso, un po&#8217; col birignao, ma il volume \u00e8 uniformemente alto.<\/p>\n<p>Dopo la terza volta che fissano l&#8217;appuntamento per il giorno dopo la signora cambia repentinamente argomento.<\/p>\n<p>\u00abSignora Letizia, senta: lei sa che io ho casa mia da guardare. Invece mia mamma mi ha chiesto stasera di andare da lei perch\u00e9 non pu\u00f2 guardare mio padre. Ma se vado da lei io non faccio le mie cose. Allora le chiedo, signora Letizia, lei che \u00e8 tanto saggia: cosa devo fare? Ci vado da mia madre? O non ci vado? Perch\u00e9 se bado a mio padre alla casa mia chi ci bada, eh, signora Letizia? O non si dovrebbe piuttosto prendere una badante mia mamma? Cosa ne dice lei, signora Letizia, lei che ne sa tanto&#8230;\u00bb.<\/p>\n","protected":false},"excerpt":{"rendered":"<p>Capita con frequenza che la gente non si renda conto che quando parla al telefono, tanto pi\u00f9 in un ambiente<\/p>\n","protected":false},"author":1,"featured_media":8073,"comment_status":"open","ping_status":"open","sticky":false,"template":"","format":"standard","meta":{"_mi_skip_tracking":false,"_monsterinsights_sitenote_active":false,"_monsterinsights_sitenote_note":"","_monsterinsights_sitenote_category":0,"jetpack_post_was_ever_published":false,"_jetpack_newsletter_access":"","jetpack_publicize_message":"","jetpack_is_tweetstorm":false,"jetpack_publicize_feature_enabled":true,"jetpack_social_post_already_shared":true,"jetpack_social_options":{"image_generator_settings":{"template":"highway","enabled":false}}},"categories":[52,56,18,61,16],"tags":[],"jetpack_publicize_connections":[],"jetpack_featured_media_url":"https:\/\/i0.wp.com\/www.robertosedda.it\/wp-content\/uploads\/2014\/07\/Funicolare-Angels-Flight.jpg?fit=654%2C560","jetpack_sharing_enabled":true,"jetpack_shortlink":"https:\/\/wp.me\/p4jV2T-27Q","jetpack_likes_enabled":true,"jetpack-related-posts":[{"id":15609,"url":"http:\/\/www.robertosedda.it\/?p=15609","url_meta":{"origin":8174,"position":0},"title":"Fuoco sulla terra","author":"Rufus","date":"23\/08\/2018","format":false,"excerpt":"I miei compagni\u00a0Fabbricastorie in questo periodo mi prendono in giro perch\u00e9 dicono che sono irritabile. Molto irritabile. Che sui social qualcuno commenta qualcosa che ho scritto, o scrive qualcosa e io commento, e pensa che la conversazione sia cos\u00ec, un po' distante e generica: e invece io gli vado al\u2026","rel":"","context":"In &quot;Coordinate&quot;","block_context":{"text":"Coordinate","link":"http:\/\/www.robertosedda.it\/?cat=52"},"img":{"alt_text":"","src":"https:\/\/i0.wp.com\/www.robertosedda.it\/wp-content\/uploads\/2018\/08\/967841_1502799429970816_1485142741_n.jpg?fit=960%2C540&resize=350%2C200","width":350,"height":200,"srcset":"https:\/\/i0.wp.com\/www.robertosedda.it\/wp-content\/uploads\/2018\/08\/967841_1502799429970816_1485142741_n.jpg?fit=960%2C540&resize=350%2C200 1x, https:\/\/i0.wp.com\/www.robertosedda.it\/wp-content\/uploads\/2018\/08\/967841_1502799429970816_1485142741_n.jpg?fit=960%2C540&resize=700%2C400 2x"},"classes":[]},{"id":2880,"url":"http:\/\/www.robertosedda.it\/?p=2880","url_meta":{"origin":8174,"position":1},"title":"Tre conversazioni flash","author":"Rufus","date":"16\/04\/2013","format":false,"excerpt":"\u00abEhia!!\u00bb Salgo sul 31 e noto un ragazzino seduto. Ha una mohicana appiattita sulla cima della testa, una carnagione scurissima, un'aria complessiva da ragazzino di quartieri popolari. Se lo noto \u00e8 perch\u00e9 in spregio alle leggi della fisica riesce nell'impresa di apparire comodamente sdraiato sui sedili degli autobus del CTM,\u2026","rel":"","context":"In &quot;Coordinate&quot;","block_context":{"text":"Coordinate","link":"http:\/\/www.robertosedda.it\/?cat=52"},"img":{"alt_text":"","src":"","width":0,"height":0},"classes":[]},{"id":11538,"url":"http:\/\/www.robertosedda.it\/?p=11538","url_meta":{"origin":8174,"position":2},"title":"E intanto la polizia brancola nel buio","author":"Rufus","date":"09\/02\/2016","format":false,"excerpt":"L'altro giorno entro in un bar a prendere un caff\u00e8. Il barista \u00e8 giovane, atletico, anzi muscoloso. Subito dopo di me entra una coppia, salutano calorosamente il barista, evidentemente si conoscono bene. Sento\u00a0distrattamente qualche battuta sul fatto che la coppia questa estate ha gestito un locale. Insieme con un tizio\u2026","rel":"","context":"In &quot;Coordinate&quot;","block_context":{"text":"Coordinate","link":"http:\/\/www.robertosedda.it\/?cat=52"},"img":{"alt_text":"","src":"https:\/\/i0.wp.com\/www.robertosedda.it\/wp-content\/uploads\/2016\/02\/crimine.jpg?fit=594%2C395&resize=350%2C200","width":350,"height":200},"classes":[]},{"id":16434,"url":"http:\/\/www.robertosedda.it\/?p=16434","url_meta":{"origin":8174,"position":3},"title":"Cornici e piaghe","author":"Rufus","date":"21\/03\/2019","format":false,"excerpt":"Ho come l'impressione che le due grandi discussioni che vedo agitare la mia cerchia social a proposito del sequestro dell'autobus di ragazzini a Milano di ieri - cio\u00e8 da una parte la discussione sui precedenti penali dell'autista, riassumibile nella domanda: \u00abCom'\u00e8 potuto accadere che guidasse quell'autobus?\u00bb, e dall'altra la discussione\u2026","rel":"","context":"In &quot;Coordinate&quot;","block_context":{"text":"Coordinate","link":"http:\/\/www.robertosedda.it\/?cat=52"},"img":{"alt_text":"","src":"https:\/\/i0.wp.com\/www.robertosedda.it\/wp-content\/uploads\/2019\/03\/Autobus.jpg?fit=1024%2C768&resize=350%2C200","width":350,"height":200,"srcset":"https:\/\/i0.wp.com\/www.robertosedda.it\/wp-content\/uploads\/2019\/03\/Autobus.jpg?fit=1024%2C768&resize=350%2C200 1x, https:\/\/i0.wp.com\/www.robertosedda.it\/wp-content\/uploads\/2019\/03\/Autobus.jpg?fit=1024%2C768&resize=700%2C400 2x"},"classes":[]},{"id":17065,"url":"http:\/\/www.robertosedda.it\/?p=17065","url_meta":{"origin":8174,"position":4},"title":"Fatevelo un giro, casomai","author":"Rufus","date":"26\/08\/2019","format":false,"excerpt":"L'ho capito un giorno che Maria Bonaria ha dato alla padrona dell'albergo il regalino che le aveva portato da Cagliari. Era una saponetta da campo di Insula e ci sembrava un regalo adatto: era un prodotto artigianale sardo, era molto bio come l'albergo e poi per gente montanara che pi\u00f9\u2026","rel":"","context":"In &quot;Coordinate&quot;","block_context":{"text":"Coordinate","link":"http:\/\/www.robertosedda.it\/?cat=52"},"img":{"alt_text":"","src":"https:\/\/i0.wp.com\/www.robertosedda.it\/wp-content\/uploads\/2019\/08\/Malles4.jpg?fit=1028%2C771&resize=350%2C200","width":350,"height":200,"srcset":"https:\/\/i0.wp.com\/www.robertosedda.it\/wp-content\/uploads\/2019\/08\/Malles4.jpg?fit=1028%2C771&resize=350%2C200 1x, https:\/\/i0.wp.com\/www.robertosedda.it\/wp-content\/uploads\/2019\/08\/Malles4.jpg?fit=1028%2C771&resize=700%2C400 2x"},"classes":[]},{"id":16825,"url":"http:\/\/www.robertosedda.it\/?p=16825","url_meta":{"origin":8174,"position":5},"title":"La famosa leggenda urbana dell&#8217;acqua che diventa verde","author":"Rufus","date":"13\/06\/2019","format":false,"excerpt":"Di Dedda71 - Opera propria, CC BY-SA 3.0, https:\/\/commons.wikimedia.org\/w\/index.php?curid=4187693 Come tutti gli utenti del blog sanno, sugli autobus del CTM mi capitano avventure. Certe volte anche sugli autobus di altre citt\u00e0, veramente, come nel caso dell'autista di Roma che non sapeva la strada e la chiedeva alla filippina. Per\u00f2 in\u2026","rel":"","context":"In &quot;Coordinate&quot;","block_context":{"text":"Coordinate","link":"http:\/\/www.robertosedda.it\/?cat=52"},"img":{"alt_text":"","src":"https:\/\/i0.wp.com\/www.robertosedda.it\/wp-content\/uploads\/2019\/06\/Piscina.jpg?fit=1200%2C900&resize=350%2C200","width":350,"height":200,"srcset":"https:\/\/i0.wp.com\/www.robertosedda.it\/wp-content\/uploads\/2019\/06\/Piscina.jpg?fit=1200%2C900&resize=350%2C200 1x, https:\/\/i0.wp.com\/www.robertosedda.it\/wp-content\/uploads\/2019\/06\/Piscina.jpg?fit=1200%2C900&resize=700%2C400 2x, https:\/\/i0.wp.com\/www.robertosedda.it\/wp-content\/uploads\/2019\/06\/Piscina.jpg?fit=1200%2C900&resize=1050%2C600 3x"},"classes":[]}],"_links":{"self":[{"href":"http:\/\/www.robertosedda.it\/index.php?rest_route=\/wp\/v2\/posts\/8174"}],"collection":[{"href":"http:\/\/www.robertosedda.it\/index.php?rest_route=\/wp\/v2\/posts"}],"about":[{"href":"http:\/\/www.robertosedda.it\/index.php?rest_route=\/wp\/v2\/types\/post"}],"author":[{"embeddable":true,"href":"http:\/\/www.robertosedda.it\/index.php?rest_route=\/wp\/v2\/users\/1"}],"replies":[{"embeddable":true,"href":"http:\/\/www.robertosedda.it\/index.php?rest_route=%2Fwp%2Fv2%2Fcomments&post=8174"}],"version-history":[{"count":3,"href":"http:\/\/www.robertosedda.it\/index.php?rest_route=\/wp\/v2\/posts\/8174\/revisions"}],"predecessor-version":[{"id":12376,"href":"http:\/\/www.robertosedda.it\/index.php?rest_route=\/wp\/v2\/posts\/8174\/revisions\/12376"}],"wp:featuredmedia":[{"embeddable":true,"href":"http:\/\/www.robertosedda.it\/index.php?rest_route=\/wp\/v2\/media\/8073"}],"wp:attachment":[{"href":"http:\/\/www.robertosedda.it\/index.php?rest_route=%2Fwp%2Fv2%2Fmedia&parent=8174"}],"wp:term":[{"taxonomy":"category","embeddable":true,"href":"http:\/\/www.robertosedda.it\/index.php?rest_route=%2Fwp%2Fv2%2Fcategories&post=8174"},{"taxonomy":"post_tag","embeddable":true,"href":"http:\/\/www.robertosedda.it\/index.php?rest_route=%2Fwp%2Fv2%2Ftags&post=8174"}],"curies":[{"name":"wp","href":"https:\/\/api.w.org\/{rel}","templated":true}]}}