{"id":8154,"date":"2014-08-05T15:03:40","date_gmt":"2014-08-05T13:03:40","guid":{"rendered":"http:\/\/www.robertosedda.it\/?p=8154"},"modified":"2022-11-08T14:39:44","modified_gmt":"2022-11-08T13:39:44","slug":"ancora-a-proposito-dellunita","status":"publish","type":"post","link":"http:\/\/www.robertosedda.it\/?p=8154","title":{"rendered":"Ancora a proposito dell&#8217;Unit\u00e0"},"content":{"rendered":"<p>Dall&#8217;archivio fotografico di mia zia Enrica salta fuori questa foto (del &#8217;79, avevo quindici anni) che sarebbe stata <em>perfetta<\/em> come commento all&#8217;<a title=\"Hanno ucciso l\u2019Unit\u00e0\" href=\"http:\/\/www.robertosedda.it\/?p=8088\">articolo dell&#8217;altro giorno<\/a>, se solo ne avessi conosciuto l&#8217;esistenza.<\/p>\n<p>\u00c8 comunque troppo bella per tralasciarla, e quindi ve la propongo cos\u00ec a parte: ecco a voi lo zio Rufus prima che si chiamasse cos\u00ec, nel terrazzo di nonna, intento a leggere <em>l&#8217;Unit\u00e0<\/em>.<\/p>\n<p><a href=\"https:\/\/i0.wp.com\/www.robertosedda.it\/wp-content\/uploads\/2014\/08\/Roberto-con-lUnit\u00e0.jpg\"><img data-attachment-id=\"8155\" data-permalink=\"http:\/\/www.robertosedda.it\/?attachment_id=8155\" data-orig-file=\"https:\/\/i0.wp.com\/www.robertosedda.it\/wp-content\/uploads\/2014\/08\/Roberto-con-lUnit\u00e0.jpg?fit=562%2C378\" data-orig-size=\"562,378\" data-comments-opened=\"1\" data-image-meta=\"{&quot;aperture&quot;:&quot;0&quot;,&quot;credit&quot;:&quot;&quot;,&quot;camera&quot;:&quot;&quot;,&quot;caption&quot;:&quot;&quot;,&quot;created_timestamp&quot;:&quot;0&quot;,&quot;copyright&quot;:&quot;&quot;,&quot;focal_length&quot;:&quot;0&quot;,&quot;iso&quot;:&quot;0&quot;,&quot;shutter_speed&quot;:&quot;0&quot;,&quot;title&quot;:&quot;&quot;}\" data-image-title=\"Roberto con l&#8217;Unit\u00e0\" data-image-description=\"\" data-image-caption=\"\" data-medium-file=\"https:\/\/i0.wp.com\/www.robertosedda.it\/wp-content\/uploads\/2014\/08\/Roberto-con-lUnit\u00e0.jpg?fit=300%2C201\" data-large-file=\"https:\/\/i0.wp.com\/www.robertosedda.it\/wp-content\/uploads\/2014\/08\/Roberto-con-lUnit\u00e0.jpg?fit=510%2C343\" decoding=\"async\" loading=\"lazy\" class=\"aligncenter size-full wp-image-8155\" src=\"https:\/\/i0.wp.com\/www.robertosedda.it\/wp-content\/uploads\/2014\/08\/Roberto-con-lUnit\u00e0.jpg?resize=562%2C378\" alt=\"Roberto con l'Unit\u00e0\" width=\"562\" height=\"378\" srcset=\"https:\/\/i0.wp.com\/www.robertosedda.it\/wp-content\/uploads\/2014\/08\/Roberto-con-lUnit\u00e0.jpg?w=562 562w, https:\/\/i0.wp.com\/www.robertosedda.it\/wp-content\/uploads\/2014\/08\/Roberto-con-lUnit\u00e0.jpg?resize=150%2C100 150w, https:\/\/i0.wp.com\/www.robertosedda.it\/wp-content\/uploads\/2014\/08\/Roberto-con-lUnit\u00e0.jpg?resize=300%2C201 300w, https:\/\/i0.wp.com\/www.robertosedda.it\/wp-content\/uploads\/2014\/08\/Roberto-con-lUnit\u00e0.jpg?resize=510%2C343 510w\" sizes=\"(max-width: 562px) 100vw, 562px\" data-recalc-dims=\"1\" \/><\/a><\/p>\n","protected":false},"excerpt":{"rendered":"<p>Dall&#8217;archivio fotografico di mia zia Enrica salta fuori questa foto (del &#8217;79, avevo quindici anni) che sarebbe stata perfetta come<\/p>\n","protected":false},"author":1,"featured_media":8155,"comment_status":"open","ping_status":"open","sticky":false,"template":"","format":"image","meta":{"_mi_skip_tracking":false,"_monsterinsights_sitenote_active":false,"_monsterinsights_sitenote_note":"","_monsterinsights_sitenote_category":0,"jetpack_post_was_ever_published":false,"_jetpack_newsletter_access":"","jetpack_publicize_message":"","jetpack_is_tweetstorm":false,"jetpack_publicize_feature_enabled":true,"jetpack_social_post_already_shared":true,"jetpack_social_options":{"image_generator_settings":{"template":"highway","enabled":false}}},"categories":[52,86,53],"tags":[],"jetpack_publicize_connections":[],"jetpack_featured_media_url":"https:\/\/i0.wp.com\/www.robertosedda.it\/wp-content\/uploads\/2014\/08\/Roberto-con-lUnit\u00e0.jpg?fit=562%2C378","jetpack_sharing_enabled":true,"jetpack_shortlink":"https:\/\/wp.me\/p4jV2T-27w","jetpack_likes_enabled":true,"jetpack-related-posts":[{"id":15453,"url":"http:\/\/www.robertosedda.it\/?p=15453","url_meta":{"origin":8154,"position":0},"title":"La strada di Firenze","author":"Rufus","date":"11\/07\/2018","format":false,"excerpt":"L'altro giorno mi \u00e8 stato commissionato un breve articolo a commento della proclamazione della venerabilit\u00e0 di Giorgio La Pira; per scriverlo sono andato a rivedermi, fra le altre cose, la Premessa di Cagliari, cio\u00e8 il discorso che La Pira tenne a Cagliari nel 1973 per introdurre il convegno dell'IPALMO, l'Istituto\u2026","rel":"","context":"In &quot;Coordinate&quot;","block_context":{"text":"Coordinate","link":"http:\/\/www.robertosedda.it\/?cat=52"},"img":{"alt_text":"","src":"https:\/\/i0.wp.com\/www.robertosedda.it\/wp-content\/uploads\/2018\/07\/La-Pira-2.jpg?fit=720%2C625&resize=350%2C200","width":350,"height":200,"srcset":"https:\/\/i0.wp.com\/www.robertosedda.it\/wp-content\/uploads\/2018\/07\/La-Pira-2.jpg?fit=720%2C625&resize=350%2C200 1x, https:\/\/i0.wp.com\/www.robertosedda.it\/wp-content\/uploads\/2018\/07\/La-Pira-2.jpg?fit=720%2C625&resize=700%2C400 2x"},"classes":[]},{"id":10479,"url":"http:\/\/www.robertosedda.it\/?p=10479","url_meta":{"origin":8154,"position":1},"title":"Io non la compro","author":"Rufus","date":"01\/07\/2015","format":false,"excerpt":"Ricorderete che al momento dell'ultima chiusura ho raccontato del rapporto di affetto che mi ha legato per tanto tempo a\u00a0L'Unit\u00e0. Il giornale \u00e8 rientrato in edicola in questi giorni. Leggo che Renzi ha dichiarato: \u00abHo chiesto che l'Unit\u00e0 sia uno spazio di libert\u00e0, di confronto, di discussione\u00bb (l'enfasi \u00e8 mia).\u2026","rel":"","context":"In &quot;Coordinate&quot;","block_context":{"text":"Coordinate","link":"http:\/\/www.robertosedda.it\/?cat=52"},"img":{"alt_text":"","src":"https:\/\/i0.wp.com\/www.robertosedda.it\/wp-content\/uploads\/2015\/07\/Renzi-a-Berlino.jpg?fit=679%2C464&resize=350%2C200","width":350,"height":200},"classes":[]},{"id":8088,"url":"http:\/\/www.robertosedda.it\/?p=8088","url_meta":{"origin":8154,"position":2},"title":"Hanno ucciso l&#8217;Unit\u00e0","author":"Rufus","date":"30\/07\/2014","format":false,"excerpt":"Devo dire che stamattina, quando ho sentito il signor Giuseppe l'edicolante annunciare a una cliente che\u00a0l'Unit\u00e0 avrebbe chiuso a giorni, un po' mi sono emozionato. Lo zio Rufus va in sezione Come sanno quelli che mi conoscono da molto tempo sono stato iscritto alla\u00a0FGCI, la federazione dei giovani comunisti italiani,\u2026","rel":"","context":"In &quot;Coordinate&quot;","block_context":{"text":"Coordinate","link":"http:\/\/www.robertosedda.it\/?cat=52"},"img":{"alt_text":"","src":"https:\/\/i0.wp.com\/www.robertosedda.it\/wp-content\/uploads\/2014\/07\/Unit\u00e0-chiude.png?fit=1001%2C640&resize=350%2C200","width":350,"height":200,"srcset":"https:\/\/i0.wp.com\/www.robertosedda.it\/wp-content\/uploads\/2014\/07\/Unit\u00e0-chiude.png?fit=1001%2C640&resize=350%2C200 1x, https:\/\/i0.wp.com\/www.robertosedda.it\/wp-content\/uploads\/2014\/07\/Unit\u00e0-chiude.png?fit=1001%2C640&resize=700%2C400 2x"},"classes":[]},{"id":14266,"url":"http:\/\/www.robertosedda.it\/?p=14266","url_meta":{"origin":8154,"position":3},"title":"Dal &#8217;48 al &#8217;77 (ma un po&#8217; anche: oggi in Spagna e domani in Italia)","author":"Rufus","date":"31\/10\/2017","format":false,"excerpt":"Ho finito di leggere ormai qualche settimana fa Il Risorgimento italiano di Alberto Mario Banti (Laterza, 2008, \u20ac 9,50), del quale ho gi\u00e0 commentato un estratto tempo fa. Era da un po' che volevo approfondire le mie conoscenze sul Risorgimento e questo articolo vorrebbe parlare del libro sotto questo punto\u2026","rel":"","context":"In &quot;Coordinate&quot;","block_context":{"text":"Coordinate","link":"http:\/\/www.robertosedda.it\/?cat=52"},"img":{"alt_text":"","src":"https:\/\/i0.wp.com\/www.robertosedda.it\/wp-content\/uploads\/2017\/09\/Risorgimento-Banti.jpg?fit=200%2C311&resize=350%2C200","width":350,"height":200},"classes":[]},{"id":6940,"url":"http:\/\/www.robertosedda.it\/?p=6940","url_meta":{"origin":8154,"position":4},"title":"La signora del mercato","author":"Rufus","date":"09\/04\/2014","format":false,"excerpt":"Il sabato mattina si va a fare la spesa al mercato. \u00c8 imprescindibile arrivare al banco della verdura entro le dieci del mattino. Non tanto perch\u00e9, come ognuno sa, per quell'ora non si trova pi\u00f9 parcheggio e poi le bietoline pi\u00f9 tenere e i cespi migliori di insalata sono stati\u2026","rel":"","context":"In &quot;Coordinate&quot;","block_context":{"text":"Coordinate","link":"http:\/\/www.robertosedda.it\/?cat=52"},"img":{"alt_text":"","src":"https:\/\/i0.wp.com\/www.robertosedda.it\/wp-content\/uploads\/2014\/04\/spesa_supermercato.jpg?fit=385%2C227&resize=350%2C200","width":350,"height":200},"classes":[]},{"id":16538,"url":"http:\/\/www.robertosedda.it\/?p=16538","url_meta":{"origin":8154,"position":5},"title":"Lasciatemi andare (bad karma)","author":"Rufus","date":"04\/04\/2019","format":false,"excerpt":"L'autore del blog intento al lavoro E insomma, l'altra mattina poco prima del risveglio sognavo. Stavo in un posto piacevole, con persone con cui ridevo e parlavo, ed era tutto molto bello, finch\u00e9 non mi sono reso conto che io sapevo che alcune delle persone con le quali mi stavo\u2026","rel":"","context":"In &quot;Coordinate&quot;","block_context":{"text":"Coordinate","link":"http:\/\/www.robertosedda.it\/?cat=52"},"img":{"alt_text":"","src":"https:\/\/i0.wp.com\/www.robertosedda.it\/wp-content\/uploads\/2014\/09\/febbraio-2008.jpg?fit=1200%2C900&resize=350%2C200","width":350,"height":200,"srcset":"https:\/\/i0.wp.com\/www.robertosedda.it\/wp-content\/uploads\/2014\/09\/febbraio-2008.jpg?fit=1200%2C900&resize=350%2C200 1x, https:\/\/i0.wp.com\/www.robertosedda.it\/wp-content\/uploads\/2014\/09\/febbraio-2008.jpg?fit=1200%2C900&resize=700%2C400 2x, https:\/\/i0.wp.com\/www.robertosedda.it\/wp-content\/uploads\/2014\/09\/febbraio-2008.jpg?fit=1200%2C900&resize=1050%2C600 3x"},"classes":[]}],"_links":{"self":[{"href":"http:\/\/www.robertosedda.it\/index.php?rest_route=\/wp\/v2\/posts\/8154"}],"collection":[{"href":"http:\/\/www.robertosedda.it\/index.php?rest_route=\/wp\/v2\/posts"}],"about":[{"href":"http:\/\/www.robertosedda.it\/index.php?rest_route=\/wp\/v2\/types\/post"}],"author":[{"embeddable":true,"href":"http:\/\/www.robertosedda.it\/index.php?rest_route=\/wp\/v2\/users\/1"}],"replies":[{"embeddable":true,"href":"http:\/\/www.robertosedda.it\/index.php?rest_route=%2Fwp%2Fv2%2Fcomments&post=8154"}],"version-history":[{"count":1,"href":"http:\/\/www.robertosedda.it\/index.php?rest_route=\/wp\/v2\/posts\/8154\/revisions"}],"predecessor-version":[{"id":8156,"href":"http:\/\/www.robertosedda.it\/index.php?rest_route=\/wp\/v2\/posts\/8154\/revisions\/8156"}],"wp:featuredmedia":[{"embeddable":true,"href":"http:\/\/www.robertosedda.it\/index.php?rest_route=\/wp\/v2\/media\/8155"}],"wp:attachment":[{"href":"http:\/\/www.robertosedda.it\/index.php?rest_route=%2Fwp%2Fv2%2Fmedia&parent=8154"}],"wp:term":[{"taxonomy":"category","embeddable":true,"href":"http:\/\/www.robertosedda.it\/index.php?rest_route=%2Fwp%2Fv2%2Fcategories&post=8154"},{"taxonomy":"post_tag","embeddable":true,"href":"http:\/\/www.robertosedda.it\/index.php?rest_route=%2Fwp%2Fv2%2Ftags&post=8154"}],"curies":[{"name":"wp","href":"https:\/\/api.w.org\/{rel}","templated":true}]}}