{"id":8031,"date":"2014-07-24T09:08:12","date_gmt":"2014-07-24T07:08:12","guid":{"rendered":"http:\/\/www.robertosedda.it\/?p=8031"},"modified":"2014-08-05T14:00:06","modified_gmt":"2014-08-05T12:00:06","slug":"canne-al-vento","status":"publish","type":"post","link":"http:\/\/www.robertosedda.it\/?p=8031","title":{"rendered":"Canne al vento"},"content":{"rendered":"<div class=\"jetpack-video-wrapper\"><span class=\"embed-youtube\" style=\"text-align:center; display: block;\"><iframe class=\"youtube-player\" width=\"800\" height=\"450\" src=\"https:\/\/www.youtube.com\/embed\/G7KZfP96dP4?version=3&#038;rel=1&#038;showsearch=0&#038;showinfo=1&#038;iv_load_policy=1&#038;fs=1&#038;hl=it-IT&#038;autohide=2&#038;wmode=transparent\" allowfullscreen=\"true\" style=\"border:0;\" sandbox=\"allow-scripts allow-same-origin allow-popups allow-presentation\"><\/iframe><\/span><\/div>\n<h2>Debiti di gratitudine da pagare<\/h2>\n<p>C&#8217;\u00e8 un momento, durante la puntata di <em>Oggi parliamo di libri<\/em> dedicata a <em>Canne al vento<\/em> in cui dico di essermi ispirato, per organizzare i miei discorsi, a una trasmissione radio &#8220;della concorrenza&#8221; (scherzavo). Peccato che, nella foga del parlare, non abbia detto <em>quale<\/em> fosse questa trasmissione e non abbia perci\u00f2 pagato il mio debito di riconoscenza: lo faccio volentieri adesso, dicendo che si trattava della prima puntata de <a href=\"http:\/\/www.radiox.it\/archive\/programmisocial\/laversionedimadry\/feed\/\"><em>La versione di Madry<\/em><\/a>, la trasmissione di Francesca Madrigali (<a title=\"Restare umani. Anche in Sardegna\" href=\"http:\/\/www.robertosedda.it\/?p=6563\">che \u00e8 anche una <em>blogger<\/em> del luned\u00ec<\/a>) su <em>Radio X<\/em>.<\/p>\n<p>In particolare \u00e8 stato il racconto fatto dallo storico Giampaolo Salice della\u00a0<em>invenzione del Sud<\/em> che mi ha dato la chiave di lettura con cui ho affrontato <em>Canne al vento<\/em> e che ritorna nella lunga descrizione nella puntata del modo di pensare della Deledda, borghese europea colta, e del suo modo di descrivere la Sardegna. Salice si riferiva in realt\u00e0 a fenomeni culturali di stampo romantico di almeno un secolo prima, quindi sono io ad avere fatto dei collegamenti diversi ed eventualmente ad avere sbagliato &#8211; sono pur sempre, come dico sempre, un dilettante &#8211; sono per\u00f2 convinto che il discorso alla fin fine regga e sono stato contento di avere trovato cos\u00ec anche un collegamento col ciclo delle puntate sull&#8217;avventura dell&#8217;anno scorso.<\/p>\n<p>Il tema del racconto dell&#8217;identit\u00e0 della Sardegna fatto dalla Deledda &#8211; e da altri, ovviamente &#8211; ha determinato anche la scelta del brano musicale, <em>Desamistade<\/em> di De Andr\u00e9.<\/p>\n<div class=\"jetpack-video-wrapper\"><span class=\"embed-youtube\" style=\"text-align:center; display: block;\"><iframe class=\"youtube-player\" width=\"800\" height=\"450\" src=\"https:\/\/www.youtube.com\/embed\/79l-Zv7U1zA?version=3&#038;rel=1&#038;showsearch=0&#038;showinfo=1&#038;iv_load_policy=1&#038;fs=1&#038;hl=it-IT&#038;autohide=2&#038;wmode=transparent\" allowfullscreen=\"true\" style=\"border:0;\" sandbox=\"allow-scripts allow-same-origin allow-popups allow-presentation\"><\/iframe><\/span><\/div>\n<h2>Due parole sul verismo<\/h2>\n<p>Riascoltando la puntata ho avuto qualche dubbio, invece, sul passaggio in cui dico che quello della Deledda \u00e8 un <em>verismo sentimentale<\/em> (avrei parlato di <em>lirismo<\/em>, ma in radio mi sono vergognato). Se uno pensa a Verga e a <em>Rosso Malpelo<\/em> (ma anche a tante altre cose) trova in realt\u00e0 sentimentalismo a bizzeffe, quindi l&#8217;affermazione andava forse specificata meglio. Il punto, in realt\u00e0, riguardava pi\u00f9 che altro il tema tipicamente veristico della <em>robba<\/em>: il denaro occupa in <em>Canne al vento <\/em>un ruolo centrale, ma mi \u00e8 parso di cogliere nella Deledda gi\u00e0 un manierismo al riguardo, un portare il tema sullo sfondo per essere pi\u00f9 libera di occuparsi di altro, che mi \u00e8 sembrato diverso dal modo di procedere tipico di Verga, per citare il verista esemplare (che peraltro non frequento pi\u00f9 credo dai tempi della scuola): questa differenza l&#8217;ho sbrigativamente riassunta con l&#8217;espressione\u00a0<em>sentimentalismo<\/em> e, tutto sommato, terrei il punto, se non sull&#8217;esattezza dell&#8217;espressione, almeno sul concetto.<\/p>\n","protected":false},"excerpt":{"rendered":"<p>Debiti di gratitudine da pagare C&#8217;\u00e8 un momento, durante la puntata di Oggi parliamo di libri dedicata a Canne al<\/p>\n","protected":false},"author":1,"featured_media":0,"comment_status":"open","ping_status":"open","sticky":false,"template":"","format":"video","meta":{"_mi_skip_tracking":false,"_monsterinsights_sitenote_active":false,"_monsterinsights_sitenote_note":"","_monsterinsights_sitenote_category":0,"jetpack_post_was_ever_published":false,"_jetpack_newsletter_access":"","jetpack_publicize_message":"","jetpack_is_tweetstorm":false,"jetpack_publicize_feature_enabled":true,"jetpack_social_post_already_shared":true,"jetpack_social_options":{"image_generator_settings":{"template":"highway","enabled":false}}},"categories":[52,56,13,82,12],"tags":[],"jetpack_publicize_connections":[],"jetpack_featured_media_url":"","jetpack_sharing_enabled":true,"jetpack_shortlink":"https:\/\/wp.me\/p4jV2T-25x","jetpack_likes_enabled":true,"jetpack-related-posts":[{"id":6599,"url":"http:\/\/www.robertosedda.it\/?p=6599","url_meta":{"origin":8031,"position":0},"title":"Sono di nuovo alla caccia di suggerimenti musicali: fatevi avanti!","author":"Rufus","date":"27\/02\/2014","format":"video","excerpt":"A met\u00e0 marzo inizier\u00f2 un nuovo ciclo di trasmissioni di Oggi parliamo di libri in cui parler\u00f2 dei libri del cuore di tutti noi che lavoriamo alla radio: tecnici, giornalisti e tutti quelli che curano i programmi dedicati alla comunicazione, i viaggi, la salute, l'arte sacra e cos\u00ec via e\u2026","rel":"","context":"In &quot;Coordinate&quot;","block_context":{"text":"Coordinate","link":"http:\/\/www.robertosedda.it\/?cat=52"},"img":{"alt_text":"","src":"https:\/\/i0.wp.com\/img.youtube.com\/vi\/7dtn9Gk4Q_E\/0.jpg?resize=350%2C200","width":350,"height":200},"classes":[]},{"id":10175,"url":"http:\/\/www.robertosedda.it\/?p=10175","url_meta":{"origin":8031,"position":1},"title":"Camera con vista &#8211; Il romanzo","author":"Rufus","date":"05\/05\/2015","format":"video","excerpt":"Camera con vista \u00e8 da sempre uno dei film preferiti mio e di Maria Bonaria, l'avremo visto insieme una quantit\u00e0 di volte. Sino alla puntata di Oggi parliamo di libri, invece,\u00a0al contrario di Bonaria avevo frequentato molto meno il romanzo di Forster, e quindi ho affrontato la rilettura che ne\u2026","rel":"","context":"In &quot;Coordinate&quot;","block_context":{"text":"Coordinate","link":"http:\/\/www.robertosedda.it\/?cat=52"},"img":{"alt_text":"","src":"https:\/\/i0.wp.com\/img.youtube.com\/vi\/wqs7sGPV2TU\/0.jpg?resize=350%2C200","width":350,"height":200},"classes":[]},{"id":7986,"url":"http:\/\/www.robertosedda.it\/?p=7986","url_meta":{"origin":8031,"position":2},"title":"Incursione giapponese a &#8220;Oggi parliamo di libri&#8221;","author":"Rufus","date":"21\/07\/2014","format":"video","excerpt":"Kitchen (Banana Yoshimoto, Feltrinelli 1991) Per quelle strane coincidenze di cui mi rendo conto solo rivedendo le puntate e alle quali non ho minimamente pensato preparandole\u00a0Kitchen \u00e8 incapsulato fra altre due storie d'amore - o\u00a0storie, in un certo senso, di educazione sentimentale: lo \u00e8 certamente Emma di cui ho parlato\u2026","rel":"","context":"In &quot;Coordinate&quot;","block_context":{"text":"Coordinate","link":"http:\/\/www.robertosedda.it\/?cat=52"},"img":{"alt_text":"","src":"https:\/\/i0.wp.com\/www.robertosedda.it\/wp-content\/uploads\/2014\/07\/Kitchen.jpg?fit=499%2C257&resize=350%2C200","width":350,"height":200},"classes":[]},{"id":9384,"url":"http:\/\/www.robertosedda.it\/?p=9384","url_meta":{"origin":8031,"position":3},"title":"L&#8217;isola delle canne","author":"Rufus","date":"13\/01\/2015","format":false,"excerpt":"Oltre che su questo\u00a0blog questo articolo \u00e8 stato pubblicato la settimana scorsa\u00a0anche sui siti di\u00a0Fondazione Sardinia,\u00a0Aladinpensiero,\u00a0Tramas de amistade,\u00a0Sardegna Soprattutto,\u00a0Sportello Formaparis,\u00a0Tottusinpari e sui blog di\u00a0Enrico Lobina,\u00a0Vito Biolchini\u00a0e\u00a0Francesca Madrigali. Lascio alla valutazione di tutti se l'autore, nello scrivere l'articolo, si sia fortificato con l'uso ricreativo del vegetale in questione: scherzo, nel segno\u2026","rel":"","context":"In &quot;Coordinate&quot;","block_context":{"text":"Coordinate","link":"http:\/\/www.robertosedda.it\/?cat=52"},"img":{"alt_text":"","src":"https:\/\/i0.wp.com\/www.robertosedda.it\/wp-content\/uploads\/2015\/01\/Canneto-Bandinu.jpg?fit=800%2C580&resize=350%2C200","width":350,"height":200,"srcset":"https:\/\/i0.wp.com\/www.robertosedda.it\/wp-content\/uploads\/2015\/01\/Canneto-Bandinu.jpg?fit=800%2C580&resize=350%2C200 1x, https:\/\/i0.wp.com\/www.robertosedda.it\/wp-content\/uploads\/2015\/01\/Canneto-Bandinu.jpg?fit=800%2C580&resize=700%2C400 2x"},"classes":[]},{"id":12472,"url":"http:\/\/www.robertosedda.it\/?p=12472","url_meta":{"origin":8031,"position":4},"title":"Cos\u00ec fin\u00ec Oggi parliamo di libri","author":"Rufus","date":"06\/09\/2016","format":false,"excerpt":"Trovate qui sotto l'ultima puntata della stagione 2015\/2016 di\u00a0Oggi parliamo di libri, dedicata a\u00a0Liol\u00e0\u00a0di Pirandello: si tratta anche dell'ultima puntata in generale della trasmissione, perch\u00e9 per l'anno prossimo mi piacerebbe molto che venisse accettata la mia proposta di parlare di giochi\u00a0(se si parte si parte ad ottobre, ma mi pare\u2026","rel":"","context":"In &quot;Coordinate&quot;","block_context":{"text":"Coordinate","link":"http:\/\/www.robertosedda.it\/?cat=52"},"img":{"alt_text":"","src":"https:\/\/i0.wp.com\/www.robertosedda.it\/wp-content\/uploads\/2016\/09\/Oggi-parliamo-di-libri-1.jpg?fit=480%2C360&resize=350%2C200","width":350,"height":200},"classes":[]},{"id":10888,"url":"http:\/\/www.robertosedda.it\/?p=10888","url_meta":{"origin":8031,"position":5},"title":"Come detto, teatro","author":"Rufus","date":"24\/09\/2015","format":"video","excerpt":"http:\/\/www.radiokalaritana.it\/audio\/LIB-S04E01-Le_opere_teatrali-20150917.mp3 Parlare di teatro (Oggi parliamo di libri, 17\/09\/2015) La presenza del\u00a0podcast mi permette di riproporre qui sul blog\u00a0le puntate di\u00a0Oggi parliamo di libri\u00a0in maniera pi\u00f9 puntuale: questa \u00e8 la prima, andata in onda la settimana scorsa, e la sua pubblicazione vale anche come invito ad ascoltare la seconda, questa\u2026","rel":"","context":"In &quot;Coordinate&quot;","block_context":{"text":"Coordinate","link":"http:\/\/www.robertosedda.it\/?cat=52"},"img":{"alt_text":"","src":"","width":0,"height":0},"classes":[]}],"_links":{"self":[{"href":"http:\/\/www.robertosedda.it\/index.php?rest_route=\/wp\/v2\/posts\/8031"}],"collection":[{"href":"http:\/\/www.robertosedda.it\/index.php?rest_route=\/wp\/v2\/posts"}],"about":[{"href":"http:\/\/www.robertosedda.it\/index.php?rest_route=\/wp\/v2\/types\/post"}],"author":[{"embeddable":true,"href":"http:\/\/www.robertosedda.it\/index.php?rest_route=\/wp\/v2\/users\/1"}],"replies":[{"embeddable":true,"href":"http:\/\/www.robertosedda.it\/index.php?rest_route=%2Fwp%2Fv2%2Fcomments&post=8031"}],"version-history":[{"count":9,"href":"http:\/\/www.robertosedda.it\/index.php?rest_route=\/wp\/v2\/posts\/8031\/revisions"}],"predecessor-version":[{"id":8040,"href":"http:\/\/www.robertosedda.it\/index.php?rest_route=\/wp\/v2\/posts\/8031\/revisions\/8040"}],"wp:attachment":[{"href":"http:\/\/www.robertosedda.it\/index.php?rest_route=%2Fwp%2Fv2%2Fmedia&parent=8031"}],"wp:term":[{"taxonomy":"category","embeddable":true,"href":"http:\/\/www.robertosedda.it\/index.php?rest_route=%2Fwp%2Fv2%2Fcategories&post=8031"},{"taxonomy":"post_tag","embeddable":true,"href":"http:\/\/www.robertosedda.it\/index.php?rest_route=%2Fwp%2Fv2%2Ftags&post=8031"}],"curies":[{"name":"wp","href":"https:\/\/api.w.org\/{rel}","templated":true}]}}