{"id":802,"date":"2012-09-04T12:53:36","date_gmt":"2012-09-04T10:53:36","guid":{"rendered":"http:\/\/www.robertosedda.it\/?p=802"},"modified":"2014-02-05T16:24:59","modified_gmt":"2014-02-05T15:24:59","slug":"quella-volta-ai-lions","status":"publish","type":"post","link":"http:\/\/www.robertosedda.it\/?p=802","title":{"rendered":"Quella volta ai Lions&#8230;"},"content":{"rendered":"<p>Di tutti i vari <em>posti<\/em> in cui mi \u00e8 capitato di parlare di Banca Etica nessuno probabilmente \u00e8 stato cos\u00ec fuori dall&#8217;ordinario come un&#8217;assemblea di commercialisti aderenti ai <em>Lions<\/em>.<\/p>\n<p>L&#8217;invito al convegno, svoltosi pi\u00f9 o meno un anno fa, nacque in maniera piuttosto casuale, e se accettai fu soprattutto perch\u00e9\u00a0mi sono sempre dato l&#8217;impegno di andare dovunque mi chiamassero, e perch\u00e9 pensavo che, se il tema del convegno era lo sviluppo di criteri etici per il sistema bancario, i relatori giusti, obiettivamente quelli con la maggiore esperienza e riflessione, eravamo noi di Banca Etica e non altri (l&#8217;organizzazione stava considerando la possibilit\u00e0 di invitare altri istituti bancari).<\/p>\n<p>Ma comunque la situazione di quella volta, retrospettivamente,\u00a0era abbastanza delirante, come si pu\u00f2 vedere dai due filmati che seguono. Basti notare che il giornalista che mi introduce coglie l&#8217;occasione per invocare criteri pi\u00f9 restrittivi contro i lavoratori stranieri in Italia, racconta la nascita di una &#8220;banca etica del passato&#8221;, la <em>Bank of America<\/em>!!, e poi mi presenta come: \u00abil dottor Chiumenti di Banca Prossima\u00bb. Premesse fantastiche.<\/p>\n<p>Una situazione un po&#8217; strana, no? Per\u00f2 \u00e8 l&#8217;unico caso in cui ho avuto l&#8217;occasione di rivedermi in video a distanza e esaminarmi. Risentendo la relazione mi convinco di un mio limite ricorrente: in un ambiente in cui quasi tutti, tranne forse l&#8217;organizzatore, si sono preoccupati soprattutto di <em>piazzare<\/em> la propria merce (se volete date un&#8217;occhata agli altri video del convegno su <em>Youtube<\/em>), io ho voluto fare il <em>gentleman<\/em> e mi sono attenuto al tema che mi avevano assegnato, provando a\u00a0trasmettere dei contenuti. Alla fine in questo modo paradossalmente si risulta meno efficaci, ma evidentemente mi manca il <em>killer instinct<\/em>. In ogni caso l&#8217;idea che ho enunciato alla fine, che il &#8220;passo avanti&#8221; richiesto alla responsabilit\u00e0 sociale d&#8217;impresa \u00e8 la capacit\u00e0 di coinvolgere <em>dentro<\/em> l&#8217;impresa i portatori d&#8217;interesse, senza limitarsi a stabilirsi da soli i propri criteri di eticit\u00e0 \u00e8 una cosa di cui sono comunque convinto, cos\u00ec come il fatto che proprio questa dimensione di partecipazione \u00e8 ci\u00f2 che permette a Banca Etica di mantenersi&#8230; etica, appunto. Se poi volete vedere da voi cosa ho detto e fatto, qui ci sono i video.<\/p>\n<div class=\"jetpack-video-wrapper\"><span class=\"embed-youtube\" style=\"text-align:center; display: block;\"><iframe class=\"youtube-player\" width=\"800\" height=\"450\" src=\"https:\/\/www.youtube.com\/embed\/eQeL9iIZUXo?version=3&#038;rel=1&#038;showsearch=0&#038;showinfo=1&#038;iv_load_policy=1&#038;fs=1&#038;hl=it-IT&#038;autohide=2&#038;wmode=transparent\" allowfullscreen=\"true\" style=\"border:0;\" sandbox=\"allow-scripts allow-same-origin allow-popups allow-presentation\"><\/iframe><\/span><\/div>\n<div class=\"jetpack-video-wrapper\"><span class=\"embed-youtube\" style=\"text-align:center; display: block;\"><iframe class=\"youtube-player\" width=\"800\" height=\"450\" src=\"https:\/\/www.youtube.com\/embed\/ymuvxcCwMFg?version=3&#038;rel=1&#038;showsearch=0&#038;showinfo=1&#038;iv_load_policy=1&#038;fs=1&#038;hl=it-IT&#038;autohide=2&#038;wmode=transparent\" allowfullscreen=\"true\" style=\"border:0;\" sandbox=\"allow-scripts allow-same-origin allow-popups allow-presentation\"><\/iframe><\/span><\/div>\n","protected":false},"excerpt":{"rendered":"<p>Di tutti i vari posti in cui mi \u00e8 capitato di parlare di Banca Etica nessuno probabilmente \u00e8 stato cos\u00ec<\/p>\n","protected":false},"author":1,"featured_media":0,"comment_status":"open","ping_status":"open","sticky":false,"template":"","format":"video","meta":{"_mi_skip_tracking":false,"_monsterinsights_sitenote_active":false,"_monsterinsights_sitenote_note":"","_monsterinsights_sitenote_category":0,"jetpack_post_was_ever_published":false,"_jetpack_newsletter_access":"","jetpack_publicize_message":"","jetpack_is_tweetstorm":false,"jetpack_publicize_feature_enabled":true,"jetpack_social_post_already_shared":false,"jetpack_social_options":{"image_generator_settings":{"template":"highway","enabled":false}}},"categories":[72,52,55,17,16],"tags":[],"jetpack_publicize_connections":[],"jetpack_featured_media_url":"","jetpack_sharing_enabled":true,"jetpack_shortlink":"https:\/\/wp.me\/p4jV2T-cW","jetpack_likes_enabled":true,"jetpack-related-posts":[{"id":6796,"url":"http:\/\/www.robertosedda.it\/?p=6796","url_meta":{"origin":802,"position":0},"title":"Quel che ho detto alla festa dei quindici anni di Banca Etica a Sassari","author":"Rufus","date":"21\/03\/2014","format":false,"excerpt":"Ieri con Gaetano e Claudio siamo andati in trasferta (piuttosto stancante, devo dire, si vede che non ho pi\u00f9 l'et\u00e0) a Sassari per festeggiare anche l\u00ec i quindici anni di Banca Etica, insieme ai soci della Sardegna Settentrionale in un incontro davvero molto partecipato all'Universit\u00e0. Nell'occasione\u00a0mi hanno chiesto un saluto\u2026","rel":"","context":"In &quot;Banche e finanza&quot;","block_context":{"text":"Banche e finanza","link":"http:\/\/www.robertosedda.it\/?cat=72"},"img":{"alt_text":"","src":"https:\/\/i0.wp.com\/www.robertosedda.it\/wp-content\/uploads\/2014\/03\/Rufus-a-Cinque-su-quindici.jpg?fit=600%2C800&resize=350%2C200","width":350,"height":200},"classes":[]},{"id":18376,"url":"http:\/\/www.robertosedda.it\/?p=18376","url_meta":{"origin":802,"position":1},"title":"E fra poco va in onda la Filiale","author":"Rufus","date":"02\/12\/2020","format":false,"excerpt":"Alle 17,30 vado in onda a reti unificate (cio\u00e8: su Facebook e YouTube) per la festa on line di inugurazione della nuova Filiale di Banca Etica di Sassari, l'agognata filiale regionale della Sardegna. In realt\u00e0 la festa sarebbe pi\u00f9 una festa di compleanno, dato che la Filiale ha aperto praticamente\u2026","rel":"","context":"In &quot;Banche e finanza&quot;","block_context":{"text":"Banche e finanza","link":"http:\/\/www.robertosedda.it\/?cat=72"},"img":{"alt_text":"","src":"https:\/\/i0.wp.com\/www.robertosedda.it\/wp-content\/uploads\/2020\/12\/126126054_3693012367416326_3145716816525082391_o.jpg?fit=1200%2C801&resize=350%2C200","width":350,"height":200,"srcset":"https:\/\/i0.wp.com\/www.robertosedda.it\/wp-content\/uploads\/2020\/12\/126126054_3693012367416326_3145716816525082391_o.jpg?fit=1200%2C801&resize=350%2C200 1x, https:\/\/i0.wp.com\/www.robertosedda.it\/wp-content\/uploads\/2020\/12\/126126054_3693012367416326_3145716816525082391_o.jpg?fit=1200%2C801&resize=700%2C400 2x, https:\/\/i0.wp.com\/www.robertosedda.it\/wp-content\/uploads\/2020\/12\/126126054_3693012367416326_3145716816525082391_o.jpg?fit=1200%2C801&resize=1050%2C600 3x"},"classes":[]},{"id":5935,"url":"http:\/\/www.robertosedda.it\/?p=5935","url_meta":{"origin":802,"position":2},"title":"Quello che ho detto all&#8217;Assemblea del GIT di Sassari","author":"Rufus","date":"27\/01\/2014","format":false,"excerpt":"Mercoled\u00ec scorso sono\u00a0andato a Sassari\u00a0con Gaetano Lauta, coordinatore dei soci di Banca Etica della Sardegna meridionale, all'assemblea dei cugini soci della Sardegna settentrionale. \u00c8 stata un'Assemblea molto bella e piuttosto intensa e, naturalmente, a un certo punto mi hanno fatto parlare. Ne ho approfittato per dire un paio delle cose\u2026","rel":"","context":"In &quot;Banche e finanza&quot;","block_context":{"text":"Banche e finanza","link":"http:\/\/www.robertosedda.it\/?cat=72"},"img":{"alt_text":"","src":"https:\/\/i0.wp.com\/www.robertosedda.it\/wp-content\/uploads\/2012\/11\/2012-11-18-10.14.20.jpg?fit=1200%2C900&resize=350%2C200","width":350,"height":200,"srcset":"https:\/\/i0.wp.com\/www.robertosedda.it\/wp-content\/uploads\/2012\/11\/2012-11-18-10.14.20.jpg?fit=1200%2C900&resize=350%2C200 1x, https:\/\/i0.wp.com\/www.robertosedda.it\/wp-content\/uploads\/2012\/11\/2012-11-18-10.14.20.jpg?fit=1200%2C900&resize=700%2C400 2x, https:\/\/i0.wp.com\/www.robertosedda.it\/wp-content\/uploads\/2012\/11\/2012-11-18-10.14.20.jpg?fit=1200%2C900&resize=1050%2C600 3x"},"classes":[]},{"id":14384,"url":"http:\/\/www.robertosedda.it\/?p=14384","url_meta":{"origin":802,"position":3},"title":"Quel che ho detto al convegno &#8220;Pace &#8211; Lavoro &#8211; Sviluppo&#8221; di Iglesias","author":"Rufus","date":"06\/12\/2017","format":false,"excerpt":"Domenica scorsa in compagnia di un po' di soci di Banca Etica sono andato al Convegno\u00a0Pace - Lavoro - Sviluppo dedicato al tema della riconversione della fabbrica di Domusnovas della RWM. Al convegno hanno preso la parola molti relatori, tanti di alto livello. Fra quelli che hanno parlato ma che\u2026","rel":"","context":"In &quot;Banche e finanza&quot;","block_context":{"text":"Banche e finanza","link":"http:\/\/www.robertosedda.it\/?cat=72"},"img":{"alt_text":"","src":"https:\/\/i0.wp.com\/www.robertosedda.it\/wp-content\/uploads\/2017\/12\/Arcobaleno.jpg?fit=510%2C458&resize=350%2C200","width":350,"height":200},"classes":[]},{"id":11039,"url":"http:\/\/www.robertosedda.it\/?p=11039","url_meta":{"origin":802,"position":4},"title":"Quello che ho detto alla Carovana sul lavoro a Iglesias","author":"Rufus","date":"19\/10\/2015","format":false,"excerpt":"Sabato, accompagnato da Gaetano, sono andato a Iglesias per partecipare alla tavola rotonda sulla dignit\u00e0 del lavoro organizzata dalle chiese\u00a0evangeliche italiane. Con me sul palco c'erano le pastore Cristina Arcidiacono e Antonella Visintin, don Salvatore Benizzi e Raffaele Callia, direttori rispettivamente degli uffici della pastorale sociale\u00a0e della Caritas della diocesi\u2026","rel":"","context":"In &quot;Banche e finanza&quot;","block_context":{"text":"Banche e finanza","link":"http:\/\/www.robertosedda.it\/?cat=72"},"img":{"alt_text":"","src":"https:\/\/i0.wp.com\/www.robertosedda.it\/wp-content\/uploads\/2015\/10\/Carovana-dignit\u00e0-lavoro.jpg?fit=678%2C960&resize=350%2C200","width":350,"height":200},"classes":[]},{"id":11956,"url":"http:\/\/www.robertosedda.it\/?p=11956","url_meta":{"origin":802,"position":5},"title":"Appello a un voto che non \u00e8 per me","author":"Rufus","date":"17\/05\/2016","format":false,"excerpt":"L'altro giorno ha suscitato panico l'idea, da me abilmente suggerita, che volessi candidarmi al Consiglio comunale.\u00a0Adesso passo direttamente all'appello al voto; ma \u00e8 per delle elezioni importanti, nelle quali per\u00f2\u00a0non sono candidato io (per fortuna di tutti). Per\u00f2 l'appello vale lo stesso e la lista, coi meccanismi partecipativi propri della\u2026","rel":"","context":"In &quot;Coordinate&quot;","block_context":{"text":"Coordinate","link":"http:\/\/www.robertosedda.it\/?cat=52"},"img":{"alt_text":"","src":"https:\/\/i0.wp.com\/www.robertosedda.it\/wp-content\/uploads\/2016\/05\/Dentico.jpg?fit=400%2C400&resize=350%2C200","width":350,"height":200},"classes":[]}],"_links":{"self":[{"href":"http:\/\/www.robertosedda.it\/index.php?rest_route=\/wp\/v2\/posts\/802"}],"collection":[{"href":"http:\/\/www.robertosedda.it\/index.php?rest_route=\/wp\/v2\/posts"}],"about":[{"href":"http:\/\/www.robertosedda.it\/index.php?rest_route=\/wp\/v2\/types\/post"}],"author":[{"embeddable":true,"href":"http:\/\/www.robertosedda.it\/index.php?rest_route=\/wp\/v2\/users\/1"}],"replies":[{"embeddable":true,"href":"http:\/\/www.robertosedda.it\/index.php?rest_route=%2Fwp%2Fv2%2Fcomments&post=802"}],"version-history":[{"count":22,"href":"http:\/\/www.robertosedda.it\/index.php?rest_route=\/wp\/v2\/posts\/802\/revisions"}],"predecessor-version":[{"id":6168,"href":"http:\/\/www.robertosedda.it\/index.php?rest_route=\/wp\/v2\/posts\/802\/revisions\/6168"}],"wp:attachment":[{"href":"http:\/\/www.robertosedda.it\/index.php?rest_route=%2Fwp%2Fv2%2Fmedia&parent=802"}],"wp:term":[{"taxonomy":"category","embeddable":true,"href":"http:\/\/www.robertosedda.it\/index.php?rest_route=%2Fwp%2Fv2%2Fcategories&post=802"},{"taxonomy":"post_tag","embeddable":true,"href":"http:\/\/www.robertosedda.it\/index.php?rest_route=%2Fwp%2Fv2%2Ftags&post=802"}],"curies":[{"name":"wp","href":"https:\/\/api.w.org\/{rel}","templated":true}]}}