{"id":7965,"date":"2014-07-17T17:18:18","date_gmt":"2014-07-17T15:18:18","guid":{"rendered":"http:\/\/www.robertosedda.it\/?p=7965"},"modified":"2014-07-23T17:24:36","modified_gmt":"2014-07-23T15:24:36","slug":"ho-ucciso-un-uomo-per-una-mia-scalfittura-e-un-ragazzo-per-un-mio-livido","status":"publish","type":"post","link":"http:\/\/www.robertosedda.it\/?p=7965","title":{"rendered":"Ho ucciso un uomo per una mia scalfittura e un ragazzo per un mio livido"},"content":{"rendered":"<p>Mi sono accuratamente guardato, sinora, dal parlare di guerra in Palestina. Un po&#8217; dipende dal fatto\u00a0che non sempre si ha qualcosa da dire e bisogna saper stare zitti, un po&#8217; (molto) per la sensazione di impotenza rispetto agli eventi, e infine un po&#8217; perch\u00e9 disgustato dalla canaia dei tifosi ad ogni costo, che parlano delle guerre come parlerebbero\u00a0di Chiellini e di Suarez, e per la poca voglia di trovarmeli fra i commenti o nella bacheca, con i loro boicottaggi improponibili, le teorie cospirative, le attribuzioni becere di responsabilit\u00e0, gli articoli riproposti senza nemmeno accorgersi che sono di due anni fa, le sottili analisi di politica internazionale fatte da comode poltrone occidentali, le foto di gente macellata che magari sono fatte in Siria, le guerre sugli\u00a0<em>hashtag\u00a0<\/em>e in generale l&#8217;idea che i nostri macellai sono sempre meno macellai di quelli degli altri. Gente che fa la guerra per interposta fazione e sapienti sciocchi. Tutti questi figuri mi ricordano dei versi\u00a0di Brecht<\/p>\n<blockquote>\n<h3>Il postero<\/h3>\n<p>Lo confesso: io<br \/>\nnon ho nessuna speranza.<br \/>\nI ciechi parlano di una via d&#8217;uscita. Io<br \/>\nci vedo.\u00a0Quando gli errori sono esauriti<br \/>\nsiede come ultimo compagno<br \/>\ndi fronte a noi il nulla.<\/p><\/blockquote>\n<p>\u00c8 stata una posizione di rifiuto che mi ha accompagnato per tutti gli ultimi giorni, con sempre maggiore disagio. Perch\u00e9 \u00e8 comunque insostenibile discettare di cinema quando c&#8217;\u00e8 gente che muore. Come avrebbe detto lo stesso Brecht<\/p>\n<blockquote><p>Quali tempi sono questi, quando<br \/>\ndiscorrere d&#8217;alberi \u00e8 quasi un delitto,<br \/>\nperch\u00e9 su troppe stragi comporta silenzio!<\/p><\/blockquote>\n<p><a href=\"https:\/\/i0.wp.com\/www.robertosedda.it\/wp-content\/uploads\/2014\/07\/pace-palestina-israele-300x300.jpg\"><img data-attachment-id=\"7977\" data-permalink=\"http:\/\/www.robertosedda.it\/?attachment_id=7977\" data-orig-file=\"https:\/\/i0.wp.com\/www.robertosedda.it\/wp-content\/uploads\/2014\/07\/pace-palestina-israele-300x300.jpg?fit=300%2C300\" data-orig-size=\"300,300\" data-comments-opened=\"1\" data-image-meta=\"{&quot;aperture&quot;:&quot;0&quot;,&quot;credit&quot;:&quot;&quot;,&quot;camera&quot;:&quot;&quot;,&quot;caption&quot;:&quot;&quot;,&quot;created_timestamp&quot;:&quot;0&quot;,&quot;copyright&quot;:&quot;&quot;,&quot;focal_length&quot;:&quot;0&quot;,&quot;iso&quot;:&quot;0&quot;,&quot;shutter_speed&quot;:&quot;0&quot;,&quot;title&quot;:&quot;&quot;}\" data-image-title=\"pace-palestina-israele-300&#215;300\" data-image-description=\"\" data-image-caption=\"\" data-medium-file=\"https:\/\/i0.wp.com\/www.robertosedda.it\/wp-content\/uploads\/2014\/07\/pace-palestina-israele-300x300.jpg?fit=300%2C300\" data-large-file=\"https:\/\/i0.wp.com\/www.robertosedda.it\/wp-content\/uploads\/2014\/07\/pace-palestina-israele-300x300.jpg?fit=300%2C300\" decoding=\"async\" loading=\"lazy\" class=\"alignright size-full wp-image-7977\" src=\"https:\/\/i0.wp.com\/www.robertosedda.it\/wp-content\/uploads\/2014\/07\/pace-palestina-israele-300x300.jpg?resize=300%2C300\" alt=\"pace-palestina-israele-300x300\" width=\"300\" height=\"300\" srcset=\"https:\/\/i0.wp.com\/www.robertosedda.it\/wp-content\/uploads\/2014\/07\/pace-palestina-israele-300x300.jpg?resize=300%2C300 300w, https:\/\/i0.wp.com\/www.robertosedda.it\/wp-content\/uploads\/2014\/07\/pace-palestina-israele-300x300.jpg?resize=150%2C150 150w, https:\/\/i0.wp.com\/www.robertosedda.it\/wp-content\/uploads\/2014\/07\/pace-palestina-israele-300x300.jpg?resize=100%2C100 100w\" sizes=\"(max-width: 300px) 100vw, 300px\" data-recalc-dims=\"1\" \/><\/a>Cos\u00ec far\u00f2 l&#8217;unica cosa che posso. Prego. Stasera vado alla <a href=\"http:\/\/www.chiesadicagliari.it\/2014\/07\/15\/veglia-per-la-pace-in-palestina\/\">veglia promossa dalla diocesi<\/a>, sul sagrato\u00a0di Bonaria alle 20.30.<\/p>\n<p>E poi ho scoperto che il <a href=\"http:\/\/www.oikoumene.org\/en\">Consiglio Mondiale delle Chiese, l&#8217;organizzazione ecumenica che raduna il maggior numero di denominazioni\u00a0protestanti<\/a>, ha un proprio braccio operativo, chiamato <em>Palestine Israel Ecumenical Forum<\/em>, che promuove ogni anno a settembre\u00a0<a href=\"https:\/\/pief.oikoumene.org\/en\/world-week-for-peace\">una settimana mondiale di preghiera per la pace in Palestina e Israele<\/a> (l&#8217;appuntamento mondiale di preghiera su un determinato tema \u00e8 un tipico strumento di azione ecumenico).<\/p>\n<p>Proporr\u00f2 al\u00a0gruppo <em>La Pira<\/em> di farci carico dell&#8217;organizzazione della settimana di preghiera a Cagliari, se questo non sembrer\u00e0 ai fratelli separati di Cagliari una indebita intromissione. Nel frattempo vi ho tradotto i due testi principali attualmente disponibili, che erano originariamente\u00a0in inglese: il\u00a0<em>Messaggio<\/em> e una\u00a0preghiera breve, che a me \u00e8 stata utile anche per scacciare dalla mente la selvaggia esultanza di Lamech nel versetto del libro della Genesi (Gn 4,23) che fa da titolo a questo articolo e che da giorni mi tornava in mente.<\/p>\n<p>Il titolo della settimana di preghiera 2014 per la pace in Palestina e Israele \u00e8\u00a0<em>Lascia andare il mio popolo<\/em> (il riferimento \u00e8 all&#8217;invito rivolto al Faraone per tramite di Mos\u00e8\u00a0in\u00a0Es 7,26); una attenzione particolare sar\u00e0 data ai prigionieri e alle detenzioni arbitrarie. Oltre ai testi che trovate qui sotto gi\u00e0 tradotti \u00e8 disponibile un <a href=\"https:\/\/pief.oikoumene.org\/en\/world-week-for-peace\/invitation-to-participate\/finalE_Book1.pdf\">opuscolo informativo<\/a>\u00a0e <a href=\"https:\/\/pief.oikoumene.org\/en\/world-week-for-peace\/invitation-to-participate\/Liturgy2014.pdf\">il libretto\u00a0della liturgia proposta<\/a>, che cercher\u00f2 di tradurre prima di\u00a0settembre.<\/p>\n<p>A proposito di traduzioni: la posizione ufficiale cattolica dovrebbe essere il testo\u00a0<em><a href=\"http:\/\/it.lpj.org\/wp-content\/uploads\/2014\/07\/JP.Appel-%C3%A0-un-changement.pdf\">Appello<\/a><\/em><em><a href=\"http:\/\/it.lpj.org\/wp-content\/uploads\/2014\/07\/JP.Appel-%C3%A0-un-changement.pdf\"> per un cambiamento coraggioso<\/a><\/em>\u00a0scritto dalla commissione\u00a0<em>Iustitia et pax<\/em> della Terra Santa. Il testo \u00e8 in francese, ma <a href=\"http:\/\/www.terrasanta.net\/tsx\/articolo.jsp?wi_number=6694&amp;wi_codseq=%20%20%20%20%20%20&amp;language=it\">una ampia sintesi si trova sul sito della Custodia Francescana di Terra Santa<\/a>.<\/p>\n<p><a href=\"https:\/\/i0.wp.com\/www.robertosedda.it\/wp-content\/uploads\/2014\/07\/World-week-for-peace-in-Palestine.jpg\"><img data-attachment-id=\"7978\" data-permalink=\"http:\/\/www.robertosedda.it\/?attachment_id=7978\" data-orig-file=\"https:\/\/i0.wp.com\/www.robertosedda.it\/wp-content\/uploads\/2014\/07\/World-week-for-peace-in-Palestine.jpg?fit=600%2C180\" data-orig-size=\"600,180\" data-comments-opened=\"1\" data-image-meta=\"{&quot;aperture&quot;:&quot;0&quot;,&quot;credit&quot;:&quot;&quot;,&quot;camera&quot;:&quot;&quot;,&quot;caption&quot;:&quot;&quot;,&quot;created_timestamp&quot;:&quot;0&quot;,&quot;copyright&quot;:&quot;&quot;,&quot;focal_length&quot;:&quot;0&quot;,&quot;iso&quot;:&quot;0&quot;,&quot;shutter_speed&quot;:&quot;0&quot;,&quot;title&quot;:&quot;&quot;}\" data-image-title=\"World week for peace in Palestine\" data-image-description=\"\" data-image-caption=\"\" data-medium-file=\"https:\/\/i0.wp.com\/www.robertosedda.it\/wp-content\/uploads\/2014\/07\/World-week-for-peace-in-Palestine.jpg?fit=300%2C90\" data-large-file=\"https:\/\/i0.wp.com\/www.robertosedda.it\/wp-content\/uploads\/2014\/07\/World-week-for-peace-in-Palestine.jpg?fit=510%2C153\" decoding=\"async\" loading=\"lazy\" class=\"aligncenter size-full wp-image-7978\" src=\"https:\/\/i0.wp.com\/www.robertosedda.it\/wp-content\/uploads\/2014\/07\/World-week-for-peace-in-Palestine.jpg?resize=600%2C180\" alt=\"World week for peace in Palestine\" width=\"600\" height=\"180\" srcset=\"https:\/\/i0.wp.com\/www.robertosedda.it\/wp-content\/uploads\/2014\/07\/World-week-for-peace-in-Palestine.jpg?w=600 600w, https:\/\/i0.wp.com\/www.robertosedda.it\/wp-content\/uploads\/2014\/07\/World-week-for-peace-in-Palestine.jpg?resize=150%2C45 150w, https:\/\/i0.wp.com\/www.robertosedda.it\/wp-content\/uploads\/2014\/07\/World-week-for-peace-in-Palestine.jpg?resize=300%2C90 300w, https:\/\/i0.wp.com\/www.robertosedda.it\/wp-content\/uploads\/2014\/07\/World-week-for-peace-in-Palestine.jpg?resize=510%2C153 510w\" sizes=\"(max-width: 600px) 100vw, 600px\" data-recalc-dims=\"1\" \/><\/a><\/p>\n<p>\u00c8 il tempo\u00a0della Palestina.<\/p>\n<p>\u00c8 tempo che palestinesi e israeliani condividano una pace giusta.<\/p>\n<p>\u00c8 tempo di rispettare la vita umana nella terra che \u00e8 chiamata santa.<br \/>\n\u00c8 tempo che inizi la guarigione delle anime ferite.<br \/>\n\u00c8 tempo di porre termine a pi\u00f9 di sessant&#8217;anni di conflitto, oppressione e paura.<br \/>\n\u00c8 tempo di liberarsi dall&#8217;occupazione.<\/p>\n<p>\u00c8 tempo di uguali diritti.<br \/>\n\u00c8 tempo di porre termine alla discriminazione, alla segregazione e alle restrizioni di movimento.<br \/>\n\u00c8 tempo che coloro che costruiscono muri e steccati li costruiscano sulla propria propriet\u00e0.<br \/>\n\u00c8 tempo di smettere di radere al suolo le case di una comunit\u00e0 e di costruire case per l&#8217;altra comunit\u00e0 su terra che non \u00e8 la loro.<br \/>\n\u00c8 tempo di liberarsi dei due pesi e delle due misure.<\/p>\n<p>\u00c8 tempo che i cittadini israeliani abbiano sicurezza e confini certi concordati coi propri vicini.<br \/>\n\u00c8 tempo che la comunit\u00e0 internazionale metta in opera pi\u00f9 di sessant&#8217;anni di risoluzioni delle Nazioni Unite.<br \/>\n\u00c8 tempo che il Governo israeliano completi l&#8217;accordo offerto dall&#8217;Iniziativa Araba di Pace.<br \/>\n\u00c8 tempo che tutti coloro che rappresentano il popolo palestinese siano inclusi nel processo di pace.<br \/>\n\u00c8 tempo\u00a0che le persone che sono state profughe per sessant&#8217;anni ottengano di nuovo i loro diritti e una casa permanente.<br \/>\n\u00c8 tempo di assistere i coloni nei territori palestinesi occupati a\u00a0costruirsi una casa propria in Israele.<br \/>\n\u00c8 il tempo dell&#8217;autodeterminazione.<\/p>\n<p>\u00c8 tempo che gli stranieri possano visitare Betlemme e le altre citt\u00e0 imprigionate dal muro.<br \/>\n\u00c8 tempo di poter vedere le comodit\u00e0 degli insediamenti e la disperazione dei campi profughi.<br \/>\n\u00c8 tempo per le persone che vivono da quarant&#8217;anni sotto occupazione di vedere una nuova solidariet\u00e0 dal mondo circostante.<\/p>\n<p>\u00c8 tempo di chiamare per nome la vergogna delle punizioni collettive e di porvi termine in tutte le sue forme.<br \/>\n\u00c8 tempo di provare disgusto per la violenza contro i civili e che i civili da ambo le parti siano al sicuro.<br \/>\n\u00c8 tempo che ambo le parti rilascino i loro prigionieri e diano a coloro che sono rettamente\u00a0inquisiti un processo giusto.<br \/>\n\u00c8 tempo di riunire le popolazioni di Gaza, del\u00a0<em>West Bank<\/em> e di Gerusalemme est.<br \/>\n\u00c8 tempo che tutte le parti si sottomettano alle leggi internazionali in materia di aiuti umanitari e di diritti civili.<\/p>\n<p>\u00c8 tempo di condividere Gerusalemme come capitale di due nazioni e citt\u00e0 santa di tre religioni.<br \/>\n\u00c8 tempo che le comunit\u00e0 mussulmane, ebree e cristiane siano libere di visitare i propri luoghi santi.<br \/>\n\u00c8 tempo che in Palestina come in Israele gli ulivi prosperino e divengano vecchi.<br \/>\n\u00c8 tempo di onorare tutti coloro che hanno sofferto, palestinesi e israeliani.<br \/>\n\u00c8 tempo di imparare dai torti passati.<\/p>\n<p>\u00c8 tempo di comprendere l&#8217;ira accumulata e di iniziare a mettere in ordine le cose.<br \/>\n\u00c8 tempo che coloro che hanno sangue sulle proprie mani riconoscano ci\u00f2 che hanno fatto.<br \/>\n\u00c8 tempo di cercare il perdono fra le comunit\u00e0 e di riparare insieme una terra ferita.<br \/>\n\u00c8 tempo di procedere oltre come creature umane che sono fatte tutte a immagine di Dio.<\/p>\n<p>Tutti coloro che possono dire la verit\u00e0 a chi ha il potere devono dirla.<br \/>\nTutti coloro che possono spezzare il silenzio che circonda l&#8217;ingiustizia devono spezzarlo.<br \/>\nTutti coloro che hanno qualcosa da dare per la pace devono darlo.<br \/>\nPer la Palestina, per Israele e per un mondo\u00a0tormentato,<br \/>\n\u00e8\u00a0tempo di pace.<\/p>\n<p><a href=\"https:\/\/i0.wp.com\/www.robertosedda.it\/wp-content\/uploads\/2014\/07\/PIEF-Preghiera-pace-2014.jpeg\"><img data-attachment-id=\"7979\" data-permalink=\"http:\/\/www.robertosedda.it\/?attachment_id=7979\" data-orig-file=\"https:\/\/i0.wp.com\/www.robertosedda.it\/wp-content\/uploads\/2014\/07\/PIEF-Preghiera-pace-2014.jpeg?fit=780%2C330\" data-orig-size=\"780,330\" data-comments-opened=\"1\" data-image-meta=\"{&quot;aperture&quot;:&quot;0&quot;,&quot;credit&quot;:&quot;&quot;,&quot;camera&quot;:&quot;&quot;,&quot;caption&quot;:&quot;&quot;,&quot;created_timestamp&quot;:&quot;0&quot;,&quot;copyright&quot;:&quot;&quot;,&quot;focal_length&quot;:&quot;0&quot;,&quot;iso&quot;:&quot;0&quot;,&quot;shutter_speed&quot;:&quot;0&quot;,&quot;title&quot;:&quot;&quot;}\" data-image-title=\"PIEF Preghiera pace 2014\" data-image-description=\"\" data-image-caption=\"\" data-medium-file=\"https:\/\/i0.wp.com\/www.robertosedda.it\/wp-content\/uploads\/2014\/07\/PIEF-Preghiera-pace-2014.jpeg?fit=300%2C126\" data-large-file=\"https:\/\/i0.wp.com\/www.robertosedda.it\/wp-content\/uploads\/2014\/07\/PIEF-Preghiera-pace-2014.jpeg?fit=510%2C215\" decoding=\"async\" loading=\"lazy\" class=\"aligncenter size-full wp-image-7979\" src=\"https:\/\/i0.wp.com\/www.robertosedda.it\/wp-content\/uploads\/2014\/07\/PIEF-Preghiera-pace-2014.jpeg?resize=780%2C330\" alt=\"PIEF Preghiera pace 2014\" width=\"780\" height=\"330\" srcset=\"https:\/\/i0.wp.com\/www.robertosedda.it\/wp-content\/uploads\/2014\/07\/PIEF-Preghiera-pace-2014.jpeg?w=780 780w, https:\/\/i0.wp.com\/www.robertosedda.it\/wp-content\/uploads\/2014\/07\/PIEF-Preghiera-pace-2014.jpeg?resize=150%2C63 150w, https:\/\/i0.wp.com\/www.robertosedda.it\/wp-content\/uploads\/2014\/07\/PIEF-Preghiera-pace-2014.jpeg?resize=300%2C126 300w, https:\/\/i0.wp.com\/www.robertosedda.it\/wp-content\/uploads\/2014\/07\/PIEF-Preghiera-pace-2014.jpeg?resize=510%2C215 510w, https:\/\/i0.wp.com\/www.robertosedda.it\/wp-content\/uploads\/2014\/07\/PIEF-Preghiera-pace-2014.jpeg?resize=700%2C296 700w\" sizes=\"(max-width: 780px) 100vw, 780px\" data-recalc-dims=\"1\" \/><\/a><\/p>\n<p>In previsione della\u00a0<em>Settimana di preghiera per la pace in Palestina e Israele<\/em>, ogni anno i\u00a0<em>leader<\/em> cristiani in Gerusalemme pubblicano una preghiera in comune che possa essere usata durante le liturgie di preghiera della domenica e durante la settimana.<\/p>\n<h2 style=\"text-align: center;\">La preghiera di Gerusalemme per il 2014<\/h2>\n<h4 style=\"text-align: center;\">Per la<em> Settimana di preghiera per la pace in Palestina e Israele<\/em><\/h4>\n<h6 style=\"text-align: center;\">21-27 settembre<\/h6>\n<p>Ricordatevi dei carcerati, come se foste loro compagni di carcere, e di quelli che soffrono, essendo anche voi in un corpo mortale (Eb 13,3).<\/p>\n<p>Con queste parole preghiamo insieme per coloro che sono in prigione in tutto il mondo, quelli\u00a0che facilmente vengono dimenticati. Preghiamo specialmente per i prigionieri politici in Palestina e in Israele. Preghiamo per i malati fra loro e per coloro che non possono sopportare le durezze della cella di una prigione, per i bambini e le donne che sono maltrattati dietro le sbarre. Ricordiamo anche coloro che sono stati lasciati indietro, le famiglie che sono nel dolore\u00a0poich\u00e9 i loro cari sono rinchiusi in carcere. Preghiamo per la trasformazione interiore di coloro che hanno commesso crimini e che hanno necessit\u00e0 di conversione. Preghiamo per le menti ed i cuori di coloro che sono tormentati da odio e paura, perch\u00e9 possano presto trovare pace riconciliazione nelle loro anime e nella societ\u00e0.<\/p>\n<p>Questa regione soffre di\u00a0cos\u00ec tanti dolori nell&#8217;anima e nel corpo, sia nel presente che nella storia. In Palestina e Israele oggi molti mancano della libert\u00e0 e troppi sono dietro le sbarre. Per troppo a lungo l&#8217;ingiustizia, la violenza e la paura hanno modellato questa regione. Noi preghiamo e chiediamo trattamenti umani e giustizia per tutti, poich\u00e9 tutti siamo figli di Dio.<\/p>\n<p>E infine preghiamo per un\u00a0accordo di\u00a0pace giusto e per la riconciliazione, una pace dove non ci siano pi\u00f9 prigionieri politici dietro le sbarre e dove l&#8217;armonia prevalga nei cuori di tutti in questa regione. Chiediamo la grazia di Dio, la libert\u00e0 per coloro che sono in catene e la pace ai nostri giorni.<\/p>\n<p><span style=\"color: #000000;\">Non imputare a noi le colpe dei nostri padri,<br \/>\n<\/span><span style=\"color: #000000;\">presto ci venga incontro la tua misericordia,<br \/>\n<\/span><span style=\"color: #000000;\">poich\u00e9 siamo troppo infelici.<\/span><\/p>\n<p>Aiutaci, Dio, nostra salvezza,<br \/>\nper la gloria del tuo nome,<\/p>\n<p>salvaci e perdona i nostri peccati<br \/>\nper amore del tuo nome.<\/p>\n<p>Perch\u00e9 i popoli dovrebbero dire:<br \/>\n\u00abDov&#8217;\u00e8 il loro Dio?\u00bb.<\/p>\n<p>Si conosca tra i popoli, sotto i nostri occhi,<br \/>\nla vendetta per il sangue dei tuoi servi.<\/p>\n<p>Giunga fino a te il gemito dei prigionieri;<br \/>\ncon la potenza della tua mano\u00a0salva i votati alla morte.<\/p>\n<p>(Sal 79,8-11)<\/p>\n","protected":false},"excerpt":{"rendered":"<p>Mi sono accuratamente guardato, sinora, dal parlare di guerra in Palestina. Un po&#8217; dipende dal fatto\u00a0che non sempre si ha<\/p>\n","protected":false},"author":1,"featured_media":7978,"comment_status":"open","ping_status":"open","sticky":false,"template":"","format":"standard","meta":{"_mi_skip_tracking":false,"_monsterinsights_sitenote_active":false,"_monsterinsights_sitenote_note":"","_monsterinsights_sitenote_category":0,"jetpack_post_was_ever_published":false,"_jetpack_newsletter_access":"","jetpack_publicize_message":"","jetpack_is_tweetstorm":false,"jetpack_publicize_feature_enabled":true,"jetpack_social_post_already_shared":true,"jetpack_social_options":{"image_generator_settings":{"template":"highway","enabled":false}}},"categories":[52,54,17,62,16],"tags":[],"jetpack_publicize_connections":[],"jetpack_featured_media_url":"https:\/\/i0.wp.com\/www.robertosedda.it\/wp-content\/uploads\/2014\/07\/World-week-for-peace-in-Palestine.jpg?fit=600%2C180","jetpack_sharing_enabled":true,"jetpack_shortlink":"https:\/\/wp.me\/p4jV2T-24t","jetpack_likes_enabled":true,"jetpack-related-posts":[{"id":15093,"url":"http:\/\/www.robertosedda.it\/?p=15093","url_meta":{"origin":7965,"position":0},"title":"Esemplare","author":"Rufus","date":"27\/04\/2018","format":false,"excerpt":"Mi mandano da Orgosolo la foto del monumento ai Caduti. Questo: Il monumento \u00e8 del 2011 ma evidentemente nelle varie occasioni nelle quali nel frattempo sono passato per il paese non l'ho mai visto, e quindi sono stato preso completamente di sorpresa. Sto ancora cercando di riprendermi, diciamo. Devo dire\u2026","rel":"","context":"In &quot;Coordinate&quot;","block_context":{"text":"Coordinate","link":"http:\/\/www.robertosedda.it\/?cat=52"},"img":{"alt_text":"","src":"https:\/\/i0.wp.com\/www.robertosedda.it\/wp-content\/uploads\/2018\/04\/Orgosolo-caduti.jpg?fit=899%2C896&resize=350%2C200","width":350,"height":200,"srcset":"https:\/\/i0.wp.com\/www.robertosedda.it\/wp-content\/uploads\/2018\/04\/Orgosolo-caduti.jpg?fit=899%2C896&resize=350%2C200 1x, https:\/\/i0.wp.com\/www.robertosedda.it\/wp-content\/uploads\/2018\/04\/Orgosolo-caduti.jpg?fit=899%2C896&resize=700%2C400 2x"},"classes":[]},{"id":10217,"url":"http:\/\/www.robertosedda.it\/?p=10217","url_meta":{"origin":7965,"position":1},"title":"Lo zelo per la tua casa mi divora","author":"Rufus","date":"18\/05\/2015","format":false,"excerpt":"Credo di avere raccontato altre volte di tzia Caterina, la nostra vicina di casa di Orani. Tra le tante cose che ricordo di lei, ho ben presente che ogni mattina puliva l'uscio di casa e tutto il tratto di piazzetta antistante: spazzava la polvere e le foglie portate dal vento\u2026","rel":"","context":"In &quot;Coordinate&quot;","block_context":{"text":"Coordinate","link":"http:\/\/www.robertosedda.it\/?cat=52"},"img":{"alt_text":"","src":"https:\/\/i0.wp.com\/www.robertosedda.it\/wp-content\/uploads\/2015\/05\/pao-593x443.jpg?fit=593%2C443&resize=350%2C200","width":350,"height":200},"classes":[]},{"id":12968,"url":"http:\/\/www.robertosedda.it\/?p=12968","url_meta":{"origin":7965,"position":2},"title":"Please, insert Rufus","author":"Rufus","date":"20\/12\/2016","format":false,"excerpt":"Sabato i\u00a0Fabbricastorie hanno passato uno scoglio non da poco nel percorso verso la\u00a0Global Game Jam, organizzando e gestendo senza troppe pecche il seminario\u00a0Please, insert story, una delle tappe intermedie principali verso la\u00a0Jam. Una delle cose belle era che nel pubblico c'\u00e8 stato esattamente quel\u00a0mix\u00a0di personalit\u00e0 e figure che ci auguravamo:\u2026","rel":"","context":"In &quot;Coordinate&quot;","block_context":{"text":"Coordinate","link":"http:\/\/www.robertosedda.it\/?cat=52"},"img":{"alt_text":"","src":"https:\/\/i0.wp.com\/www.robertosedda.it\/wp-content\/uploads\/2016\/12\/Saluti.jpg?fit=469%2C473&resize=350%2C200","width":350,"height":200},"classes":[]},{"id":11908,"url":"http:\/\/www.robertosedda.it\/?p=11908","url_meta":{"origin":7965,"position":3},"title":"L&#8217;amore ai tempi dell&#8217;odio","author":"Rufus","date":"06\/05\/2016","format":"video","excerpt":"Sole alto (Dalibor Matani\u0107, Croazia 2015) Sole alto, che ho visto ieri al benemerito Odissea, racconta tre storie d'amore ambientate tutte nei dintorni di un lago croato attorno al quale vivono famiglie sia serbe che croate: la spiaggia del lago e il suo chiosco\u00a0-\u00a0il luogo della giovent\u00f9, delle nuotate, dell'amore,\u2026","rel":"","context":"In &quot;Coordinate&quot;","block_context":{"text":"Coordinate","link":"http:\/\/www.robertosedda.it\/?cat=52"},"img":{"alt_text":"","src":"https:\/\/i0.wp.com\/www.robertosedda.it\/wp-content\/uploads\/2016\/05\/Sole-alto.jpg?fit=1200%2C800&resize=350%2C200","width":350,"height":200,"srcset":"https:\/\/i0.wp.com\/www.robertosedda.it\/wp-content\/uploads\/2016\/05\/Sole-alto.jpg?fit=1200%2C800&resize=350%2C200 1x, https:\/\/i0.wp.com\/www.robertosedda.it\/wp-content\/uploads\/2016\/05\/Sole-alto.jpg?fit=1200%2C800&resize=700%2C400 2x, https:\/\/i0.wp.com\/www.robertosedda.it\/wp-content\/uploads\/2016\/05\/Sole-alto.jpg?fit=1200%2C800&resize=1050%2C600 3x"},"classes":[]},{"id":3179,"url":"http:\/\/www.robertosedda.it\/?p=3179","url_meta":{"origin":7965,"position":4},"title":"Proverbi e cantautori all&#8217;Assemblea di Banca Etica (e altro&#8230;)","author":"Rufus","date":"20\/05\/2013","format":"video","excerpt":"Questo fine settimana sono stato a Firenze, insieme a un altro migliaio di persone, per l'Assemblea di Banca Etica. Fra tutti gli intervenuti c'era anche una folta delegazione spagnola: l'Assemblea sanciva l'ingresso della \"quinta area\", l'area spagnola dopo le quattro italiane, nella compagine sociale. Il venerd\u00ec notte ci siamo visti\u2026","rel":"","context":"In &quot;Coordinate&quot;","block_context":{"text":"Coordinate","link":"http:\/\/www.robertosedda.it\/?cat=52"},"img":{"alt_text":"","src":"https:\/\/i0.wp.com\/img.youtube.com\/vi\/RN3KZ35mTo8\/0.jpg?resize=350%2C200","width":350,"height":200},"classes":[]},{"id":1727,"url":"http:\/\/www.robertosedda.it\/?p=1727","url_meta":{"origin":7965,"position":5},"title":"Belle foto della Sardegna","author":"Rufus","date":"19\/12\/2012","format":"image","excerpt":"Mio cognato Alberto, maledetto toscano, ha la passione per la fotografia e ottiene risultati mi sembra non disprezzabili, a parte coi fenicotteri (ma questa \u00e8 un'altra storia e sar\u00e0 raccontata un'altra volta). \u00c8 anche l'autore di alcune delle foto che compaiono in testata - quelle pi\u00f9 belle, le altre sono\u2026","rel":"","context":"In &quot;Coordinate&quot;","block_context":{"text":"Coordinate","link":"http:\/\/www.robertosedda.it\/?cat=52"},"img":{"alt_text":"Poster","src":"https:\/\/i0.wp.com\/www.robertosedda.it\/wp-content\/uploads\/2012\/12\/Temporary-Poster-5-1024x722.jpg?resize=350%2C200","width":350,"height":200,"srcset":"https:\/\/i0.wp.com\/www.robertosedda.it\/wp-content\/uploads\/2012\/12\/Temporary-Poster-5-1024x722.jpg?resize=350%2C200 1x, https:\/\/i0.wp.com\/www.robertosedda.it\/wp-content\/uploads\/2012\/12\/Temporary-Poster-5-1024x722.jpg?resize=700%2C400 2x"},"classes":[]}],"_links":{"self":[{"href":"http:\/\/www.robertosedda.it\/index.php?rest_route=\/wp\/v2\/posts\/7965"}],"collection":[{"href":"http:\/\/www.robertosedda.it\/index.php?rest_route=\/wp\/v2\/posts"}],"about":[{"href":"http:\/\/www.robertosedda.it\/index.php?rest_route=\/wp\/v2\/types\/post"}],"author":[{"embeddable":true,"href":"http:\/\/www.robertosedda.it\/index.php?rest_route=\/wp\/v2\/users\/1"}],"replies":[{"embeddable":true,"href":"http:\/\/www.robertosedda.it\/index.php?rest_route=%2Fwp%2Fv2%2Fcomments&post=7965"}],"version-history":[{"count":10,"href":"http:\/\/www.robertosedda.it\/index.php?rest_route=\/wp\/v2\/posts\/7965\/revisions"}],"predecessor-version":[{"id":7996,"href":"http:\/\/www.robertosedda.it\/index.php?rest_route=\/wp\/v2\/posts\/7965\/revisions\/7996"}],"wp:featuredmedia":[{"embeddable":true,"href":"http:\/\/www.robertosedda.it\/index.php?rest_route=\/wp\/v2\/media\/7978"}],"wp:attachment":[{"href":"http:\/\/www.robertosedda.it\/index.php?rest_route=%2Fwp%2Fv2%2Fmedia&parent=7965"}],"wp:term":[{"taxonomy":"category","embeddable":true,"href":"http:\/\/www.robertosedda.it\/index.php?rest_route=%2Fwp%2Fv2%2Fcategories&post=7965"},{"taxonomy":"post_tag","embeddable":true,"href":"http:\/\/www.robertosedda.it\/index.php?rest_route=%2Fwp%2Fv2%2Ftags&post=7965"}],"curies":[{"name":"wp","href":"https:\/\/api.w.org\/{rel}","templated":true}]}}