{"id":7961,"date":"2014-07-16T17:39:50","date_gmt":"2014-07-16T15:39:50","guid":{"rendered":"http:\/\/www.robertosedda.it\/?p=7961"},"modified":"2014-07-22T15:50:31","modified_gmt":"2014-07-22T13:50:31","slug":"emma-di-jane-austen","status":"publish","type":"post","link":"http:\/\/www.robertosedda.it\/?p=7961","title":{"rendered":"Emma di Jane Austen"},"content":{"rendered":"<h2>Puntata di\u00a0<em>Oggi parliamo di libri del Primo Maggio 2014<\/em><\/h2>\n<p>Prima di tutto cominciamo con la pausa musicale, che presenta un Franco Battiato davvero giovanissimo:<\/p>\n<div class=\"jetpack-video-wrapper\"><span class=\"embed-youtube\" style=\"text-align:center; display: block;\"><iframe class=\"youtube-player\" width=\"800\" height=\"450\" src=\"https:\/\/www.youtube.com\/embed\/J1IT9WqI7zA?version=3&#038;rel=1&#038;showsearch=0&#038;showinfo=1&#038;iv_load_policy=1&#038;fs=1&#038;hl=it-IT&#038;autohide=2&#038;wmode=transparent\" allowfullscreen=\"true\" style=\"border:0;\" sandbox=\"allow-scripts allow-same-origin allow-popups allow-presentation\"><\/iframe><\/span><\/div>\n<p>Come ho\u00a0spiegato nel corso della puntata mi sembrava un commento adeguato a un libro tutto giocato sull&#8217;educazione sentimentale e sull&#8217;ingresso nell&#8217;et\u00e0 adulta come <em>Emma<\/em>: non ricordo ora esattamente il lasso temporale occupato dagli eventi del romanzo ma me lo sono sempre immaginato come una di quelle lunghe estati della mia adolescenza, priva di impegni di scuola e dedicata alle amicizie, al tempo libero e agli amori, un tempo che si dilatava all&#8217;infinito e\u00a0 che lasciava, al termine, un po&#8217; trasformati. Oltretutto la mancanza di attivit\u00e0 da seguire, niente scuola, la parrocchia in vacanza, offriva\u00a0un sacco di tempo disponibile\u00a0per ricamare infinite discussioni su Tizio e su Caio, esattamente lo stesso tipo di ozioso indagare su ci\u00f2 che accade ai vicini, ai parenti e ai conoscenti che, con gli intrighi amorosi, forma tanta parte di <em>Emma<\/em>. \u00c8 probabile che il libro mi piaccia tanto proprio perch\u00e9 mi richiama alla mente, senza che io ne sia troppo consapevole, quei tempi meravigliosi.<\/p>\n<div class=\"jetpack-video-wrapper\"><span class=\"embed-youtube\" style=\"text-align:center; display: block;\"><iframe class=\"youtube-player\" width=\"800\" height=\"450\" src=\"https:\/\/www.youtube.com\/embed\/VB2XtGxTBnI?version=3&#038;rel=1&#038;showsearch=0&#038;showinfo=1&#038;iv_load_policy=1&#038;fs=1&#038;hl=it-IT&#038;autohide=2&#038;wmode=transparent\" allowfullscreen=\"true\" style=\"border:0;\" sandbox=\"allow-scripts allow-same-origin allow-popups allow-presentation\"><\/iframe><\/span><\/div>\n<p>Per il resto non ho molto da aggiungere alla puntata, nella quale tanto per cambiare sono riuscito a dire senza troppo sforare i tempi quasi tutto quel che volevo: avrei magari desiderato dilungarmi appena di pi\u00f9 sull&#8217;aspetto degli enigmi &#8211; piccoli misteri importantissimi &#8211; contenuti nel romanzo, e certamente non ho dedicato il giusto rilievo al gran lavoro di caratterizzazione dei comprimari che anche qui fa la Austen, ma per lo scopo delle trasmissioni, che \u00e8 invitare alla lettura e non fare critica letteraria, direi che quel che si doveva dire \u00e8 stato detto. Non avevo invece nella mia personale scaletta una serie di altri temi che pure sono importanti, quali ad esempio i parallelismi &#8211; o i rimandi ad incrocio &#8211; fra <em>Orgoglio e pregiudizio<\/em> e <em>Emma<\/em>, pensando che ne avrei parlato qui sul <em>blog<\/em> dopo la rilettura che avevo in corso &#8211; e ho tutt&#8217;ora &#8211; del romanzo. In realt\u00e0 poi la rilettura \u00e8 stata interrotta e quindi anche quei discorsi li riprender\u00f2 in altra occasione.<\/p>\n<p>Un&#8217;ultima nota riguarda un altro progetto annunciato in trasmissione e non portato a termine, cio\u00e8 la rilettura incrociata di <em>Emma<\/em> e di <em>Madame Bovary<\/em>. Non avendo finito <em>Emma<\/em> non ho ripreso in mano nemmeno Flaubert: anche per questo ci sar\u00e0 tempo, ma il discorso pi\u00f9 interessante riguarda il fatto che questa bizzarra idea di un possibile collegamento fra i due personaggi pensavo fosse legata al fatto che entrambi i romanzi trattano, in fondo, di una educazione sentimentale, di donne viziate e indolenti&#8230; solo dopo la trasmissione mi sono reso conto che il nome di battesimo della Bovary \u00e8 anch&#8217;esso Emma, e che da qualche parte nel mio subcosciente la cosa deve essere stata decisiva nel farmi collegare i due romanzi: \u00e8 possibile naturalmente che il confronto abbia ugualmente senso, per\u00f2 \u00e8 curioso rendersi conto di che scherzi a volte faccia il cervello!<\/p>\n","protected":false},"excerpt":{"rendered":"<p>Puntata di\u00a0Oggi parliamo di libri del Primo Maggio 2014 Prima di tutto cominciamo con la pausa musicale, che presenta un<\/p>\n","protected":false},"author":1,"featured_media":0,"comment_status":"open","ping_status":"open","sticky":false,"template":"","format":"video","meta":{"_mi_skip_tracking":false,"_monsterinsights_sitenote_active":false,"_monsterinsights_sitenote_note":"","_monsterinsights_sitenote_category":0,"jetpack_post_was_ever_published":false,"_jetpack_newsletter_access":"","jetpack_publicize_message":"","jetpack_is_tweetstorm":false,"jetpack_publicize_feature_enabled":true,"jetpack_social_post_already_shared":true,"jetpack_social_options":{"image_generator_settings":{"template":"highway","enabled":false}}},"categories":[52,56,13,12,67],"tags":[],"jetpack_publicize_connections":[],"jetpack_featured_media_url":"","jetpack_sharing_enabled":true,"jetpack_shortlink":"https:\/\/wp.me\/p4jV2T-24p","jetpack_likes_enabled":true,"jetpack-related-posts":[{"id":7986,"url":"http:\/\/www.robertosedda.it\/?p=7986","url_meta":{"origin":7961,"position":0},"title":"Incursione giapponese a &#8220;Oggi parliamo di libri&#8221;","author":"Rufus","date":"21\/07\/2014","format":"video","excerpt":"Kitchen (Banana Yoshimoto, Feltrinelli 1991) Per quelle strane coincidenze di cui mi rendo conto solo rivedendo le puntate e alle quali non ho minimamente pensato preparandole\u00a0Kitchen \u00e8 incapsulato fra altre due storie d'amore - o\u00a0storie, in un certo senso, di educazione sentimentale: lo \u00e8 certamente Emma di cui ho parlato\u2026","rel":"","context":"In &quot;Coordinate&quot;","block_context":{"text":"Coordinate","link":"http:\/\/www.robertosedda.it\/?cat=52"},"img":{"alt_text":"","src":"https:\/\/i0.wp.com\/www.robertosedda.it\/wp-content\/uploads\/2014\/07\/Kitchen.jpg?fit=499%2C257&resize=350%2C200","width":350,"height":200},"classes":[]},{"id":8601,"url":"http:\/\/www.robertosedda.it\/?p=8601","url_meta":{"origin":7961,"position":1},"title":"&#8220;Orgoglio e pregiudizio&#8221;, finalmente!","author":"Rufus","date":"08\/10\/2014","format":"video","excerpt":"Ho cominciato a caricare su\u00a0YouTube le puntate di quest'anno di\u00a0Oggi parliamo di libri: la prima \u00e8 dedicata a\u00a0Orgoglio e pregiudizio, scelta se si vuole banale considerando che ho deciso di trattare tutti libri che presentano grandi storie d'amore o che appartengono al genere sentimentale. D'altra parte su Oggi parliamo di\u2026","rel":"","context":"In &quot;Le narrazioni&quot;","block_context":{"text":"Le narrazioni","link":"http:\/\/www.robertosedda.it\/?cat=56"},"img":{"alt_text":"","src":"https:\/\/i0.wp.com\/img.youtube.com\/vi\/Ho45UJVAl84\/0.jpg?resize=350%2C200","width":350,"height":200},"classes":[]},{"id":6599,"url":"http:\/\/www.robertosedda.it\/?p=6599","url_meta":{"origin":7961,"position":2},"title":"Sono di nuovo alla caccia di suggerimenti musicali: fatevi avanti!","author":"Rufus","date":"27\/02\/2014","format":"video","excerpt":"A met\u00e0 marzo inizier\u00f2 un nuovo ciclo di trasmissioni di Oggi parliamo di libri in cui parler\u00f2 dei libri del cuore di tutti noi che lavoriamo alla radio: tecnici, giornalisti e tutti quelli che curano i programmi dedicati alla comunicazione, i viaggi, la salute, l'arte sacra e cos\u00ec via e\u2026","rel":"","context":"In &quot;Coordinate&quot;","block_context":{"text":"Coordinate","link":"http:\/\/www.robertosedda.it\/?cat=52"},"img":{"alt_text":"","src":"https:\/\/i0.wp.com\/img.youtube.com\/vi\/7dtn9Gk4Q_E\/0.jpg?resize=350%2C200","width":350,"height":200},"classes":[]},{"id":8315,"url":"http:\/\/www.robertosedda.it\/?p=8315","url_meta":{"origin":7961,"position":3},"title":"Riparte &#8220;Oggi parliamo di libri&#8221;","author":"Rufus","date":"03\/09\/2014","format":false,"excerpt":"EDIT: scopro dalla redazione che ho fatto casino e che ripartiamo l'11 settembre. Ehm. Aggiorno. Domani gioved\u00ec 4 settembre\u00a0L'11 settembre torno in onda con Oggi parliamo di libri, la trasmissione di Radio Kalaritana nella quale, immagina un po'?, parlo di libri. Volete sapere: l'orario? Ogni gioved\u00ec alle 19.10 e in\u2026","rel":"","context":"In &quot;Coordinate&quot;","block_context":{"text":"Coordinate","link":"http:\/\/www.robertosedda.it\/?cat=52"},"img":{"alt_text":"","src":"https:\/\/i0.wp.com\/www.robertosedda.it\/wp-content\/uploads\/2014\/09\/Diapositiva10.jpg?fit=960%2C720&resize=350%2C200","width":350,"height":200,"srcset":"https:\/\/i0.wp.com\/www.robertosedda.it\/wp-content\/uploads\/2014\/09\/Diapositiva10.jpg?fit=960%2C720&resize=350%2C200 1x, https:\/\/i0.wp.com\/www.robertosedda.it\/wp-content\/uploads\/2014\/09\/Diapositiva10.jpg?fit=960%2C720&resize=700%2C400 2x"},"classes":[]},{"id":7487,"url":"http:\/\/www.robertosedda.it\/?p=7487","url_meta":{"origin":7961,"position":4},"title":"Cose che si scoprono facendosi consigliare libri","author":"Rufus","date":"20\/05\/2014","format":"video","excerpt":"Io non ho paura\u00a0(Niccol\u00f2 Ammaniti, Einaudi 2001) a\u00a0Oggi parliamo di libri Con\u00a0Io non ho paura, come avrete sentito, ho avviato un nuovo ciclo di puntate di\u00a0Oggi parliamo di libri, in cui presento di volta in volta il \"libro del cuore\" di diversi colleghi collaboratori della radio. \u00c8 un ciclo di\u2026","rel":"","context":"In &quot;Coordinate&quot;","block_context":{"text":"Coordinate","link":"http:\/\/www.robertosedda.it\/?cat=52"},"img":{"alt_text":"","src":"https:\/\/i0.wp.com\/img.youtube.com\/vi\/6K9kX454kQA\/0.jpg?resize=350%2C200","width":350,"height":200},"classes":[]},{"id":2865,"url":"http:\/\/www.robertosedda.it\/?p=2865","url_meta":{"origin":7961,"position":5},"title":"Un imprevisto romanzo d&#8217;avventura","author":"Rufus","date":"12\/04\/2013","format":"video","excerpt":"Oggi dopo aver messo in linea l'ultima puntata del ciclo del fantasy\u00a0ho caricato anche la prima della nuova serie, in cui ho parlato de I promessi sposi di Alessandro Manzoni. Lo so, lo so: ci sono molti appassionati di letteratura di genere che preferirebbero farsi tagliare le mani piuttosto che\u2026","rel":"","context":"In &quot;Cappe e spade&quot;","block_context":{"text":"Cappe e spade","link":"http:\/\/www.robertosedda.it\/?cat=70"},"img":{"alt_text":"","src":"https:\/\/i0.wp.com\/www.robertosedda.it\/wp-content\/uploads\/2013\/04\/Manzoni.jpg?fit=1010%2C706&resize=350%2C200","width":350,"height":200,"srcset":"https:\/\/i0.wp.com\/www.robertosedda.it\/wp-content\/uploads\/2013\/04\/Manzoni.jpg?fit=1010%2C706&resize=350%2C200 1x, https:\/\/i0.wp.com\/www.robertosedda.it\/wp-content\/uploads\/2013\/04\/Manzoni.jpg?fit=1010%2C706&resize=700%2C400 2x"},"classes":[]}],"_links":{"self":[{"href":"http:\/\/www.robertosedda.it\/index.php?rest_route=\/wp\/v2\/posts\/7961"}],"collection":[{"href":"http:\/\/www.robertosedda.it\/index.php?rest_route=\/wp\/v2\/posts"}],"about":[{"href":"http:\/\/www.robertosedda.it\/index.php?rest_route=\/wp\/v2\/types\/post"}],"author":[{"embeddable":true,"href":"http:\/\/www.robertosedda.it\/index.php?rest_route=\/wp\/v2\/users\/1"}],"replies":[{"embeddable":true,"href":"http:\/\/www.robertosedda.it\/index.php?rest_route=%2Fwp%2Fv2%2Fcomments&post=7961"}],"version-history":[{"count":10,"href":"http:\/\/www.robertosedda.it\/index.php?rest_route=\/wp\/v2\/posts\/7961\/revisions"}],"predecessor-version":[{"id":7976,"href":"http:\/\/www.robertosedda.it\/index.php?rest_route=\/wp\/v2\/posts\/7961\/revisions\/7976"}],"wp:attachment":[{"href":"http:\/\/www.robertosedda.it\/index.php?rest_route=%2Fwp%2Fv2%2Fmedia&parent=7961"}],"wp:term":[{"taxonomy":"category","embeddable":true,"href":"http:\/\/www.robertosedda.it\/index.php?rest_route=%2Fwp%2Fv2%2Fcategories&post=7961"},{"taxonomy":"post_tag","embeddable":true,"href":"http:\/\/www.robertosedda.it\/index.php?rest_route=%2Fwp%2Fv2%2Ftags&post=7961"}],"curies":[{"name":"wp","href":"https:\/\/api.w.org\/{rel}","templated":true}]}}